{"id":30785,"date":"2019-12-03T23:54:00","date_gmt":"2019-12-03T22:54:00","guid":{"rendered":"https:\/\/weisetech.dev\/fc-barcelona-noticias\/en\/the-decisions-of-the-barca-in-front-of-the-injury-of-dembele_253616_102\/"},"modified":"2019-12-04T01:05:00","modified_gmt":"2019-12-04T00:05:00","slug":"the-decisions-of-the-barca-in-front-of-the-injury-of-dembele_253616_102","status":"publish","type":"post","link":"https:\/\/www.fcbarcelonanoticias.com\/en\/fc-barcelona\/the-decisions-of-the-barca-in-front-of-the-injury-of-dembele_253616_102.html","title":{"rendered":"Bar\u00e7a&#8217;s decisions against Demb\u00e9l\u00e9&#8217;s injury"},"content":{"rendered":"<h2 class=\"wp-block-heading\">The worst prognoses were met with the injury of a Demb\u00e9l\u00e9 who will be 10 weeks off. Faced with this situation, Bar\u00e7a will make decisions<\/h2>  \r\n<div class=\"article-addons\">\r\n    <a href=\"https:\/\/www.fcbarcelonanoticias.com\/en\/calendar-fc-barcelona.html\"\r\n       target=\"_self\"\r\n       title=\"Calendar of FC Barcelona\"\r\n       class=\"blue-gredient-btn\">\r\n       \r\n        Calendar of FC Barcelona    <\/a>\r\n<\/div>   <p>This had to be the season of <strong>Ousmane Demb\u00e9l\u00e9<\/strong>. The French extreme had left backwards the physical problems of the past season and had engaged to be a more professional player, leaving backwards his fault of punctuality or his attitude of indifference. <strong>During the pre-season, began like a shot, winning the praises of the &#8216;heavy weights&#8217;<\/strong> and initiating what seemed a season id\u00edlica.<\/p>  <p>But, <strong>once inaugurated <a data-external=\"0\" data-intl-links-en=\"https:\/\/www.fcbarcelonanoticias.com\/en\/laliga-calendar.html\" data-intl-links-es=\"https:\/\/www.fcbarcelonanoticias.com\/laliga-calendario.html\" href=\"https:\/\/www.fcbarcelonanoticias.com\/en\/laliga-calendar.html\" rel=\"follow\" target=\"_self\" title=\"LaLiga - Calendario\">LaLiga<\/a>, this feeling did not last neither a party, by fault of a new injury<\/strong>. After recaer again, the party against the Borussia Dortmund brought the worst news: a break fibrilar in the thigh of the right leg that will keep him moved away of the terrains of game until February, without explaining also the time that will need to go back to take rhythm.<\/p>  <p>Of course, <strong>the FC Barcelona remains without one of his big mainstays in the forward<\/strong>. One of these footballers that, by his speed, his desborde and his electricity, was allocated to be important in the staff. But now Ernesto Valverde will lose him for an important stretch of the season and some rumours with regard to his possible substitute already have seen the light.<\/p>  <p>However, the decision is firm: <strong>the FC Barcelona will not bet by any signing of winter<\/strong>. Given the experience that the Barcelona team had the past season with the incorporations of <strong>Jeison Murillo<\/strong> or <strong>Kevin-Prince Boateng<\/strong>, that hardly played, there will be in 2020 a new attempt for bringing to a &#8216;patch&#8217;. This road is totally descartada.<\/p>  <h3>The substitutes of Demb\u00e9l\u00e9<\/h3>  <p>Ernesto Valverde has three forwards of first level: <strong>Leo Messi <\/strong>and <strong>Luis Su\u00e1rez<\/strong>, reliable to the one hundred by one hundred, and <strong>Antoine Griezmann<\/strong>, that seems that little by little it goes to go understanding better with his mates. Since Demb\u00e9l\u00e9 will go back to be available in February, in the club trusts that his recovery will go by good way and that it will be able to help to the &#8216;MSG&#8217; in the decisive stretch of campaign.<\/p>  <p>From the technical office, have clear the two footballers that will occupy the place of the &#8216;mosquito&#8217;: <strong>Ansu Fati<\/strong> and <strong>Carles P\u00e9rez<\/strong>. Both are two young players, with projection, and that gave a big performance in the initial stretch of the present course, when they were missing by <strong>injury Messi, Su\u00e1rez and the own Demb\u00e9l\u00e9<\/strong>. Now, it touches them step forward.<\/p> ","protected":false},"excerpt":{"rendered":"<p>The worst prognoses were met with the injury of a Demb\u00e9l\u00e9 who will be 10 weeks off. Faced with this situation, Bar\u00e7a will make decisions This had to be the season of Ousmane Demb\u00e9l\u00e9. The French extreme had left backwards the physical problems of the past season and had engaged to be a more professional [&hellip;]<\/p>\n","protected":false},"author":392,"featured_media":30789,"comment_status":"closed","ping_status":"open","sticky":false,"template":"","format":"standard","meta":{"_acf_changed":false,"inline_featured_image":false,"_nextfly_llmd_date_locked":false,"footnotes":""},"categories":[111],"tags":[231,146,136],"class_list":["post-30785","post","type-post","status-publish","format-standard","has-post-thumbnail","hentry","category-fc-barcelona","tag-carles-perez","tag-dembele","tag-injured"],"acf":[],"yoast_head":"<!-- This site is optimized with the Yoast SEO plugin v27.3 - https:\/\/yoast.com\/product\/yoast-seo-wordpress\/ -->\n<title>Bar\u00e7a&#039;s decisions against Demb\u00e9l\u00e9&#039;s injury<\/title>\n<meta name=\"description\" content=\"The worst prognoses were met with the injury of a Demb\u00e9l\u00e9 who will be 10 weeks off. Faced with this situation, Bar\u00e7a will make decisions\" \/>\n<meta name=\"robots\" content=\"index, follow, max-snippet:-1, max-image-preview:large, max-video-preview:-1\" \/>\n<link rel=\"canonical\" href=\"https:\/\/www.fcbarcelonanoticias.com\/en\/fc-barcelona\/the-decisions-of-the-barca-in-front-of-the-injury-of-dembele_253616_102.html\" \/>\n<meta property=\"og:locale\" content=\"en_US\" \/>\n<meta property=\"og:type\" content=\"article\" \/>\n<meta property=\"og:title\" content=\"Bar\u00e7a&#039;s decisions against Demb\u00e9l\u00e9&#039;s injury\" \/>\n<meta property=\"og:description\" content=\"The worst prognoses were met with the injury of a Demb\u00e9l\u00e9 who will be 10 weeks off. Faced with this situation, Bar\u00e7a will make decisions\" \/>\n<meta property=\"og:url\" content=\"https:\/\/www.fcbarcelonanoticias.com\/en\/fc-barcelona\/the-decisions-of-the-barca-in-front-of-the-injury-of-dembele_253616_102.html\" \/>\n<meta property=\"og:site_name\" content=\"EN - FC Barcelona Noticias\" \/>\n<meta property=\"article:published_time\" content=\"2019-12-03T22:54:00+00:00\" \/>\n<meta property=\"article:modified_time\" content=\"2019-12-04T00:05:00+00:00\" \/>\n<meta property=\"og:image\" content=\"https:\/\/www.fcbarcelonanoticias.com\/en\/wp-content\/uploads\/sites\/2\/2019\/12\/ousmane-dembele-lesionado-contra-el-dortmund.jpeg\" \/>\n\t<meta property=\"og:image:width\" content=\"1200\" \/>\n\t<meta property=\"og:image:height\" content=\"700\" \/>\n\t<meta property=\"og:image:type\" content=\"image\/jpeg\" \/>\n<meta name=\"author\" content=\"user_4048\" \/>\n<meta name=\"twitter:card\" content=\"summary_large_image\" \/>\n<meta name=\"twitter:label1\" content=\"Written by\" \/>\n\t<meta name=\"twitter:data1\" content=\"user_4048\" \/>\n\t<meta name=\"twitter:label2\" content=\"Est. reading time\" \/>\n\t<meta name=\"twitter:data2\" content=\"2 minutes\" \/>\n<script type=\"application\/ld+json\" class=\"yoast-schema-graph\">{\"@context\":\"https:\\\/\\\/schema.org\",\"@graph\":[{\"@type\":\"Article\",\"@id\":\"https:\\\/\\\/www.fcbarcelonanoticias.com\\\/en\\\/fc-barcelona\\\/the-decisions-of-the-barca-in-front-of-the-injury-of-dembele_253616_102.html#article\",\"isPartOf\":{\"@id\":\"https:\\\/\\\/www.fcbarcelonanoticias.com\\\/en\\\/fc-barcelona\\\/the-decisions-of-the-barca-in-front-of-the-injury-of-dembele_253616_102.html\"},\"author\":{\"name\":\"user_4048\",\"@id\":\"https:\\\/\\\/www.fcbarcelonanoticias.com\\\/en\\\/#\\\/schema\\\/person\\\/fcdad55cab72b8d0e106d75506783b6d\"},\"headline\":\"Bar\u00e7a&#8217;s decisions against Demb\u00e9l\u00e9&#8217;s injury\",\"datePublished\":\"2019-12-03T22:54:00+00:00\",\"dateModified\":\"2019-12-04T00:05:00+00:00\",\"mainEntityOfPage\":{\"@id\":\"https:\\\/\\\/www.fcbarcelonanoticias.com\\\/en\\\/fc-barcelona\\\/the-decisions-of-the-barca-in-front-of-the-injury-of-dembele_253616_102.html\"},\"wordCount\":437,\"image\":{\"@id\":\"https:\\\/\\\/www.fcbarcelonanoticias.com\\\/en\\\/fc-barcelona\\\/the-decisions-of-the-barca-in-front-of-the-injury-of-dembele_253616_102.html#primaryimage\"},\"thumbnailUrl\":\"https:\\\/\\\/www.fcbarcelonanoticias.com\\\/en\\\/wp-content\\\/uploads\\\/sites\\\/2\\\/2019\\\/12\\\/ousmane-dembele-lesionado-contra-el-dortmund.jpeg\",\"keywords\":[\"Carles P\u00e9rez\",\"Demb\u00e9l\u00e9\",\"injured\"],\"articleSection\":[\"FC Barcelona\"],\"inLanguage\":\"en-US\"},{\"@type\":\"WebPage\",\"@id\":\"https:\\\/\\\/www.fcbarcelonanoticias.com\\\/en\\\/fc-barcelona\\\/the-decisions-of-the-barca-in-front-of-the-injury-of-dembele_253616_102.html\",\"url\":\"https:\\\/\\\/www.fcbarcelonanoticias.com\\\/en\\\/fc-barcelona\\\/the-decisions-of-the-barca-in-front-of-the-injury-of-dembele_253616_102.html\",\"name\":\"Bar\u00e7a's decisions against Demb\u00e9l\u00e9's injury\",\"isPartOf\":{\"@id\":\"https:\\\/\\\/www.fcbarcelonanoticias.com\\\/en\\\/#website\"},\"primaryImageOfPage\":{\"@id\":\"https:\\\/\\\/www.fcbarcelonanoticias.com\\\/en\\\/fc-barcelona\\\/the-decisions-of-the-barca-in-front-of-the-injury-of-dembele_253616_102.html#primaryimage\"},\"image\":{\"@id\":\"https:\\\/\\\/www.fcbarcelonanoticias.com\\\/en\\\/fc-barcelona\\\/the-decisions-of-the-barca-in-front-of-the-injury-of-dembele_253616_102.html#primaryimage\"},\"thumbnailUrl\":\"https:\\\/\\\/www.fcbarcelonanoticias.com\\\/en\\\/wp-content\\\/uploads\\\/sites\\\/2\\\/2019\\\/12\\\/ousmane-dembele-lesionado-contra-el-dortmund.jpeg\",\"datePublished\":\"2019-12-03T22:54:00+00:00\",\"dateModified\":\"2019-12-04T00:05:00+00:00\",\"author\":{\"@id\":\"https:\\\/\\\/www.fcbarcelonanoticias.com\\\/en\\\/#\\\/schema\\\/person\\\/fcdad55cab72b8d0e106d75506783b6d\"},\"description\":\"The worst prognoses were met with the injury of a Demb\u00e9l\u00e9 who will be 10 weeks off. Faced with this situation, Bar\u00e7a will make decisions\",\"breadcrumb\":{\"@id\":\"https:\\\/\\\/www.fcbarcelonanoticias.com\\\/en\\\/fc-barcelona\\\/the-decisions-of-the-barca-in-front-of-the-injury-of-dembele_253616_102.html#breadcrumb\"},\"inLanguage\":\"en-US\",\"potentialAction\":[{\"@type\":\"ReadAction\",\"target\":[\"https:\\\/\\\/www.fcbarcelonanoticias.com\\\/en\\\/fc-barcelona\\\/the-decisions-of-the-barca-in-front-of-the-injury-of-dembele_253616_102.html\"]}]},{\"@type\":\"ImageObject\",\"inLanguage\":\"en-US\",\"@id\":\"https:\\\/\\\/www.fcbarcelonanoticias.com\\\/en\\\/fc-barcelona\\\/the-decisions-of-the-barca-in-front-of-the-injury-of-dembele_253616_102.html#primaryimage\",\"url\":\"https:\\\/\\\/www.fcbarcelonanoticias.com\\\/en\\\/wp-content\\\/uploads\\\/sites\\\/2\\\/2019\\\/12\\\/ousmane-dembele-lesionado-contra-el-dortmund.jpeg\",\"contentUrl\":\"https:\\\/\\\/www.fcbarcelonanoticias.com\\\/en\\\/wp-content\\\/uploads\\\/sites\\\/2\\\/2019\\\/12\\\/ousmane-dembele-lesionado-contra-el-dortmund.jpeg\",\"width\":1200,\"height\":700},{\"@type\":\"BreadcrumbList\",\"@id\":\"https:\\\/\\\/www.fcbarcelonanoticias.com\\\/en\\\/fc-barcelona\\\/the-decisions-of-the-barca-in-front-of-the-injury-of-dembele_253616_102.html#breadcrumb\",\"itemListElement\":[{\"@type\":\"ListItem\",\"position\":1,\"name\":\"Portada\",\"item\":\"https:\\\/\\\/www.fcbarcelonanoticias.com\\\/en\\\/\"},{\"@type\":\"ListItem\",\"position\":2,\"name\":\"Bar\u00e7a&#8217;s decisions against Demb\u00e9l\u00e9&#8217;s injury\"}]},{\"@type\":\"WebSite\",\"@id\":\"https:\\\/\\\/www.fcbarcelonanoticias.com\\\/en\\\/#website\",\"url\":\"https:\\\/\\\/www.fcbarcelonanoticias.com\\\/en\\\/\",\"name\":\"EN - FC Barcelona Noticias\",\"description\":\"\",\"potentialAction\":[{\"@type\":\"SearchAction\",\"target\":{\"@type\":\"EntryPoint\",\"urlTemplate\":\"https:\\\/\\\/www.fcbarcelonanoticias.com\\\/en\\\/?s={search_term_string}\"},\"query-input\":{\"@type\":\"PropertyValueSpecification\",\"valueRequired\":true,\"valueName\":\"search_term_string\"}}],\"inLanguage\":\"en-US\"},{\"@type\":\"Person\",\"@id\":\"https:\\\/\\\/www.fcbarcelonanoticias.com\\\/en\\\/#\\\/schema\\\/person\\\/fcdad55cab72b8d0e106d75506783b6d\",\"name\":\"user_4048\",\"image\":{\"@type\":\"ImageObject\",\"inLanguage\":\"en-US\",\"@id\":\"https:\\\/\\\/secure.gravatar.com\\\/avatar\\\/?s=96&d=mm&r=g\",\"url\":\"https:\\\/\\\/secure.gravatar.com\\\/avatar\\\/?s=96&d=mm&r=g\",\"contentUrl\":\"https:\\\/\\\/secure.gravatar.com\\\/avatar\\\/?s=96&d=mm&r=g\",\"caption\":\"user_4048\"},\"url\":\"https:\\\/\\\/www.fcbarcelonanoticias.com\\\/en\\\/user_4048.html\"}]}<\/script>\n<!-- \/ Yoast SEO plugin. -->","yoast_head_json":{"title":"Bar\u00e7a's decisions against Demb\u00e9l\u00e9's injury","description":"The worst prognoses were met with the injury of a Demb\u00e9l\u00e9 who will be 10 weeks off. Faced with this situation, Bar\u00e7a will make decisions","robots":{"index":"index","follow":"follow","max-snippet":"max-snippet:-1","max-image-preview":"max-image-preview:large","max-video-preview":"max-video-preview:-1"},"canonical":"https:\/\/www.fcbarcelonanoticias.com\/en\/fc-barcelona\/the-decisions-of-the-barca-in-front-of-the-injury-of-dembele_253616_102.html","og_locale":"en_US","og_type":"article","og_title":"Bar\u00e7a's decisions against Demb\u00e9l\u00e9's injury","og_description":"The worst prognoses were met with the injury of a Demb\u00e9l\u00e9 who will be 10 weeks off. Faced with this situation, Bar\u00e7a will make decisions","og_url":"https:\/\/www.fcbarcelonanoticias.com\/en\/fc-barcelona\/the-decisions-of-the-barca-in-front-of-the-injury-of-dembele_253616_102.html","og_site_name":"EN - FC Barcelona Noticias","article_published_time":"2019-12-03T22:54:00+00:00","article_modified_time":"2019-12-04T00:05:00+00:00","og_image":[{"width":1200,"height":700,"url":"https:\/\/www.fcbarcelonanoticias.com\/en\/wp-content\/uploads\/sites\/2\/2019\/12\/ousmane-dembele-lesionado-contra-el-dortmund.jpeg","type":"image\/jpeg"}],"author":"user_4048","twitter_card":"summary_large_image","twitter_misc":{"Written by":"user_4048","Est. reading time":"2 minutes"},"schema":{"@context":"https:\/\/schema.org","@graph":[{"@type":"Article","@id":"https:\/\/www.fcbarcelonanoticias.com\/en\/fc-barcelona\/the-decisions-of-the-barca-in-front-of-the-injury-of-dembele_253616_102.html#article","isPartOf":{"@id":"https:\/\/www.fcbarcelonanoticias.com\/en\/fc-barcelona\/the-decisions-of-the-barca-in-front-of-the-injury-of-dembele_253616_102.html"},"author":{"name":"user_4048","@id":"https:\/\/www.fcbarcelonanoticias.com\/en\/#\/schema\/person\/fcdad55cab72b8d0e106d75506783b6d"},"headline":"Bar\u00e7a&#8217;s decisions against Demb\u00e9l\u00e9&#8217;s injury","datePublished":"2019-12-03T22:54:00+00:00","dateModified":"2019-12-04T00:05:00+00:00","mainEntityOfPage":{"@id":"https:\/\/www.fcbarcelonanoticias.com\/en\/fc-barcelona\/the-decisions-of-the-barca-in-front-of-the-injury-of-dembele_253616_102.html"},"wordCount":437,"image":{"@id":"https:\/\/www.fcbarcelonanoticias.com\/en\/fc-barcelona\/the-decisions-of-the-barca-in-front-of-the-injury-of-dembele_253616_102.html#primaryimage"},"thumbnailUrl":"https:\/\/www.fcbarcelonanoticias.com\/en\/wp-content\/uploads\/sites\/2\/2019\/12\/ousmane-dembele-lesionado-contra-el-dortmund.jpeg","keywords":["Carles P\u00e9rez","Demb\u00e9l\u00e9","injured"],"articleSection":["FC Barcelona"],"inLanguage":"en-US"},{"@type":"WebPage","@id":"https:\/\/www.fcbarcelonanoticias.com\/en\/fc-barcelona\/the-decisions-of-the-barca-in-front-of-the-injury-of-dembele_253616_102.html","url":"https:\/\/www.fcbarcelonanoticias.com\/en\/fc-barcelona\/the-decisions-of-the-barca-in-front-of-the-injury-of-dembele_253616_102.html","name":"Bar\u00e7a's decisions against Demb\u00e9l\u00e9's injury","isPartOf":{"@id":"https:\/\/www.fcbarcelonanoticias.com\/en\/#website"},"primaryImageOfPage":{"@id":"https:\/\/www.fcbarcelonanoticias.com\/en\/fc-barcelona\/the-decisions-of-the-barca-in-front-of-the-injury-of-dembele_253616_102.html#primaryimage"},"image":{"@id":"https:\/\/www.fcbarcelonanoticias.com\/en\/fc-barcelona\/the-decisions-of-the-barca-in-front-of-the-injury-of-dembele_253616_102.html#primaryimage"},"thumbnailUrl":"https:\/\/www.fcbarcelonanoticias.com\/en\/wp-content\/uploads\/sites\/2\/2019\/12\/ousmane-dembele-lesionado-contra-el-dortmund.jpeg","datePublished":"2019-12-03T22:54:00+00:00","dateModified":"2019-12-04T00:05:00+00:00","author":{"@id":"https:\/\/www.fcbarcelonanoticias.com\/en\/#\/schema\/person\/fcdad55cab72b8d0e106d75506783b6d"},"description":"The worst prognoses were met with the injury of a Demb\u00e9l\u00e9 who will be 10 weeks off. Faced with this situation, Bar\u00e7a will make decisions","breadcrumb":{"@id":"https:\/\/www.fcbarcelonanoticias.com\/en\/fc-barcelona\/the-decisions-of-the-barca-in-front-of-the-injury-of-dembele_253616_102.html#breadcrumb"},"inLanguage":"en-US","potentialAction":[{"@type":"ReadAction","target":["https:\/\/www.fcbarcelonanoticias.com\/en\/fc-barcelona\/the-decisions-of-the-barca-in-front-of-the-injury-of-dembele_253616_102.html"]}]},{"@type":"ImageObject","inLanguage":"en-US","@id":"https:\/\/www.fcbarcelonanoticias.com\/en\/fc-barcelona\/the-decisions-of-the-barca-in-front-of-the-injury-of-dembele_253616_102.html#primaryimage","url":"https:\/\/www.fcbarcelonanoticias.com\/en\/wp-content\/uploads\/sites\/2\/2019\/12\/ousmane-dembele-lesionado-contra-el-dortmund.jpeg","contentUrl":"https:\/\/www.fcbarcelonanoticias.com\/en\/wp-content\/uploads\/sites\/2\/2019\/12\/ousmane-dembele-lesionado-contra-el-dortmund.jpeg","width":1200,"height":700},{"@type":"BreadcrumbList","@id":"https:\/\/www.fcbarcelonanoticias.com\/en\/fc-barcelona\/the-decisions-of-the-barca-in-front-of-the-injury-of-dembele_253616_102.html#breadcrumb","itemListElement":[{"@type":"ListItem","position":1,"name":"Portada","item":"https:\/\/www.fcbarcelonanoticias.com\/en\/"},{"@type":"ListItem","position":2,"name":"Bar\u00e7a&#8217;s decisions against Demb\u00e9l\u00e9&#8217;s injury"}]},{"@type":"WebSite","@id":"https:\/\/www.fcbarcelonanoticias.com\/en\/#website","url":"https:\/\/www.fcbarcelonanoticias.com\/en\/","name":"EN - FC Barcelona Noticias","description":"","potentialAction":[{"@type":"SearchAction","target":{"@type":"EntryPoint","urlTemplate":"https:\/\/www.fcbarcelonanoticias.com\/en\/?s={search_term_string}"},"query-input":{"@type":"PropertyValueSpecification","valueRequired":true,"valueName":"search_term_string"}}],"inLanguage":"en-US"},{"@type":"Person","@id":"https:\/\/www.fcbarcelonanoticias.com\/en\/#\/schema\/person\/fcdad55cab72b8d0e106d75506783b6d","name":"user_4048","image":{"@type":"ImageObject","inLanguage":"en-US","@id":"https:\/\/secure.gravatar.com\/avatar\/?s=96&d=mm&r=g","url":"https:\/\/secure.gravatar.com\/avatar\/?s=96&d=mm&r=g","contentUrl":"https:\/\/secure.gravatar.com\/avatar\/?s=96&d=mm&r=g","caption":"user_4048"},"url":"https:\/\/www.fcbarcelonanoticias.com\/en\/user_4048.html"}]}},"_links":{"self":[{"href":"https:\/\/www.fcbarcelonanoticias.com\/en\/wp-json\/wp\/v2\/posts\/30785","targetHints":{"allow":["GET"]}}],"collection":[{"href":"https:\/\/www.fcbarcelonanoticias.com\/en\/wp-json\/wp\/v2\/posts"}],"about":[{"href":"https:\/\/www.fcbarcelonanoticias.com\/en\/wp-json\/wp\/v2\/types\/post"}],"author":[{"embeddable":true,"href":"https:\/\/www.fcbarcelonanoticias.com\/en\/wp-json\/wp\/v2\/users\/392"}],"replies":[{"embeddable":true,"href":"https:\/\/www.fcbarcelonanoticias.com\/en\/wp-json\/wp\/v2\/comments?post=30785"}],"version-history":[{"count":2,"href":"https:\/\/www.fcbarcelonanoticias.com\/en\/wp-json\/wp\/v2\/posts\/30785\/revisions"}],"predecessor-version":[{"id":30787,"href":"https:\/\/www.fcbarcelonanoticias.com\/en\/wp-json\/wp\/v2\/posts\/30785\/revisions\/30787"}],"wp:featuredmedia":[{"embeddable":true,"href":"https:\/\/www.fcbarcelonanoticias.com\/en\/wp-json\/wp\/v2\/media\/30789"}],"wp:attachment":[{"href":"https:\/\/www.fcbarcelonanoticias.com\/en\/wp-json\/wp\/v2\/media?parent=30785"}],"wp:term":[{"taxonomy":"category","embeddable":true,"href":"https:\/\/www.fcbarcelonanoticias.com\/en\/wp-json\/wp\/v2\/categories?post=30785"},{"taxonomy":"post_tag","embeddable":true,"href":"https:\/\/www.fcbarcelonanoticias.com\/en\/wp-json\/wp\/v2\/tags?post=30785"}],"curies":[{"name":"wp","href":"https:\/\/api.w.org\/{rel}","templated":true}]}}