{"id":30906,"date":"2017-12-20T18:26:00","date_gmt":"2017-12-20T17:26:00","guid":{"rendered":"https:\/\/weisetech.dev\/fc-barcelona-noticias\/en\/the-doubt-of-the-barca-with-andres-iniesta-in-santiago-bernabeu_207838_102\/"},"modified":"2026-04-16T09:42:38","modified_gmt":"2026-04-16T07:42:38","slug":"the-doubt-of-the-barca-with-andres-iniesta-in-santiago-bernabeu_207838_102","status":"publish","type":"post","link":"https:\/\/www.fcbarcelonanoticias.com\/en\/fc-barcelona\/the-doubt-of-the-barca-with-andres-iniesta-in-santiago-bernabeu_207838_102.html","title":{"rendered":"The doubt of the Bar\u00e7a with Andr\u00e9s Iniesta in Santiago Bernab\u00e9u"},"content":{"rendered":"<h2 class=\"wp-block-heading\">Dosificado As never and shining as always. Like this it lives Andr\u00e9s Iniesta this course in the FC Barcelona, that has him like one of the keys for the victory in the Classical. The big doubt on the captain is if it has to go back to reserve  in the lawn of the Bernab\u00e9u<\/h2>  \r\n<div class=\"article-addons\">\r\n    <a href=\"https:\/\/www.fcbarcelonanoticias.com\/en\/calendar-fc-barcelona.html\"\r\n       target=\"_self\"\r\n       title=\"Calendar of FC Barcelona\"\r\n       class=\"blue-gredient-btn\">\r\n       \r\n        Calendar of FC Barcelona    <\/a>\r\n<\/div>   <p>To the big players it is necessary to treat them with decision and also with a lot of affection, and <strong>Ernesto Valverde<\/strong> seems to have hit with <strong>Andr\u00e9s Iniesta<\/strong> from the same moment in which it landed in <a href=\"https:\/\/www.fcbarcelonanoticias.com\/calendario-fcbarcelona.html\"><strong>the FC Barcelona<\/strong><\/a>. The Txingurri knows that the captain is one of the keys of his team, and his presence will be decisive to impose  in <strong>the Classical<\/strong> of the next weekend.<\/p> <p>Seen the strategies of the technician in the rest of big parties, everything seems to indicate that <strong>the manchego will be one of the indisputable in the eleven headline<\/strong>, but in function of as it advance the meeting arises a doubt. <strong>It will go back to dosificarse the midfield player in Santiago Bernab\u00e9u<\/strong>? The management trainer-<a href=\"https:\/\/www.fcbarcelonanoticias.com\/jugadores-fcbarcelona.html\"><strong>footballer<\/strong><\/a> has worked to perfection to date, but in this meeting treats  of greater words.<\/p> <p>In what it goes of season, <strong>Iniesta hardly has played two commitments to the complete, one with the Bar\u00e7a (M\u00e1laga in the Camp Nou) and another with the Spanish selection. In the rest, always had some minutes of rest<\/strong>, even being substituted in the discount or very near of the 90. The physical waste of the rivals will be very important to contain to the magician of Fuentealbilla, and it will be necessary to see if he same is able to resist.<\/p> <h2>Aim Juventus<\/h2> <p>While Iniesta keep in touch with the balloon, <strong>Valverde will have his services to direct the game of the Bar\u00e7a, but if the circumstances require it, will not shiver him the pulse to seat him in the bench<\/strong>. Against the Athletic (minute 60) and Valencia (minute 72) already did it, and the team no  resinti\u00f3 and even attained empatar and brush the victory.<\/p> <p><strong>The Juventus has been the big that more has struggled against the midfield player manchego, that contested 83 minutes in the gone and 82 in the turn of the phase of groups of <a href=\"https:\/\/www.fcbarcelonanoticias.com\/entradas\/entradas-fc-barcelona-vs-chelsea-champions-league_207518_102.html\">the Champions<\/a><\/strong>. The one of the &#8216;Vecchia Signora&#8217; is the way to be followed, because Andr\u00e9s already warned that <a href=\"https:\/\/www.fcbarcelonanoticias.com\/fc-barcelona\/iniesta-quiere-repetir-su-iniestazo-en-el-bernabeu_207814_102.html\"><strong>it touches to command in the Bernab\u00e9u<\/strong><\/a>. And with him to the rudder, the triumph always is more near.<\/p> ","protected":false},"excerpt":{"rendered":"<p>Dosificado As never and shining as always. Like this it lives Andr\u00e9s Iniesta this course in the FC Barcelona, that has him like one of the keys for the victory in the Classical. The big doubt on the captain is if it has to go back to reserve in the lawn of the Bernab\u00e9u To [&hellip;]<\/p>\n","protected":false},"author":376,"featured_media":30909,"comment_status":"closed","ping_status":"open","sticky":false,"template":"","format":"standard","meta":{"_acf_changed":false,"inline_featured_image":false,"_nextfly_llmd_date_locked":false,"footnotes":""},"categories":[111],"tags":[168,53,218],"class_list":["post-30906","post","type-post","status-publish","format-standard","has-post-thumbnail","hentry","category-fc-barcelona","tag-andres-iniesta","tag-el-clasico","tag-ernesto-valverde"],"acf":[],"yoast_head":"<!-- This site is optimized with the Yoast SEO plugin v27.3 - https:\/\/yoast.com\/product\/yoast-seo-wordpress\/ -->\n<title>The doubt of the Bar\u00e7a with Andr\u00e9s Iniesta in Santiago Bernab\u00e9u<\/title>\n<meta name=\"description\" content=\"Dosificado As never and shining as always. Like this it lives Andr\u00e9s Iniesta this course in the FC Barcelona, that has him like one of the keys for the...\" \/>\n<meta name=\"robots\" content=\"index, follow, max-snippet:-1, max-image-preview:large, max-video-preview:-1\" \/>\n<link rel=\"canonical\" href=\"https:\/\/www.fcbarcelonanoticias.com\/en\/fc-barcelona\/the-doubt-of-the-barca-with-andres-iniesta-in-santiago-bernabeu_207838_102.html\" \/>\n<meta property=\"og:locale\" content=\"en_US\" \/>\n<meta property=\"og:type\" content=\"article\" \/>\n<meta property=\"og:title\" content=\"The doubt of the Bar\u00e7a with Andr\u00e9s Iniesta in Santiago Bernab\u00e9u\" \/>\n<meta property=\"og:description\" content=\"Dosificado As never and shining as always. Like this it lives Andr\u00e9s Iniesta this course in the FC Barcelona, that has him like one of the keys for the...\" \/>\n<meta property=\"og:url\" content=\"https:\/\/www.fcbarcelonanoticias.com\/en\/fc-barcelona\/the-doubt-of-the-barca-with-andres-iniesta-in-santiago-bernabeu_207838_102.html\" \/>\n<meta property=\"og:site_name\" content=\"EN - FC Barcelona Noticias\" \/>\n<meta property=\"article:published_time\" content=\"2017-12-20T17:26:00+00:00\" \/>\n<meta property=\"article:modified_time\" content=\"2026-04-16T07:42:38+00:00\" \/>\n<meta property=\"og:image\" content=\"https:\/\/www.fcbarcelonanoticias.com\/en\/wp-content\/uploads\/sites\/2\/2017\/12\/andresiniesta-leomessi3-238204.jpeg\" \/>\n\t<meta property=\"og:image:width\" content=\"759\" \/>\n\t<meta property=\"og:image:height\" content=\"428\" \/>\n\t<meta property=\"og:image:type\" content=\"image\/jpeg\" \/>\n<meta name=\"author\" content=\"user_4032\" \/>\n<meta name=\"twitter:card\" content=\"summary_large_image\" \/>\n<meta name=\"twitter:label1\" content=\"Written by\" \/>\n\t<meta name=\"twitter:data1\" content=\"user_4032\" \/>\n\t<meta name=\"twitter:label2\" content=\"Est. reading time\" \/>\n\t<meta name=\"twitter:data2\" content=\"2 minutes\" \/>\n<script type=\"application\/ld+json\" class=\"yoast-schema-graph\">{\"@context\":\"https:\\\/\\\/schema.org\",\"@graph\":[{\"@type\":\"Article\",\"@id\":\"https:\\\/\\\/www.fcbarcelonanoticias.com\\\/en\\\/fc-barcelona\\\/the-doubt-of-the-barca-with-andres-iniesta-in-santiago-bernabeu_207838_102.html#article\",\"isPartOf\":{\"@id\":\"https:\\\/\\\/www.fcbarcelonanoticias.com\\\/en\\\/fc-barcelona\\\/the-doubt-of-the-barca-with-andres-iniesta-in-santiago-bernabeu_207838_102.html\"},\"author\":{\"name\":\"user_4032\",\"@id\":\"https:\\\/\\\/www.fcbarcelonanoticias.com\\\/en\\\/#\\\/schema\\\/person\\\/87b10dbddf72505d2eeba8aaa6c9ba14\"},\"headline\":\"The doubt of the Bar\u00e7a with Andr\u00e9s Iniesta in Santiago Bernab\u00e9u\",\"datePublished\":\"2017-12-20T17:26:00+00:00\",\"dateModified\":\"2026-04-16T07:42:38+00:00\",\"mainEntityOfPage\":{\"@id\":\"https:\\\/\\\/www.fcbarcelonanoticias.com\\\/en\\\/fc-barcelona\\\/the-doubt-of-the-barca-with-andres-iniesta-in-santiago-bernabeu_207838_102.html\"},\"wordCount\":431,\"image\":{\"@id\":\"https:\\\/\\\/www.fcbarcelonanoticias.com\\\/en\\\/fc-barcelona\\\/the-doubt-of-the-barca-with-andres-iniesta-in-santiago-bernabeu_207838_102.html#primaryimage\"},\"thumbnailUrl\":\"https:\\\/\\\/www.fcbarcelonanoticias.com\\\/en\\\/wp-content\\\/uploads\\\/sites\\\/2\\\/2017\\\/12\\\/andresiniesta-leomessi3-238204.jpeg\",\"keywords\":[\"Andr\u00e9s Iniesta\",\"El Cl\u00e1sico\",\"Ernesto Valverde\"],\"articleSection\":[\"FC Barcelona\"],\"inLanguage\":\"en-US\"},{\"@type\":\"WebPage\",\"@id\":\"https:\\\/\\\/www.fcbarcelonanoticias.com\\\/en\\\/fc-barcelona\\\/the-doubt-of-the-barca-with-andres-iniesta-in-santiago-bernabeu_207838_102.html\",\"url\":\"https:\\\/\\\/www.fcbarcelonanoticias.com\\\/en\\\/fc-barcelona\\\/the-doubt-of-the-barca-with-andres-iniesta-in-santiago-bernabeu_207838_102.html\",\"name\":\"The doubt of the Bar\u00e7a with Andr\u00e9s Iniesta in Santiago Bernab\u00e9u\",\"isPartOf\":{\"@id\":\"https:\\\/\\\/www.fcbarcelonanoticias.com\\\/en\\\/#website\"},\"primaryImageOfPage\":{\"@id\":\"https:\\\/\\\/www.fcbarcelonanoticias.com\\\/en\\\/fc-barcelona\\\/the-doubt-of-the-barca-with-andres-iniesta-in-santiago-bernabeu_207838_102.html#primaryimage\"},\"image\":{\"@id\":\"https:\\\/\\\/www.fcbarcelonanoticias.com\\\/en\\\/fc-barcelona\\\/the-doubt-of-the-barca-with-andres-iniesta-in-santiago-bernabeu_207838_102.html#primaryimage\"},\"thumbnailUrl\":\"https:\\\/\\\/www.fcbarcelonanoticias.com\\\/en\\\/wp-content\\\/uploads\\\/sites\\\/2\\\/2017\\\/12\\\/andresiniesta-leomessi3-238204.jpeg\",\"datePublished\":\"2017-12-20T17:26:00+00:00\",\"dateModified\":\"2026-04-16T07:42:38+00:00\",\"author\":{\"@id\":\"https:\\\/\\\/www.fcbarcelonanoticias.com\\\/en\\\/#\\\/schema\\\/person\\\/87b10dbddf72505d2eeba8aaa6c9ba14\"},\"description\":\"Dosificado As never and shining as always. Like this it lives Andr\u00e9s Iniesta this course in the FC Barcelona, that has him like one of the keys for the...\",\"breadcrumb\":{\"@id\":\"https:\\\/\\\/www.fcbarcelonanoticias.com\\\/en\\\/fc-barcelona\\\/the-doubt-of-the-barca-with-andres-iniesta-in-santiago-bernabeu_207838_102.html#breadcrumb\"},\"inLanguage\":\"en-US\",\"potentialAction\":[{\"@type\":\"ReadAction\",\"target\":[\"https:\\\/\\\/www.fcbarcelonanoticias.com\\\/en\\\/fc-barcelona\\\/the-doubt-of-the-barca-with-andres-iniesta-in-santiago-bernabeu_207838_102.html\"]}]},{\"@type\":\"ImageObject\",\"inLanguage\":\"en-US\",\"@id\":\"https:\\\/\\\/www.fcbarcelonanoticias.com\\\/en\\\/fc-barcelona\\\/the-doubt-of-the-barca-with-andres-iniesta-in-santiago-bernabeu_207838_102.html#primaryimage\",\"url\":\"https:\\\/\\\/www.fcbarcelonanoticias.com\\\/en\\\/wp-content\\\/uploads\\\/sites\\\/2\\\/2017\\\/12\\\/andresiniesta-leomessi3-238204.jpeg\",\"contentUrl\":\"https:\\\/\\\/www.fcbarcelonanoticias.com\\\/en\\\/wp-content\\\/uploads\\\/sites\\\/2\\\/2017\\\/12\\\/andresiniesta-leomessi3-238204.jpeg\",\"width\":759,\"height\":428},{\"@type\":\"BreadcrumbList\",\"@id\":\"https:\\\/\\\/www.fcbarcelonanoticias.com\\\/en\\\/fc-barcelona\\\/the-doubt-of-the-barca-with-andres-iniesta-in-santiago-bernabeu_207838_102.html#breadcrumb\",\"itemListElement\":[{\"@type\":\"ListItem\",\"position\":1,\"name\":\"Portada\",\"item\":\"https:\\\/\\\/www.fcbarcelonanoticias.com\\\/en\\\/\"},{\"@type\":\"ListItem\",\"position\":2,\"name\":\"The doubt of the Bar\u00e7a with Andr\u00e9s Iniesta in Santiago Bernab\u00e9u\"}]},{\"@type\":\"WebSite\",\"@id\":\"https:\\\/\\\/www.fcbarcelonanoticias.com\\\/en\\\/#website\",\"url\":\"https:\\\/\\\/www.fcbarcelonanoticias.com\\\/en\\\/\",\"name\":\"EN - FC Barcelona Noticias\",\"description\":\"\",\"potentialAction\":[{\"@type\":\"SearchAction\",\"target\":{\"@type\":\"EntryPoint\",\"urlTemplate\":\"https:\\\/\\\/www.fcbarcelonanoticias.com\\\/en\\\/?s={search_term_string}\"},\"query-input\":{\"@type\":\"PropertyValueSpecification\",\"valueRequired\":true,\"valueName\":\"search_term_string\"}}],\"inLanguage\":\"en-US\"},{\"@type\":\"Person\",\"@id\":\"https:\\\/\\\/www.fcbarcelonanoticias.com\\\/en\\\/#\\\/schema\\\/person\\\/87b10dbddf72505d2eeba8aaa6c9ba14\",\"name\":\"user_4032\",\"image\":{\"@type\":\"ImageObject\",\"inLanguage\":\"en-US\",\"@id\":\"https:\\\/\\\/secure.gravatar.com\\\/avatar\\\/?s=96&d=mm&r=g\",\"url\":\"https:\\\/\\\/secure.gravatar.com\\\/avatar\\\/?s=96&d=mm&r=g\",\"contentUrl\":\"https:\\\/\\\/secure.gravatar.com\\\/avatar\\\/?s=96&d=mm&r=g\",\"caption\":\"user_4032\"},\"url\":\"https:\\\/\\\/www.fcbarcelonanoticias.com\\\/en\\\/user_4032.html\"}]}<\/script>\n<!-- \/ Yoast SEO plugin. -->","yoast_head_json":{"title":"The doubt of the Bar\u00e7a with Andr\u00e9s Iniesta in Santiago Bernab\u00e9u","description":"Dosificado As never and shining as always. Like this it lives Andr\u00e9s Iniesta this course in the FC Barcelona, that has him like one of the keys for the...","robots":{"index":"index","follow":"follow","max-snippet":"max-snippet:-1","max-image-preview":"max-image-preview:large","max-video-preview":"max-video-preview:-1"},"canonical":"https:\/\/www.fcbarcelonanoticias.com\/en\/fc-barcelona\/the-doubt-of-the-barca-with-andres-iniesta-in-santiago-bernabeu_207838_102.html","og_locale":"en_US","og_type":"article","og_title":"The doubt of the Bar\u00e7a with Andr\u00e9s Iniesta in Santiago Bernab\u00e9u","og_description":"Dosificado As never and shining as always. Like this it lives Andr\u00e9s Iniesta this course in the FC Barcelona, that has him like one of the keys for the...","og_url":"https:\/\/www.fcbarcelonanoticias.com\/en\/fc-barcelona\/the-doubt-of-the-barca-with-andres-iniesta-in-santiago-bernabeu_207838_102.html","og_site_name":"EN - FC Barcelona Noticias","article_published_time":"2017-12-20T17:26:00+00:00","article_modified_time":"2026-04-16T07:42:38+00:00","og_image":[{"width":759,"height":428,"url":"https:\/\/www.fcbarcelonanoticias.com\/en\/wp-content\/uploads\/sites\/2\/2017\/12\/andresiniesta-leomessi3-238204.jpeg","type":"image\/jpeg"}],"author":"user_4032","twitter_card":"summary_large_image","twitter_misc":{"Written by":"user_4032","Est. reading time":"2 minutes"},"schema":{"@context":"https:\/\/schema.org","@graph":[{"@type":"Article","@id":"https:\/\/www.fcbarcelonanoticias.com\/en\/fc-barcelona\/the-doubt-of-the-barca-with-andres-iniesta-in-santiago-bernabeu_207838_102.html#article","isPartOf":{"@id":"https:\/\/www.fcbarcelonanoticias.com\/en\/fc-barcelona\/the-doubt-of-the-barca-with-andres-iniesta-in-santiago-bernabeu_207838_102.html"},"author":{"name":"user_4032","@id":"https:\/\/www.fcbarcelonanoticias.com\/en\/#\/schema\/person\/87b10dbddf72505d2eeba8aaa6c9ba14"},"headline":"The doubt of the Bar\u00e7a with Andr\u00e9s Iniesta in Santiago Bernab\u00e9u","datePublished":"2017-12-20T17:26:00+00:00","dateModified":"2026-04-16T07:42:38+00:00","mainEntityOfPage":{"@id":"https:\/\/www.fcbarcelonanoticias.com\/en\/fc-barcelona\/the-doubt-of-the-barca-with-andres-iniesta-in-santiago-bernabeu_207838_102.html"},"wordCount":431,"image":{"@id":"https:\/\/www.fcbarcelonanoticias.com\/en\/fc-barcelona\/the-doubt-of-the-barca-with-andres-iniesta-in-santiago-bernabeu_207838_102.html#primaryimage"},"thumbnailUrl":"https:\/\/www.fcbarcelonanoticias.com\/en\/wp-content\/uploads\/sites\/2\/2017\/12\/andresiniesta-leomessi3-238204.jpeg","keywords":["Andr\u00e9s Iniesta","El Cl\u00e1sico","Ernesto Valverde"],"articleSection":["FC Barcelona"],"inLanguage":"en-US"},{"@type":"WebPage","@id":"https:\/\/www.fcbarcelonanoticias.com\/en\/fc-barcelona\/the-doubt-of-the-barca-with-andres-iniesta-in-santiago-bernabeu_207838_102.html","url":"https:\/\/www.fcbarcelonanoticias.com\/en\/fc-barcelona\/the-doubt-of-the-barca-with-andres-iniesta-in-santiago-bernabeu_207838_102.html","name":"The doubt of the Bar\u00e7a with Andr\u00e9s Iniesta in Santiago Bernab\u00e9u","isPartOf":{"@id":"https:\/\/www.fcbarcelonanoticias.com\/en\/#website"},"primaryImageOfPage":{"@id":"https:\/\/www.fcbarcelonanoticias.com\/en\/fc-barcelona\/the-doubt-of-the-barca-with-andres-iniesta-in-santiago-bernabeu_207838_102.html#primaryimage"},"image":{"@id":"https:\/\/www.fcbarcelonanoticias.com\/en\/fc-barcelona\/the-doubt-of-the-barca-with-andres-iniesta-in-santiago-bernabeu_207838_102.html#primaryimage"},"thumbnailUrl":"https:\/\/www.fcbarcelonanoticias.com\/en\/wp-content\/uploads\/sites\/2\/2017\/12\/andresiniesta-leomessi3-238204.jpeg","datePublished":"2017-12-20T17:26:00+00:00","dateModified":"2026-04-16T07:42:38+00:00","author":{"@id":"https:\/\/www.fcbarcelonanoticias.com\/en\/#\/schema\/person\/87b10dbddf72505d2eeba8aaa6c9ba14"},"description":"Dosificado As never and shining as always. Like this it lives Andr\u00e9s Iniesta this course in the FC Barcelona, that has him like one of the keys for the...","breadcrumb":{"@id":"https:\/\/www.fcbarcelonanoticias.com\/en\/fc-barcelona\/the-doubt-of-the-barca-with-andres-iniesta-in-santiago-bernabeu_207838_102.html#breadcrumb"},"inLanguage":"en-US","potentialAction":[{"@type":"ReadAction","target":["https:\/\/www.fcbarcelonanoticias.com\/en\/fc-barcelona\/the-doubt-of-the-barca-with-andres-iniesta-in-santiago-bernabeu_207838_102.html"]}]},{"@type":"ImageObject","inLanguage":"en-US","@id":"https:\/\/www.fcbarcelonanoticias.com\/en\/fc-barcelona\/the-doubt-of-the-barca-with-andres-iniesta-in-santiago-bernabeu_207838_102.html#primaryimage","url":"https:\/\/www.fcbarcelonanoticias.com\/en\/wp-content\/uploads\/sites\/2\/2017\/12\/andresiniesta-leomessi3-238204.jpeg","contentUrl":"https:\/\/www.fcbarcelonanoticias.com\/en\/wp-content\/uploads\/sites\/2\/2017\/12\/andresiniesta-leomessi3-238204.jpeg","width":759,"height":428},{"@type":"BreadcrumbList","@id":"https:\/\/www.fcbarcelonanoticias.com\/en\/fc-barcelona\/the-doubt-of-the-barca-with-andres-iniesta-in-santiago-bernabeu_207838_102.html#breadcrumb","itemListElement":[{"@type":"ListItem","position":1,"name":"Portada","item":"https:\/\/www.fcbarcelonanoticias.com\/en\/"},{"@type":"ListItem","position":2,"name":"The doubt of the Bar\u00e7a with Andr\u00e9s Iniesta in Santiago Bernab\u00e9u"}]},{"@type":"WebSite","@id":"https:\/\/www.fcbarcelonanoticias.com\/en\/#website","url":"https:\/\/www.fcbarcelonanoticias.com\/en\/","name":"EN - FC Barcelona Noticias","description":"","potentialAction":[{"@type":"SearchAction","target":{"@type":"EntryPoint","urlTemplate":"https:\/\/www.fcbarcelonanoticias.com\/en\/?s={search_term_string}"},"query-input":{"@type":"PropertyValueSpecification","valueRequired":true,"valueName":"search_term_string"}}],"inLanguage":"en-US"},{"@type":"Person","@id":"https:\/\/www.fcbarcelonanoticias.com\/en\/#\/schema\/person\/87b10dbddf72505d2eeba8aaa6c9ba14","name":"user_4032","image":{"@type":"ImageObject","inLanguage":"en-US","@id":"https:\/\/secure.gravatar.com\/avatar\/?s=96&d=mm&r=g","url":"https:\/\/secure.gravatar.com\/avatar\/?s=96&d=mm&r=g","contentUrl":"https:\/\/secure.gravatar.com\/avatar\/?s=96&d=mm&r=g","caption":"user_4032"},"url":"https:\/\/www.fcbarcelonanoticias.com\/en\/user_4032.html"}]}},"_links":{"self":[{"href":"https:\/\/www.fcbarcelonanoticias.com\/en\/wp-json\/wp\/v2\/posts\/30906","targetHints":{"allow":["GET"]}}],"collection":[{"href":"https:\/\/www.fcbarcelonanoticias.com\/en\/wp-json\/wp\/v2\/posts"}],"about":[{"href":"https:\/\/www.fcbarcelonanoticias.com\/en\/wp-json\/wp\/v2\/types\/post"}],"author":[{"embeddable":true,"href":"https:\/\/www.fcbarcelonanoticias.com\/en\/wp-json\/wp\/v2\/users\/376"}],"replies":[{"embeddable":true,"href":"https:\/\/www.fcbarcelonanoticias.com\/en\/wp-json\/wp\/v2\/comments?post=30906"}],"version-history":[{"count":5,"href":"https:\/\/www.fcbarcelonanoticias.com\/en\/wp-json\/wp\/v2\/posts\/30906\/revisions"}],"predecessor-version":[{"id":178901,"href":"https:\/\/www.fcbarcelonanoticias.com\/en\/wp-json\/wp\/v2\/posts\/30906\/revisions\/178901"}],"wp:featuredmedia":[{"embeddable":true,"href":"https:\/\/www.fcbarcelonanoticias.com\/en\/wp-json\/wp\/v2\/media\/30909"}],"wp:attachment":[{"href":"https:\/\/www.fcbarcelonanoticias.com\/en\/wp-json\/wp\/v2\/media?parent=30906"}],"wp:term":[{"taxonomy":"category","embeddable":true,"href":"https:\/\/www.fcbarcelonanoticias.com\/en\/wp-json\/wp\/v2\/categories?post=30906"},{"taxonomy":"post_tag","embeddable":true,"href":"https:\/\/www.fcbarcelonanoticias.com\/en\/wp-json\/wp\/v2\/tags?post=30906"}],"curies":[{"name":"wp","href":"https:\/\/api.w.org\/{rel}","templated":true}]}}