{"id":31073,"date":"2024-12-18T10:20:00","date_gmt":"2024-12-18T09:20:00","guid":{"rendered":"https:\/\/weisetech.dev\/fc-barcelona-noticias\/en\/the-incredible-story-of-fermin-lopez-from-masia-to-the-barcelona-first-team_309429_102\/"},"modified":"2024-12-18T10:20:00","modified_gmt":"2024-12-18T09:20:00","slug":"the-incredible-story-of-fermin-lopez-from-masia-to-the-barcelona-first-team_309429_102","status":"publish","type":"post","link":"https:\/\/www.fcbarcelonanoticias.com\/en\/fc-barcelona\/the-incredible-story-of-fermin-lopez-from-masia-to-the-barcelona-first-team_309429_102.html","title":{"rendered":"The Incredible Story of Ferm\u00edn L\u00f3pez: From La Masia to the Barcelona First Team"},"content":{"rendered":"<h2 class=\"wp-block-heading\">Discover Ferm\u00edn L\u00f3pez&#8217;s path to success. A journey that was not easy, and in which he had to make difficult decisions from a very young age.<\/h2>  \r\n<div class=\"article-addons\">\r\n    <a href=\"https:\/\/www.fcbarcelonanoticias.com\/en\/calendar-fc-barcelona.html\"\r\n       target=\"_self\"\r\n       title=\"Calendar of FC Barcelona\"\r\n       class=\"blue-gredient-btn\">\r\n       \r\n        Calendar of FC Barcelona    <\/a>\r\n<\/div>   <p><strong><a data-external=\"0\" data-intl-links-en=\"https:\/\/www.fcbarcelonanoticias.com\/en\/tags\/fermin-lopez\" data-intl-links-es=\"https:\/\/www.fcbarcelonanoticias.com\/tags\/fermin-lopez\" href=\"https:\/\/www.fcbarcelonanoticias.com\/en\/player\/fermin-lopez.html\" rel=\"follow\" target=\"_self\" title=\"Ferm\u00edn L\u00f3pez\">Ferm\u00edn L\u00f3pez has overcome all obstacles through patience, hard work, and effort<\/a><\/strong>. Qualities he has cultivated since childhood and that helped him establish himself in the <strong>lower categories of FC Barcelona<\/strong>, despite the difficulties. <strong>Ferm\u00edn arrived at La Masia in 2016 at just 13 years old<\/strong> with the goal of succeeding in the blue and garnet team. Eight years later, he has become one of the great stars of the first team with a career full of successes.<\/p>  <p>After his brilliant performance at the <strong>Paris Olympic Games, gold medal, top scorer for La Roja with 6 goals, and &#8216;MVP&#8217; of the tournament<\/strong>, FC Barcelona decided to reward him with a pay raise and a new contract until June 2029. A clear show of confidence in the Andalusian, who has earned the right to firmly establish himself as one of the most important players of Bar\u00e7a in the present and future.<\/p>  <h3>ENJOY the FULL documentary:<\/h3>  <div data-oembed-url=\"https:\/\/youtu.be\/RZYUgwUUZe8?si=b7dSZMxtKi5fQFhy\"> <div style=\"left: 0; width: 100%; height: 0; position: relative; padding-bottom: 56.25%;\"><\/div> <\/div>  <p>&nbsp;<\/p> ","protected":false},"excerpt":{"rendered":"<p>Discover Ferm\u00edn L\u00f3pez&#8217;s path to success. A journey that was not easy, and in which he had to make difficult decisions from a very young age. Ferm\u00edn L\u00f3pez has overcome all obstacles through patience, hard work, and effort. Qualities he has cultivated since childhood and that helped him establish himself in the lower categories of [&hellip;]<\/p>\n","protected":false},"author":353,"featured_media":31074,"comment_status":"closed","ping_status":"open","sticky":false,"template":"","format":"standard","meta":{"_acf_changed":false,"inline_featured_image":false,"_nextfly_llmd_date_locked":false,"footnotes":""},"categories":[111],"tags":[172],"class_list":["post-31073","post","type-post","status-publish","format-standard","has-post-thumbnail","hentry","category-fc-barcelona","tag-videos"],"acf":[],"yoast_head":"<!-- This site is optimized with the Yoast SEO plugin v27.3 - https:\/\/yoast.com\/product\/yoast-seo-wordpress\/ -->\n<title>The Incredible Story of Ferm\u00edn L\u00f3pez: From La Masia to the Barcelona First Team<\/title>\n<meta name=\"description\" content=\"Discover Ferm\u00edn L\u00f3pez&#039;s path to success. A journey that was not easy, and in which he had to make difficult decisions from a very young age.\" \/>\n<meta name=\"robots\" content=\"index, follow, max-snippet:-1, max-image-preview:large, max-video-preview:-1\" \/>\n<link rel=\"canonical\" href=\"https:\/\/www.fcbarcelonanoticias.com\/en\/fc-barcelona\/the-incredible-story-of-fermin-lopez-from-masia-to-the-barcelona-first-team_309429_102.html\" \/>\n<meta property=\"og:locale\" content=\"en_US\" \/>\n<meta property=\"og:type\" content=\"article\" \/>\n<meta property=\"og:title\" content=\"The Incredible Story of Ferm\u00edn L\u00f3pez: From La Masia to the Barcelona First Team\" \/>\n<meta property=\"og:description\" content=\"Discover Ferm\u00edn L\u00f3pez&#039;s path to success. A journey that was not easy, and in which he had to make difficult decisions from a very young age.\" \/>\n<meta property=\"og:url\" content=\"https:\/\/www.fcbarcelonanoticias.com\/en\/fc-barcelona\/the-incredible-story-of-fermin-lopez-from-masia-to-the-barcelona-first-team_309429_102.html\" \/>\n<meta property=\"og:site_name\" content=\"EN - FC Barcelona Noticias\" \/>\n<meta property=\"article:published_time\" content=\"2024-12-18T09:20:00+00:00\" \/>\n<meta property=\"og:image\" content=\"https:\/\/www.fcbarcelonanoticias.com\/en\/wp-content\/uploads\/sites\/2\/2024\/12\/fk-crvena-zvezda-v-fc-barcelona-uefa-champions-league-2024-25-league-phase-md4-scaled.jpeg\" \/>\n\t<meta property=\"og:image:width\" content=\"2560\" \/>\n\t<meta property=\"og:image:height\" content=\"1747\" \/>\n\t<meta property=\"og:image:type\" content=\"image\/jpeg\" \/>\n<meta name=\"author\" content=\"FC Barcelona Noticias\" \/>\n<meta name=\"twitter:card\" content=\"summary_large_image\" \/>\n<meta name=\"twitter:label1\" content=\"Written by\" \/>\n\t<meta name=\"twitter:data1\" content=\"FC Barcelona Noticias\" \/>\n\t<meta name=\"twitter:label2\" content=\"Est. reading time\" \/>\n\t<meta name=\"twitter:data2\" content=\"1 minute\" \/>\n<script type=\"application\/ld+json\" class=\"yoast-schema-graph\">{\"@context\":\"https:\\\/\\\/schema.org\",\"@graph\":[{\"@type\":\"Article\",\"@id\":\"https:\\\/\\\/www.fcbarcelonanoticias.com\\\/en\\\/fc-barcelona\\\/the-incredible-story-of-fermin-lopez-from-masia-to-the-barcelona-first-team_309429_102.html#article\",\"isPartOf\":{\"@id\":\"https:\\\/\\\/www.fcbarcelonanoticias.com\\\/en\\\/fc-barcelona\\\/the-incredible-story-of-fermin-lopez-from-masia-to-the-barcelona-first-team_309429_102.html\"},\"author\":{\"name\":\"FC Barcelona Noticias\",\"@id\":\"https:\\\/\\\/www.fcbarcelonanoticias.com\\\/en\\\/#\\\/schema\\\/person\\\/0f2810101d27606974cdb8edb54fa54b\"},\"headline\":\"The Incredible Story of Ferm\u00edn L\u00f3pez: From La Masia to the Barcelona First Team\",\"datePublished\":\"2024-12-18T09:20:00+00:00\",\"mainEntityOfPage\":{\"@id\":\"https:\\\/\\\/www.fcbarcelonanoticias.com\\\/en\\\/fc-barcelona\\\/the-incredible-story-of-fermin-lopez-from-masia-to-the-barcelona-first-team_309429_102.html\"},\"wordCount\":200,\"image\":{\"@id\":\"https:\\\/\\\/www.fcbarcelonanoticias.com\\\/en\\\/fc-barcelona\\\/the-incredible-story-of-fermin-lopez-from-masia-to-the-barcelona-first-team_309429_102.html#primaryimage\"},\"thumbnailUrl\":\"https:\\\/\\\/www.fcbarcelonanoticias.com\\\/en\\\/wp-content\\\/uploads\\\/sites\\\/2\\\/2024\\\/12\\\/fk-crvena-zvezda-v-fc-barcelona-uefa-champions-league-2024-25-league-phase-md4-scaled.jpeg\",\"keywords\":[\"Videos\"],\"articleSection\":[\"FC Barcelona\"],\"inLanguage\":\"en-US\"},{\"@type\":\"WebPage\",\"@id\":\"https:\\\/\\\/www.fcbarcelonanoticias.com\\\/en\\\/fc-barcelona\\\/the-incredible-story-of-fermin-lopez-from-masia-to-the-barcelona-first-team_309429_102.html\",\"url\":\"https:\\\/\\\/www.fcbarcelonanoticias.com\\\/en\\\/fc-barcelona\\\/the-incredible-story-of-fermin-lopez-from-masia-to-the-barcelona-first-team_309429_102.html\",\"name\":\"The Incredible Story of Ferm\u00edn L\u00f3pez: From La Masia to the Barcelona First Team\",\"isPartOf\":{\"@id\":\"https:\\\/\\\/www.fcbarcelonanoticias.com\\\/en\\\/#website\"},\"primaryImageOfPage\":{\"@id\":\"https:\\\/\\\/www.fcbarcelonanoticias.com\\\/en\\\/fc-barcelona\\\/the-incredible-story-of-fermin-lopez-from-masia-to-the-barcelona-first-team_309429_102.html#primaryimage\"},\"image\":{\"@id\":\"https:\\\/\\\/www.fcbarcelonanoticias.com\\\/en\\\/fc-barcelona\\\/the-incredible-story-of-fermin-lopez-from-masia-to-the-barcelona-first-team_309429_102.html#primaryimage\"},\"thumbnailUrl\":\"https:\\\/\\\/www.fcbarcelonanoticias.com\\\/en\\\/wp-content\\\/uploads\\\/sites\\\/2\\\/2024\\\/12\\\/fk-crvena-zvezda-v-fc-barcelona-uefa-champions-league-2024-25-league-phase-md4-scaled.jpeg\",\"datePublished\":\"2024-12-18T09:20:00+00:00\",\"author\":{\"@id\":\"https:\\\/\\\/www.fcbarcelonanoticias.com\\\/en\\\/#\\\/schema\\\/person\\\/0f2810101d27606974cdb8edb54fa54b\"},\"description\":\"Discover Ferm\u00edn L\u00f3pez's path to success. A journey that was not easy, and in which he had to make difficult decisions from a very young age.\",\"breadcrumb\":{\"@id\":\"https:\\\/\\\/www.fcbarcelonanoticias.com\\\/en\\\/fc-barcelona\\\/the-incredible-story-of-fermin-lopez-from-masia-to-the-barcelona-first-team_309429_102.html#breadcrumb\"},\"inLanguage\":\"en-US\",\"potentialAction\":[{\"@type\":\"ReadAction\",\"target\":[\"https:\\\/\\\/www.fcbarcelonanoticias.com\\\/en\\\/fc-barcelona\\\/the-incredible-story-of-fermin-lopez-from-masia-to-the-barcelona-first-team_309429_102.html\"]}]},{\"@type\":\"ImageObject\",\"inLanguage\":\"en-US\",\"@id\":\"https:\\\/\\\/www.fcbarcelonanoticias.com\\\/en\\\/fc-barcelona\\\/the-incredible-story-of-fermin-lopez-from-masia-to-the-barcelona-first-team_309429_102.html#primaryimage\",\"url\":\"https:\\\/\\\/www.fcbarcelonanoticias.com\\\/en\\\/wp-content\\\/uploads\\\/sites\\\/2\\\/2024\\\/12\\\/fk-crvena-zvezda-v-fc-barcelona-uefa-champions-league-2024-25-league-phase-md4-scaled.jpeg\",\"contentUrl\":\"https:\\\/\\\/www.fcbarcelonanoticias.com\\\/en\\\/wp-content\\\/uploads\\\/sites\\\/2\\\/2024\\\/12\\\/fk-crvena-zvezda-v-fc-barcelona-uefa-champions-league-2024-25-league-phase-md4-scaled.jpeg\",\"width\":2560,\"height\":1747},{\"@type\":\"BreadcrumbList\",\"@id\":\"https:\\\/\\\/www.fcbarcelonanoticias.com\\\/en\\\/fc-barcelona\\\/the-incredible-story-of-fermin-lopez-from-masia-to-the-barcelona-first-team_309429_102.html#breadcrumb\",\"itemListElement\":[{\"@type\":\"ListItem\",\"position\":1,\"name\":\"Portada\",\"item\":\"https:\\\/\\\/www.fcbarcelonanoticias.com\\\/en\\\/\"},{\"@type\":\"ListItem\",\"position\":2,\"name\":\"The Incredible Story of Ferm\u00edn L\u00f3pez: From La Masia to the Barcelona First Team\"}]},{\"@type\":\"WebSite\",\"@id\":\"https:\\\/\\\/www.fcbarcelonanoticias.com\\\/en\\\/#website\",\"url\":\"https:\\\/\\\/www.fcbarcelonanoticias.com\\\/en\\\/\",\"name\":\"EN - FC Barcelona Noticias\",\"description\":\"\",\"potentialAction\":[{\"@type\":\"SearchAction\",\"target\":{\"@type\":\"EntryPoint\",\"urlTemplate\":\"https:\\\/\\\/www.fcbarcelonanoticias.com\\\/en\\\/?s={search_term_string}\"},\"query-input\":{\"@type\":\"PropertyValueSpecification\",\"valueRequired\":true,\"valueName\":\"search_term_string\"}}],\"inLanguage\":\"en-US\"},{\"@type\":\"Person\",\"@id\":\"https:\\\/\\\/www.fcbarcelonanoticias.com\\\/en\\\/#\\\/schema\\\/person\\\/0f2810101d27606974cdb8edb54fa54b\",\"name\":\"FC Barcelona Noticias\",\"image\":{\"@type\":\"ImageObject\",\"inLanguage\":\"en-US\",\"@id\":\"https:\\\/\\\/secure.gravatar.com\\\/avatar\\\/?s=96&d=mm&r=g\",\"url\":\"https:\\\/\\\/secure.gravatar.com\\\/avatar\\\/?s=96&d=mm&r=g\",\"contentUrl\":\"https:\\\/\\\/secure.gravatar.com\\\/avatar\\\/?s=96&d=mm&r=g\",\"caption\":\"FC Barcelona Noticias\"},\"url\":\"https:\\\/\\\/www.fcbarcelonanoticias.com\\\/en\\\/fc-barcelona\\\/fcbn-writing-fc-barcelona-news_6_115.html\"}]}<\/script>\n<!-- \/ Yoast SEO plugin. -->","yoast_head_json":{"title":"The Incredible Story of Ferm\u00edn L\u00f3pez: From La Masia to the Barcelona First Team","description":"Discover Ferm\u00edn L\u00f3pez's path to success. A journey that was not easy, and in which he had to make difficult decisions from a very young age.","robots":{"index":"index","follow":"follow","max-snippet":"max-snippet:-1","max-image-preview":"max-image-preview:large","max-video-preview":"max-video-preview:-1"},"canonical":"https:\/\/www.fcbarcelonanoticias.com\/en\/fc-barcelona\/the-incredible-story-of-fermin-lopez-from-masia-to-the-barcelona-first-team_309429_102.html","og_locale":"en_US","og_type":"article","og_title":"The Incredible Story of Ferm\u00edn L\u00f3pez: From La Masia to the Barcelona First Team","og_description":"Discover Ferm\u00edn L\u00f3pez's path to success. A journey that was not easy, and in which he had to make difficult decisions from a very young age.","og_url":"https:\/\/www.fcbarcelonanoticias.com\/en\/fc-barcelona\/the-incredible-story-of-fermin-lopez-from-masia-to-the-barcelona-first-team_309429_102.html","og_site_name":"EN - FC Barcelona Noticias","article_published_time":"2024-12-18T09:20:00+00:00","og_image":[{"width":2560,"height":1747,"url":"https:\/\/www.fcbarcelonanoticias.com\/en\/wp-content\/uploads\/sites\/2\/2024\/12\/fk-crvena-zvezda-v-fc-barcelona-uefa-champions-league-2024-25-league-phase-md4-scaled.jpeg","type":"image\/jpeg"}],"author":"FC Barcelona Noticias","twitter_card":"summary_large_image","twitter_misc":{"Written by":"FC Barcelona Noticias","Est. reading time":"1 minute"},"schema":{"@context":"https:\/\/schema.org","@graph":[{"@type":"Article","@id":"https:\/\/www.fcbarcelonanoticias.com\/en\/fc-barcelona\/the-incredible-story-of-fermin-lopez-from-masia-to-the-barcelona-first-team_309429_102.html#article","isPartOf":{"@id":"https:\/\/www.fcbarcelonanoticias.com\/en\/fc-barcelona\/the-incredible-story-of-fermin-lopez-from-masia-to-the-barcelona-first-team_309429_102.html"},"author":{"name":"FC Barcelona Noticias","@id":"https:\/\/www.fcbarcelonanoticias.com\/en\/#\/schema\/person\/0f2810101d27606974cdb8edb54fa54b"},"headline":"The Incredible Story of Ferm\u00edn L\u00f3pez: From La Masia to the Barcelona First Team","datePublished":"2024-12-18T09:20:00+00:00","mainEntityOfPage":{"@id":"https:\/\/www.fcbarcelonanoticias.com\/en\/fc-barcelona\/the-incredible-story-of-fermin-lopez-from-masia-to-the-barcelona-first-team_309429_102.html"},"wordCount":200,"image":{"@id":"https:\/\/www.fcbarcelonanoticias.com\/en\/fc-barcelona\/the-incredible-story-of-fermin-lopez-from-masia-to-the-barcelona-first-team_309429_102.html#primaryimage"},"thumbnailUrl":"https:\/\/www.fcbarcelonanoticias.com\/en\/wp-content\/uploads\/sites\/2\/2024\/12\/fk-crvena-zvezda-v-fc-barcelona-uefa-champions-league-2024-25-league-phase-md4-scaled.jpeg","keywords":["Videos"],"articleSection":["FC Barcelona"],"inLanguage":"en-US"},{"@type":"WebPage","@id":"https:\/\/www.fcbarcelonanoticias.com\/en\/fc-barcelona\/the-incredible-story-of-fermin-lopez-from-masia-to-the-barcelona-first-team_309429_102.html","url":"https:\/\/www.fcbarcelonanoticias.com\/en\/fc-barcelona\/the-incredible-story-of-fermin-lopez-from-masia-to-the-barcelona-first-team_309429_102.html","name":"The Incredible Story of Ferm\u00edn L\u00f3pez: From La Masia to the Barcelona First Team","isPartOf":{"@id":"https:\/\/www.fcbarcelonanoticias.com\/en\/#website"},"primaryImageOfPage":{"@id":"https:\/\/www.fcbarcelonanoticias.com\/en\/fc-barcelona\/the-incredible-story-of-fermin-lopez-from-masia-to-the-barcelona-first-team_309429_102.html#primaryimage"},"image":{"@id":"https:\/\/www.fcbarcelonanoticias.com\/en\/fc-barcelona\/the-incredible-story-of-fermin-lopez-from-masia-to-the-barcelona-first-team_309429_102.html#primaryimage"},"thumbnailUrl":"https:\/\/www.fcbarcelonanoticias.com\/en\/wp-content\/uploads\/sites\/2\/2024\/12\/fk-crvena-zvezda-v-fc-barcelona-uefa-champions-league-2024-25-league-phase-md4-scaled.jpeg","datePublished":"2024-12-18T09:20:00+00:00","author":{"@id":"https:\/\/www.fcbarcelonanoticias.com\/en\/#\/schema\/person\/0f2810101d27606974cdb8edb54fa54b"},"description":"Discover Ferm\u00edn L\u00f3pez's path to success. A journey that was not easy, and in which he had to make difficult decisions from a very young age.","breadcrumb":{"@id":"https:\/\/www.fcbarcelonanoticias.com\/en\/fc-barcelona\/the-incredible-story-of-fermin-lopez-from-masia-to-the-barcelona-first-team_309429_102.html#breadcrumb"},"inLanguage":"en-US","potentialAction":[{"@type":"ReadAction","target":["https:\/\/www.fcbarcelonanoticias.com\/en\/fc-barcelona\/the-incredible-story-of-fermin-lopez-from-masia-to-the-barcelona-first-team_309429_102.html"]}]},{"@type":"ImageObject","inLanguage":"en-US","@id":"https:\/\/www.fcbarcelonanoticias.com\/en\/fc-barcelona\/the-incredible-story-of-fermin-lopez-from-masia-to-the-barcelona-first-team_309429_102.html#primaryimage","url":"https:\/\/www.fcbarcelonanoticias.com\/en\/wp-content\/uploads\/sites\/2\/2024\/12\/fk-crvena-zvezda-v-fc-barcelona-uefa-champions-league-2024-25-league-phase-md4-scaled.jpeg","contentUrl":"https:\/\/www.fcbarcelonanoticias.com\/en\/wp-content\/uploads\/sites\/2\/2024\/12\/fk-crvena-zvezda-v-fc-barcelona-uefa-champions-league-2024-25-league-phase-md4-scaled.jpeg","width":2560,"height":1747},{"@type":"BreadcrumbList","@id":"https:\/\/www.fcbarcelonanoticias.com\/en\/fc-barcelona\/the-incredible-story-of-fermin-lopez-from-masia-to-the-barcelona-first-team_309429_102.html#breadcrumb","itemListElement":[{"@type":"ListItem","position":1,"name":"Portada","item":"https:\/\/www.fcbarcelonanoticias.com\/en\/"},{"@type":"ListItem","position":2,"name":"The Incredible Story of Ferm\u00edn L\u00f3pez: From La Masia to the Barcelona First Team"}]},{"@type":"WebSite","@id":"https:\/\/www.fcbarcelonanoticias.com\/en\/#website","url":"https:\/\/www.fcbarcelonanoticias.com\/en\/","name":"EN - FC Barcelona Noticias","description":"","potentialAction":[{"@type":"SearchAction","target":{"@type":"EntryPoint","urlTemplate":"https:\/\/www.fcbarcelonanoticias.com\/en\/?s={search_term_string}"},"query-input":{"@type":"PropertyValueSpecification","valueRequired":true,"valueName":"search_term_string"}}],"inLanguage":"en-US"},{"@type":"Person","@id":"https:\/\/www.fcbarcelonanoticias.com\/en\/#\/schema\/person\/0f2810101d27606974cdb8edb54fa54b","name":"FC Barcelona Noticias","image":{"@type":"ImageObject","inLanguage":"en-US","@id":"https:\/\/secure.gravatar.com\/avatar\/?s=96&d=mm&r=g","url":"https:\/\/secure.gravatar.com\/avatar\/?s=96&d=mm&r=g","contentUrl":"https:\/\/secure.gravatar.com\/avatar\/?s=96&d=mm&r=g","caption":"FC Barcelona Noticias"},"url":"https:\/\/www.fcbarcelonanoticias.com\/en\/fc-barcelona\/fcbn-writing-fc-barcelona-news_6_115.html"}]}},"_links":{"self":[{"href":"https:\/\/www.fcbarcelonanoticias.com\/en\/wp-json\/wp\/v2\/posts\/31073","targetHints":{"allow":["GET"]}}],"collection":[{"href":"https:\/\/www.fcbarcelonanoticias.com\/en\/wp-json\/wp\/v2\/posts"}],"about":[{"href":"https:\/\/www.fcbarcelonanoticias.com\/en\/wp-json\/wp\/v2\/types\/post"}],"author":[{"embeddable":true,"href":"https:\/\/www.fcbarcelonanoticias.com\/en\/wp-json\/wp\/v2\/users\/353"}],"replies":[{"embeddable":true,"href":"https:\/\/www.fcbarcelonanoticias.com\/en\/wp-json\/wp\/v2\/comments?post=31073"}],"version-history":[{"count":1,"href":"https:\/\/www.fcbarcelonanoticias.com\/en\/wp-json\/wp\/v2\/posts\/31073\/revisions"}],"predecessor-version":[{"id":107865,"href":"https:\/\/www.fcbarcelonanoticias.com\/en\/wp-json\/wp\/v2\/posts\/31073\/revisions\/107865"}],"wp:featuredmedia":[{"embeddable":true,"href":"https:\/\/www.fcbarcelonanoticias.com\/en\/wp-json\/wp\/v2\/media\/31074"}],"wp:attachment":[{"href":"https:\/\/www.fcbarcelonanoticias.com\/en\/wp-json\/wp\/v2\/media?parent=31073"}],"wp:term":[{"taxonomy":"category","embeddable":true,"href":"https:\/\/www.fcbarcelonanoticias.com\/en\/wp-json\/wp\/v2\/categories?post=31073"},{"taxonomy":"post_tag","embeddable":true,"href":"https:\/\/www.fcbarcelonanoticias.com\/en\/wp-json\/wp\/v2\/tags?post=31073"}],"curies":[{"name":"wp","href":"https:\/\/api.w.org\/{rel}","templated":true}]}}