{"id":31153,"date":"2022-05-19T02:18:00","date_gmt":"2022-05-19T00:18:00","guid":{"rendered":"https:\/\/weisetech.dev\/fc-barcelona-noticias\/en\/the-doubts-of-laporta-with-cvc-the-barca-looks-for-to-invoice-400_280423_102\/"},"modified":"2022-05-19T02:18:00","modified_gmt":"2022-05-19T00:18:00","slug":"the-doubts-of-laporta-with-cvc-the-barca-looks-for-to-invoice-400_280423_102","status":"publish","type":"post","link":"https:\/\/www.fcbarcelonanoticias.com\/en\/fc-barcelona\/the-doubts-of-laporta-with-cvc-the-barca-looks-for-to-invoice-400_280423_102.html","title":{"rendered":"Laporta&#8217;s doubts with CVC: Bar\u00e7a seeks to invoice 400 &#8216;kilos&#8217;"},"content":{"rendered":"<h2 class=\"wp-block-heading\">Joan Laporta is not yet convinced of signing the agreement with Capital Partners. The investment fund has made its demands more flexible, but the cul\u00e9 president does not want to take false steps and seeks to ensure the best financial strategy for the club<\/h2>  \r\n<div class=\"article-addons\">\r\n    <a href=\"https:\/\/www.fcbarcelonanoticias.com\/en\/calendar-fc-barcelona.html\"\r\n       target=\"_self\"\r\n       title=\"Calendar of FC Barcelona\"\r\n       class=\"blue-gredient-btn\">\r\n       \r\n        Calendar of FC Barcelona    <\/a>\r\n<\/div>   <p>Further of the speculations on reinforcements and exits that circulate by these days, the directive of the <a data-external=\"0\" data-intl-links-en=\"https:\/\/www.fcbarcelonanoticias.com\/en\/europa-league\/honour-to-the-champion-the-congratulation-of-the-barca-to-the-eintracht_280422_102.html\" data-intl-links-es=\"https:\/\/www.fcbarcelonanoticias.com\/europa-league\/honor-campeon-felicitacion-fc-barcelona-eintracht-ganar-uel_280422_102.html\" href=\"https:\/\/www.fcbarcelonanoticias.com\/en\/europa-league\/honour-to-the-champion-the-congratulation-of-the-barca-to-the-eintracht_280422_102.html\" rel=\"follow\" target=\"_self\" title=\"Honor al campe\u00f3n: La felicitaci\u00f3n del Bar\u00e7a al Eintracht tras ganar la UEL\">FC Barcelona<\/a> has clear his priority to schedule the season 2022-23: the financial appearance. In this sense, Joan Laporta works to find &#8216;crowbars&#8217; that help to revertir the complex financial situation of the institution. In principle, <strong>it put it of the managerial is to invoice near of 400 million euros by the sale of 49% of<\/strong> <strong>Bar\u00e7a Licensing and Merchandising (BLM)<\/strong> <strong>and of<\/strong> <strong>Bar\u00e7a Studios.<\/strong><\/p>  <p>In this sense, &#8216;Sportive World&#8217; ensures that <strong>the club has very directed the sale of BLM to the integrated consortium by Fanatics and Investindustrial by a near quantity to the 200 &#8216;kilos&#8217;<\/strong> by 10 years. Regarding the negotiation by Bar\u00e7a Studios, the directive handles several options, but there is a negotiation that follows generating a lot of doubts in the president cul\u00e9.<\/p>  <p>As &#8216;The Bar\u00e7a juga to RAC1&#8217;, <strong><a data-external=\"0\" data-intl-links-en=\"https:\/\/www.fcbarcelonanoticias.com\/en\/transfers\/laporta-does-not-rule-out-jong-sets-date-response-dembele_280391_102.html\" data-intl-links-es=\"https:\/\/www.fcbarcelonanoticias.com\/fichajes\/laporta-no-descarta-marcha-jong-pone-fecha-respuesta-dembele_280391_102.html\" href=\"https:\/\/www.fcbarcelonanoticias.com\/en\/transfers\/laporta-does-not-rule-out-jong-sets-date-response-dembele_280391_102.html\" rel=\"follow\" target=\"_self\" title=\"Laporta no descarta la marcha de De Jong y le pone fecha a la respuesta de Demb\u00e9l\u00e9\">Laporta<\/a> has a lot of doubts on the agreement with CVC and would prefer to opt by the management of 10% of the television rights via Goldman Sachs<\/strong>, American banking that works the financiamiento of the Espai Bar\u00e7a. For the president, the 400 &#8216;kilos&#8217; that they could ingresar by the sale of the audiovisual rights of the club will be sufficient to pay the debts and begin the exercise 2022-23 with green numbers, leaving the agreement with the bottom CVC like alternative option.<\/p>  <blockquote class=\"twitter-tweet\"> <p dir=\"ltr\" lang=\"ca\">\u203c\ufe0f NOT\u00cdCIA <a href=\"https:\/\/twitter.com\/en\/EsportsRAC1?ref_src=twsrc%5Etfw\">@EsportsRAC1<\/a><br><br> \ud83d\udccc Laporta Tea molts dubtes amb CVC i prefereix vehicular the gesti\u00f3 of 10% dels drets televisius via Goldman Sachs<br><br> \ud83d\udccc Hi Has veus of pes to the club that continuen recomanant CVC perqu\u00e8 garanteix Fair Play autom\u00e0ticament i \u00e9s l&#8217;opci\u00f3 m\u00e9s avan\u00e7ada<a href=\"https:\/\/twitter.com\/en\/hashtag\/TuDir%C3%A0s?src=hash&amp;ref_src=twsrc%5Etfw\">#TuDir\u00e0s<\/a> <a href=\"https:\/\/t.co\/en\/Md0e9Ir6iG\">pic.twitter.com\/md0e9ir6ig<\/a><\/p> \u2014 The Bar\u00e7a juga to RAC1 (@FCBRAC1) <a href=\"https:\/\/twitter.com\/en\/FCBRAC1\/status\/1526678792466534403?ref_src=twsrc%5Etfw\">May 17, 2022<\/a> <\/blockquote> <p>However, a sector of the directive considers that <strong>the option of does not have to descartarse &#8220;because it guarantees Fair Play automatically and is the most advanced option&#8221;<\/strong>, in accordance with the report of &#8216;The Bar\u00e7a juga to RAC1&#8217;. In an interview the Tuesday in &#8216;Catalonia R\u00e0dio&#8217;, Laporta ensured that the club follows expecting that the agreement with CVC &#8220;<strong>adjust to his contrapropuesta&#8221;.<\/strong><\/p>  <h3>Laporta, demanding with CVC<\/h3>  <p>&#8220;We are not forced to sign at all. <strong>Have other options and the proposal of CVC has flexibilizado<\/strong>. <strong>Before it mortgaged 100% of the television rights and now 10%, because before<\/strong> <strong>they did not leave us sell 90% without permission&#8221;<\/strong>, explained the president cul\u00e9. Thus, the directive follows considering the sale of diverse percentages of the rights of TV to other companies or bottoms, something that CVC forbids to the clubs of LaLiga that have signed the pact.<\/p>  <p>Finally, if it closes the agreement, Laporta left clear that will not be something that do him happy. &#8220;We will not sign the agreement with CVC to taste. They have done it all the clubs to exception of Real Madrid and Athletic. <strong>For the moment, we do not have intention to do it. We have given us of margin all the season<\/strong>. <strong>There are other options with fewer years, but do not give us sufficient fair play&#8221;<\/strong>, commented the president blaugrana. It will be necessary to expect to the next weeks to see what decides the directive. The true is that the Bar\u00e7a needs liquidity what before to square accounts and encarar the next season with tranquility.<\/p> ","protected":false},"excerpt":{"rendered":"<p>Joan Laporta is not yet convinced of signing the agreement with Capital Partners. The investment fund has made its demands more flexible, but the cul\u00e9 president does not want to take false steps and seeks to ensure the best financial strategy for the club Further of the speculations on reinforcements and exits that circulate by [&hellip;]<\/p>\n","protected":false},"author":347,"featured_media":7101,"comment_status":"closed","ping_status":"open","sticky":false,"template":"","format":"standard","meta":{"_acf_changed":false,"inline_featured_image":false,"_nextfly_llmd_date_locked":false,"footnotes":""},"categories":[111],"tags":[158],"class_list":["post-31153","post","type-post","status-publish","format-standard","has-post-thumbnail","hentry","category-fc-barcelona","tag-joan-laporta"],"acf":[],"yoast_head":"<!-- This site is optimized with the Yoast SEO plugin v27.3 - https:\/\/yoast.com\/product\/yoast-seo-wordpress\/ -->\n<title>Laporta&#039;s doubts with CVC: Bar\u00e7a seeks to invoice 400 &#039;kilos&#039;<\/title>\n<meta name=\"description\" content=\"Joan Laporta is not convinced to sign still the pact with Capital Partners. The investment fund has flexibilizado his requirements, but the mandator cul\u00e9 no...\" \/>\n<meta name=\"robots\" content=\"index, follow, max-snippet:-1, max-image-preview:large, max-video-preview:-1\" \/>\n<link rel=\"canonical\" href=\"https:\/\/www.fcbarcelonanoticias.com\/en\/fc-barcelona\/the-doubts-of-laporta-with-cvc-the-barca-looks-for-to-invoice-400_280423_102.html\" \/>\n<meta property=\"og:locale\" content=\"en_US\" \/>\n<meta property=\"og:type\" content=\"article\" \/>\n<meta property=\"og:title\" content=\"Laporta&#039;s doubts with CVC: Bar\u00e7a seeks to invoice 400 &#039;kilos&#039;\" \/>\n<meta property=\"og:description\" content=\"Joan Laporta is not convinced to sign still the pact with Capital Partners. The investment fund has flexibilizado his requirements, but the mandator cul\u00e9 no...\" \/>\n<meta property=\"og:url\" content=\"https:\/\/www.fcbarcelonanoticias.com\/en\/fc-barcelona\/the-doubts-of-laporta-with-cvc-the-barca-looks-for-to-invoice-400_280423_102.html\" \/>\n<meta property=\"og:site_name\" content=\"EN - FC Barcelona Noticias\" \/>\n<meta property=\"article:published_time\" content=\"2022-05-19T00:18:00+00:00\" \/>\n<meta property=\"og:image\" content=\"https:\/\/www.fcbarcelonanoticias.com\/en\/wp-content\/uploads\/sites\/2\/2022\/09\/joan-laporta-serio-scaled.jpeg\" \/>\n\t<meta property=\"og:image:width\" content=\"2560\" \/>\n\t<meta property=\"og:image:height\" content=\"1538\" \/>\n\t<meta property=\"og:image:type\" content=\"image\/jpeg\" \/>\n<meta name=\"author\" content=\"Andr\u00e9s Quiroz\" \/>\n<meta name=\"twitter:card\" content=\"summary_large_image\" \/>\n<meta name=\"twitter:label1\" content=\"Written by\" \/>\n\t<meta name=\"twitter:data1\" content=\"Andr\u00e9s Quiroz\" \/>\n\t<meta name=\"twitter:label2\" content=\"Est. reading time\" \/>\n\t<meta name=\"twitter:data2\" content=\"3 minutes\" \/>\n<script type=\"application\/ld+json\" class=\"yoast-schema-graph\">{\"@context\":\"https:\\\/\\\/schema.org\",\"@graph\":[{\"@type\":\"Article\",\"@id\":\"https:\\\/\\\/www.fcbarcelonanoticias.com\\\/en\\\/fc-barcelona\\\/the-doubts-of-laporta-with-cvc-the-barca-looks-for-to-invoice-400_280423_102.html#article\",\"isPartOf\":{\"@id\":\"https:\\\/\\\/www.fcbarcelonanoticias.com\\\/en\\\/fc-barcelona\\\/the-doubts-of-laporta-with-cvc-the-barca-looks-for-to-invoice-400_280423_102.html\"},\"author\":{\"name\":\"Andr\u00e9s Quiroz\",\"@id\":\"https:\\\/\\\/www.fcbarcelonanoticias.com\\\/en\\\/#\\\/schema\\\/person\\\/c2cd9f6fa1af5c0d0eccd0fefa575c88\"},\"headline\":\"Laporta&#8217;s doubts with CVC: Bar\u00e7a seeks to invoice 400 &#8216;kilos&#8217;\",\"datePublished\":\"2022-05-19T00:18:00+00:00\",\"mainEntityOfPage\":{\"@id\":\"https:\\\/\\\/www.fcbarcelonanoticias.com\\\/en\\\/fc-barcelona\\\/the-doubts-of-laporta-with-cvc-the-barca-looks-for-to-invoice-400_280423_102.html\"},\"wordCount\":613,\"image\":{\"@id\":\"https:\\\/\\\/www.fcbarcelonanoticias.com\\\/en\\\/fc-barcelona\\\/the-doubts-of-laporta-with-cvc-the-barca-looks-for-to-invoice-400_280423_102.html#primaryimage\"},\"thumbnailUrl\":\"https:\\\/\\\/www.fcbarcelonanoticias.com\\\/en\\\/wp-content\\\/uploads\\\/sites\\\/2\\\/2022\\\/09\\\/joan-laporta-serio-scaled.jpeg\",\"keywords\":[\"Joan Laporta\"],\"articleSection\":[\"FC Barcelona\"],\"inLanguage\":\"en-US\"},{\"@type\":\"WebPage\",\"@id\":\"https:\\\/\\\/www.fcbarcelonanoticias.com\\\/en\\\/fc-barcelona\\\/the-doubts-of-laporta-with-cvc-the-barca-looks-for-to-invoice-400_280423_102.html\",\"url\":\"https:\\\/\\\/www.fcbarcelonanoticias.com\\\/en\\\/fc-barcelona\\\/the-doubts-of-laporta-with-cvc-the-barca-looks-for-to-invoice-400_280423_102.html\",\"name\":\"Laporta's doubts with CVC: Bar\u00e7a seeks to invoice 400 'kilos'\",\"isPartOf\":{\"@id\":\"https:\\\/\\\/www.fcbarcelonanoticias.com\\\/en\\\/#website\"},\"primaryImageOfPage\":{\"@id\":\"https:\\\/\\\/www.fcbarcelonanoticias.com\\\/en\\\/fc-barcelona\\\/the-doubts-of-laporta-with-cvc-the-barca-looks-for-to-invoice-400_280423_102.html#primaryimage\"},\"image\":{\"@id\":\"https:\\\/\\\/www.fcbarcelonanoticias.com\\\/en\\\/fc-barcelona\\\/the-doubts-of-laporta-with-cvc-the-barca-looks-for-to-invoice-400_280423_102.html#primaryimage\"},\"thumbnailUrl\":\"https:\\\/\\\/www.fcbarcelonanoticias.com\\\/en\\\/wp-content\\\/uploads\\\/sites\\\/2\\\/2022\\\/09\\\/joan-laporta-serio-scaled.jpeg\",\"datePublished\":\"2022-05-19T00:18:00+00:00\",\"author\":{\"@id\":\"https:\\\/\\\/www.fcbarcelonanoticias.com\\\/en\\\/#\\\/schema\\\/person\\\/c2cd9f6fa1af5c0d0eccd0fefa575c88\"},\"description\":\"Joan Laporta is not convinced to sign still the pact with Capital Partners. The investment fund has flexibilizado his requirements, but the mandator cul\u00e9 no...\",\"breadcrumb\":{\"@id\":\"https:\\\/\\\/www.fcbarcelonanoticias.com\\\/en\\\/fc-barcelona\\\/the-doubts-of-laporta-with-cvc-the-barca-looks-for-to-invoice-400_280423_102.html#breadcrumb\"},\"inLanguage\":\"en-US\",\"potentialAction\":[{\"@type\":\"ReadAction\",\"target\":[\"https:\\\/\\\/www.fcbarcelonanoticias.com\\\/en\\\/fc-barcelona\\\/the-doubts-of-laporta-with-cvc-the-barca-looks-for-to-invoice-400_280423_102.html\"]}]},{\"@type\":\"ImageObject\",\"inLanguage\":\"en-US\",\"@id\":\"https:\\\/\\\/www.fcbarcelonanoticias.com\\\/en\\\/fc-barcelona\\\/the-doubts-of-laporta-with-cvc-the-barca-looks-for-to-invoice-400_280423_102.html#primaryimage\",\"url\":\"https:\\\/\\\/www.fcbarcelonanoticias.com\\\/en\\\/wp-content\\\/uploads\\\/sites\\\/2\\\/2022\\\/09\\\/joan-laporta-serio-scaled.jpeg\",\"contentUrl\":\"https:\\\/\\\/www.fcbarcelonanoticias.com\\\/en\\\/wp-content\\\/uploads\\\/sites\\\/2\\\/2022\\\/09\\\/joan-laporta-serio-scaled.jpeg\",\"width\":2560,\"height\":1538},{\"@type\":\"BreadcrumbList\",\"@id\":\"https:\\\/\\\/www.fcbarcelonanoticias.com\\\/en\\\/fc-barcelona\\\/the-doubts-of-laporta-with-cvc-the-barca-looks-for-to-invoice-400_280423_102.html#breadcrumb\",\"itemListElement\":[{\"@type\":\"ListItem\",\"position\":1,\"name\":\"Portada\",\"item\":\"https:\\\/\\\/www.fcbarcelonanoticias.com\\\/en\\\/\"},{\"@type\":\"ListItem\",\"position\":2,\"name\":\"Laporta&#8217;s doubts with CVC: Bar\u00e7a seeks to invoice 400 &#8216;kilos&#8217;\"}]},{\"@type\":\"WebSite\",\"@id\":\"https:\\\/\\\/www.fcbarcelonanoticias.com\\\/en\\\/#website\",\"url\":\"https:\\\/\\\/www.fcbarcelonanoticias.com\\\/en\\\/\",\"name\":\"EN - FC Barcelona Noticias\",\"description\":\"\",\"potentialAction\":[{\"@type\":\"SearchAction\",\"target\":{\"@type\":\"EntryPoint\",\"urlTemplate\":\"https:\\\/\\\/www.fcbarcelonanoticias.com\\\/en\\\/?s={search_term_string}\"},\"query-input\":{\"@type\":\"PropertyValueSpecification\",\"valueRequired\":true,\"valueName\":\"search_term_string\"}}],\"inLanguage\":\"en-US\"},{\"@type\":\"Person\",\"@id\":\"https:\\\/\\\/www.fcbarcelonanoticias.com\\\/en\\\/#\\\/schema\\\/person\\\/c2cd9f6fa1af5c0d0eccd0fefa575c88\",\"name\":\"Andr\u00e9s Quiroz\",\"image\":{\"@type\":\"ImageObject\",\"inLanguage\":\"en-US\",\"@id\":\"https:\\\/\\\/secure.gravatar.com\\\/avatar\\\/?s=96&d=mm&r=g\",\"url\":\"https:\\\/\\\/secure.gravatar.com\\\/avatar\\\/?s=96&d=mm&r=g\",\"contentUrl\":\"https:\\\/\\\/secure.gravatar.com\\\/avatar\\\/?s=96&d=mm&r=g\",\"caption\":\"Andr\u00e9s Quiroz\"},\"description\":\"Licenciado en Periodismo por la Universidad de los Andes. Me encargo de analizar y compartir los contenidos m\u00e1s destacados de la\u00a0actualidad del F\u00fatbol Club Barcelona, Mercado de Fichajes y F\u00fatbol Internacional en FCBN. La informaci\u00f3n es poder, pero tambi\u00e9n conocimiento.\",\"url\":\"https:\\\/\\\/www.fcbarcelonanoticias.com\\\/en\\\/fc-barcelona\\\/andres-quiroz_17_115.html\"}]}<\/script>\n<!-- \/ Yoast SEO plugin. -->","yoast_head_json":{"title":"Laporta's doubts with CVC: Bar\u00e7a seeks to invoice 400 'kilos'","description":"Joan Laporta is not convinced to sign still the pact with Capital Partners. The investment fund has flexibilizado his requirements, but the mandator cul\u00e9 no...","robots":{"index":"index","follow":"follow","max-snippet":"max-snippet:-1","max-image-preview":"max-image-preview:large","max-video-preview":"max-video-preview:-1"},"canonical":"https:\/\/www.fcbarcelonanoticias.com\/en\/fc-barcelona\/the-doubts-of-laporta-with-cvc-the-barca-looks-for-to-invoice-400_280423_102.html","og_locale":"en_US","og_type":"article","og_title":"Laporta's doubts with CVC: Bar\u00e7a seeks to invoice 400 'kilos'","og_description":"Joan Laporta is not convinced to sign still the pact with Capital Partners. The investment fund has flexibilizado his requirements, but the mandator cul\u00e9 no...","og_url":"https:\/\/www.fcbarcelonanoticias.com\/en\/fc-barcelona\/the-doubts-of-laporta-with-cvc-the-barca-looks-for-to-invoice-400_280423_102.html","og_site_name":"EN - FC Barcelona Noticias","article_published_time":"2022-05-19T00:18:00+00:00","og_image":[{"width":2560,"height":1538,"url":"https:\/\/www.fcbarcelonanoticias.com\/en\/wp-content\/uploads\/sites\/2\/2022\/09\/joan-laporta-serio-scaled.jpeg","type":"image\/jpeg"}],"author":"Andr\u00e9s Quiroz","twitter_card":"summary_large_image","twitter_misc":{"Written by":"Andr\u00e9s Quiroz","Est. reading time":"3 minutes"},"schema":{"@context":"https:\/\/schema.org","@graph":[{"@type":"Article","@id":"https:\/\/www.fcbarcelonanoticias.com\/en\/fc-barcelona\/the-doubts-of-laporta-with-cvc-the-barca-looks-for-to-invoice-400_280423_102.html#article","isPartOf":{"@id":"https:\/\/www.fcbarcelonanoticias.com\/en\/fc-barcelona\/the-doubts-of-laporta-with-cvc-the-barca-looks-for-to-invoice-400_280423_102.html"},"author":{"name":"Andr\u00e9s Quiroz","@id":"https:\/\/www.fcbarcelonanoticias.com\/en\/#\/schema\/person\/c2cd9f6fa1af5c0d0eccd0fefa575c88"},"headline":"Laporta&#8217;s doubts with CVC: Bar\u00e7a seeks to invoice 400 &#8216;kilos&#8217;","datePublished":"2022-05-19T00:18:00+00:00","mainEntityOfPage":{"@id":"https:\/\/www.fcbarcelonanoticias.com\/en\/fc-barcelona\/the-doubts-of-laporta-with-cvc-the-barca-looks-for-to-invoice-400_280423_102.html"},"wordCount":613,"image":{"@id":"https:\/\/www.fcbarcelonanoticias.com\/en\/fc-barcelona\/the-doubts-of-laporta-with-cvc-the-barca-looks-for-to-invoice-400_280423_102.html#primaryimage"},"thumbnailUrl":"https:\/\/www.fcbarcelonanoticias.com\/en\/wp-content\/uploads\/sites\/2\/2022\/09\/joan-laporta-serio-scaled.jpeg","keywords":["Joan Laporta"],"articleSection":["FC Barcelona"],"inLanguage":"en-US"},{"@type":"WebPage","@id":"https:\/\/www.fcbarcelonanoticias.com\/en\/fc-barcelona\/the-doubts-of-laporta-with-cvc-the-barca-looks-for-to-invoice-400_280423_102.html","url":"https:\/\/www.fcbarcelonanoticias.com\/en\/fc-barcelona\/the-doubts-of-laporta-with-cvc-the-barca-looks-for-to-invoice-400_280423_102.html","name":"Laporta's doubts with CVC: Bar\u00e7a seeks to invoice 400 'kilos'","isPartOf":{"@id":"https:\/\/www.fcbarcelonanoticias.com\/en\/#website"},"primaryImageOfPage":{"@id":"https:\/\/www.fcbarcelonanoticias.com\/en\/fc-barcelona\/the-doubts-of-laporta-with-cvc-the-barca-looks-for-to-invoice-400_280423_102.html#primaryimage"},"image":{"@id":"https:\/\/www.fcbarcelonanoticias.com\/en\/fc-barcelona\/the-doubts-of-laporta-with-cvc-the-barca-looks-for-to-invoice-400_280423_102.html#primaryimage"},"thumbnailUrl":"https:\/\/www.fcbarcelonanoticias.com\/en\/wp-content\/uploads\/sites\/2\/2022\/09\/joan-laporta-serio-scaled.jpeg","datePublished":"2022-05-19T00:18:00+00:00","author":{"@id":"https:\/\/www.fcbarcelonanoticias.com\/en\/#\/schema\/person\/c2cd9f6fa1af5c0d0eccd0fefa575c88"},"description":"Joan Laporta is not convinced to sign still the pact with Capital Partners. The investment fund has flexibilizado his requirements, but the mandator cul\u00e9 no...","breadcrumb":{"@id":"https:\/\/www.fcbarcelonanoticias.com\/en\/fc-barcelona\/the-doubts-of-laporta-with-cvc-the-barca-looks-for-to-invoice-400_280423_102.html#breadcrumb"},"inLanguage":"en-US","potentialAction":[{"@type":"ReadAction","target":["https:\/\/www.fcbarcelonanoticias.com\/en\/fc-barcelona\/the-doubts-of-laporta-with-cvc-the-barca-looks-for-to-invoice-400_280423_102.html"]}]},{"@type":"ImageObject","inLanguage":"en-US","@id":"https:\/\/www.fcbarcelonanoticias.com\/en\/fc-barcelona\/the-doubts-of-laporta-with-cvc-the-barca-looks-for-to-invoice-400_280423_102.html#primaryimage","url":"https:\/\/www.fcbarcelonanoticias.com\/en\/wp-content\/uploads\/sites\/2\/2022\/09\/joan-laporta-serio-scaled.jpeg","contentUrl":"https:\/\/www.fcbarcelonanoticias.com\/en\/wp-content\/uploads\/sites\/2\/2022\/09\/joan-laporta-serio-scaled.jpeg","width":2560,"height":1538},{"@type":"BreadcrumbList","@id":"https:\/\/www.fcbarcelonanoticias.com\/en\/fc-barcelona\/the-doubts-of-laporta-with-cvc-the-barca-looks-for-to-invoice-400_280423_102.html#breadcrumb","itemListElement":[{"@type":"ListItem","position":1,"name":"Portada","item":"https:\/\/www.fcbarcelonanoticias.com\/en\/"},{"@type":"ListItem","position":2,"name":"Laporta&#8217;s doubts with CVC: Bar\u00e7a seeks to invoice 400 &#8216;kilos&#8217;"}]},{"@type":"WebSite","@id":"https:\/\/www.fcbarcelonanoticias.com\/en\/#website","url":"https:\/\/www.fcbarcelonanoticias.com\/en\/","name":"EN - FC Barcelona Noticias","description":"","potentialAction":[{"@type":"SearchAction","target":{"@type":"EntryPoint","urlTemplate":"https:\/\/www.fcbarcelonanoticias.com\/en\/?s={search_term_string}"},"query-input":{"@type":"PropertyValueSpecification","valueRequired":true,"valueName":"search_term_string"}}],"inLanguage":"en-US"},{"@type":"Person","@id":"https:\/\/www.fcbarcelonanoticias.com\/en\/#\/schema\/person\/c2cd9f6fa1af5c0d0eccd0fefa575c88","name":"Andr\u00e9s Quiroz","image":{"@type":"ImageObject","inLanguage":"en-US","@id":"https:\/\/secure.gravatar.com\/avatar\/?s=96&d=mm&r=g","url":"https:\/\/secure.gravatar.com\/avatar\/?s=96&d=mm&r=g","contentUrl":"https:\/\/secure.gravatar.com\/avatar\/?s=96&d=mm&r=g","caption":"Andr\u00e9s Quiroz"},"description":"Licenciado en Periodismo por la Universidad de los Andes. Me encargo de analizar y compartir los contenidos m\u00e1s destacados de la\u00a0actualidad del F\u00fatbol Club Barcelona, Mercado de Fichajes y F\u00fatbol Internacional en FCBN. La informaci\u00f3n es poder, pero tambi\u00e9n conocimiento.","url":"https:\/\/www.fcbarcelonanoticias.com\/en\/fc-barcelona\/andres-quiroz_17_115.html"}]}},"_links":{"self":[{"href":"https:\/\/www.fcbarcelonanoticias.com\/en\/wp-json\/wp\/v2\/posts\/31153","targetHints":{"allow":["GET"]}}],"collection":[{"href":"https:\/\/www.fcbarcelonanoticias.com\/en\/wp-json\/wp\/v2\/posts"}],"about":[{"href":"https:\/\/www.fcbarcelonanoticias.com\/en\/wp-json\/wp\/v2\/types\/post"}],"author":[{"embeddable":true,"href":"https:\/\/www.fcbarcelonanoticias.com\/en\/wp-json\/wp\/v2\/users\/347"}],"replies":[{"embeddable":true,"href":"https:\/\/www.fcbarcelonanoticias.com\/en\/wp-json\/wp\/v2\/comments?post=31153"}],"version-history":[{"count":1,"href":"https:\/\/www.fcbarcelonanoticias.com\/en\/wp-json\/wp\/v2\/posts\/31153\/revisions"}],"predecessor-version":[{"id":109770,"href":"https:\/\/www.fcbarcelonanoticias.com\/en\/wp-json\/wp\/v2\/posts\/31153\/revisions\/109770"}],"wp:featuredmedia":[{"embeddable":true,"href":"https:\/\/www.fcbarcelonanoticias.com\/en\/wp-json\/wp\/v2\/media\/7101"}],"wp:attachment":[{"href":"https:\/\/www.fcbarcelonanoticias.com\/en\/wp-json\/wp\/v2\/media?parent=31153"}],"wp:term":[{"taxonomy":"category","embeddable":true,"href":"https:\/\/www.fcbarcelonanoticias.com\/en\/wp-json\/wp\/v2\/categories?post=31153"},{"taxonomy":"post_tag","embeddable":true,"href":"https:\/\/www.fcbarcelonanoticias.com\/en\/wp-json\/wp\/v2\/tags?post=31153"}],"curies":[{"name":"wp","href":"https:\/\/api.w.org\/{rel}","templated":true}]}}