{"id":31163,"date":"2022-08-14T08:40:00","date_gmt":"2022-08-14T06:40:00","guid":{"rendered":"https:\/\/weisetech.dev\/fc-barcelona-noticias\/en\/the-errors-of-xavi-that-prejudiced-to-the-barca-in-front-of-the-ray_283217_102\/"},"modified":"2022-08-14T14:59:00","modified_gmt":"2022-08-14T12:59:00","slug":"the-errors-of-xavi-that-prejudiced-to-the-barca-in-front-of-the-ray_283217_102","status":"publish","type":"post","link":"https:\/\/www.fcbarcelonanoticias.com\/en\/fc-barcelona\/the-errors-of-xavi-that-prejudiced-to-the-barca-in-front-of-the-ray_283217_102.html","title":{"rendered":"Xavi&#8217;s mistakes that harmed Bar\u00e7a against Rayo"},"content":{"rendered":"<h2 class=\"wp-block-heading\">FC Barcelona began the season with a draw at home against Rayo Vallecano (0-0), a puncture in which Xavi Hern\u00e1ndez was not right in his reading of the match. Despite the reinforcements, the coach did not find solutions on the bench<\/h2>  \r\n<div class=\"article-addons\">\r\n    <a href=\"https:\/\/www.fcbarcelonanoticias.com\/en\/calendar-fc-barcelona.html\"\r\n       target=\"_self\"\r\n       title=\"Calendar of FC Barcelona\"\r\n       class=\"blue-gredient-btn\">\r\n       \r\n        Calendar of FC Barcelona    <\/a>\r\n<\/div>   <p>The Rayo Vallecano posed with an interesting challenge to begin LaLiga home for the <a data-external=\"0\" data-intl-links-en=\"https:\/\/www.fcbarcelonanoticias.com\/en\/laliga\/the-expulsion-of-sergio-busquets-and-all-the-controversies-of-the-barca-ray_283213_102.html\" data-intl-links-es=\"https:\/\/www.fcbarcelonanoticias.com\/laliga\/expulsion-sergio-busquets-todas-polemicas-barcelona-rayo_283213_102.html\" href=\"https:\/\/www.fcbarcelonanoticias.com\/en\/laliga\/the-expulsion-of-sergio-busquets-and-all-the-controversies-of-the-barca-ray_283213_102.html\" rel=\"follow\" target=\"_self\" title=\"La expulsi\u00f3n de Sergio Busquets y todas las pol\u00e9micas del Bar\u00e7a-Rayo\">FC Barcelona<\/a>. The Madrilenian group won the two parties in the 2021-22 and, the Saturday, the ones of Andoni Iraola went back to amargar to a Spotify Camp Nou that happened of the illusion to the disappointment with the happen of the minutes. <strong>The fault of punter\u00eda and the bad decisions of Xavi Hern\u00e1ndez in the bench did the difference<\/strong> so that the cul\u00e9s did not attain to break the zero &#8216;rayista&#8217;.<\/p>  <p><strong>Iraola Bet by a diagram 4-2-1-3 to keep the block during the 90 minutes<\/strong>, with \u00c1lvaro Garc\u00eda and Izi Palaz\u00f3n betting to the gone and continuous turn to help in defence and a line of four that found in the pair Catena-Lejeune a reliable pair to contain the rushed forward cul\u00e9s. This,<strong> added to the big night of the macedonio Stole Dimitrievski<\/strong>, aim of the Bar\u00e7a in winter, closed the doors of the goal to a team that finished until in 21 opportunities, but only six of them to the arch.<\/p>  <p>In this sense,<strong> the first error of Xavi had to see with the reading of the party in the complement<\/strong>. The technician egarense bet by the eleven that more worked in the pre-season, as it was to expect , but the party did not pass in accordance with the initial plan. <strong>For the <a data-external=\"0\" data-intl-links-en=\"https:\/\/www.fcbarcelonanoticias.com\/en\/transfers\/the-conditions-of-the-agreement-barca-elche-by-alex-hill_283210_102.html\" data-intl-links-es=\"https:\/\/www.fcbarcelonanoticias.com\/fichajes\/condiciones-acuerdo-barcelona-elche-por-alex-collado_283210_102.html\" href=\"https:\/\/www.fcbarcelonanoticias.com\/en\/transfers\/the-conditions-of-the-agreement-barca-elche-by-alex-hill_283210_102.html\" rel=\"follow\" target=\"_self\" title=\"Las condiciones del acuerdo Bar\u00e7a\/Elche por \u00c1lex Collado\">Bar\u00e7a<\/a>, the changes arrived from the minute 60<\/strong>, when the Ray already had warned demanding to Ter Stegen and Christensen with two clear occasions of Sergio Camel.<\/p>  <p>The m\u00edster of Terrassa opted for giving entrance to <strong>Sergi Roberto, Ansu and Frenkie by Christensen, Raphinha and Gavi<\/strong>. The exit of the Danish caused that Ara\u00fajo, of poor participation like side by right, moved to his natural position like head office, something that owed suceder from the start, <strong>as the charr\u00faa does not contribute at all in this position in front of teams that shut en bloc<\/strong>. Sergi di\u00f3 more depth in attack, whereas Of Jong and Fati showed very incisive, although err\u00e1ticos in definition (in the case of the &#8217;10&#8217;).<\/p>  <h3>Auba, very late. Pedri Did not have to go out<\/h3>  <p>As well as Ara\u00fajo had a toneless party like right side, <strong>Jordi Alba neither had his night by left. However, Xavi retained him in the eleven until the minute 82<\/strong>, giving entry to <a data-external=\"0\" data-intl-links-en=\"https:\/\/www.fcbarcelonanoticias.com\/en\/fc-barcelona\/xavi-hernandez-does-not-ensure-the-continuity-of-aubameyang-and-of-jong-in-the-barca_283168_102.html\" data-intl-links-es=\"https:\/\/www.fcbarcelonanoticias.com\/fc-barcelona\/xavi-hernandez-no-asegura-continuidad-aubameyang-jong-en-barcelona_283168_102.html\" href=\"https:\/\/www.fcbarcelonanoticias.com\/en\/fc-barcelona\/xavi-hernandez-does-not-ensure-the-continuity-of-aubameyang-and-of-jong-in-the-barca_283168_102.html\" rel=\"follow\" target=\"_self\" title=\"Xavi Hern\u00e1ndez no asegura la continuidad de Aubameyang y De Jong en el Bar\u00e7a\">Pierre-Emerick Aubameyang<\/a> that it had to ingresar a lot before. The gabon\u00e9s always contributes in attack, more when it can do pair with Ousmane Demb\u00e9l\u00e9, but the rumours on his possible exit seem to begin to happen bill on his role in the staff.<\/p>  <p>Nevertheless, <strong>the main error of the trainer cul\u00e9 had to see with the exit of <a data-external=\"0\" data-intl-links-en=\"https:\/\/www.fcbarcelonanoticias.com\/en\/players\/pedri-and-ousmane-dembele-light-the-alarms-of-the-barca_283214_102.html\" data-intl-links-es=\"https:\/\/www.fcbarcelonanoticias.com\/jugadores\/pedri-ousmane-dembele-encienden-alarmas-barcelona_283214_102.html\" href=\"https:\/\/www.fcbarcelonanoticias.com\/en\/players\/pedri-and-ousmane-dembele-light-the-alarms-of-the-barca_283214_102.html\" rel=\"follow\" target=\"_self\" title=\"\u00a1Pedri y Ousmane Demb\u00e9l\u00e9 encendieron las alarmas del Bar\u00e7a!\">Pedri<\/a><\/strong>. Although it is clear that the midfield player has to dosificar to avoid new injuries, the party demanded the leadership of the of Tegueste, as of his feet and head flows the football of the Bar\u00e7a. When the &#8216;8&#8217; is not, the fault of ideas is palpable and, although Franck Kessi\u00e9 (ingresado in his place in the 72&#8242;) always has the disposal to add in attack,<strong> the last 20 minutes of game blaugrana were too run over<\/strong>, with a lot push, yes, but scarce preparation.<\/p>  <h3>Xavi does not evade his responsibility<\/h3>  <p>The m\u00edster showed annoying and disappointed by the debut of his directed, but did not evade responsibility in the performance showed in the second half of the crash. &#8220;<strong>The team has been a pel\u00edn dense, more taut of the normal. The pressure is for the trainer, have said it to him in the rest. We have generated a lot of illusion and will try to not to lose it. This is the start&#8221;<\/strong>, commented Xavi in the press conference postpartido.<\/p>  <p>For the technician egarense, the pressure and the requirement are very high in this season. The club has reinforced in all his lines and the main challenge is to manage the resources of a staff envidiable forced to win it everything in the local field.<strong> &#8220;It is a penalty and is not the best premi\u00e8re because we wanted to show to the people that go well, that create in the team. It is a disappointment, but this is the principle&#8221;<\/strong>, sentenced the trainer blaugrana. The next week there will be opportunity for resarcirse in Anoeta, a field complicated where the Bar\u00e7a has revertido the negative tendency in the last seasons.<\/p> ","protected":false},"excerpt":{"rendered":"<p>FC Barcelona began the season with a draw at home against Rayo Vallecano (0-0), a puncture in which Xavi Hern\u00e1ndez was not right in his reading of the match. Despite the reinforcements, the coach did not find solutions on the bench The Rayo Vallecano posed with an interesting challenge to begin LaLiga home for the [&hellip;]<\/p>\n","protected":false},"author":347,"featured_media":31166,"comment_status":"closed","ping_status":"open","sticky":false,"template":"","format":"standard","meta":{"_acf_changed":false,"inline_featured_image":false,"_nextfly_llmd_date_locked":false,"footnotes":""},"categories":[111],"tags":[84,48],"class_list":["post-31163","post","type-post","status-publish","format-standard","has-post-thumbnail","hentry","category-fc-barcelona","tag-rayo-vallecano","tag-xavi-hernandez"],"acf":[],"yoast_head":"<!-- This site is optimized with the Yoast SEO plugin v27.3 - https:\/\/yoast.com\/product\/yoast-seo-wordpress\/ -->\n<title>The errors of Xavi that prejudiced to the Bar\u00e7a in front of the Ray<\/title>\n<meta name=\"description\" content=\"The FC Barcelona began the season with a tie home in front of the Ray Vallecano (0-0), a prick in which Xavi Hern\u00e1ndez no atin\u00f3 in his reading of the part...\" \/>\n<meta name=\"robots\" content=\"index, follow, max-snippet:-1, max-image-preview:large, max-video-preview:-1\" \/>\n<link rel=\"canonical\" href=\"https:\/\/www.fcbarcelonanoticias.com\/en\/fc-barcelona\/the-errors-of-xavi-that-prejudiced-to-the-barca-in-front-of-the-ray_283217_102.html\" \/>\n<meta property=\"og:locale\" content=\"en_US\" \/>\n<meta property=\"og:type\" content=\"article\" \/>\n<meta property=\"og:title\" content=\"The errors of Xavi that prejudiced to the Bar\u00e7a in front of the Ray\" \/>\n<meta property=\"og:description\" content=\"The FC Barcelona began the season with a tie home in front of the Ray Vallecano (0-0), a prick in which Xavi Hern\u00e1ndez no atin\u00f3 in his reading of the part...\" \/>\n<meta property=\"og:url\" content=\"https:\/\/www.fcbarcelonanoticias.com\/en\/fc-barcelona\/the-errors-of-xavi-that-prejudiced-to-the-barca-in-front-of-the-ray_283217_102.html\" \/>\n<meta property=\"og:site_name\" content=\"EN - FC Barcelona Noticias\" \/>\n<meta property=\"article:published_time\" content=\"2022-08-14T06:40:00+00:00\" \/>\n<meta property=\"article:modified_time\" content=\"2022-08-14T12:59:00+00:00\" \/>\n<meta property=\"og:image\" content=\"https:\/\/www.fcbarcelonanoticias.com\/en\/wp-content\/uploads\/sites\/2\/2022\/08\/xavi-herna-ndez-en-un-partido-del-barc-a.jpeg\" \/>\n\t<meta property=\"og:image:width\" content=\"1200\" \/>\n\t<meta property=\"og:image:height\" content=\"675\" \/>\n\t<meta property=\"og:image:type\" content=\"image\/jpeg\" \/>\n<meta name=\"author\" content=\"Andr\u00e9s Quiroz\" \/>\n<meta name=\"twitter:card\" content=\"summary_large_image\" \/>\n<meta name=\"twitter:label1\" content=\"Written by\" \/>\n\t<meta name=\"twitter:data1\" content=\"Andr\u00e9s Quiroz\" \/>\n\t<meta name=\"twitter:label2\" content=\"Est. reading time\" \/>\n\t<meta name=\"twitter:data2\" content=\"4 minutes\" \/>\n<script type=\"application\/ld+json\" class=\"yoast-schema-graph\">{\"@context\":\"https:\\\/\\\/schema.org\",\"@graph\":[{\"@type\":\"Article\",\"@id\":\"https:\\\/\\\/www.fcbarcelonanoticias.com\\\/en\\\/fc-barcelona\\\/the-errors-of-xavi-that-prejudiced-to-the-barca-in-front-of-the-ray_283217_102.html#article\",\"isPartOf\":{\"@id\":\"https:\\\/\\\/www.fcbarcelonanoticias.com\\\/en\\\/fc-barcelona\\\/the-errors-of-xavi-that-prejudiced-to-the-barca-in-front-of-the-ray_283217_102.html\"},\"author\":{\"name\":\"Andr\u00e9s Quiroz\",\"@id\":\"https:\\\/\\\/www.fcbarcelonanoticias.com\\\/en\\\/#\\\/schema\\\/person\\\/c2cd9f6fa1af5c0d0eccd0fefa575c88\"},\"headline\":\"Xavi&#8217;s mistakes that harmed Bar\u00e7a against Rayo\",\"datePublished\":\"2022-08-14T06:40:00+00:00\",\"dateModified\":\"2022-08-14T12:59:00+00:00\",\"mainEntityOfPage\":{\"@id\":\"https:\\\/\\\/www.fcbarcelonanoticias.com\\\/en\\\/fc-barcelona\\\/the-errors-of-xavi-that-prejudiced-to-the-barca-in-front-of-the-ray_283217_102.html\"},\"wordCount\":797,\"image\":{\"@id\":\"https:\\\/\\\/www.fcbarcelonanoticias.com\\\/en\\\/fc-barcelona\\\/the-errors-of-xavi-that-prejudiced-to-the-barca-in-front-of-the-ray_283217_102.html#primaryimage\"},\"thumbnailUrl\":\"https:\\\/\\\/www.fcbarcelonanoticias.com\\\/en\\\/wp-content\\\/uploads\\\/sites\\\/2\\\/2022\\\/08\\\/xavi-herna-ndez-en-un-partido-del-barc-a.jpeg\",\"keywords\":[\"Rayo Vallecano\",\"Xavi Hern\u00e1ndez\"],\"articleSection\":[\"FC Barcelona\"],\"inLanguage\":\"en-US\"},{\"@type\":\"WebPage\",\"@id\":\"https:\\\/\\\/www.fcbarcelonanoticias.com\\\/en\\\/fc-barcelona\\\/the-errors-of-xavi-that-prejudiced-to-the-barca-in-front-of-the-ray_283217_102.html\",\"url\":\"https:\\\/\\\/www.fcbarcelonanoticias.com\\\/en\\\/fc-barcelona\\\/the-errors-of-xavi-that-prejudiced-to-the-barca-in-front-of-the-ray_283217_102.html\",\"name\":\"The errors of Xavi that prejudiced to the Bar\u00e7a in front of the Ray\",\"isPartOf\":{\"@id\":\"https:\\\/\\\/www.fcbarcelonanoticias.com\\\/en\\\/#website\"},\"primaryImageOfPage\":{\"@id\":\"https:\\\/\\\/www.fcbarcelonanoticias.com\\\/en\\\/fc-barcelona\\\/the-errors-of-xavi-that-prejudiced-to-the-barca-in-front-of-the-ray_283217_102.html#primaryimage\"},\"image\":{\"@id\":\"https:\\\/\\\/www.fcbarcelonanoticias.com\\\/en\\\/fc-barcelona\\\/the-errors-of-xavi-that-prejudiced-to-the-barca-in-front-of-the-ray_283217_102.html#primaryimage\"},\"thumbnailUrl\":\"https:\\\/\\\/www.fcbarcelonanoticias.com\\\/en\\\/wp-content\\\/uploads\\\/sites\\\/2\\\/2022\\\/08\\\/xavi-herna-ndez-en-un-partido-del-barc-a.jpeg\",\"datePublished\":\"2022-08-14T06:40:00+00:00\",\"dateModified\":\"2022-08-14T12:59:00+00:00\",\"author\":{\"@id\":\"https:\\\/\\\/www.fcbarcelonanoticias.com\\\/en\\\/#\\\/schema\\\/person\\\/c2cd9f6fa1af5c0d0eccd0fefa575c88\"},\"description\":\"The FC Barcelona began the season with a tie home in front of the Ray Vallecano (0-0), a prick in which Xavi Hern\u00e1ndez no atin\u00f3 in his reading of the part...\",\"breadcrumb\":{\"@id\":\"https:\\\/\\\/www.fcbarcelonanoticias.com\\\/en\\\/fc-barcelona\\\/the-errors-of-xavi-that-prejudiced-to-the-barca-in-front-of-the-ray_283217_102.html#breadcrumb\"},\"inLanguage\":\"en-US\",\"potentialAction\":[{\"@type\":\"ReadAction\",\"target\":[\"https:\\\/\\\/www.fcbarcelonanoticias.com\\\/en\\\/fc-barcelona\\\/the-errors-of-xavi-that-prejudiced-to-the-barca-in-front-of-the-ray_283217_102.html\"]}]},{\"@type\":\"ImageObject\",\"inLanguage\":\"en-US\",\"@id\":\"https:\\\/\\\/www.fcbarcelonanoticias.com\\\/en\\\/fc-barcelona\\\/the-errors-of-xavi-that-prejudiced-to-the-barca-in-front-of-the-ray_283217_102.html#primaryimage\",\"url\":\"https:\\\/\\\/www.fcbarcelonanoticias.com\\\/en\\\/wp-content\\\/uploads\\\/sites\\\/2\\\/2022\\\/08\\\/xavi-herna-ndez-en-un-partido-del-barc-a.jpeg\",\"contentUrl\":\"https:\\\/\\\/www.fcbarcelonanoticias.com\\\/en\\\/wp-content\\\/uploads\\\/sites\\\/2\\\/2022\\\/08\\\/xavi-herna-ndez-en-un-partido-del-barc-a.jpeg\",\"width\":1200,\"height\":675},{\"@type\":\"BreadcrumbList\",\"@id\":\"https:\\\/\\\/www.fcbarcelonanoticias.com\\\/en\\\/fc-barcelona\\\/the-errors-of-xavi-that-prejudiced-to-the-barca-in-front-of-the-ray_283217_102.html#breadcrumb\",\"itemListElement\":[{\"@type\":\"ListItem\",\"position\":1,\"name\":\"Portada\",\"item\":\"https:\\\/\\\/www.fcbarcelonanoticias.com\\\/en\\\/\"},{\"@type\":\"ListItem\",\"position\":2,\"name\":\"Xavi&#8217;s mistakes that harmed Bar\u00e7a against Rayo\"}]},{\"@type\":\"WebSite\",\"@id\":\"https:\\\/\\\/www.fcbarcelonanoticias.com\\\/en\\\/#website\",\"url\":\"https:\\\/\\\/www.fcbarcelonanoticias.com\\\/en\\\/\",\"name\":\"EN - FC Barcelona Noticias\",\"description\":\"\",\"potentialAction\":[{\"@type\":\"SearchAction\",\"target\":{\"@type\":\"EntryPoint\",\"urlTemplate\":\"https:\\\/\\\/www.fcbarcelonanoticias.com\\\/en\\\/?s={search_term_string}\"},\"query-input\":{\"@type\":\"PropertyValueSpecification\",\"valueRequired\":true,\"valueName\":\"search_term_string\"}}],\"inLanguage\":\"en-US\"},{\"@type\":\"Person\",\"@id\":\"https:\\\/\\\/www.fcbarcelonanoticias.com\\\/en\\\/#\\\/schema\\\/person\\\/c2cd9f6fa1af5c0d0eccd0fefa575c88\",\"name\":\"Andr\u00e9s Quiroz\",\"image\":{\"@type\":\"ImageObject\",\"inLanguage\":\"en-US\",\"@id\":\"https:\\\/\\\/secure.gravatar.com\\\/avatar\\\/?s=96&d=mm&r=g\",\"url\":\"https:\\\/\\\/secure.gravatar.com\\\/avatar\\\/?s=96&d=mm&r=g\",\"contentUrl\":\"https:\\\/\\\/secure.gravatar.com\\\/avatar\\\/?s=96&d=mm&r=g\",\"caption\":\"Andr\u00e9s Quiroz\"},\"description\":\"Licenciado en Periodismo por la Universidad de los Andes. Me encargo de analizar y compartir los contenidos m\u00e1s destacados de la\u00a0actualidad del F\u00fatbol Club Barcelona, Mercado de Fichajes y F\u00fatbol Internacional en FCBN. La informaci\u00f3n es poder, pero tambi\u00e9n conocimiento.\",\"url\":\"https:\\\/\\\/www.fcbarcelonanoticias.com\\\/en\\\/fc-barcelona\\\/andres-quiroz_17_115.html\"}]}<\/script>\n<!-- \/ Yoast SEO plugin. -->","yoast_head_json":{"title":"The errors of Xavi that prejudiced to the Bar\u00e7a in front of the Ray","description":"The FC Barcelona began the season with a tie home in front of the Ray Vallecano (0-0), a prick in which Xavi Hern\u00e1ndez no atin\u00f3 in his reading of the part...","robots":{"index":"index","follow":"follow","max-snippet":"max-snippet:-1","max-image-preview":"max-image-preview:large","max-video-preview":"max-video-preview:-1"},"canonical":"https:\/\/www.fcbarcelonanoticias.com\/en\/fc-barcelona\/the-errors-of-xavi-that-prejudiced-to-the-barca-in-front-of-the-ray_283217_102.html","og_locale":"en_US","og_type":"article","og_title":"The errors of Xavi that prejudiced to the Bar\u00e7a in front of the Ray","og_description":"The FC Barcelona began the season with a tie home in front of the Ray Vallecano (0-0), a prick in which Xavi Hern\u00e1ndez no atin\u00f3 in his reading of the part...","og_url":"https:\/\/www.fcbarcelonanoticias.com\/en\/fc-barcelona\/the-errors-of-xavi-that-prejudiced-to-the-barca-in-front-of-the-ray_283217_102.html","og_site_name":"EN - FC Barcelona Noticias","article_published_time":"2022-08-14T06:40:00+00:00","article_modified_time":"2022-08-14T12:59:00+00:00","og_image":[{"width":1200,"height":675,"url":"https:\/\/www.fcbarcelonanoticias.com\/en\/wp-content\/uploads\/sites\/2\/2022\/08\/xavi-herna-ndez-en-un-partido-del-barc-a.jpeg","type":"image\/jpeg"}],"author":"Andr\u00e9s Quiroz","twitter_card":"summary_large_image","twitter_misc":{"Written by":"Andr\u00e9s Quiroz","Est. reading time":"4 minutes"},"schema":{"@context":"https:\/\/schema.org","@graph":[{"@type":"Article","@id":"https:\/\/www.fcbarcelonanoticias.com\/en\/fc-barcelona\/the-errors-of-xavi-that-prejudiced-to-the-barca-in-front-of-the-ray_283217_102.html#article","isPartOf":{"@id":"https:\/\/www.fcbarcelonanoticias.com\/en\/fc-barcelona\/the-errors-of-xavi-that-prejudiced-to-the-barca-in-front-of-the-ray_283217_102.html"},"author":{"name":"Andr\u00e9s Quiroz","@id":"https:\/\/www.fcbarcelonanoticias.com\/en\/#\/schema\/person\/c2cd9f6fa1af5c0d0eccd0fefa575c88"},"headline":"Xavi&#8217;s mistakes that harmed Bar\u00e7a against Rayo","datePublished":"2022-08-14T06:40:00+00:00","dateModified":"2022-08-14T12:59:00+00:00","mainEntityOfPage":{"@id":"https:\/\/www.fcbarcelonanoticias.com\/en\/fc-barcelona\/the-errors-of-xavi-that-prejudiced-to-the-barca-in-front-of-the-ray_283217_102.html"},"wordCount":797,"image":{"@id":"https:\/\/www.fcbarcelonanoticias.com\/en\/fc-barcelona\/the-errors-of-xavi-that-prejudiced-to-the-barca-in-front-of-the-ray_283217_102.html#primaryimage"},"thumbnailUrl":"https:\/\/www.fcbarcelonanoticias.com\/en\/wp-content\/uploads\/sites\/2\/2022\/08\/xavi-herna-ndez-en-un-partido-del-barc-a.jpeg","keywords":["Rayo Vallecano","Xavi Hern\u00e1ndez"],"articleSection":["FC Barcelona"],"inLanguage":"en-US"},{"@type":"WebPage","@id":"https:\/\/www.fcbarcelonanoticias.com\/en\/fc-barcelona\/the-errors-of-xavi-that-prejudiced-to-the-barca-in-front-of-the-ray_283217_102.html","url":"https:\/\/www.fcbarcelonanoticias.com\/en\/fc-barcelona\/the-errors-of-xavi-that-prejudiced-to-the-barca-in-front-of-the-ray_283217_102.html","name":"The errors of Xavi that prejudiced to the Bar\u00e7a in front of the Ray","isPartOf":{"@id":"https:\/\/www.fcbarcelonanoticias.com\/en\/#website"},"primaryImageOfPage":{"@id":"https:\/\/www.fcbarcelonanoticias.com\/en\/fc-barcelona\/the-errors-of-xavi-that-prejudiced-to-the-barca-in-front-of-the-ray_283217_102.html#primaryimage"},"image":{"@id":"https:\/\/www.fcbarcelonanoticias.com\/en\/fc-barcelona\/the-errors-of-xavi-that-prejudiced-to-the-barca-in-front-of-the-ray_283217_102.html#primaryimage"},"thumbnailUrl":"https:\/\/www.fcbarcelonanoticias.com\/en\/wp-content\/uploads\/sites\/2\/2022\/08\/xavi-herna-ndez-en-un-partido-del-barc-a.jpeg","datePublished":"2022-08-14T06:40:00+00:00","dateModified":"2022-08-14T12:59:00+00:00","author":{"@id":"https:\/\/www.fcbarcelonanoticias.com\/en\/#\/schema\/person\/c2cd9f6fa1af5c0d0eccd0fefa575c88"},"description":"The FC Barcelona began the season with a tie home in front of the Ray Vallecano (0-0), a prick in which Xavi Hern\u00e1ndez no atin\u00f3 in his reading of the part...","breadcrumb":{"@id":"https:\/\/www.fcbarcelonanoticias.com\/en\/fc-barcelona\/the-errors-of-xavi-that-prejudiced-to-the-barca-in-front-of-the-ray_283217_102.html#breadcrumb"},"inLanguage":"en-US","potentialAction":[{"@type":"ReadAction","target":["https:\/\/www.fcbarcelonanoticias.com\/en\/fc-barcelona\/the-errors-of-xavi-that-prejudiced-to-the-barca-in-front-of-the-ray_283217_102.html"]}]},{"@type":"ImageObject","inLanguage":"en-US","@id":"https:\/\/www.fcbarcelonanoticias.com\/en\/fc-barcelona\/the-errors-of-xavi-that-prejudiced-to-the-barca-in-front-of-the-ray_283217_102.html#primaryimage","url":"https:\/\/www.fcbarcelonanoticias.com\/en\/wp-content\/uploads\/sites\/2\/2022\/08\/xavi-herna-ndez-en-un-partido-del-barc-a.jpeg","contentUrl":"https:\/\/www.fcbarcelonanoticias.com\/en\/wp-content\/uploads\/sites\/2\/2022\/08\/xavi-herna-ndez-en-un-partido-del-barc-a.jpeg","width":1200,"height":675},{"@type":"BreadcrumbList","@id":"https:\/\/www.fcbarcelonanoticias.com\/en\/fc-barcelona\/the-errors-of-xavi-that-prejudiced-to-the-barca-in-front-of-the-ray_283217_102.html#breadcrumb","itemListElement":[{"@type":"ListItem","position":1,"name":"Portada","item":"https:\/\/www.fcbarcelonanoticias.com\/en\/"},{"@type":"ListItem","position":2,"name":"Xavi&#8217;s mistakes that harmed Bar\u00e7a against Rayo"}]},{"@type":"WebSite","@id":"https:\/\/www.fcbarcelonanoticias.com\/en\/#website","url":"https:\/\/www.fcbarcelonanoticias.com\/en\/","name":"EN - FC Barcelona Noticias","description":"","potentialAction":[{"@type":"SearchAction","target":{"@type":"EntryPoint","urlTemplate":"https:\/\/www.fcbarcelonanoticias.com\/en\/?s={search_term_string}"},"query-input":{"@type":"PropertyValueSpecification","valueRequired":true,"valueName":"search_term_string"}}],"inLanguage":"en-US"},{"@type":"Person","@id":"https:\/\/www.fcbarcelonanoticias.com\/en\/#\/schema\/person\/c2cd9f6fa1af5c0d0eccd0fefa575c88","name":"Andr\u00e9s Quiroz","image":{"@type":"ImageObject","inLanguage":"en-US","@id":"https:\/\/secure.gravatar.com\/avatar\/?s=96&d=mm&r=g","url":"https:\/\/secure.gravatar.com\/avatar\/?s=96&d=mm&r=g","contentUrl":"https:\/\/secure.gravatar.com\/avatar\/?s=96&d=mm&r=g","caption":"Andr\u00e9s Quiroz"},"description":"Licenciado en Periodismo por la Universidad de los Andes. Me encargo de analizar y compartir los contenidos m\u00e1s destacados de la\u00a0actualidad del F\u00fatbol Club Barcelona, Mercado de Fichajes y F\u00fatbol Internacional en FCBN. La informaci\u00f3n es poder, pero tambi\u00e9n conocimiento.","url":"https:\/\/www.fcbarcelonanoticias.com\/en\/fc-barcelona\/andres-quiroz_17_115.html"}]}},"_links":{"self":[{"href":"https:\/\/www.fcbarcelonanoticias.com\/en\/wp-json\/wp\/v2\/posts\/31163","targetHints":{"allow":["GET"]}}],"collection":[{"href":"https:\/\/www.fcbarcelonanoticias.com\/en\/wp-json\/wp\/v2\/posts"}],"about":[{"href":"https:\/\/www.fcbarcelonanoticias.com\/en\/wp-json\/wp\/v2\/types\/post"}],"author":[{"embeddable":true,"href":"https:\/\/www.fcbarcelonanoticias.com\/en\/wp-json\/wp\/v2\/users\/347"}],"replies":[{"embeddable":true,"href":"https:\/\/www.fcbarcelonanoticias.com\/en\/wp-json\/wp\/v2\/comments?post=31163"}],"version-history":[{"count":1,"href":"https:\/\/www.fcbarcelonanoticias.com\/en\/wp-json\/wp\/v2\/posts\/31163\/revisions"}],"predecessor-version":[{"id":109900,"href":"https:\/\/www.fcbarcelonanoticias.com\/en\/wp-json\/wp\/v2\/posts\/31163\/revisions\/109900"}],"wp:featuredmedia":[{"embeddable":true,"href":"https:\/\/www.fcbarcelonanoticias.com\/en\/wp-json\/wp\/v2\/media\/31166"}],"wp:attachment":[{"href":"https:\/\/www.fcbarcelonanoticias.com\/en\/wp-json\/wp\/v2\/media?parent=31163"}],"wp:term":[{"taxonomy":"category","embeddable":true,"href":"https:\/\/www.fcbarcelonanoticias.com\/en\/wp-json\/wp\/v2\/categories?post=31163"},{"taxonomy":"post_tag","embeddable":true,"href":"https:\/\/www.fcbarcelonanoticias.com\/en\/wp-json\/wp\/v2\/tags?post=31163"}],"curies":[{"name":"wp","href":"https:\/\/api.w.org\/{rel}","templated":true}]}}