{"id":31697,"date":"2024-06-15T11:28:00","date_gmt":"2024-06-15T09:28:00","guid":{"rendered":"https:\/\/weisetech.dev\/fc-barcelona-noticias\/en\/the-fc-barcelona-takes-decision-with-the-future-of-vitor-roque_304518_102\/"},"modified":"2024-06-15T11:28:00","modified_gmt":"2024-06-15T09:28:00","slug":"the-fc-barcelona-takes-decision-with-the-future-of-vitor-roque_304518_102","status":"publish","type":"post","link":"https:\/\/www.fcbarcelonanoticias.com\/en\/fc-barcelona\/the-fc-barcelona-takes-decision-with-the-future-of-vitor-roque_304518_102.html","title":{"rendered":"FC Barcelona makes a decision with the future of Vitor Roque"},"content":{"rendered":"<h2 class=\"wp-block-heading\">Bar\u00e7a has two avenues with the future of Vitor Roque. The club wants to continue having the Brazilian in the squad, but if they cannot register him, the plan is to give him away.<\/h2>  \r\n<div class=\"article-addons\">\r\n    <a href=\"https:\/\/www.fcbarcelonanoticias.com\/en\/calendar-fc-barcelona.html\"\r\n       target=\"_self\"\r\n       title=\"Calendar of FC Barcelona\"\r\n       class=\"blue-gredient-btn\">\r\n       \r\n        Calendar of FC Barcelona    <\/a>\r\n<\/div>   <p>The <a data-external=\"0\" data-intl-links-en=\"https:\/\/www.fcbarcelonanoticias.com\/en\/fc-barcelona\" data-intl-links-es=\"https:\/\/www.fcbarcelonanoticias.com\/fc-barcelona\" href=\"https:\/\/www.fcbarcelonanoticias.com\/en\/football-soccer\/fc-barcelona.html\" rel=\"follow\" target=\"_self\" title=\"FC Barcelona\">FC Barcelona<\/a> seems to have taken a definite decision on the future of <a data-external=\"0\" data-intl-links-en=\"https:\/\/www.fcbarcelonanoticias.com\/en\/tags\/vitor-roque\" data-intl-links-es=\"https:\/\/www.fcbarcelonanoticias.com\/tags\/vitor-roque\" href=\"https:\/\/www.fcbarcelonanoticias.com\/en\/tags\/vitor-roque.html\" rel=\"follow\" target=\"_self\" title=\"Vitor Roque\">Vitor Roque<\/a> in the club. After an end of season complicated for the forward, to the one who Xavi grieve gave him some opportunity, <strong>the Barcelona entity has marked like priority that &#8216;Tigrinho&#8217; complete the pre-season under the orders of Hansi Flick.<\/strong><\/p>  <p>In principle, the German trainer already has communicated that has the Brazilian. As &#8216;Sportive World&#8217;,<strong> so much Deco like the ex seleccionador of Germany wish that the ariete was the natural substitute of Robert Lewandowski the next season, <\/strong>but his continuity is conditioned. In the entity are conscious that the stay of Vitor Roque in the City Condal depends on that the club have the sufficient &#8216;fair play&#8217; so that LaLiga allow to inscribe his agreement, which wins in 2031.<\/p>  <p>It is here where the Bar\u00e7a finds a problem,<strong> since before Vitor, the institution needs inscirbir to Gavi and Balde, <\/strong>two footballers that aim to be indisputable headlines in the team of Hansi Flick. The agreements of both players still are not registered in LaLiga from his renewal, by what the cul\u00e9s would treat to resolve first this situation.<\/p>  <p>It is then when the continuity of Roque goes in at stake. <strong>If the Catalan square attains to go back to the rule 1\/1, &#8216;Tigrinho&#8217; would follow dressing the T-shirt blaugrana with almost all security. <\/strong>Of the contrary, the cul\u00e9s would bet by the cession of the ex forward of the Athletico Paranaense, looking for to the substitute of Lewandowski in &#8216;house&#8217;.<\/p>  <h2>The alternatives of the club<\/h2>  <p>In this sense, <strong>in Can Bar\u00e7a consider that Ferran Torres could fulfil the function of &#8216;9&#8217; in case of absence of the Pole. <\/strong>Of the same way, Marc Guiu presents like an alternative for Flick, since the past season showed his cost in the first team, annotating a pair of goals in First Division.<\/p> ","protected":false},"excerpt":{"rendered":"<p>Bar\u00e7a has two avenues with the future of Vitor Roque. The club wants to continue having the Brazilian in the squad, but if they cannot register him, the plan is to give him away. The FC Barcelona seems to have taken a definite decision on the future of Vitor Roque in the club. After an [&hellip;]<\/p>\n","protected":false},"author":358,"featured_media":14505,"comment_status":"closed","ping_status":"open","sticky":false,"template":"","format":"standard","meta":{"_acf_changed":false,"inline_featured_image":false,"_nextfly_llmd_date_locked":false,"footnotes":""},"categories":[111],"tags":[310,327],"class_list":["post-31697","post","type-post","status-publish","format-standard","has-post-thumbnail","hentry","category-fc-barcelona","tag-marc-guiu","tag-vitor-roque"],"acf":[],"yoast_head":"<!-- This site is optimized with the Yoast SEO plugin v27.3 - https:\/\/yoast.com\/product\/yoast-seo-wordpress\/ -->\n<title>The FC Barcelona takes a decision with the future of Vitor Roque<\/title>\n<meta name=\"description\" content=\"The Bar\u00e7a handles two roads with the future of Vitor Roque. The club wants to follow having the Brazilian in the staff, but of not being able to inscribe it, the plan is to yield it\" \/>\n<meta name=\"robots\" content=\"index, follow, max-snippet:-1, max-image-preview:large, max-video-preview:-1\" \/>\n<link rel=\"canonical\" href=\"https:\/\/www.fcbarcelonanoticias.com\/en\/fc-barcelona\/the-fc-barcelona-takes-decision-with-the-future-of-vitor-roque_304518_102.html\" \/>\n<meta property=\"og:locale\" content=\"en_US\" \/>\n<meta property=\"og:type\" content=\"article\" \/>\n<meta property=\"og:title\" content=\"The FC Barcelona takes a decision with the future of Vitor Roque\" \/>\n<meta property=\"og:description\" content=\"The Bar\u00e7a handles two roads with the future of Vitor Roque. The club wants to follow having the Brazilian in the staff, but of not being able to inscribe it, the plan is to yield it\" \/>\n<meta property=\"og:url\" content=\"https:\/\/www.fcbarcelonanoticias.com\/en\/fc-barcelona\/the-fc-barcelona-takes-decision-with-the-future-of-vitor-roque_304518_102.html\" \/>\n<meta property=\"og:site_name\" content=\"EN - FC Barcelona Noticias\" \/>\n<meta property=\"article:published_time\" content=\"2024-06-15T09:28:00+00:00\" \/>\n<meta property=\"og:image\" content=\"https:\/\/www.fcbarcelonanoticias.com\/en\/wp-content\/uploads\/sites\/2\/2024\/05\/vitor-roque-en-el-duelo-entre-el-fc-barcelona-y-el-getafe-cf-en-laliga-ea-sports.png\" \/>\n\t<meta property=\"og:image:width\" content=\"1300\" \/>\n\t<meta property=\"og:image:height\" content=\"732\" \/>\n\t<meta property=\"og:image:type\" content=\"image\/png\" \/>\n<meta name=\"author\" content=\"Juan Pablo Berdugo\" \/>\n<meta name=\"twitter:card\" content=\"summary_large_image\" \/>\n<meta name=\"twitter:label1\" content=\"Written by\" \/>\n\t<meta name=\"twitter:data1\" content=\"Juan Pablo Berdugo\" \/>\n\t<meta name=\"twitter:label2\" content=\"Est. reading time\" \/>\n\t<meta name=\"twitter:data2\" content=\"2 minutes\" \/>\n<script type=\"application\/ld+json\" class=\"yoast-schema-graph\">{\"@context\":\"https:\\\/\\\/schema.org\",\"@graph\":[{\"@type\":\"Article\",\"@id\":\"https:\\\/\\\/www.fcbarcelonanoticias.com\\\/en\\\/fc-barcelona\\\/the-fc-barcelona-takes-decision-with-the-future-of-vitor-roque_304518_102.html#article\",\"isPartOf\":{\"@id\":\"https:\\\/\\\/www.fcbarcelonanoticias.com\\\/en\\\/fc-barcelona\\\/the-fc-barcelona-takes-decision-with-the-future-of-vitor-roque_304518_102.html\"},\"author\":{\"name\":\"Juan Pablo Berdugo\",\"@id\":\"https:\\\/\\\/www.fcbarcelonanoticias.com\\\/en\\\/#\\\/schema\\\/person\\\/88d756918a0a1ae9fa593b5edddd1815\"},\"headline\":\"FC Barcelona makes a decision with the future of Vitor Roque\",\"datePublished\":\"2024-06-15T09:28:00+00:00\",\"mainEntityOfPage\":{\"@id\":\"https:\\\/\\\/www.fcbarcelonanoticias.com\\\/en\\\/fc-barcelona\\\/the-fc-barcelona-takes-decision-with-the-future-of-vitor-roque_304518_102.html\"},\"wordCount\":363,\"image\":{\"@id\":\"https:\\\/\\\/www.fcbarcelonanoticias.com\\\/en\\\/fc-barcelona\\\/the-fc-barcelona-takes-decision-with-the-future-of-vitor-roque_304518_102.html#primaryimage\"},\"thumbnailUrl\":\"https:\\\/\\\/www.fcbarcelonanoticias.com\\\/en\\\/wp-content\\\/uploads\\\/sites\\\/2\\\/2024\\\/05\\\/vitor-roque-en-el-duelo-entre-el-fc-barcelona-y-el-getafe-cf-en-laliga-ea-sports.png\",\"keywords\":[\"Marc Guiu\",\"Vitor Roque\"],\"articleSection\":[\"FC Barcelona\"],\"inLanguage\":\"en-US\"},{\"@type\":\"WebPage\",\"@id\":\"https:\\\/\\\/www.fcbarcelonanoticias.com\\\/en\\\/fc-barcelona\\\/the-fc-barcelona-takes-decision-with-the-future-of-vitor-roque_304518_102.html\",\"url\":\"https:\\\/\\\/www.fcbarcelonanoticias.com\\\/en\\\/fc-barcelona\\\/the-fc-barcelona-takes-decision-with-the-future-of-vitor-roque_304518_102.html\",\"name\":\"The FC Barcelona takes a decision with the future of Vitor Roque\",\"isPartOf\":{\"@id\":\"https:\\\/\\\/www.fcbarcelonanoticias.com\\\/en\\\/#website\"},\"primaryImageOfPage\":{\"@id\":\"https:\\\/\\\/www.fcbarcelonanoticias.com\\\/en\\\/fc-barcelona\\\/the-fc-barcelona-takes-decision-with-the-future-of-vitor-roque_304518_102.html#primaryimage\"},\"image\":{\"@id\":\"https:\\\/\\\/www.fcbarcelonanoticias.com\\\/en\\\/fc-barcelona\\\/the-fc-barcelona-takes-decision-with-the-future-of-vitor-roque_304518_102.html#primaryimage\"},\"thumbnailUrl\":\"https:\\\/\\\/www.fcbarcelonanoticias.com\\\/en\\\/wp-content\\\/uploads\\\/sites\\\/2\\\/2024\\\/05\\\/vitor-roque-en-el-duelo-entre-el-fc-barcelona-y-el-getafe-cf-en-laliga-ea-sports.png\",\"datePublished\":\"2024-06-15T09:28:00+00:00\",\"author\":{\"@id\":\"https:\\\/\\\/www.fcbarcelonanoticias.com\\\/en\\\/#\\\/schema\\\/person\\\/88d756918a0a1ae9fa593b5edddd1815\"},\"description\":\"The Bar\u00e7a handles two roads with the future of Vitor Roque. The club wants to follow having the Brazilian in the staff, but of not being able to inscribe it, the plan is to yield it\",\"breadcrumb\":{\"@id\":\"https:\\\/\\\/www.fcbarcelonanoticias.com\\\/en\\\/fc-barcelona\\\/the-fc-barcelona-takes-decision-with-the-future-of-vitor-roque_304518_102.html#breadcrumb\"},\"inLanguage\":\"en-US\",\"potentialAction\":[{\"@type\":\"ReadAction\",\"target\":[\"https:\\\/\\\/www.fcbarcelonanoticias.com\\\/en\\\/fc-barcelona\\\/the-fc-barcelona-takes-decision-with-the-future-of-vitor-roque_304518_102.html\"]}]},{\"@type\":\"ImageObject\",\"inLanguage\":\"en-US\",\"@id\":\"https:\\\/\\\/www.fcbarcelonanoticias.com\\\/en\\\/fc-barcelona\\\/the-fc-barcelona-takes-decision-with-the-future-of-vitor-roque_304518_102.html#primaryimage\",\"url\":\"https:\\\/\\\/www.fcbarcelonanoticias.com\\\/en\\\/wp-content\\\/uploads\\\/sites\\\/2\\\/2024\\\/05\\\/vitor-roque-en-el-duelo-entre-el-fc-barcelona-y-el-getafe-cf-en-laliga-ea-sports.png\",\"contentUrl\":\"https:\\\/\\\/www.fcbarcelonanoticias.com\\\/en\\\/wp-content\\\/uploads\\\/sites\\\/2\\\/2024\\\/05\\\/vitor-roque-en-el-duelo-entre-el-fc-barcelona-y-el-getafe-cf-en-laliga-ea-sports.png\",\"width\":1300,\"height\":732},{\"@type\":\"BreadcrumbList\",\"@id\":\"https:\\\/\\\/www.fcbarcelonanoticias.com\\\/en\\\/fc-barcelona\\\/the-fc-barcelona-takes-decision-with-the-future-of-vitor-roque_304518_102.html#breadcrumb\",\"itemListElement\":[{\"@type\":\"ListItem\",\"position\":1,\"name\":\"Portada\",\"item\":\"https:\\\/\\\/www.fcbarcelonanoticias.com\\\/en\\\/\"},{\"@type\":\"ListItem\",\"position\":2,\"name\":\"FC Barcelona makes a decision with the future of Vitor Roque\"}]},{\"@type\":\"WebSite\",\"@id\":\"https:\\\/\\\/www.fcbarcelonanoticias.com\\\/en\\\/#website\",\"url\":\"https:\\\/\\\/www.fcbarcelonanoticias.com\\\/en\\\/\",\"name\":\"EN - FC Barcelona Noticias\",\"description\":\"\",\"potentialAction\":[{\"@type\":\"SearchAction\",\"target\":{\"@type\":\"EntryPoint\",\"urlTemplate\":\"https:\\\/\\\/www.fcbarcelonanoticias.com\\\/en\\\/?s={search_term_string}\"},\"query-input\":{\"@type\":\"PropertyValueSpecification\",\"valueRequired\":true,\"valueName\":\"search_term_string\"}}],\"inLanguage\":\"en-US\"},{\"@type\":\"Person\",\"@id\":\"https:\\\/\\\/www.fcbarcelonanoticias.com\\\/en\\\/#\\\/schema\\\/person\\\/88d756918a0a1ae9fa593b5edddd1815\",\"name\":\"Juan Pablo Berdugo\",\"image\":{\"@type\":\"ImageObject\",\"inLanguage\":\"en-US\",\"@id\":\"https:\\\/\\\/secure.gravatar.com\\\/avatar\\\/?s=96&d=mm&r=g\",\"url\":\"https:\\\/\\\/secure.gravatar.com\\\/avatar\\\/?s=96&d=mm&r=g\",\"contentUrl\":\"https:\\\/\\\/secure.gravatar.com\\\/avatar\\\/?s=96&d=mm&r=g\",\"caption\":\"Juan Pablo Berdugo\"},\"description\":\"Juan Pablo Berdugo es graduado en Periodismo. Colabora con FCBN como especialista en informaci\u00f3n del primer equipo del FC Barcelona, f\u00fatbol internacional y mercado de fichajes. Destaca por su enfoque anal\u00edtico, su rigor informativo y su capacidad para detectar tendencias emergentes en el f\u00fatbol global.\",\"url\":\"https:\\\/\\\/www.fcbarcelonanoticias.com\\\/en\\\/fc-barcelona\\\/juan-pablo-berdugo_18_115.html\"}]}<\/script>\n<!-- \/ Yoast SEO plugin. -->","yoast_head_json":{"title":"The FC Barcelona takes a decision with the future of Vitor Roque","description":"The Bar\u00e7a handles two roads with the future of Vitor Roque. The club wants to follow having the Brazilian in the staff, but of not being able to inscribe it, the plan is to yield it","robots":{"index":"index","follow":"follow","max-snippet":"max-snippet:-1","max-image-preview":"max-image-preview:large","max-video-preview":"max-video-preview:-1"},"canonical":"https:\/\/www.fcbarcelonanoticias.com\/en\/fc-barcelona\/the-fc-barcelona-takes-decision-with-the-future-of-vitor-roque_304518_102.html","og_locale":"en_US","og_type":"article","og_title":"The FC Barcelona takes a decision with the future of Vitor Roque","og_description":"The Bar\u00e7a handles two roads with the future of Vitor Roque. The club wants to follow having the Brazilian in the staff, but of not being able to inscribe it, the plan is to yield it","og_url":"https:\/\/www.fcbarcelonanoticias.com\/en\/fc-barcelona\/the-fc-barcelona-takes-decision-with-the-future-of-vitor-roque_304518_102.html","og_site_name":"EN - FC Barcelona Noticias","article_published_time":"2024-06-15T09:28:00+00:00","og_image":[{"width":1300,"height":732,"url":"https:\/\/www.fcbarcelonanoticias.com\/en\/wp-content\/uploads\/sites\/2\/2024\/05\/vitor-roque-en-el-duelo-entre-el-fc-barcelona-y-el-getafe-cf-en-laliga-ea-sports.png","type":"image\/png"}],"author":"Juan Pablo Berdugo","twitter_card":"summary_large_image","twitter_misc":{"Written by":"Juan Pablo Berdugo","Est. reading time":"2 minutes"},"schema":{"@context":"https:\/\/schema.org","@graph":[{"@type":"Article","@id":"https:\/\/www.fcbarcelonanoticias.com\/en\/fc-barcelona\/the-fc-barcelona-takes-decision-with-the-future-of-vitor-roque_304518_102.html#article","isPartOf":{"@id":"https:\/\/www.fcbarcelonanoticias.com\/en\/fc-barcelona\/the-fc-barcelona-takes-decision-with-the-future-of-vitor-roque_304518_102.html"},"author":{"name":"Juan Pablo Berdugo","@id":"https:\/\/www.fcbarcelonanoticias.com\/en\/#\/schema\/person\/88d756918a0a1ae9fa593b5edddd1815"},"headline":"FC Barcelona makes a decision with the future of Vitor Roque","datePublished":"2024-06-15T09:28:00+00:00","mainEntityOfPage":{"@id":"https:\/\/www.fcbarcelonanoticias.com\/en\/fc-barcelona\/the-fc-barcelona-takes-decision-with-the-future-of-vitor-roque_304518_102.html"},"wordCount":363,"image":{"@id":"https:\/\/www.fcbarcelonanoticias.com\/en\/fc-barcelona\/the-fc-barcelona-takes-decision-with-the-future-of-vitor-roque_304518_102.html#primaryimage"},"thumbnailUrl":"https:\/\/www.fcbarcelonanoticias.com\/en\/wp-content\/uploads\/sites\/2\/2024\/05\/vitor-roque-en-el-duelo-entre-el-fc-barcelona-y-el-getafe-cf-en-laliga-ea-sports.png","keywords":["Marc Guiu","Vitor Roque"],"articleSection":["FC Barcelona"],"inLanguage":"en-US"},{"@type":"WebPage","@id":"https:\/\/www.fcbarcelonanoticias.com\/en\/fc-barcelona\/the-fc-barcelona-takes-decision-with-the-future-of-vitor-roque_304518_102.html","url":"https:\/\/www.fcbarcelonanoticias.com\/en\/fc-barcelona\/the-fc-barcelona-takes-decision-with-the-future-of-vitor-roque_304518_102.html","name":"The FC Barcelona takes a decision with the future of Vitor Roque","isPartOf":{"@id":"https:\/\/www.fcbarcelonanoticias.com\/en\/#website"},"primaryImageOfPage":{"@id":"https:\/\/www.fcbarcelonanoticias.com\/en\/fc-barcelona\/the-fc-barcelona-takes-decision-with-the-future-of-vitor-roque_304518_102.html#primaryimage"},"image":{"@id":"https:\/\/www.fcbarcelonanoticias.com\/en\/fc-barcelona\/the-fc-barcelona-takes-decision-with-the-future-of-vitor-roque_304518_102.html#primaryimage"},"thumbnailUrl":"https:\/\/www.fcbarcelonanoticias.com\/en\/wp-content\/uploads\/sites\/2\/2024\/05\/vitor-roque-en-el-duelo-entre-el-fc-barcelona-y-el-getafe-cf-en-laliga-ea-sports.png","datePublished":"2024-06-15T09:28:00+00:00","author":{"@id":"https:\/\/www.fcbarcelonanoticias.com\/en\/#\/schema\/person\/88d756918a0a1ae9fa593b5edddd1815"},"description":"The Bar\u00e7a handles two roads with the future of Vitor Roque. The club wants to follow having the Brazilian in the staff, but of not being able to inscribe it, the plan is to yield it","breadcrumb":{"@id":"https:\/\/www.fcbarcelonanoticias.com\/en\/fc-barcelona\/the-fc-barcelona-takes-decision-with-the-future-of-vitor-roque_304518_102.html#breadcrumb"},"inLanguage":"en-US","potentialAction":[{"@type":"ReadAction","target":["https:\/\/www.fcbarcelonanoticias.com\/en\/fc-barcelona\/the-fc-barcelona-takes-decision-with-the-future-of-vitor-roque_304518_102.html"]}]},{"@type":"ImageObject","inLanguage":"en-US","@id":"https:\/\/www.fcbarcelonanoticias.com\/en\/fc-barcelona\/the-fc-barcelona-takes-decision-with-the-future-of-vitor-roque_304518_102.html#primaryimage","url":"https:\/\/www.fcbarcelonanoticias.com\/en\/wp-content\/uploads\/sites\/2\/2024\/05\/vitor-roque-en-el-duelo-entre-el-fc-barcelona-y-el-getafe-cf-en-laliga-ea-sports.png","contentUrl":"https:\/\/www.fcbarcelonanoticias.com\/en\/wp-content\/uploads\/sites\/2\/2024\/05\/vitor-roque-en-el-duelo-entre-el-fc-barcelona-y-el-getafe-cf-en-laliga-ea-sports.png","width":1300,"height":732},{"@type":"BreadcrumbList","@id":"https:\/\/www.fcbarcelonanoticias.com\/en\/fc-barcelona\/the-fc-barcelona-takes-decision-with-the-future-of-vitor-roque_304518_102.html#breadcrumb","itemListElement":[{"@type":"ListItem","position":1,"name":"Portada","item":"https:\/\/www.fcbarcelonanoticias.com\/en\/"},{"@type":"ListItem","position":2,"name":"FC Barcelona makes a decision with the future of Vitor Roque"}]},{"@type":"WebSite","@id":"https:\/\/www.fcbarcelonanoticias.com\/en\/#website","url":"https:\/\/www.fcbarcelonanoticias.com\/en\/","name":"EN - FC Barcelona Noticias","description":"","potentialAction":[{"@type":"SearchAction","target":{"@type":"EntryPoint","urlTemplate":"https:\/\/www.fcbarcelonanoticias.com\/en\/?s={search_term_string}"},"query-input":{"@type":"PropertyValueSpecification","valueRequired":true,"valueName":"search_term_string"}}],"inLanguage":"en-US"},{"@type":"Person","@id":"https:\/\/www.fcbarcelonanoticias.com\/en\/#\/schema\/person\/88d756918a0a1ae9fa593b5edddd1815","name":"Juan Pablo Berdugo","image":{"@type":"ImageObject","inLanguage":"en-US","@id":"https:\/\/secure.gravatar.com\/avatar\/?s=96&d=mm&r=g","url":"https:\/\/secure.gravatar.com\/avatar\/?s=96&d=mm&r=g","contentUrl":"https:\/\/secure.gravatar.com\/avatar\/?s=96&d=mm&r=g","caption":"Juan Pablo Berdugo"},"description":"Juan Pablo Berdugo es graduado en Periodismo. Colabora con FCBN como especialista en informaci\u00f3n del primer equipo del FC Barcelona, f\u00fatbol internacional y mercado de fichajes. Destaca por su enfoque anal\u00edtico, su rigor informativo y su capacidad para detectar tendencias emergentes en el f\u00fatbol global.","url":"https:\/\/www.fcbarcelonanoticias.com\/en\/fc-barcelona\/juan-pablo-berdugo_18_115.html"}]}},"_links":{"self":[{"href":"https:\/\/www.fcbarcelonanoticias.com\/en\/wp-json\/wp\/v2\/posts\/31697","targetHints":{"allow":["GET"]}}],"collection":[{"href":"https:\/\/www.fcbarcelonanoticias.com\/en\/wp-json\/wp\/v2\/posts"}],"about":[{"href":"https:\/\/www.fcbarcelonanoticias.com\/en\/wp-json\/wp\/v2\/types\/post"}],"author":[{"embeddable":true,"href":"https:\/\/www.fcbarcelonanoticias.com\/en\/wp-json\/wp\/v2\/users\/358"}],"replies":[{"embeddable":true,"href":"https:\/\/www.fcbarcelonanoticias.com\/en\/wp-json\/wp\/v2\/comments?post=31697"}],"version-history":[{"count":2,"href":"https:\/\/www.fcbarcelonanoticias.com\/en\/wp-json\/wp\/v2\/posts\/31697\/revisions"}],"predecessor-version":[{"id":31702,"href":"https:\/\/www.fcbarcelonanoticias.com\/en\/wp-json\/wp\/v2\/posts\/31697\/revisions\/31702"}],"wp:featuredmedia":[{"embeddable":true,"href":"https:\/\/www.fcbarcelonanoticias.com\/en\/wp-json\/wp\/v2\/media\/14505"}],"wp:attachment":[{"href":"https:\/\/www.fcbarcelonanoticias.com\/en\/wp-json\/wp\/v2\/media?parent=31697"}],"wp:term":[{"taxonomy":"category","embeddable":true,"href":"https:\/\/www.fcbarcelonanoticias.com\/en\/wp-json\/wp\/v2\/categories?post=31697"},{"taxonomy":"post_tag","embeddable":true,"href":"https:\/\/www.fcbarcelonanoticias.com\/en\/wp-json\/wp\/v2\/tags?post=31697"}],"curies":[{"name":"wp","href":"https:\/\/api.w.org\/{rel}","templated":true}]}}