{"id":3183,"date":"2022-10-10T16:23:00","date_gmt":"2022-10-10T14:23:00","guid":{"rendered":"https:\/\/weisetech.dev\/fc-barcelona-noticias\/en\/the-referee-designated-by-the-uefa-for-the-final-of-the-barc_285288_102\/"},"modified":"2022-10-10T16:23:00","modified_gmt":"2022-10-10T14:23:00","slug":"the-referee-designated-by-the-uefa-for-the-final-of-the-barc_285288_102","status":"publish","type":"post","link":"https:\/\/www.fcbarcelonanoticias.com\/en\/the-referee-designated-by-the-uefa-for-the-final-of-the-barc_285288_102.html","title":{"rendered":"The referee appointed by UEFA for Bar\u00e7a&#8217;s &#8216;final&#8217; against Inter"},"content":{"rendered":"<h2 class=\"wp-block-heading\">Only a victory in four parties registers the FC Barcelona with the referee Szymon Marciniak&nbsp;for the party of Champions of this Wednesday where the team cul\u00e9 will receive to the Inter in the Camp Nou<\/h2>  \r\n<div class=\"article-addons\">\r\n    <a href=\"https:\/\/www.fcbarcelonanoticias.com\/en\/calendar-fc-barcelona.html\"\r\n       target=\"_self\"\r\n       title=\"Calendar of FC Barcelona\"\r\n       class=\"blue-gredient-btn\">\r\n       \r\n        Calendar of FC Barcelona    <\/a>\r\n<\/div>   <p>The <a data-external=\"0\" data-intl-links-en=\"https:\/\/www.fcbarcelonanoticias.com\/en\/tags\/uefa\" data-intl-links-es=\"https:\/\/www.fcbarcelonanoticias.com\/tags\/uefa\" href=\"https:\/\/www.fcbarcelonanoticias.com\/en\/tags\/uefa.html\" rel=\"follow\" target=\"_self\" title=\"UEFA\">UEFA <\/a>has announced that Szymon Marciniak will be the referee that will direct the transcendental party of the <a data-external=\"0\" data-intl-links-en=\"https:\/\/www.fcbarcelonanoticias.com\/en\/fc-barcelona\" data-intl-links-es=\"https:\/\/www.fcbarcelonanoticias.com\/fc-barcelona\" href=\"https:\/\/www.fcbarcelonanoticias.com\/en\/football-soccer\/fc-barcelona.html\" rel=\"follow\" target=\"_self\" title=\"FC Barcelona\">FC Barcelona<\/a> against the Inter of Milan in the Camp Nou of this next Wednesday. <strong>The Polish referee will be in the party that corresponds to the fourth day of the phase of groups of the Champions League and his result will determine, largely, the one who will access to the eighth of final.<\/strong><\/p>  <p><strong>With the Bayern of Munich in way to classify to eighth as first of group, the Bar\u00e7a needs to add the three points to be able to contest the second square with the Italian team in the others two days that will subtract.<\/strong> The Inter arrives with an important advantage on the Barcelona after they won the direct duel in the stadium Giuseppe Meazza the past week, so the ones of Xavi Hern\u00e1ndez have to achieve the triumph to equalise the things, preferably by a difference of two goals.<\/p>  <p>After two controversial arbitrations consecutive against of the Bar\u00e7a in the Champions League, Marciniak neither is a name that carry good memories to the Barcelona. The Polish referee has directed two of the worst defeats of the cul\u00e9s to Europe in the last years: <strong>the 4-0 against the Paris-Saint Germain in the Park of the Princes and the 3-0 against the Juventus of Tur\u00edn in the Allianz Stadium of the League of Champions of the season 2016-2017.<\/strong><\/p>  <p>&nbsp;<\/p>  <p>In total will be the fifth time that pite to the Bar\u00e7a in Europe with a balance of a victory, a tie and two defeats. Also it was the main in the eighth of final of the season 2018-2019 where the Barcelona golearon 5-1 to the Olympique of Lyon. <strong>The only tie was precisely in front of the Inter of Milan in the phase of groups of the campaign 2017-2018. The meeting finish in tie to one in the duel that confronted to both in Milan. <\/strong><\/p>  <h3>Situations repeated<\/h3>  <p>In any of these two parties could comment that the arbitration was determinant for the Barcelona defeat, but does not leave to be surprising that, in the middle of so much controversy, the UEFA designate a referee of so bad memory for the Bar\u00e7a. <strong>The Catalan group has been clearly prejudiced by the arbitrations of the two last parties of Champions, with transcendental decisions especially in the subject of the penaltis.<\/strong><\/p>  <p>In the duel against the Bayern did not signal a penalti by an entrance on Ousmane Demb\u00e9l\u00e9, whereas against the Inter happened the same with a hand, as well as a goal cancelled to Pedri Gonz\u00e1lez. <strong>In both occasions, the referee of the VAR was Pol go Boekel. This time, the UEFA has not chosen him to him, but the chosen is another Pole: Tomasz Kwiatkowski.<\/strong><\/p> ","protected":false},"excerpt":{"rendered":"<p>Only a victory in four parties registers the FC Barcelona with the referee Szymon Marciniak&nbsp;for the party of Champions of this Wednesday where the team cul\u00e9 will receive to the Inter in the Camp Nou The UEFA has announced that Szymon Marciniak will be the referee that will direct the transcendental party of the FC [&hellip;]<\/p>\n","protected":false},"author":345,"featured_media":284,"comment_status":"closed","ping_status":"open","sticky":false,"template":"","format":"standard","meta":{"_acf_changed":false,"inline_featured_image":false,"_nextfly_llmd_date_locked":false,"footnotes":""},"categories":[1],"tags":[],"class_list":["post-3183","post","type-post","status-publish","format-standard","has-post-thumbnail","hentry","category-sin-categoria"],"acf":[],"yoast_head":"<!-- This site is optimized with the Yoast SEO plugin v27.3 - https:\/\/yoast.com\/product\/yoast-seo-wordpress\/ -->\n<title>The referee appointed by UEFA for Bar\u00e7a&#039;s &#039;final&#039; against Inter<\/title>\n<meta name=\"description\" content=\"Only a victory in four parties registers the FC Barcelona with the referee Szymon Marciniak&nbsp;for the party of Champions of this Wednesday where the equip...\" \/>\n<meta name=\"robots\" content=\"index, follow, max-snippet:-1, max-image-preview:large, max-video-preview:-1\" \/>\n<link rel=\"canonical\" href=\"https:\/\/www.fcbarcelonanoticias.com\/en\/the-referee-designated-by-the-uefa-for-the-final-of-the-barc_285288_102.html\" \/>\n<meta property=\"og:locale\" content=\"en_US\" \/>\n<meta property=\"og:type\" content=\"article\" \/>\n<meta property=\"og:title\" content=\"The referee appointed by UEFA for Bar\u00e7a&#039;s &#039;final&#039; against Inter\" \/>\n<meta property=\"og:description\" content=\"Only a victory in four parties registers the FC Barcelona with the referee Szymon Marciniak&nbsp;for the party of Champions of this Wednesday where the equip...\" \/>\n<meta property=\"og:url\" content=\"https:\/\/www.fcbarcelonanoticias.com\/en\/the-referee-designated-by-the-uefa-for-the-final-of-the-barc_285288_102.html\" \/>\n<meta property=\"og:site_name\" content=\"EN - FC Barcelona Noticias\" \/>\n<meta property=\"article:published_time\" content=\"2022-10-10T14:23:00+00:00\" \/>\n<meta property=\"og:image\" content=\"https:\/\/www.fcbarcelonanoticias.com\/en\/wp-content\/uploads\/sites\/2\/2022\/10\/marciniak-champions-league.jpeg\" \/>\n\t<meta property=\"og:image:width\" content=\"1300\" \/>\n\t<meta property=\"og:image:height\" content=\"737\" \/>\n\t<meta property=\"og:image:type\" content=\"image\/jpeg\" \/>\n<meta name=\"author\" content=\"Carlos Montenegro\" \/>\n<meta name=\"twitter:card\" content=\"summary_large_image\" \/>\n<meta name=\"twitter:label1\" content=\"Written by\" \/>\n\t<meta name=\"twitter:data1\" content=\"Carlos Montenegro\" \/>\n\t<meta name=\"twitter:label2\" content=\"Est. reading time\" \/>\n\t<meta name=\"twitter:data2\" content=\"3 minutes\" \/>\n<script type=\"application\/ld+json\" class=\"yoast-schema-graph\">{\"@context\":\"https:\\\/\\\/schema.org\",\"@graph\":[{\"@type\":\"Article\",\"@id\":\"https:\\\/\\\/www.fcbarcelonanoticias.com\\\/en\\\/the-referee-designated-by-the-uefa-for-the-final-of-the-barc_285288_102.html#article\",\"isPartOf\":{\"@id\":\"https:\\\/\\\/www.fcbarcelonanoticias.com\\\/en\\\/the-referee-designated-by-the-uefa-for-the-final-of-the-barc_285288_102.html\"},\"author\":{\"name\":\"Carlos Montenegro\",\"@id\":\"https:\\\/\\\/www.fcbarcelonanoticias.com\\\/en\\\/#\\\/schema\\\/person\\\/aa1d038709c262cb247e240f6b39bbf5\"},\"headline\":\"The referee appointed by UEFA for Bar\u00e7a&#8217;s &#8216;final&#8217; against Inter\",\"datePublished\":\"2022-10-10T14:23:00+00:00\",\"mainEntityOfPage\":{\"@id\":\"https:\\\/\\\/www.fcbarcelonanoticias.com\\\/en\\\/the-referee-designated-by-the-uefa-for-the-final-of-the-barc_285288_102.html\"},\"wordCount\":523,\"image\":{\"@id\":\"https:\\\/\\\/www.fcbarcelonanoticias.com\\\/en\\\/the-referee-designated-by-the-uefa-for-the-final-of-the-barc_285288_102.html#primaryimage\"},\"thumbnailUrl\":\"https:\\\/\\\/www.fcbarcelonanoticias.com\\\/en\\\/wp-content\\\/uploads\\\/sites\\\/2\\\/2022\\\/10\\\/marciniak-champions-league.jpeg\",\"articleSection\":[\"Sin categor\u00eda\"],\"inLanguage\":\"en-US\"},{\"@type\":\"WebPage\",\"@id\":\"https:\\\/\\\/www.fcbarcelonanoticias.com\\\/en\\\/the-referee-designated-by-the-uefa-for-the-final-of-the-barc_285288_102.html\",\"url\":\"https:\\\/\\\/www.fcbarcelonanoticias.com\\\/en\\\/the-referee-designated-by-the-uefa-for-the-final-of-the-barc_285288_102.html\",\"name\":\"The referee appointed by UEFA for Bar\u00e7a's 'final' against Inter\",\"isPartOf\":{\"@id\":\"https:\\\/\\\/www.fcbarcelonanoticias.com\\\/en\\\/#website\"},\"primaryImageOfPage\":{\"@id\":\"https:\\\/\\\/www.fcbarcelonanoticias.com\\\/en\\\/the-referee-designated-by-the-uefa-for-the-final-of-the-barc_285288_102.html#primaryimage\"},\"image\":{\"@id\":\"https:\\\/\\\/www.fcbarcelonanoticias.com\\\/en\\\/the-referee-designated-by-the-uefa-for-the-final-of-the-barc_285288_102.html#primaryimage\"},\"thumbnailUrl\":\"https:\\\/\\\/www.fcbarcelonanoticias.com\\\/en\\\/wp-content\\\/uploads\\\/sites\\\/2\\\/2022\\\/10\\\/marciniak-champions-league.jpeg\",\"datePublished\":\"2022-10-10T14:23:00+00:00\",\"author\":{\"@id\":\"https:\\\/\\\/www.fcbarcelonanoticias.com\\\/en\\\/#\\\/schema\\\/person\\\/aa1d038709c262cb247e240f6b39bbf5\"},\"description\":\"Only a victory in four parties registers the FC Barcelona with the referee Szymon Marciniak&nbsp;for the party of Champions of this Wednesday where the equip...\",\"breadcrumb\":{\"@id\":\"https:\\\/\\\/www.fcbarcelonanoticias.com\\\/en\\\/the-referee-designated-by-the-uefa-for-the-final-of-the-barc_285288_102.html#breadcrumb\"},\"inLanguage\":\"en-US\",\"potentialAction\":[{\"@type\":\"ReadAction\",\"target\":[\"https:\\\/\\\/www.fcbarcelonanoticias.com\\\/en\\\/the-referee-designated-by-the-uefa-for-the-final-of-the-barc_285288_102.html\"]}]},{\"@type\":\"ImageObject\",\"inLanguage\":\"en-US\",\"@id\":\"https:\\\/\\\/www.fcbarcelonanoticias.com\\\/en\\\/the-referee-designated-by-the-uefa-for-the-final-of-the-barc_285288_102.html#primaryimage\",\"url\":\"https:\\\/\\\/www.fcbarcelonanoticias.com\\\/en\\\/wp-content\\\/uploads\\\/sites\\\/2\\\/2022\\\/10\\\/marciniak-champions-league.jpeg\",\"contentUrl\":\"https:\\\/\\\/www.fcbarcelonanoticias.com\\\/en\\\/wp-content\\\/uploads\\\/sites\\\/2\\\/2022\\\/10\\\/marciniak-champions-league.jpeg\",\"width\":1300,\"height\":737},{\"@type\":\"BreadcrumbList\",\"@id\":\"https:\\\/\\\/www.fcbarcelonanoticias.com\\\/en\\\/the-referee-designated-by-the-uefa-for-the-final-of-the-barc_285288_102.html#breadcrumb\",\"itemListElement\":[{\"@type\":\"ListItem\",\"position\":1,\"name\":\"Portada\",\"item\":\"https:\\\/\\\/www.fcbarcelonanoticias.com\\\/en\\\/\"},{\"@type\":\"ListItem\",\"position\":2,\"name\":\"The referee appointed by UEFA for Bar\u00e7a&#8217;s &#8216;final&#8217; against Inter\"}]},{\"@type\":\"WebSite\",\"@id\":\"https:\\\/\\\/www.fcbarcelonanoticias.com\\\/en\\\/#website\",\"url\":\"https:\\\/\\\/www.fcbarcelonanoticias.com\\\/en\\\/\",\"name\":\"EN - FC Barcelona Noticias\",\"description\":\"\",\"potentialAction\":[{\"@type\":\"SearchAction\",\"target\":{\"@type\":\"EntryPoint\",\"urlTemplate\":\"https:\\\/\\\/www.fcbarcelonanoticias.com\\\/en\\\/?s={search_term_string}\"},\"query-input\":{\"@type\":\"PropertyValueSpecification\",\"valueRequired\":true,\"valueName\":\"search_term_string\"}}],\"inLanguage\":\"en-US\"},{\"@type\":\"Person\",\"@id\":\"https:\\\/\\\/www.fcbarcelonanoticias.com\\\/en\\\/#\\\/schema\\\/person\\\/aa1d038709c262cb247e240f6b39bbf5\",\"name\":\"Carlos Montenegro\",\"image\":{\"@type\":\"ImageObject\",\"inLanguage\":\"en-US\",\"@id\":\"https:\\\/\\\/secure.gravatar.com\\\/avatar\\\/?s=96&d=mm&r=g\",\"url\":\"https:\\\/\\\/secure.gravatar.com\\\/avatar\\\/?s=96&d=mm&r=g\",\"contentUrl\":\"https:\\\/\\\/secure.gravatar.com\\\/avatar\\\/?s=96&d=mm&r=g\",\"caption\":\"Carlos Montenegro\"},\"url\":\"https:\\\/\\\/www.fcbarcelonanoticias.com\\\/en\\\/carlos-montenegro_20_115.html\"}]}<\/script>\n<!-- \/ Yoast SEO plugin. -->","yoast_head_json":{"title":"The referee appointed by UEFA for Bar\u00e7a's 'final' against Inter","description":"Only a victory in four parties registers the FC Barcelona with the referee Szymon Marciniak&nbsp;for the party of Champions of this Wednesday where the equip...","robots":{"index":"index","follow":"follow","max-snippet":"max-snippet:-1","max-image-preview":"max-image-preview:large","max-video-preview":"max-video-preview:-1"},"canonical":"https:\/\/www.fcbarcelonanoticias.com\/en\/the-referee-designated-by-the-uefa-for-the-final-of-the-barc_285288_102.html","og_locale":"en_US","og_type":"article","og_title":"The referee appointed by UEFA for Bar\u00e7a's 'final' against Inter","og_description":"Only a victory in four parties registers the FC Barcelona with the referee Szymon Marciniak&nbsp;for the party of Champions of this Wednesday where the equip...","og_url":"https:\/\/www.fcbarcelonanoticias.com\/en\/the-referee-designated-by-the-uefa-for-the-final-of-the-barc_285288_102.html","og_site_name":"EN - FC Barcelona Noticias","article_published_time":"2022-10-10T14:23:00+00:00","og_image":[{"width":1300,"height":737,"url":"https:\/\/www.fcbarcelonanoticias.com\/en\/wp-content\/uploads\/sites\/2\/2022\/10\/marciniak-champions-league.jpeg","type":"image\/jpeg"}],"author":"Carlos Montenegro","twitter_card":"summary_large_image","twitter_misc":{"Written by":"Carlos Montenegro","Est. reading time":"3 minutes"},"schema":{"@context":"https:\/\/schema.org","@graph":[{"@type":"Article","@id":"https:\/\/www.fcbarcelonanoticias.com\/en\/the-referee-designated-by-the-uefa-for-the-final-of-the-barc_285288_102.html#article","isPartOf":{"@id":"https:\/\/www.fcbarcelonanoticias.com\/en\/the-referee-designated-by-the-uefa-for-the-final-of-the-barc_285288_102.html"},"author":{"name":"Carlos Montenegro","@id":"https:\/\/www.fcbarcelonanoticias.com\/en\/#\/schema\/person\/aa1d038709c262cb247e240f6b39bbf5"},"headline":"The referee appointed by UEFA for Bar\u00e7a&#8217;s &#8216;final&#8217; against Inter","datePublished":"2022-10-10T14:23:00+00:00","mainEntityOfPage":{"@id":"https:\/\/www.fcbarcelonanoticias.com\/en\/the-referee-designated-by-the-uefa-for-the-final-of-the-barc_285288_102.html"},"wordCount":523,"image":{"@id":"https:\/\/www.fcbarcelonanoticias.com\/en\/the-referee-designated-by-the-uefa-for-the-final-of-the-barc_285288_102.html#primaryimage"},"thumbnailUrl":"https:\/\/www.fcbarcelonanoticias.com\/en\/wp-content\/uploads\/sites\/2\/2022\/10\/marciniak-champions-league.jpeg","articleSection":["Sin categor\u00eda"],"inLanguage":"en-US"},{"@type":"WebPage","@id":"https:\/\/www.fcbarcelonanoticias.com\/en\/the-referee-designated-by-the-uefa-for-the-final-of-the-barc_285288_102.html","url":"https:\/\/www.fcbarcelonanoticias.com\/en\/the-referee-designated-by-the-uefa-for-the-final-of-the-barc_285288_102.html","name":"The referee appointed by UEFA for Bar\u00e7a's 'final' against Inter","isPartOf":{"@id":"https:\/\/www.fcbarcelonanoticias.com\/en\/#website"},"primaryImageOfPage":{"@id":"https:\/\/www.fcbarcelonanoticias.com\/en\/the-referee-designated-by-the-uefa-for-the-final-of-the-barc_285288_102.html#primaryimage"},"image":{"@id":"https:\/\/www.fcbarcelonanoticias.com\/en\/the-referee-designated-by-the-uefa-for-the-final-of-the-barc_285288_102.html#primaryimage"},"thumbnailUrl":"https:\/\/www.fcbarcelonanoticias.com\/en\/wp-content\/uploads\/sites\/2\/2022\/10\/marciniak-champions-league.jpeg","datePublished":"2022-10-10T14:23:00+00:00","author":{"@id":"https:\/\/www.fcbarcelonanoticias.com\/en\/#\/schema\/person\/aa1d038709c262cb247e240f6b39bbf5"},"description":"Only a victory in four parties registers the FC Barcelona with the referee Szymon Marciniak&nbsp;for the party of Champions of this Wednesday where the equip...","breadcrumb":{"@id":"https:\/\/www.fcbarcelonanoticias.com\/en\/the-referee-designated-by-the-uefa-for-the-final-of-the-barc_285288_102.html#breadcrumb"},"inLanguage":"en-US","potentialAction":[{"@type":"ReadAction","target":["https:\/\/www.fcbarcelonanoticias.com\/en\/the-referee-designated-by-the-uefa-for-the-final-of-the-barc_285288_102.html"]}]},{"@type":"ImageObject","inLanguage":"en-US","@id":"https:\/\/www.fcbarcelonanoticias.com\/en\/the-referee-designated-by-the-uefa-for-the-final-of-the-barc_285288_102.html#primaryimage","url":"https:\/\/www.fcbarcelonanoticias.com\/en\/wp-content\/uploads\/sites\/2\/2022\/10\/marciniak-champions-league.jpeg","contentUrl":"https:\/\/www.fcbarcelonanoticias.com\/en\/wp-content\/uploads\/sites\/2\/2022\/10\/marciniak-champions-league.jpeg","width":1300,"height":737},{"@type":"BreadcrumbList","@id":"https:\/\/www.fcbarcelonanoticias.com\/en\/the-referee-designated-by-the-uefa-for-the-final-of-the-barc_285288_102.html#breadcrumb","itemListElement":[{"@type":"ListItem","position":1,"name":"Portada","item":"https:\/\/www.fcbarcelonanoticias.com\/en\/"},{"@type":"ListItem","position":2,"name":"The referee appointed by UEFA for Bar\u00e7a&#8217;s &#8216;final&#8217; against Inter"}]},{"@type":"WebSite","@id":"https:\/\/www.fcbarcelonanoticias.com\/en\/#website","url":"https:\/\/www.fcbarcelonanoticias.com\/en\/","name":"EN - FC Barcelona Noticias","description":"","potentialAction":[{"@type":"SearchAction","target":{"@type":"EntryPoint","urlTemplate":"https:\/\/www.fcbarcelonanoticias.com\/en\/?s={search_term_string}"},"query-input":{"@type":"PropertyValueSpecification","valueRequired":true,"valueName":"search_term_string"}}],"inLanguage":"en-US"},{"@type":"Person","@id":"https:\/\/www.fcbarcelonanoticias.com\/en\/#\/schema\/person\/aa1d038709c262cb247e240f6b39bbf5","name":"Carlos Montenegro","image":{"@type":"ImageObject","inLanguage":"en-US","@id":"https:\/\/secure.gravatar.com\/avatar\/?s=96&d=mm&r=g","url":"https:\/\/secure.gravatar.com\/avatar\/?s=96&d=mm&r=g","contentUrl":"https:\/\/secure.gravatar.com\/avatar\/?s=96&d=mm&r=g","caption":"Carlos Montenegro"},"url":"https:\/\/www.fcbarcelonanoticias.com\/en\/carlos-montenegro_20_115.html"}]}},"_links":{"self":[{"href":"https:\/\/www.fcbarcelonanoticias.com\/en\/wp-json\/wp\/v2\/posts\/3183","targetHints":{"allow":["GET"]}}],"collection":[{"href":"https:\/\/www.fcbarcelonanoticias.com\/en\/wp-json\/wp\/v2\/posts"}],"about":[{"href":"https:\/\/www.fcbarcelonanoticias.com\/en\/wp-json\/wp\/v2\/types\/post"}],"author":[{"embeddable":true,"href":"https:\/\/www.fcbarcelonanoticias.com\/en\/wp-json\/wp\/v2\/users\/345"}],"replies":[{"embeddable":true,"href":"https:\/\/www.fcbarcelonanoticias.com\/en\/wp-json\/wp\/v2\/comments?post=3183"}],"version-history":[{"count":1,"href":"https:\/\/www.fcbarcelonanoticias.com\/en\/wp-json\/wp\/v2\/posts\/3183\/revisions"}],"predecessor-version":[{"id":100166,"href":"https:\/\/www.fcbarcelonanoticias.com\/en\/wp-json\/wp\/v2\/posts\/3183\/revisions\/100166"}],"wp:featuredmedia":[{"embeddable":true,"href":"https:\/\/www.fcbarcelonanoticias.com\/en\/wp-json\/wp\/v2\/media\/284"}],"wp:attachment":[{"href":"https:\/\/www.fcbarcelonanoticias.com\/en\/wp-json\/wp\/v2\/media?parent=3183"}],"wp:term":[{"taxonomy":"category","embeddable":true,"href":"https:\/\/www.fcbarcelonanoticias.com\/en\/wp-json\/wp\/v2\/categories?post=3183"},{"taxonomy":"post_tag","embeddable":true,"href":"https:\/\/www.fcbarcelonanoticias.com\/en\/wp-json\/wp\/v2\/tags?post=3183"}],"curies":[{"name":"wp","href":"https:\/\/api.w.org\/{rel}","templated":true}]}}