{"id":3187,"date":"2019-11-02T17:03:00","date_gmt":"2019-11-02T16:03:00","guid":{"rendered":"https:\/\/weisetech.dev\/fc-barcelona-noticias\/en\/alarm-luis-suarez-was-injured-in-the-first-half_252813_102\/"},"modified":"2026-04-16T09:14:01","modified_gmt":"2026-04-16T07:14:01","slug":"alarm-luis-suarez-was-injured-in-the-first-half_252813_102","status":"publish","type":"post","link":"https:\/\/www.fcbarcelonanoticias.com\/en\/alarm-luis-suarez-was-injured-in-the-first-half_252813_102.html","title":{"rendered":"ALARM: Luis Su\u00e1rez was injured in the first half of the Levante-Bar\u00e7a"},"content":{"rendered":"<h2 class=\"wp-block-heading\">Luis Su\u00e1rez couldn&#8217;t finish the first half of the Levante-Bar\u00e7a, and left injured with visible pain in the right ankle. The next explorations will determine which is the scope of the injury<\/h2>  \r\n<div class=\"article-addons\">\r\n    <a href=\"https:\/\/www.fcbarcelonanoticias.com\/en\/calendar-fc-barcelona.html\"\r\n       target=\"_self\"\r\n       title=\"Calendar of FC Barcelona\"\r\n       class=\"blue-gredient-btn\">\r\n       \r\n        Calendar of FC Barcelona    <\/a>\r\n<\/div>   <p>Bad leg for Luis Su\u00e1rez. The Uruguayan forward <strong>suffered a hard entrance during the first minutes of the Raise-Bar\u00e7a, to the height of the ankle<\/strong>, and this him merm\u00f3 of face to the following minutes. So much, that saw him limp ostensiblemente and even asked the change to the bench cul\u00e9. Ernesto Valverde did not doubt and <strong>planted in the terrain of game to Carles P\u00e9rez<\/strong> before it finalised the first act.<\/p>  <p><strong>The first diagnostic that carries from the medical services<\/strong> signals that Luis Su\u00e1rez suffers some<strong> &#8220;muscular annoyances in the right leg, in the zone of the s\u00f3leo&#8221;<\/strong>, and during the night of this same Saturday, when arriving to Barcelona, will do him new proofs to determine the exact scope of the injury. It fits to remember that the charr\u00faa already suffered this course an injury in the s\u00f3leo of the right leg, <strong>against the Athletic of Bilbao<\/strong> in the first day of League.<\/p>  <p>By fault of that injury remained three weeks separated of the terrains of game, and expects that<strong> the ailment produced this Saturday against the Raise was not so grave<\/strong>. To relieve to Luis Su\u00e1rez of the field Valverde chose to <strong>Carles P\u00e9rez<\/strong>, although Ansu Fati also had heated in the band. <strong>The &#8216;Txingurri&#8217; altered the drawing of the forward changing sideways to Griezmann<\/strong> -to the one who situated in the right- putting to Carles P\u00e9rez in the left and to Messi of false &#8216;9&#8217;.<\/p>  <p>In the second time, with 3-1 in the marker in favour of the Raise, <strong>Valverde called also to Ansu Fati and happened to play with a 4-2-3-1 with Leo Messi and Griezmann inside<\/strong> and Ansu Fati and Carles P\u00e9rez opened in the bands, leaving to Busquets and Of Jong in the centre of the field.<\/p>  <h3>Luis Su\u00e1rez could lose the Bar\u00e7a-Slavia of the Tuesday<\/h3>  <p><strong>Any of the strategies worked, since <a data-external=\"0\" data-intl-links-en=\"https:\/\/www.fcbarcelonanoticias.com\/en\/laliga\/levante-fc-barcelona-3-1-laliga-santander-2019-20_252805_102.html\" data-intl-links-es=\"https:\/\/www.fcbarcelonanoticias.com\/laliga\/levante-fc-barcelona-3-1-laliga-santander-2019-20_252805_102.html\" href=\"https:\/\/www.fcbarcelonanoticias.com\/en\/laliga\/levante-fc-barcelona-3-1-laliga-santander-2019-20_252805_102.html\" rel=\"follow\" target=\"_self\" title=\"El Bar\u00e7a vuelve a las andadas y cae en Levante con una esperp\u00e9ntica 2\u00aa parte (3-1)\">the FC Barcelona finish falling goleado of shameful way<\/a><\/strong> in the Ciutat of Val\u00e8ncia and breaks like this the series of seven consecutive victories that accumulated. To all this, and going back to Luis Su\u00e1rez, seems complicated to these heights that the charr\u00faa can be available pars play next Tuesday in front of the Slavia of Prague, in <strong><a data-external=\"1\" href=\"https:\/\/www.fcbarcelonanoticias.com\/champions-league-calendario-y-resultados.html\" rel=\"follow\" target=\"_self\" title=\"cuarta jornada de la fase de grupos de la Champions League\">the fourth day of the phase of groups of the Champions League<\/a><\/strong>.<\/p>  <p>It is likely that <strong>Valverde bet by Demb\u00e9l\u00e9 for said meeting, situating him beside Leo Messi and Antoine Griezmann up<\/strong>. Ansu Fati And Carles P\u00e9rez could expect his opportunity again in the bench, as sucedi\u00f3 this Saturday in the Ciutat of Val\u00e8ncia. Play the one who play in attack, in defence or in any position, a thing is clear: <strong>the Bar\u00e7a has to improve and his players have to be more constant<\/strong> on the lawn.<\/p> ","protected":false},"excerpt":{"rendered":"<p>Luis Su\u00e1rez couldn&#8217;t finish the first half of the Levante-Bar\u00e7a, and left injured with visible pain in the right ankle. The next explorations will determine which is the scope of the injury Bad leg for Luis Su\u00e1rez. The Uruguayan forward suffered a hard entrance during the first minutes of the Raise-Bar\u00e7a, to the height of [&hellip;]<\/p>\n","protected":false},"author":392,"featured_media":292,"comment_status":"closed","ping_status":"open","sticky":false,"template":"","format":"standard","meta":{"_acf_changed":false,"inline_featured_image":false,"_nextfly_llmd_date_locked":false,"footnotes":""},"categories":[453,107],"tags":[136,134,135],"class_list":["post-3187","post","type-post","status-publish","format-standard","has-post-thumbnail","hentry","category-players-2","category-players","tag-injured","tag-levante-ud","tag-luis-suarez"],"acf":[],"yoast_head":"<!-- This site is optimized with the Yoast SEO plugin v27.3 - https:\/\/yoast.com\/product\/yoast-seo-wordpress\/ -->\n<title>ALARM: Luis Su\u00e1rez was injured in the first half of the Levante-Bar\u00e7a<\/title>\n<meta name=\"description\" content=\"Luis Su\u00e1rez couldn&#039;t finish the first half of the Levante-Bar\u00e7a, and left injured with visible pain in the right ankle. The next explorations will determine which is the scope of the injury\" \/>\n<meta name=\"robots\" content=\"index, follow, max-snippet:-1, max-image-preview:large, max-video-preview:-1\" \/>\n<link rel=\"canonical\" href=\"https:\/\/www.fcbarcelonanoticias.com\/en\/alarm-luis-suarez-was-injured-in-the-first-half_252813_102.html\" \/>\n<meta property=\"og:locale\" content=\"en_US\" \/>\n<meta property=\"og:type\" content=\"article\" \/>\n<meta property=\"og:title\" content=\"ALARM: Luis Su\u00e1rez was injured in the first half of the Levante-Bar\u00e7a\" \/>\n<meta property=\"og:description\" content=\"Luis Su\u00e1rez couldn&#039;t finish the first half of the Levante-Bar\u00e7a, and left injured with visible pain in the right ankle. The next explorations will determine which is the scope of the injury\" \/>\n<meta property=\"og:url\" content=\"https:\/\/www.fcbarcelonanoticias.com\/en\/alarm-luis-suarez-was-injured-in-the-first-half_252813_102.html\" \/>\n<meta property=\"og:site_name\" content=\"EN - FC Barcelona Noticias\" \/>\n<meta property=\"article:published_time\" content=\"2019-11-02T16:03:00+00:00\" \/>\n<meta property=\"article:modified_time\" content=\"2026-04-16T07:14:01+00:00\" \/>\n<meta property=\"og:image\" content=\"https:\/\/www.fcbarcelonanoticias.com\/en\/wp-content\/uploads\/sites\/2\/2019\/11\/suarez-levante.jpeg\" \/>\n\t<meta property=\"og:image:width\" content=\"1200\" \/>\n\t<meta property=\"og:image:height\" content=\"659\" \/>\n\t<meta property=\"og:image:type\" content=\"image\/jpeg\" \/>\n<meta name=\"author\" content=\"user_4048\" \/>\n<meta name=\"twitter:card\" content=\"summary_large_image\" \/>\n<meta name=\"twitter:label1\" content=\"Written by\" \/>\n\t<meta name=\"twitter:data1\" content=\"user_4048\" \/>\n\t<meta name=\"twitter:label2\" content=\"Est. reading time\" \/>\n\t<meta name=\"twitter:data2\" content=\"3 minutes\" \/>\n<script type=\"application\/ld+json\" class=\"yoast-schema-graph\">{\"@context\":\"https:\\\/\\\/schema.org\",\"@graph\":[{\"@type\":\"Article\",\"@id\":\"https:\\\/\\\/www.fcbarcelonanoticias.com\\\/en\\\/alarm-luis-suarez-was-injured-in-the-first-half_252813_102.html#article\",\"isPartOf\":{\"@id\":\"https:\\\/\\\/www.fcbarcelonanoticias.com\\\/en\\\/alarm-luis-suarez-was-injured-in-the-first-half_252813_102.html\"},\"author\":{\"name\":\"user_4048\",\"@id\":\"https:\\\/\\\/www.fcbarcelonanoticias.com\\\/en\\\/#\\\/schema\\\/person\\\/fcdad55cab72b8d0e106d75506783b6d\"},\"headline\":\"ALARM: Luis Su\u00e1rez was injured in the first half of the Levante-Bar\u00e7a\",\"datePublished\":\"2019-11-02T16:03:00+00:00\",\"dateModified\":\"2026-04-16T07:14:01+00:00\",\"mainEntityOfPage\":{\"@id\":\"https:\\\/\\\/www.fcbarcelonanoticias.com\\\/en\\\/alarm-luis-suarez-was-injured-in-the-first-half_252813_102.html\"},\"wordCount\":524,\"image\":{\"@id\":\"https:\\\/\\\/www.fcbarcelonanoticias.com\\\/en\\\/alarm-luis-suarez-was-injured-in-the-first-half_252813_102.html#primaryimage\"},\"thumbnailUrl\":\"https:\\\/\\\/www.fcbarcelonanoticias.com\\\/en\\\/wp-content\\\/uploads\\\/sites\\\/2\\\/2019\\\/11\\\/suarez-levante.jpeg\",\"keywords\":[\"injured\",\"Levante UD\",\"Luis Su\u00e1rez\"],\"articleSection\":[\"Players\",\"Players\"],\"inLanguage\":\"en-US\"},{\"@type\":\"WebPage\",\"@id\":\"https:\\\/\\\/www.fcbarcelonanoticias.com\\\/en\\\/alarm-luis-suarez-was-injured-in-the-first-half_252813_102.html\",\"url\":\"https:\\\/\\\/www.fcbarcelonanoticias.com\\\/en\\\/alarm-luis-suarez-was-injured-in-the-first-half_252813_102.html\",\"name\":\"ALARM: Luis Su\u00e1rez was injured in the first half of the Levante-Bar\u00e7a\",\"isPartOf\":{\"@id\":\"https:\\\/\\\/www.fcbarcelonanoticias.com\\\/en\\\/#website\"},\"primaryImageOfPage\":{\"@id\":\"https:\\\/\\\/www.fcbarcelonanoticias.com\\\/en\\\/alarm-luis-suarez-was-injured-in-the-first-half_252813_102.html#primaryimage\"},\"image\":{\"@id\":\"https:\\\/\\\/www.fcbarcelonanoticias.com\\\/en\\\/alarm-luis-suarez-was-injured-in-the-first-half_252813_102.html#primaryimage\"},\"thumbnailUrl\":\"https:\\\/\\\/www.fcbarcelonanoticias.com\\\/en\\\/wp-content\\\/uploads\\\/sites\\\/2\\\/2019\\\/11\\\/suarez-levante.jpeg\",\"datePublished\":\"2019-11-02T16:03:00+00:00\",\"dateModified\":\"2026-04-16T07:14:01+00:00\",\"author\":{\"@id\":\"https:\\\/\\\/www.fcbarcelonanoticias.com\\\/en\\\/#\\\/schema\\\/person\\\/fcdad55cab72b8d0e106d75506783b6d\"},\"description\":\"Luis Su\u00e1rez couldn't finish the first half of the Levante-Bar\u00e7a, and left injured with visible pain in the right ankle. The next explorations will determine which is the scope of the injury\",\"breadcrumb\":{\"@id\":\"https:\\\/\\\/www.fcbarcelonanoticias.com\\\/en\\\/alarm-luis-suarez-was-injured-in-the-first-half_252813_102.html#breadcrumb\"},\"inLanguage\":\"en-US\",\"potentialAction\":[{\"@type\":\"ReadAction\",\"target\":[\"https:\\\/\\\/www.fcbarcelonanoticias.com\\\/en\\\/alarm-luis-suarez-was-injured-in-the-first-half_252813_102.html\"]}]},{\"@type\":\"ImageObject\",\"inLanguage\":\"en-US\",\"@id\":\"https:\\\/\\\/www.fcbarcelonanoticias.com\\\/en\\\/alarm-luis-suarez-was-injured-in-the-first-half_252813_102.html#primaryimage\",\"url\":\"https:\\\/\\\/www.fcbarcelonanoticias.com\\\/en\\\/wp-content\\\/uploads\\\/sites\\\/2\\\/2019\\\/11\\\/suarez-levante.jpeg\",\"contentUrl\":\"https:\\\/\\\/www.fcbarcelonanoticias.com\\\/en\\\/wp-content\\\/uploads\\\/sites\\\/2\\\/2019\\\/11\\\/suarez-levante.jpeg\",\"width\":1200,\"height\":659},{\"@type\":\"BreadcrumbList\",\"@id\":\"https:\\\/\\\/www.fcbarcelonanoticias.com\\\/en\\\/alarm-luis-suarez-was-injured-in-the-first-half_252813_102.html#breadcrumb\",\"itemListElement\":[{\"@type\":\"ListItem\",\"position\":1,\"name\":\"Portada\",\"item\":\"https:\\\/\\\/www.fcbarcelonanoticias.com\\\/en\\\/\"},{\"@type\":\"ListItem\",\"position\":2,\"name\":\"ALARM: Luis Su\u00e1rez was injured in the first half of the Levante-Bar\u00e7a\"}]},{\"@type\":\"WebSite\",\"@id\":\"https:\\\/\\\/www.fcbarcelonanoticias.com\\\/en\\\/#website\",\"url\":\"https:\\\/\\\/www.fcbarcelonanoticias.com\\\/en\\\/\",\"name\":\"EN - FC Barcelona Noticias\",\"description\":\"\",\"potentialAction\":[{\"@type\":\"SearchAction\",\"target\":{\"@type\":\"EntryPoint\",\"urlTemplate\":\"https:\\\/\\\/www.fcbarcelonanoticias.com\\\/en\\\/?s={search_term_string}\"},\"query-input\":{\"@type\":\"PropertyValueSpecification\",\"valueRequired\":true,\"valueName\":\"search_term_string\"}}],\"inLanguage\":\"en-US\"},{\"@type\":\"Person\",\"@id\":\"https:\\\/\\\/www.fcbarcelonanoticias.com\\\/en\\\/#\\\/schema\\\/person\\\/fcdad55cab72b8d0e106d75506783b6d\",\"name\":\"user_4048\",\"image\":{\"@type\":\"ImageObject\",\"inLanguage\":\"en-US\",\"@id\":\"https:\\\/\\\/secure.gravatar.com\\\/avatar\\\/?s=96&d=mm&r=g\",\"url\":\"https:\\\/\\\/secure.gravatar.com\\\/avatar\\\/?s=96&d=mm&r=g\",\"contentUrl\":\"https:\\\/\\\/secure.gravatar.com\\\/avatar\\\/?s=96&d=mm&r=g\",\"caption\":\"user_4048\"},\"url\":\"https:\\\/\\\/www.fcbarcelonanoticias.com\\\/en\\\/user_4048.html\"}]}<\/script>\n<!-- \/ Yoast SEO plugin. -->","yoast_head_json":{"title":"ALARM: Luis Su\u00e1rez was injured in the first half of the Levante-Bar\u00e7a","description":"Luis Su\u00e1rez couldn't finish the first half of the Levante-Bar\u00e7a, and left injured with visible pain in the right ankle. The next explorations will determine which is the scope of the injury","robots":{"index":"index","follow":"follow","max-snippet":"max-snippet:-1","max-image-preview":"max-image-preview:large","max-video-preview":"max-video-preview:-1"},"canonical":"https:\/\/www.fcbarcelonanoticias.com\/en\/alarm-luis-suarez-was-injured-in-the-first-half_252813_102.html","og_locale":"en_US","og_type":"article","og_title":"ALARM: Luis Su\u00e1rez was injured in the first half of the Levante-Bar\u00e7a","og_description":"Luis Su\u00e1rez couldn't finish the first half of the Levante-Bar\u00e7a, and left injured with visible pain in the right ankle. The next explorations will determine which is the scope of the injury","og_url":"https:\/\/www.fcbarcelonanoticias.com\/en\/alarm-luis-suarez-was-injured-in-the-first-half_252813_102.html","og_site_name":"EN - FC Barcelona Noticias","article_published_time":"2019-11-02T16:03:00+00:00","article_modified_time":"2026-04-16T07:14:01+00:00","og_image":[{"width":1200,"height":659,"url":"https:\/\/www.fcbarcelonanoticias.com\/en\/wp-content\/uploads\/sites\/2\/2019\/11\/suarez-levante.jpeg","type":"image\/jpeg"}],"author":"user_4048","twitter_card":"summary_large_image","twitter_misc":{"Written by":"user_4048","Est. reading time":"3 minutes"},"schema":{"@context":"https:\/\/schema.org","@graph":[{"@type":"Article","@id":"https:\/\/www.fcbarcelonanoticias.com\/en\/alarm-luis-suarez-was-injured-in-the-first-half_252813_102.html#article","isPartOf":{"@id":"https:\/\/www.fcbarcelonanoticias.com\/en\/alarm-luis-suarez-was-injured-in-the-first-half_252813_102.html"},"author":{"name":"user_4048","@id":"https:\/\/www.fcbarcelonanoticias.com\/en\/#\/schema\/person\/fcdad55cab72b8d0e106d75506783b6d"},"headline":"ALARM: Luis Su\u00e1rez was injured in the first half of the Levante-Bar\u00e7a","datePublished":"2019-11-02T16:03:00+00:00","dateModified":"2026-04-16T07:14:01+00:00","mainEntityOfPage":{"@id":"https:\/\/www.fcbarcelonanoticias.com\/en\/alarm-luis-suarez-was-injured-in-the-first-half_252813_102.html"},"wordCount":524,"image":{"@id":"https:\/\/www.fcbarcelonanoticias.com\/en\/alarm-luis-suarez-was-injured-in-the-first-half_252813_102.html#primaryimage"},"thumbnailUrl":"https:\/\/www.fcbarcelonanoticias.com\/en\/wp-content\/uploads\/sites\/2\/2019\/11\/suarez-levante.jpeg","keywords":["injured","Levante UD","Luis Su\u00e1rez"],"articleSection":["Players","Players"],"inLanguage":"en-US"},{"@type":"WebPage","@id":"https:\/\/www.fcbarcelonanoticias.com\/en\/alarm-luis-suarez-was-injured-in-the-first-half_252813_102.html","url":"https:\/\/www.fcbarcelonanoticias.com\/en\/alarm-luis-suarez-was-injured-in-the-first-half_252813_102.html","name":"ALARM: Luis Su\u00e1rez was injured in the first half of the Levante-Bar\u00e7a","isPartOf":{"@id":"https:\/\/www.fcbarcelonanoticias.com\/en\/#website"},"primaryImageOfPage":{"@id":"https:\/\/www.fcbarcelonanoticias.com\/en\/alarm-luis-suarez-was-injured-in-the-first-half_252813_102.html#primaryimage"},"image":{"@id":"https:\/\/www.fcbarcelonanoticias.com\/en\/alarm-luis-suarez-was-injured-in-the-first-half_252813_102.html#primaryimage"},"thumbnailUrl":"https:\/\/www.fcbarcelonanoticias.com\/en\/wp-content\/uploads\/sites\/2\/2019\/11\/suarez-levante.jpeg","datePublished":"2019-11-02T16:03:00+00:00","dateModified":"2026-04-16T07:14:01+00:00","author":{"@id":"https:\/\/www.fcbarcelonanoticias.com\/en\/#\/schema\/person\/fcdad55cab72b8d0e106d75506783b6d"},"description":"Luis Su\u00e1rez couldn't finish the first half of the Levante-Bar\u00e7a, and left injured with visible pain in the right ankle. The next explorations will determine which is the scope of the injury","breadcrumb":{"@id":"https:\/\/www.fcbarcelonanoticias.com\/en\/alarm-luis-suarez-was-injured-in-the-first-half_252813_102.html#breadcrumb"},"inLanguage":"en-US","potentialAction":[{"@type":"ReadAction","target":["https:\/\/www.fcbarcelonanoticias.com\/en\/alarm-luis-suarez-was-injured-in-the-first-half_252813_102.html"]}]},{"@type":"ImageObject","inLanguage":"en-US","@id":"https:\/\/www.fcbarcelonanoticias.com\/en\/alarm-luis-suarez-was-injured-in-the-first-half_252813_102.html#primaryimage","url":"https:\/\/www.fcbarcelonanoticias.com\/en\/wp-content\/uploads\/sites\/2\/2019\/11\/suarez-levante.jpeg","contentUrl":"https:\/\/www.fcbarcelonanoticias.com\/en\/wp-content\/uploads\/sites\/2\/2019\/11\/suarez-levante.jpeg","width":1200,"height":659},{"@type":"BreadcrumbList","@id":"https:\/\/www.fcbarcelonanoticias.com\/en\/alarm-luis-suarez-was-injured-in-the-first-half_252813_102.html#breadcrumb","itemListElement":[{"@type":"ListItem","position":1,"name":"Portada","item":"https:\/\/www.fcbarcelonanoticias.com\/en\/"},{"@type":"ListItem","position":2,"name":"ALARM: Luis Su\u00e1rez was injured in the first half of the Levante-Bar\u00e7a"}]},{"@type":"WebSite","@id":"https:\/\/www.fcbarcelonanoticias.com\/en\/#website","url":"https:\/\/www.fcbarcelonanoticias.com\/en\/","name":"EN - FC Barcelona Noticias","description":"","potentialAction":[{"@type":"SearchAction","target":{"@type":"EntryPoint","urlTemplate":"https:\/\/www.fcbarcelonanoticias.com\/en\/?s={search_term_string}"},"query-input":{"@type":"PropertyValueSpecification","valueRequired":true,"valueName":"search_term_string"}}],"inLanguage":"en-US"},{"@type":"Person","@id":"https:\/\/www.fcbarcelonanoticias.com\/en\/#\/schema\/person\/fcdad55cab72b8d0e106d75506783b6d","name":"user_4048","image":{"@type":"ImageObject","inLanguage":"en-US","@id":"https:\/\/secure.gravatar.com\/avatar\/?s=96&d=mm&r=g","url":"https:\/\/secure.gravatar.com\/avatar\/?s=96&d=mm&r=g","contentUrl":"https:\/\/secure.gravatar.com\/avatar\/?s=96&d=mm&r=g","caption":"user_4048"},"url":"https:\/\/www.fcbarcelonanoticias.com\/en\/user_4048.html"}]}},"_links":{"self":[{"href":"https:\/\/www.fcbarcelonanoticias.com\/en\/wp-json\/wp\/v2\/posts\/3187","targetHints":{"allow":["GET"]}}],"collection":[{"href":"https:\/\/www.fcbarcelonanoticias.com\/en\/wp-json\/wp\/v2\/posts"}],"about":[{"href":"https:\/\/www.fcbarcelonanoticias.com\/en\/wp-json\/wp\/v2\/types\/post"}],"author":[{"embeddable":true,"href":"https:\/\/www.fcbarcelonanoticias.com\/en\/wp-json\/wp\/v2\/users\/392"}],"replies":[{"embeddable":true,"href":"https:\/\/www.fcbarcelonanoticias.com\/en\/wp-json\/wp\/v2\/comments?post=3187"}],"version-history":[{"count":2,"href":"https:\/\/www.fcbarcelonanoticias.com\/en\/wp-json\/wp\/v2\/posts\/3187\/revisions"}],"predecessor-version":[{"id":169562,"href":"https:\/\/www.fcbarcelonanoticias.com\/en\/wp-json\/wp\/v2\/posts\/3187\/revisions\/169562"}],"wp:featuredmedia":[{"embeddable":true,"href":"https:\/\/www.fcbarcelonanoticias.com\/en\/wp-json\/wp\/v2\/media\/292"}],"wp:attachment":[{"href":"https:\/\/www.fcbarcelonanoticias.com\/en\/wp-json\/wp\/v2\/media?parent=3187"}],"wp:term":[{"taxonomy":"category","embeddable":true,"href":"https:\/\/www.fcbarcelonanoticias.com\/en\/wp-json\/wp\/v2\/categories?post=3187"},{"taxonomy":"post_tag","embeddable":true,"href":"https:\/\/www.fcbarcelonanoticias.com\/en\/wp-json\/wp\/v2\/tags?post=3187"}],"curies":[{"name":"wp","href":"https:\/\/api.w.org\/{rel}","templated":true}]}}