{"id":31893,"date":"2024-07-30T16:52:00","date_gmt":"2024-07-30T14:52:00","guid":{"rendered":"https:\/\/weisetech.dev\/fc-barcelona-noticias\/en\/the-mediocentro-ideal-for-the-fc-barcelona-is-exhibiting-in-the-port-wine_305975_102\/"},"modified":"2024-07-30T16:52:00","modified_gmt":"2024-07-30T14:52:00","slug":"the-mediocentro-ideal-for-the-fc-barcelona-is-exhibiting-in-the-port-wine_305975_102","status":"publish","type":"post","link":"https:\/\/www.fcbarcelonanoticias.com\/en\/fc-barcelona\/the-mediocentro-ideal-for-the-fc-barcelona-is-exhibiting-in-the-port-wine_305975_102.html","title":{"rendered":"The ideal midfielder for FC Barcelona is showing off at Porto"},"content":{"rendered":"<h2 class=\"wp-block-heading\">Nico Gonz\u00e1lez is excited about the new campaign. The midfielder has become one of the top figures of Porto&#8217;s preseason, while Bar\u00e7a continues its search for reinforcement for the midfield.<\/h2>  \r\n<div class=\"article-addons\">\r\n    <a href=\"https:\/\/www.fcbarcelonanoticias.com\/en\/calendar-fc-barcelona.html\"\r\n       target=\"_self\"\r\n       title=\"Calendar of FC Barcelona\"\r\n       class=\"blue-gredient-btn\">\r\n       \r\n        Calendar of FC Barcelona    <\/a>\r\n<\/div>   <p>Nico Gonz\u00e1lez, ex footballer of the <a data-external=\"0\" data-intl-links-en=\"https:\/\/www.fcbarcelonanoticias.com\/en\/fc-barcelona\" data-intl-links-es=\"https:\/\/www.fcbarcelonanoticias.com\/fc-barcelona\" href=\"https:\/\/www.fcbarcelonanoticias.com\/en\/football-soccer\/fc-barcelona.html\" rel=\"follow\" target=\"_self\" title=\"FC Barcelona\">FC Barcelona<\/a>, has conagrado like one of the big disclosures of the pre-season of the Port wine. The mediocampista has showed more mature and has won &#8216;weight&#8217; in the Portuguese team, where already surrendered in a very well level during the past campaign.<strong> His spectacular start during the period estival previous to the preparation for the next season has &#8216;dazzled&#8217; to all and sundry<\/strong>, that already avizoran a successful course 24\/25 for the player.<\/p>  <p>His numbers in this pre-season are really wonderful taking in account that, a priori, his role moves him away of the area. In the start &#8216;avasallador&#8217; of the team of V\u00edctor Bruno, which registers a balance of four victories and invicto, <strong>Nico has annotated four goals, delivered in the friendly in front of the To the Nassr FC (two goals), the Austria Wien (a goal) and in front of the To the-Arabi (a goal)<\/strong>. His big performances have caused a &#8216;wave&#8217; of praises to his figure, especially after his partidazo in the goleada by 0-4 in front of the group of Cristiano Ronaldo, where his doublet carried him to be chosen like the man of the meeting.<\/p>  <p>The midfield player of the Masia of 22 years has elevated his level in this pre-season, with the aim to consolidate and turn into a key piece of face to the next season with the Port wine. <strong>At present, as &#8216;Transfermarket&#8217; has a value of market of 15 million euros<\/strong>, but if it keeps the performance showed up to now, is very likely that this shoot along the campaign.<\/p>  <h2>The Bar\u00e7a looks for a mediocentro<\/h2>  <p>The beginning of the &#8216;explosion&#8217; of Gonz\u00e1lez arrives in the middle of the research of a mediocampista in Can Bar\u00e7a. The Catalans want to reinforce a medullary that has seen weakened by the injuries and the low performance of footballer like Frenkie of Jong, and while <a data-external=\"0\" data-intl-links-en=\"https:\/\/www.fcbarcelonanoticias.com\/en\/transfers\/the-casting-of-flick-to-find-to-the-new-mediocentro-defensive-of-the-barca_305917_102.html\" data-intl-links-es=\"https:\/\/www.fcbarcelonanoticias.com\/fichajes\/casting-hansi-flick-encontrar-nuevo-mediocentro-defensivo-barca_305917_102.html\" href=\"https:\/\/www.fcbarcelonanoticias.com\/en\/transfers\/the-casting-of-flick-to-find-to-the-new-mediocentro-defensive-of-the-barca_305917_102.html\" rel=\"follow\" target=\"_self\" title=\"El 'casting' de Hansi Flick para encontrar al nuevo mediocentro defensivo del Bar\u00e7a\">the options of footballers like Kimmich and Mikel Merino have gone back &#8216;slope up&#8217; for the club<\/a>, an ex player of the &#8216;house&#8217; as Nico begins to stand out in one of the most important teams of the continent,<strong> what could do that in the offices blaugranas question if they committed an error to the deprenderse of the Galician<\/strong>.<\/p> ","protected":false},"excerpt":{"rendered":"<p>Nico Gonz\u00e1lez is excited about the new campaign. The midfielder has become one of the top figures of Porto&#8217;s preseason, while Bar\u00e7a continues its search for reinforcement for the midfield. Nico Gonz\u00e1lez, ex footballer of the FC Barcelona, has conagrado like one of the big disclosures of the pre-season of the Port wine. The mediocampista [&hellip;]<\/p>\n","protected":false},"author":358,"featured_media":18489,"comment_status":"closed","ping_status":"open","sticky":false,"template":"","format":"standard","meta":{"_acf_changed":false,"inline_featured_image":false,"_nextfly_llmd_date_locked":false,"footnotes":""},"categories":[111],"tags":[85,292,181],"class_list":["post-31893","post","type-post","status-publish","format-standard","has-post-thumbnail","hentry","category-fc-barcelona","tag-fc-oporto","tag-nico-gonzalez","tag-the-masia"],"acf":[],"yoast_head":"<!-- This site is optimized with the Yoast SEO plugin v27.3 - https:\/\/yoast.com\/product\/yoast-seo-wordpress\/ -->\n<title>The mediocentro ideal for the FC Barcelona is exhibiting in the Port wine<\/title>\n<meta name=\"description\" content=\"Nico Gonz\u00e1lez ilusiona of face to the new campaign. The mediocampista has turned into one of the maximum figures of the pre-season of the Port wine, while the Bar\u00e7a keeps the research of a reinforcement for the medullary\" \/>\n<meta name=\"robots\" content=\"index, follow, max-snippet:-1, max-image-preview:large, max-video-preview:-1\" \/>\n<link rel=\"canonical\" href=\"https:\/\/www.fcbarcelonanoticias.com\/en\/fc-barcelona\/the-mediocentro-ideal-for-the-fc-barcelona-is-exhibiting-in-the-port-wine_305975_102.html\" \/>\n<meta property=\"og:locale\" content=\"en_US\" \/>\n<meta property=\"og:type\" content=\"article\" \/>\n<meta property=\"og:title\" content=\"The mediocentro ideal for the FC Barcelona is exhibiting in the Port wine\" \/>\n<meta property=\"og:description\" content=\"Nico Gonz\u00e1lez ilusiona of face to the new campaign. The mediocampista has turned into one of the maximum figures of the pre-season of the Port wine, while the Bar\u00e7a keeps the research of a reinforcement for the medullary\" \/>\n<meta property=\"og:url\" content=\"https:\/\/www.fcbarcelonanoticias.com\/en\/fc-barcelona\/the-mediocentro-ideal-for-the-fc-barcelona-is-exhibiting-in-the-port-wine_305975_102.html\" \/>\n<meta property=\"og:site_name\" content=\"EN - FC Barcelona Noticias\" \/>\n<meta property=\"article:published_time\" content=\"2024-07-30T14:52:00+00:00\" \/>\n<meta property=\"og:image\" content=\"https:\/\/www.fcbarcelonanoticias.com\/en\/wp-content\/uploads\/sites\/2\/2024\/07\/nico-gonzalez-oporto.jpeg\" \/>\n\t<meta property=\"og:image:width\" content=\"1300\" \/>\n\t<meta property=\"og:image:height\" content=\"732\" \/>\n\t<meta property=\"og:image:type\" content=\"image\/jpeg\" \/>\n<meta name=\"author\" content=\"Juan Pablo Berdugo\" \/>\n<meta name=\"twitter:card\" content=\"summary_large_image\" \/>\n<meta name=\"twitter:label1\" content=\"Written by\" \/>\n\t<meta name=\"twitter:data1\" content=\"Juan Pablo Berdugo\" \/>\n\t<meta name=\"twitter:label2\" content=\"Est. reading time\" \/>\n\t<meta name=\"twitter:data2\" content=\"2 minutes\" \/>\n<script type=\"application\/ld+json\" class=\"yoast-schema-graph\">{\"@context\":\"https:\\\/\\\/schema.org\",\"@graph\":[{\"@type\":\"Article\",\"@id\":\"https:\\\/\\\/www.fcbarcelonanoticias.com\\\/en\\\/fc-barcelona\\\/the-mediocentro-ideal-for-the-fc-barcelona-is-exhibiting-in-the-port-wine_305975_102.html#article\",\"isPartOf\":{\"@id\":\"https:\\\/\\\/www.fcbarcelonanoticias.com\\\/en\\\/fc-barcelona\\\/the-mediocentro-ideal-for-the-fc-barcelona-is-exhibiting-in-the-port-wine_305975_102.html\"},\"author\":{\"name\":\"Juan Pablo Berdugo\",\"@id\":\"https:\\\/\\\/www.fcbarcelonanoticias.com\\\/en\\\/#\\\/schema\\\/person\\\/88d756918a0a1ae9fa593b5edddd1815\"},\"headline\":\"The ideal midfielder for FC Barcelona is showing off at Porto\",\"datePublished\":\"2024-07-30T14:52:00+00:00\",\"mainEntityOfPage\":{\"@id\":\"https:\\\/\\\/www.fcbarcelonanoticias.com\\\/en\\\/fc-barcelona\\\/the-mediocentro-ideal-for-the-fc-barcelona-is-exhibiting-in-the-port-wine_305975_102.html\"},\"wordCount\":423,\"image\":{\"@id\":\"https:\\\/\\\/www.fcbarcelonanoticias.com\\\/en\\\/fc-barcelona\\\/the-mediocentro-ideal-for-the-fc-barcelona-is-exhibiting-in-the-port-wine_305975_102.html#primaryimage\"},\"thumbnailUrl\":\"https:\\\/\\\/www.fcbarcelonanoticias.com\\\/en\\\/wp-content\\\/uploads\\\/sites\\\/2\\\/2024\\\/07\\\/nico-gonzalez-oporto.jpeg\",\"keywords\":[\"FC Oporto\",\"Nico Gonz\u00e1lez\",\"The Masia\"],\"articleSection\":[\"FC Barcelona\"],\"inLanguage\":\"en-US\"},{\"@type\":\"WebPage\",\"@id\":\"https:\\\/\\\/www.fcbarcelonanoticias.com\\\/en\\\/fc-barcelona\\\/the-mediocentro-ideal-for-the-fc-barcelona-is-exhibiting-in-the-port-wine_305975_102.html\",\"url\":\"https:\\\/\\\/www.fcbarcelonanoticias.com\\\/en\\\/fc-barcelona\\\/the-mediocentro-ideal-for-the-fc-barcelona-is-exhibiting-in-the-port-wine_305975_102.html\",\"name\":\"The mediocentro ideal for the FC Barcelona is exhibiting in the Port wine\",\"isPartOf\":{\"@id\":\"https:\\\/\\\/www.fcbarcelonanoticias.com\\\/en\\\/#website\"},\"primaryImageOfPage\":{\"@id\":\"https:\\\/\\\/www.fcbarcelonanoticias.com\\\/en\\\/fc-barcelona\\\/the-mediocentro-ideal-for-the-fc-barcelona-is-exhibiting-in-the-port-wine_305975_102.html#primaryimage\"},\"image\":{\"@id\":\"https:\\\/\\\/www.fcbarcelonanoticias.com\\\/en\\\/fc-barcelona\\\/the-mediocentro-ideal-for-the-fc-barcelona-is-exhibiting-in-the-port-wine_305975_102.html#primaryimage\"},\"thumbnailUrl\":\"https:\\\/\\\/www.fcbarcelonanoticias.com\\\/en\\\/wp-content\\\/uploads\\\/sites\\\/2\\\/2024\\\/07\\\/nico-gonzalez-oporto.jpeg\",\"datePublished\":\"2024-07-30T14:52:00+00:00\",\"author\":{\"@id\":\"https:\\\/\\\/www.fcbarcelonanoticias.com\\\/en\\\/#\\\/schema\\\/person\\\/88d756918a0a1ae9fa593b5edddd1815\"},\"description\":\"Nico Gonz\u00e1lez ilusiona of face to the new campaign. The mediocampista has turned into one of the maximum figures of the pre-season of the Port wine, while the Bar\u00e7a keeps the research of a reinforcement for the medullary\",\"breadcrumb\":{\"@id\":\"https:\\\/\\\/www.fcbarcelonanoticias.com\\\/en\\\/fc-barcelona\\\/the-mediocentro-ideal-for-the-fc-barcelona-is-exhibiting-in-the-port-wine_305975_102.html#breadcrumb\"},\"inLanguage\":\"en-US\",\"potentialAction\":[{\"@type\":\"ReadAction\",\"target\":[\"https:\\\/\\\/www.fcbarcelonanoticias.com\\\/en\\\/fc-barcelona\\\/the-mediocentro-ideal-for-the-fc-barcelona-is-exhibiting-in-the-port-wine_305975_102.html\"]}]},{\"@type\":\"ImageObject\",\"inLanguage\":\"en-US\",\"@id\":\"https:\\\/\\\/www.fcbarcelonanoticias.com\\\/en\\\/fc-barcelona\\\/the-mediocentro-ideal-for-the-fc-barcelona-is-exhibiting-in-the-port-wine_305975_102.html#primaryimage\",\"url\":\"https:\\\/\\\/www.fcbarcelonanoticias.com\\\/en\\\/wp-content\\\/uploads\\\/sites\\\/2\\\/2024\\\/07\\\/nico-gonzalez-oporto.jpeg\",\"contentUrl\":\"https:\\\/\\\/www.fcbarcelonanoticias.com\\\/en\\\/wp-content\\\/uploads\\\/sites\\\/2\\\/2024\\\/07\\\/nico-gonzalez-oporto.jpeg\",\"width\":1300,\"height\":732},{\"@type\":\"BreadcrumbList\",\"@id\":\"https:\\\/\\\/www.fcbarcelonanoticias.com\\\/en\\\/fc-barcelona\\\/the-mediocentro-ideal-for-the-fc-barcelona-is-exhibiting-in-the-port-wine_305975_102.html#breadcrumb\",\"itemListElement\":[{\"@type\":\"ListItem\",\"position\":1,\"name\":\"Portada\",\"item\":\"https:\\\/\\\/www.fcbarcelonanoticias.com\\\/en\\\/\"},{\"@type\":\"ListItem\",\"position\":2,\"name\":\"The ideal midfielder for FC Barcelona is showing off at Porto\"}]},{\"@type\":\"WebSite\",\"@id\":\"https:\\\/\\\/www.fcbarcelonanoticias.com\\\/en\\\/#website\",\"url\":\"https:\\\/\\\/www.fcbarcelonanoticias.com\\\/en\\\/\",\"name\":\"EN - FC Barcelona Noticias\",\"description\":\"\",\"potentialAction\":[{\"@type\":\"SearchAction\",\"target\":{\"@type\":\"EntryPoint\",\"urlTemplate\":\"https:\\\/\\\/www.fcbarcelonanoticias.com\\\/en\\\/?s={search_term_string}\"},\"query-input\":{\"@type\":\"PropertyValueSpecification\",\"valueRequired\":true,\"valueName\":\"search_term_string\"}}],\"inLanguage\":\"en-US\"},{\"@type\":\"Person\",\"@id\":\"https:\\\/\\\/www.fcbarcelonanoticias.com\\\/en\\\/#\\\/schema\\\/person\\\/88d756918a0a1ae9fa593b5edddd1815\",\"name\":\"Juan Pablo Berdugo\",\"image\":{\"@type\":\"ImageObject\",\"inLanguage\":\"en-US\",\"@id\":\"https:\\\/\\\/secure.gravatar.com\\\/avatar\\\/?s=96&d=mm&r=g\",\"url\":\"https:\\\/\\\/secure.gravatar.com\\\/avatar\\\/?s=96&d=mm&r=g\",\"contentUrl\":\"https:\\\/\\\/secure.gravatar.com\\\/avatar\\\/?s=96&d=mm&r=g\",\"caption\":\"Juan Pablo Berdugo\"},\"description\":\"Juan Pablo Berdugo es graduado en Periodismo. Colabora con FCBN como especialista en informaci\u00f3n del primer equipo del FC Barcelona, f\u00fatbol internacional y mercado de fichajes. Destaca por su enfoque anal\u00edtico, su rigor informativo y su capacidad para detectar tendencias emergentes en el f\u00fatbol global.\",\"url\":\"https:\\\/\\\/www.fcbarcelonanoticias.com\\\/en\\\/fc-barcelona\\\/juan-pablo-berdugo_18_115.html\"}]}<\/script>\n<!-- \/ Yoast SEO plugin. -->","yoast_head_json":{"title":"The mediocentro ideal for the FC Barcelona is exhibiting in the Port wine","description":"Nico Gonz\u00e1lez ilusiona of face to the new campaign. The mediocampista has turned into one of the maximum figures of the pre-season of the Port wine, while the Bar\u00e7a keeps the research of a reinforcement for the medullary","robots":{"index":"index","follow":"follow","max-snippet":"max-snippet:-1","max-image-preview":"max-image-preview:large","max-video-preview":"max-video-preview:-1"},"canonical":"https:\/\/www.fcbarcelonanoticias.com\/en\/fc-barcelona\/the-mediocentro-ideal-for-the-fc-barcelona-is-exhibiting-in-the-port-wine_305975_102.html","og_locale":"en_US","og_type":"article","og_title":"The mediocentro ideal for the FC Barcelona is exhibiting in the Port wine","og_description":"Nico Gonz\u00e1lez ilusiona of face to the new campaign. The mediocampista has turned into one of the maximum figures of the pre-season of the Port wine, while the Bar\u00e7a keeps the research of a reinforcement for the medullary","og_url":"https:\/\/www.fcbarcelonanoticias.com\/en\/fc-barcelona\/the-mediocentro-ideal-for-the-fc-barcelona-is-exhibiting-in-the-port-wine_305975_102.html","og_site_name":"EN - FC Barcelona Noticias","article_published_time":"2024-07-30T14:52:00+00:00","og_image":[{"width":1300,"height":732,"url":"https:\/\/www.fcbarcelonanoticias.com\/en\/wp-content\/uploads\/sites\/2\/2024\/07\/nico-gonzalez-oporto.jpeg","type":"image\/jpeg"}],"author":"Juan Pablo Berdugo","twitter_card":"summary_large_image","twitter_misc":{"Written by":"Juan Pablo Berdugo","Est. reading time":"2 minutes"},"schema":{"@context":"https:\/\/schema.org","@graph":[{"@type":"Article","@id":"https:\/\/www.fcbarcelonanoticias.com\/en\/fc-barcelona\/the-mediocentro-ideal-for-the-fc-barcelona-is-exhibiting-in-the-port-wine_305975_102.html#article","isPartOf":{"@id":"https:\/\/www.fcbarcelonanoticias.com\/en\/fc-barcelona\/the-mediocentro-ideal-for-the-fc-barcelona-is-exhibiting-in-the-port-wine_305975_102.html"},"author":{"name":"Juan Pablo Berdugo","@id":"https:\/\/www.fcbarcelonanoticias.com\/en\/#\/schema\/person\/88d756918a0a1ae9fa593b5edddd1815"},"headline":"The ideal midfielder for FC Barcelona is showing off at Porto","datePublished":"2024-07-30T14:52:00+00:00","mainEntityOfPage":{"@id":"https:\/\/www.fcbarcelonanoticias.com\/en\/fc-barcelona\/the-mediocentro-ideal-for-the-fc-barcelona-is-exhibiting-in-the-port-wine_305975_102.html"},"wordCount":423,"image":{"@id":"https:\/\/www.fcbarcelonanoticias.com\/en\/fc-barcelona\/the-mediocentro-ideal-for-the-fc-barcelona-is-exhibiting-in-the-port-wine_305975_102.html#primaryimage"},"thumbnailUrl":"https:\/\/www.fcbarcelonanoticias.com\/en\/wp-content\/uploads\/sites\/2\/2024\/07\/nico-gonzalez-oporto.jpeg","keywords":["FC Oporto","Nico Gonz\u00e1lez","The Masia"],"articleSection":["FC Barcelona"],"inLanguage":"en-US"},{"@type":"WebPage","@id":"https:\/\/www.fcbarcelonanoticias.com\/en\/fc-barcelona\/the-mediocentro-ideal-for-the-fc-barcelona-is-exhibiting-in-the-port-wine_305975_102.html","url":"https:\/\/www.fcbarcelonanoticias.com\/en\/fc-barcelona\/the-mediocentro-ideal-for-the-fc-barcelona-is-exhibiting-in-the-port-wine_305975_102.html","name":"The mediocentro ideal for the FC Barcelona is exhibiting in the Port wine","isPartOf":{"@id":"https:\/\/www.fcbarcelonanoticias.com\/en\/#website"},"primaryImageOfPage":{"@id":"https:\/\/www.fcbarcelonanoticias.com\/en\/fc-barcelona\/the-mediocentro-ideal-for-the-fc-barcelona-is-exhibiting-in-the-port-wine_305975_102.html#primaryimage"},"image":{"@id":"https:\/\/www.fcbarcelonanoticias.com\/en\/fc-barcelona\/the-mediocentro-ideal-for-the-fc-barcelona-is-exhibiting-in-the-port-wine_305975_102.html#primaryimage"},"thumbnailUrl":"https:\/\/www.fcbarcelonanoticias.com\/en\/wp-content\/uploads\/sites\/2\/2024\/07\/nico-gonzalez-oporto.jpeg","datePublished":"2024-07-30T14:52:00+00:00","author":{"@id":"https:\/\/www.fcbarcelonanoticias.com\/en\/#\/schema\/person\/88d756918a0a1ae9fa593b5edddd1815"},"description":"Nico Gonz\u00e1lez ilusiona of face to the new campaign. The mediocampista has turned into one of the maximum figures of the pre-season of the Port wine, while the Bar\u00e7a keeps the research of a reinforcement for the medullary","breadcrumb":{"@id":"https:\/\/www.fcbarcelonanoticias.com\/en\/fc-barcelona\/the-mediocentro-ideal-for-the-fc-barcelona-is-exhibiting-in-the-port-wine_305975_102.html#breadcrumb"},"inLanguage":"en-US","potentialAction":[{"@type":"ReadAction","target":["https:\/\/www.fcbarcelonanoticias.com\/en\/fc-barcelona\/the-mediocentro-ideal-for-the-fc-barcelona-is-exhibiting-in-the-port-wine_305975_102.html"]}]},{"@type":"ImageObject","inLanguage":"en-US","@id":"https:\/\/www.fcbarcelonanoticias.com\/en\/fc-barcelona\/the-mediocentro-ideal-for-the-fc-barcelona-is-exhibiting-in-the-port-wine_305975_102.html#primaryimage","url":"https:\/\/www.fcbarcelonanoticias.com\/en\/wp-content\/uploads\/sites\/2\/2024\/07\/nico-gonzalez-oporto.jpeg","contentUrl":"https:\/\/www.fcbarcelonanoticias.com\/en\/wp-content\/uploads\/sites\/2\/2024\/07\/nico-gonzalez-oporto.jpeg","width":1300,"height":732},{"@type":"BreadcrumbList","@id":"https:\/\/www.fcbarcelonanoticias.com\/en\/fc-barcelona\/the-mediocentro-ideal-for-the-fc-barcelona-is-exhibiting-in-the-port-wine_305975_102.html#breadcrumb","itemListElement":[{"@type":"ListItem","position":1,"name":"Portada","item":"https:\/\/www.fcbarcelonanoticias.com\/en\/"},{"@type":"ListItem","position":2,"name":"The ideal midfielder for FC Barcelona is showing off at Porto"}]},{"@type":"WebSite","@id":"https:\/\/www.fcbarcelonanoticias.com\/en\/#website","url":"https:\/\/www.fcbarcelonanoticias.com\/en\/","name":"EN - FC Barcelona Noticias","description":"","potentialAction":[{"@type":"SearchAction","target":{"@type":"EntryPoint","urlTemplate":"https:\/\/www.fcbarcelonanoticias.com\/en\/?s={search_term_string}"},"query-input":{"@type":"PropertyValueSpecification","valueRequired":true,"valueName":"search_term_string"}}],"inLanguage":"en-US"},{"@type":"Person","@id":"https:\/\/www.fcbarcelonanoticias.com\/en\/#\/schema\/person\/88d756918a0a1ae9fa593b5edddd1815","name":"Juan Pablo Berdugo","image":{"@type":"ImageObject","inLanguage":"en-US","@id":"https:\/\/secure.gravatar.com\/avatar\/?s=96&d=mm&r=g","url":"https:\/\/secure.gravatar.com\/avatar\/?s=96&d=mm&r=g","contentUrl":"https:\/\/secure.gravatar.com\/avatar\/?s=96&d=mm&r=g","caption":"Juan Pablo Berdugo"},"description":"Juan Pablo Berdugo es graduado en Periodismo. Colabora con FCBN como especialista en informaci\u00f3n del primer equipo del FC Barcelona, f\u00fatbol internacional y mercado de fichajes. Destaca por su enfoque anal\u00edtico, su rigor informativo y su capacidad para detectar tendencias emergentes en el f\u00fatbol global.","url":"https:\/\/www.fcbarcelonanoticias.com\/en\/fc-barcelona\/juan-pablo-berdugo_18_115.html"}]}},"_links":{"self":[{"href":"https:\/\/www.fcbarcelonanoticias.com\/en\/wp-json\/wp\/v2\/posts\/31893","targetHints":{"allow":["GET"]}}],"collection":[{"href":"https:\/\/www.fcbarcelonanoticias.com\/en\/wp-json\/wp\/v2\/posts"}],"about":[{"href":"https:\/\/www.fcbarcelonanoticias.com\/en\/wp-json\/wp\/v2\/types\/post"}],"author":[{"embeddable":true,"href":"https:\/\/www.fcbarcelonanoticias.com\/en\/wp-json\/wp\/v2\/users\/358"}],"replies":[{"embeddable":true,"href":"https:\/\/www.fcbarcelonanoticias.com\/en\/wp-json\/wp\/v2\/comments?post=31893"}],"version-history":[{"count":1,"href":"https:\/\/www.fcbarcelonanoticias.com\/en\/wp-json\/wp\/v2\/posts\/31893\/revisions"}],"predecessor-version":[{"id":108455,"href":"https:\/\/www.fcbarcelonanoticias.com\/en\/wp-json\/wp\/v2\/posts\/31893\/revisions\/108455"}],"wp:featuredmedia":[{"embeddable":true,"href":"https:\/\/www.fcbarcelonanoticias.com\/en\/wp-json\/wp\/v2\/media\/18489"}],"wp:attachment":[{"href":"https:\/\/www.fcbarcelonanoticias.com\/en\/wp-json\/wp\/v2\/media?parent=31893"}],"wp:term":[{"taxonomy":"category","embeddable":true,"href":"https:\/\/www.fcbarcelonanoticias.com\/en\/wp-json\/wp\/v2\/categories?post=31893"},{"taxonomy":"post_tag","embeddable":true,"href":"https:\/\/www.fcbarcelonanoticias.com\/en\/wp-json\/wp\/v2\/tags?post=31893"}],"curies":[{"name":"wp","href":"https:\/\/api.w.org\/{rel}","templated":true}]}}