{"id":32076,"date":"2023-06-06T15:18:00","date_gmt":"2023-06-06T13:18:00","guid":{"rendered":"https:\/\/weisetech.dev\/fc-barcelona-noticias\/en\/the-market-starts-barcas-viability-plan-is-finally-approvedby-laliga_292984_102\/"},"modified":"2023-06-06T15:18:00","modified_gmt":"2023-06-06T13:18:00","slug":"the-market-starts-barcas-viability-plan-is-finally-approvedby-laliga_292984_102","status":"publish","type":"post","link":"https:\/\/www.fcbarcelonanoticias.com\/en\/fc-barcelona\/the-market-starts-barcas-viability-plan-is-finally-approvedby-laliga_292984_102.html","title":{"rendered":"The market &#8216;starts&#8217;! Bar\u00e7a&#8217;s viability plan is finally approved by LaLiga"},"content":{"rendered":"<h2 class=\"wp-block-heading\">The renewals and signings of FC Barcelona will no longer be a problem for this summer after LaLiga approved the plan presented by the Bar\u00e7a team for the next two summers<\/h2>  \r\n<div class=\"article-addons\">\r\n    <a href=\"https:\/\/www.fcbarcelonanoticias.com\/en\/calendar-fc-barcelona.html\"\r\n       target=\"_self\"\r\n       title=\"Calendar of FC Barcelona\"\r\n       class=\"blue-gredient-btn\">\r\n       \r\n        Calendar of FC Barcelona    <\/a>\r\n<\/div>   <p>If this past Monday was a very active day in Can Bar\u00e7a, the Tuesday will not remain backwards with the news that finally <strong>LaLiga has given his approval to the plan of feasibility that presented the FC Barcelona does some weeks and that will allow him fichar and inscribe this next summer. <\/strong>With this news, reviewed by &#8216;Mark&#8217; and &#8216;Sportive World&#8217;, the cul\u00e9s remain already authorised to concretise his operations of market and renewals.<\/p>  <p>The plan of feasibility or of tesorer\u00eda also includes the summer of 2024 and has finished being accepted thank you largely to the already made savings by the Barcelona team in operations like the sale of Griezmann, the exit of Alba and Busquets, as well as the retreat of Gerard Hammered. <strong>With this stage now yes remains sure that the team cul\u00e9 will be able to close also the registration of the new agreements of pillars of the project like Ronald Ara\u00fajo and Gavi.<\/strong><\/p>  <h2>The most important folders have to review<\/h2>  <p>The informations however aim that the Barcelona team still has to sell footballers or negotiate existent index cards and will not be able to fichar under the rule of the 1-1 (spend a euro by each euro saved in questions related with the cost of the staff) but it is in the rule of 40%. <strong>This leaves to the Bar\u00e7a with margin for signings of 40% of what save or have saved until the moment. <\/strong><\/p>  <p>Thinking directly in signings already remains ensured the arrival of I\u00f1igo Mart\u00ednez, the one who has all closed with the entity does already several weeks, <a data-external=\"0\" data-intl-links-en=\"https:\/\/www.fcbarcelonanoticias.com\/en\/transfers\/deal-closed-inigo-martinez-first-signing-barcelona-2023-2024_292953_102.html\" data-intl-links-es=\"https:\/\/www.fcbarcelonanoticias.com\/fichajes\/acuerdo-cerrado-inigo-martinez-primer-fichaje-barcelona-2023-2024_292953_102.html\" href=\"https:\/\/www.fcbarcelonanoticias.com\/en\/transfers\/deal-closed-inigo-martinez-first-signing-barcelona-2023-2024_292953_102.html\" rel=\"follow\" target=\"_self\" title=\"\u00a1Acuerdo cerrado! I\u00f1igo Mart\u00ednez, el primer fichaje del Bar\u00e7a para la 2023-2024\">as we inform in FCBN this Monday<\/a>. Likewise the Catalan club can communicate him to Ilkay G\u00fcndogan <strong>that his verbal agreement by the next three seasons can concretise so prompt like the German decide, and of course, do a concrete proposal for the return of Leo Messi.<\/strong><\/p>  <h2>Work for doing in the dispatches cul\u00e9s<\/h2>  <p>The Barcelona club already <a data-external=\"0\" data-intl-links-en=\"https:\/\/www.fcbarcelonanoticias.com\/en\/players\/lionel-messi\/barca-fight-back-summit-at-laportas-home-with-jorge-messi_292949_102.html\" data-intl-links-es=\"https:\/\/www.fcbarcelonanoticias.com\/jugadores\/lionel-messi\/barcelona-contraataca-cumbre-en-casa-laporta-con-jorge-messi_292949_102.html\" href=\"https:\/\/www.fcbarcelonanoticias.com\/en\/players\/lionel-messi\/barca-fight-back-summit-at-laportas-home-with-jorge-messi_292949_102.html\" rel=\"follow\" target=\"_self\" title=\"\u00a1El Bar\u00e7a contraataca! 'Cumbre' en casa de Laporta con&nbsp;Jorge&nbsp;Messi\">gathered this Monday with the father and representative of the Argentinian player<\/a>, <strong>but still could not send some official offer and simply treated of a preliminary conversation to see which are the conditions of both parts. <\/strong>Finally, the renewals of I\u00f1aki Crag, Sergi Roberto, Marcos Alonso and Balde also will be able to be oficializadas in front of the patronal, each one with conditions and different lengths.<\/p> ","protected":false},"excerpt":{"rendered":"<p>The renewals and signings of FC Barcelona will no longer be a problem for this summer after LaLiga approved the plan presented by the Bar\u00e7a team for the next two summers If this past Monday was a very active day in Can Bar\u00e7a, the Tuesday will not remain backwards with the news that finally LaLiga [&hellip;]<\/p>\n","protected":false},"author":345,"featured_media":22224,"comment_status":"closed","ping_status":"open","sticky":false,"template":"","format":"standard","meta":{"_acf_changed":false,"inline_featured_image":false,"_nextfly_llmd_date_locked":false,"footnotes":""},"categories":[111],"tags":[170,158,48],"class_list":["post-32076","post","type-post","status-publish","format-standard","has-post-thumbnail","hentry","category-fc-barcelona","tag-ilkay-gundogan","tag-joan-laporta","tag-xavi-hernandez"],"acf":[],"yoast_head":"<!-- This site is optimized with the Yoast SEO plugin v27.3 - https:\/\/yoast.com\/product\/yoast-seo-wordpress\/ -->\n<title>The market &#039;starts&#039;! Bar\u00e7a&#039;s viability plan is finally approved by LaLiga<\/title>\n<meta name=\"description\" content=\"The renewals and signings of FC Barcelona will no longer be a problem for this summer after LaLiga approved the plan presented by the Bar\u00e7a team for the next two summers\" \/>\n<meta name=\"robots\" content=\"index, follow, max-snippet:-1, max-image-preview:large, max-video-preview:-1\" \/>\n<link rel=\"canonical\" href=\"https:\/\/www.fcbarcelonanoticias.com\/en\/fc-barcelona\/the-market-starts-barcas-viability-plan-is-finally-approvedby-laliga_292984_102.html\" \/>\n<meta property=\"og:locale\" content=\"en_US\" \/>\n<meta property=\"og:type\" content=\"article\" \/>\n<meta property=\"og:title\" content=\"The market &#039;starts&#039;! Bar\u00e7a&#039;s viability plan is finally approved by LaLiga\" \/>\n<meta property=\"og:description\" content=\"The renewals and signings of FC Barcelona will no longer be a problem for this summer after LaLiga approved the plan presented by the Bar\u00e7a team for the next two summers\" \/>\n<meta property=\"og:url\" content=\"https:\/\/www.fcbarcelonanoticias.com\/en\/fc-barcelona\/the-market-starts-barcas-viability-plan-is-finally-approvedby-laliga_292984_102.html\" \/>\n<meta property=\"og:site_name\" content=\"EN - FC Barcelona Noticias\" \/>\n<meta property=\"article:published_time\" content=\"2023-06-06T13:18:00+00:00\" \/>\n<meta property=\"og:image\" content=\"https:\/\/www.fcbarcelonanoticias.com\/en\/wp-content\/uploads\/sites\/2\/2022\/12\/fbl-colombia-spain-barcelona-laporta-1.jpeg\" \/>\n\t<meta property=\"og:image:width\" content=\"1200\" \/>\n\t<meta property=\"og:image:height\" content=\"701\" \/>\n\t<meta property=\"og:image:type\" content=\"image\/jpeg\" \/>\n<meta name=\"author\" content=\"Carlos Montenegro\" \/>\n<meta name=\"twitter:card\" content=\"summary_large_image\" \/>\n<meta name=\"twitter:label1\" content=\"Written by\" \/>\n\t<meta name=\"twitter:data1\" content=\"Carlos Montenegro\" \/>\n\t<meta name=\"twitter:label2\" content=\"Est. reading time\" \/>\n\t<meta name=\"twitter:data2\" content=\"2 minutes\" \/>\n<script type=\"application\/ld+json\" class=\"yoast-schema-graph\">{\"@context\":\"https:\\\/\\\/schema.org\",\"@graph\":[{\"@type\":\"Article\",\"@id\":\"https:\\\/\\\/www.fcbarcelonanoticias.com\\\/en\\\/fc-barcelona\\\/the-market-starts-barcas-viability-plan-is-finally-approvedby-laliga_292984_102.html#article\",\"isPartOf\":{\"@id\":\"https:\\\/\\\/www.fcbarcelonanoticias.com\\\/en\\\/fc-barcelona\\\/the-market-starts-barcas-viability-plan-is-finally-approvedby-laliga_292984_102.html\"},\"author\":{\"name\":\"Carlos Montenegro\",\"@id\":\"https:\\\/\\\/www.fcbarcelonanoticias.com\\\/en\\\/#\\\/schema\\\/person\\\/aa1d038709c262cb247e240f6b39bbf5\"},\"headline\":\"The market &#8216;starts&#8217;! Bar\u00e7a&#8217;s viability plan is finally approved by LaLiga\",\"datePublished\":\"2023-06-06T13:18:00+00:00\",\"mainEntityOfPage\":{\"@id\":\"https:\\\/\\\/www.fcbarcelonanoticias.com\\\/en\\\/fc-barcelona\\\/the-market-starts-barcas-viability-plan-is-finally-approvedby-laliga_292984_102.html\"},\"wordCount\":442,\"image\":{\"@id\":\"https:\\\/\\\/www.fcbarcelonanoticias.com\\\/en\\\/fc-barcelona\\\/the-market-starts-barcas-viability-plan-is-finally-approvedby-laliga_292984_102.html#primaryimage\"},\"thumbnailUrl\":\"https:\\\/\\\/www.fcbarcelonanoticias.com\\\/en\\\/wp-content\\\/uploads\\\/sites\\\/2\\\/2022\\\/12\\\/fbl-colombia-spain-barcelona-laporta-1.jpeg\",\"keywords\":[\"Ilkay G\u00fcndogan\",\"Joan Laporta\",\"Xavi Hern\u00e1ndez\"],\"articleSection\":[\"FC Barcelona\"],\"inLanguage\":\"en-US\"},{\"@type\":\"WebPage\",\"@id\":\"https:\\\/\\\/www.fcbarcelonanoticias.com\\\/en\\\/fc-barcelona\\\/the-market-starts-barcas-viability-plan-is-finally-approvedby-laliga_292984_102.html\",\"url\":\"https:\\\/\\\/www.fcbarcelonanoticias.com\\\/en\\\/fc-barcelona\\\/the-market-starts-barcas-viability-plan-is-finally-approvedby-laliga_292984_102.html\",\"name\":\"The market 'starts'! Bar\u00e7a's viability plan is finally approved by LaLiga\",\"isPartOf\":{\"@id\":\"https:\\\/\\\/www.fcbarcelonanoticias.com\\\/en\\\/#website\"},\"primaryImageOfPage\":{\"@id\":\"https:\\\/\\\/www.fcbarcelonanoticias.com\\\/en\\\/fc-barcelona\\\/the-market-starts-barcas-viability-plan-is-finally-approvedby-laliga_292984_102.html#primaryimage\"},\"image\":{\"@id\":\"https:\\\/\\\/www.fcbarcelonanoticias.com\\\/en\\\/fc-barcelona\\\/the-market-starts-barcas-viability-plan-is-finally-approvedby-laliga_292984_102.html#primaryimage\"},\"thumbnailUrl\":\"https:\\\/\\\/www.fcbarcelonanoticias.com\\\/en\\\/wp-content\\\/uploads\\\/sites\\\/2\\\/2022\\\/12\\\/fbl-colombia-spain-barcelona-laporta-1.jpeg\",\"datePublished\":\"2023-06-06T13:18:00+00:00\",\"author\":{\"@id\":\"https:\\\/\\\/www.fcbarcelonanoticias.com\\\/en\\\/#\\\/schema\\\/person\\\/aa1d038709c262cb247e240f6b39bbf5\"},\"description\":\"The renewals and signings of FC Barcelona will no longer be a problem for this summer after LaLiga approved the plan presented by the Bar\u00e7a team for the next two summers\",\"breadcrumb\":{\"@id\":\"https:\\\/\\\/www.fcbarcelonanoticias.com\\\/en\\\/fc-barcelona\\\/the-market-starts-barcas-viability-plan-is-finally-approvedby-laliga_292984_102.html#breadcrumb\"},\"inLanguage\":\"en-US\",\"potentialAction\":[{\"@type\":\"ReadAction\",\"target\":[\"https:\\\/\\\/www.fcbarcelonanoticias.com\\\/en\\\/fc-barcelona\\\/the-market-starts-barcas-viability-plan-is-finally-approvedby-laliga_292984_102.html\"]}]},{\"@type\":\"ImageObject\",\"inLanguage\":\"en-US\",\"@id\":\"https:\\\/\\\/www.fcbarcelonanoticias.com\\\/en\\\/fc-barcelona\\\/the-market-starts-barcas-viability-plan-is-finally-approvedby-laliga_292984_102.html#primaryimage\",\"url\":\"https:\\\/\\\/www.fcbarcelonanoticias.com\\\/en\\\/wp-content\\\/uploads\\\/sites\\\/2\\\/2022\\\/12\\\/fbl-colombia-spain-barcelona-laporta-1.jpeg\",\"contentUrl\":\"https:\\\/\\\/www.fcbarcelonanoticias.com\\\/en\\\/wp-content\\\/uploads\\\/sites\\\/2\\\/2022\\\/12\\\/fbl-colombia-spain-barcelona-laporta-1.jpeg\",\"width\":1200,\"height\":701},{\"@type\":\"BreadcrumbList\",\"@id\":\"https:\\\/\\\/www.fcbarcelonanoticias.com\\\/en\\\/fc-barcelona\\\/the-market-starts-barcas-viability-plan-is-finally-approvedby-laliga_292984_102.html#breadcrumb\",\"itemListElement\":[{\"@type\":\"ListItem\",\"position\":1,\"name\":\"Portada\",\"item\":\"https:\\\/\\\/www.fcbarcelonanoticias.com\\\/en\\\/\"},{\"@type\":\"ListItem\",\"position\":2,\"name\":\"The market &#8216;starts&#8217;! Bar\u00e7a&#8217;s viability plan is finally approved by LaLiga\"}]},{\"@type\":\"WebSite\",\"@id\":\"https:\\\/\\\/www.fcbarcelonanoticias.com\\\/en\\\/#website\",\"url\":\"https:\\\/\\\/www.fcbarcelonanoticias.com\\\/en\\\/\",\"name\":\"EN - FC Barcelona Noticias\",\"description\":\"\",\"potentialAction\":[{\"@type\":\"SearchAction\",\"target\":{\"@type\":\"EntryPoint\",\"urlTemplate\":\"https:\\\/\\\/www.fcbarcelonanoticias.com\\\/en\\\/?s={search_term_string}\"},\"query-input\":{\"@type\":\"PropertyValueSpecification\",\"valueRequired\":true,\"valueName\":\"search_term_string\"}}],\"inLanguage\":\"en-US\"},{\"@type\":\"Person\",\"@id\":\"https:\\\/\\\/www.fcbarcelonanoticias.com\\\/en\\\/#\\\/schema\\\/person\\\/aa1d038709c262cb247e240f6b39bbf5\",\"name\":\"Carlos Montenegro\",\"image\":{\"@type\":\"ImageObject\",\"inLanguage\":\"en-US\",\"@id\":\"https:\\\/\\\/secure.gravatar.com\\\/avatar\\\/?s=96&d=mm&r=g\",\"url\":\"https:\\\/\\\/secure.gravatar.com\\\/avatar\\\/?s=96&d=mm&r=g\",\"contentUrl\":\"https:\\\/\\\/secure.gravatar.com\\\/avatar\\\/?s=96&d=mm&r=g\",\"caption\":\"Carlos Montenegro\"},\"url\":\"https:\\\/\\\/www.fcbarcelonanoticias.com\\\/en\\\/carlos-montenegro_20_115.html\"}]}<\/script>\n<!-- \/ Yoast SEO plugin. -->","yoast_head_json":{"title":"The market 'starts'! Bar\u00e7a's viability plan is finally approved by LaLiga","description":"The renewals and signings of FC Barcelona will no longer be a problem for this summer after LaLiga approved the plan presented by the Bar\u00e7a team for the next two summers","robots":{"index":"index","follow":"follow","max-snippet":"max-snippet:-1","max-image-preview":"max-image-preview:large","max-video-preview":"max-video-preview:-1"},"canonical":"https:\/\/www.fcbarcelonanoticias.com\/en\/fc-barcelona\/the-market-starts-barcas-viability-plan-is-finally-approvedby-laliga_292984_102.html","og_locale":"en_US","og_type":"article","og_title":"The market 'starts'! Bar\u00e7a's viability plan is finally approved by LaLiga","og_description":"The renewals and signings of FC Barcelona will no longer be a problem for this summer after LaLiga approved the plan presented by the Bar\u00e7a team for the next two summers","og_url":"https:\/\/www.fcbarcelonanoticias.com\/en\/fc-barcelona\/the-market-starts-barcas-viability-plan-is-finally-approvedby-laliga_292984_102.html","og_site_name":"EN - FC Barcelona Noticias","article_published_time":"2023-06-06T13:18:00+00:00","og_image":[{"width":1200,"height":701,"url":"https:\/\/www.fcbarcelonanoticias.com\/en\/wp-content\/uploads\/sites\/2\/2022\/12\/fbl-colombia-spain-barcelona-laporta-1.jpeg","type":"image\/jpeg"}],"author":"Carlos Montenegro","twitter_card":"summary_large_image","twitter_misc":{"Written by":"Carlos Montenegro","Est. reading time":"2 minutes"},"schema":{"@context":"https:\/\/schema.org","@graph":[{"@type":"Article","@id":"https:\/\/www.fcbarcelonanoticias.com\/en\/fc-barcelona\/the-market-starts-barcas-viability-plan-is-finally-approvedby-laliga_292984_102.html#article","isPartOf":{"@id":"https:\/\/www.fcbarcelonanoticias.com\/en\/fc-barcelona\/the-market-starts-barcas-viability-plan-is-finally-approvedby-laliga_292984_102.html"},"author":{"name":"Carlos Montenegro","@id":"https:\/\/www.fcbarcelonanoticias.com\/en\/#\/schema\/person\/aa1d038709c262cb247e240f6b39bbf5"},"headline":"The market &#8216;starts&#8217;! Bar\u00e7a&#8217;s viability plan is finally approved by LaLiga","datePublished":"2023-06-06T13:18:00+00:00","mainEntityOfPage":{"@id":"https:\/\/www.fcbarcelonanoticias.com\/en\/fc-barcelona\/the-market-starts-barcas-viability-plan-is-finally-approvedby-laliga_292984_102.html"},"wordCount":442,"image":{"@id":"https:\/\/www.fcbarcelonanoticias.com\/en\/fc-barcelona\/the-market-starts-barcas-viability-plan-is-finally-approvedby-laliga_292984_102.html#primaryimage"},"thumbnailUrl":"https:\/\/www.fcbarcelonanoticias.com\/en\/wp-content\/uploads\/sites\/2\/2022\/12\/fbl-colombia-spain-barcelona-laporta-1.jpeg","keywords":["Ilkay G\u00fcndogan","Joan Laporta","Xavi Hern\u00e1ndez"],"articleSection":["FC Barcelona"],"inLanguage":"en-US"},{"@type":"WebPage","@id":"https:\/\/www.fcbarcelonanoticias.com\/en\/fc-barcelona\/the-market-starts-barcas-viability-plan-is-finally-approvedby-laliga_292984_102.html","url":"https:\/\/www.fcbarcelonanoticias.com\/en\/fc-barcelona\/the-market-starts-barcas-viability-plan-is-finally-approvedby-laliga_292984_102.html","name":"The market 'starts'! Bar\u00e7a's viability plan is finally approved by LaLiga","isPartOf":{"@id":"https:\/\/www.fcbarcelonanoticias.com\/en\/#website"},"primaryImageOfPage":{"@id":"https:\/\/www.fcbarcelonanoticias.com\/en\/fc-barcelona\/the-market-starts-barcas-viability-plan-is-finally-approvedby-laliga_292984_102.html#primaryimage"},"image":{"@id":"https:\/\/www.fcbarcelonanoticias.com\/en\/fc-barcelona\/the-market-starts-barcas-viability-plan-is-finally-approvedby-laliga_292984_102.html#primaryimage"},"thumbnailUrl":"https:\/\/www.fcbarcelonanoticias.com\/en\/wp-content\/uploads\/sites\/2\/2022\/12\/fbl-colombia-spain-barcelona-laporta-1.jpeg","datePublished":"2023-06-06T13:18:00+00:00","author":{"@id":"https:\/\/www.fcbarcelonanoticias.com\/en\/#\/schema\/person\/aa1d038709c262cb247e240f6b39bbf5"},"description":"The renewals and signings of FC Barcelona will no longer be a problem for this summer after LaLiga approved the plan presented by the Bar\u00e7a team for the next two summers","breadcrumb":{"@id":"https:\/\/www.fcbarcelonanoticias.com\/en\/fc-barcelona\/the-market-starts-barcas-viability-plan-is-finally-approvedby-laliga_292984_102.html#breadcrumb"},"inLanguage":"en-US","potentialAction":[{"@type":"ReadAction","target":["https:\/\/www.fcbarcelonanoticias.com\/en\/fc-barcelona\/the-market-starts-barcas-viability-plan-is-finally-approvedby-laliga_292984_102.html"]}]},{"@type":"ImageObject","inLanguage":"en-US","@id":"https:\/\/www.fcbarcelonanoticias.com\/en\/fc-barcelona\/the-market-starts-barcas-viability-plan-is-finally-approvedby-laliga_292984_102.html#primaryimage","url":"https:\/\/www.fcbarcelonanoticias.com\/en\/wp-content\/uploads\/sites\/2\/2022\/12\/fbl-colombia-spain-barcelona-laporta-1.jpeg","contentUrl":"https:\/\/www.fcbarcelonanoticias.com\/en\/wp-content\/uploads\/sites\/2\/2022\/12\/fbl-colombia-spain-barcelona-laporta-1.jpeg","width":1200,"height":701},{"@type":"BreadcrumbList","@id":"https:\/\/www.fcbarcelonanoticias.com\/en\/fc-barcelona\/the-market-starts-barcas-viability-plan-is-finally-approvedby-laliga_292984_102.html#breadcrumb","itemListElement":[{"@type":"ListItem","position":1,"name":"Portada","item":"https:\/\/www.fcbarcelonanoticias.com\/en\/"},{"@type":"ListItem","position":2,"name":"The market &#8216;starts&#8217;! Bar\u00e7a&#8217;s viability plan is finally approved by LaLiga"}]},{"@type":"WebSite","@id":"https:\/\/www.fcbarcelonanoticias.com\/en\/#website","url":"https:\/\/www.fcbarcelonanoticias.com\/en\/","name":"EN - FC Barcelona Noticias","description":"","potentialAction":[{"@type":"SearchAction","target":{"@type":"EntryPoint","urlTemplate":"https:\/\/www.fcbarcelonanoticias.com\/en\/?s={search_term_string}"},"query-input":{"@type":"PropertyValueSpecification","valueRequired":true,"valueName":"search_term_string"}}],"inLanguage":"en-US"},{"@type":"Person","@id":"https:\/\/www.fcbarcelonanoticias.com\/en\/#\/schema\/person\/aa1d038709c262cb247e240f6b39bbf5","name":"Carlos Montenegro","image":{"@type":"ImageObject","inLanguage":"en-US","@id":"https:\/\/secure.gravatar.com\/avatar\/?s=96&d=mm&r=g","url":"https:\/\/secure.gravatar.com\/avatar\/?s=96&d=mm&r=g","contentUrl":"https:\/\/secure.gravatar.com\/avatar\/?s=96&d=mm&r=g","caption":"Carlos Montenegro"},"url":"https:\/\/www.fcbarcelonanoticias.com\/en\/carlos-montenegro_20_115.html"}]}},"_links":{"self":[{"href":"https:\/\/www.fcbarcelonanoticias.com\/en\/wp-json\/wp\/v2\/posts\/32076","targetHints":{"allow":["GET"]}}],"collection":[{"href":"https:\/\/www.fcbarcelonanoticias.com\/en\/wp-json\/wp\/v2\/posts"}],"about":[{"href":"https:\/\/www.fcbarcelonanoticias.com\/en\/wp-json\/wp\/v2\/types\/post"}],"author":[{"embeddable":true,"href":"https:\/\/www.fcbarcelonanoticias.com\/en\/wp-json\/wp\/v2\/users\/345"}],"replies":[{"embeddable":true,"href":"https:\/\/www.fcbarcelonanoticias.com\/en\/wp-json\/wp\/v2\/comments?post=32076"}],"version-history":[{"count":1,"href":"https:\/\/www.fcbarcelonanoticias.com\/en\/wp-json\/wp\/v2\/posts\/32076\/revisions"}],"predecessor-version":[{"id":108436,"href":"https:\/\/www.fcbarcelonanoticias.com\/en\/wp-json\/wp\/v2\/posts\/32076\/revisions\/108436"}],"wp:featuredmedia":[{"embeddable":true,"href":"https:\/\/www.fcbarcelonanoticias.com\/en\/wp-json\/wp\/v2\/media\/22224"}],"wp:attachment":[{"href":"https:\/\/www.fcbarcelonanoticias.com\/en\/wp-json\/wp\/v2\/media?parent=32076"}],"wp:term":[{"taxonomy":"category","embeddable":true,"href":"https:\/\/www.fcbarcelonanoticias.com\/en\/wp-json\/wp\/v2\/categories?post=32076"},{"taxonomy":"post_tag","embeddable":true,"href":"https:\/\/www.fcbarcelonanoticias.com\/en\/wp-json\/wp\/v2\/tags?post=32076"}],"curies":[{"name":"wp","href":"https:\/\/api.w.org\/{rel}","templated":true}]}}