{"id":32150,"date":"2024-11-19T18:42:00","date_gmt":"2024-11-19T17:42:00","guid":{"rendered":"https:\/\/weisetech.dev\/fc-barcelona-noticias\/en\/the-five-signings-that-hansi-flick-is-expecting-when-he-returns-from-the-international-break_308717_102\/"},"modified":"2024-11-20T08:04:00","modified_gmt":"2024-11-20T07:04:00","slug":"the-five-signings-that-hansi-flick-is-expecting-when-he-returns-from-the-international-break_308717_102","status":"publish","type":"post","link":"https:\/\/www.fcbarcelonanoticias.com\/en\/fc-barcelona\/the-five-signings-that-hansi-flick-is-expecting-when-he-returns-from-the-international-break_308717_102.html","title":{"rendered":"The five &#8216;signings&#8217; that Hansi Flick is expecting after the return from the international break"},"content":{"rendered":"<h2 class=\"wp-block-heading\">Hansi Flick hopes to recover Frenkie de Jong, Lewandowski, Lamine Yamal, Eric Garc\u00eda and H\u00e9ctor Fort for the match against Celta<\/h2>  \r\n<div class=\"article-addons\">\r\n    <a href=\"https:\/\/www.fcbarcelonanoticias.com\/en\/calendar-fc-barcelona.html\"\r\n       target=\"_self\"\r\n       title=\"Calendar of FC Barcelona\"\r\n       class=\"blue-gredient-btn\">\r\n       \r\n        Calendar of FC Barcelona    <\/a>\r\n<\/div>   <p>Alarm bells rang at <strong>FC Barcelona<\/strong> when the Dutch Football Federation (KNVB) issued a statement <a data-external=\"0\" data-intl-links-en=\"https:\/\/www.fcbarcelonanoticias.com\/en\/football-soccer\/relief-for-barca-netherlands-releases-frenkie-jong-early_308689_102.html\" data-intl-links-es=\"https:\/\/www.fcbarcelonanoticias.com\/futbol\/alivio-barca-paises-bajos-libera-anticipadamente-frenkie-jong_308689_102.html\" href=\"https:\/\/www.fcbarcelonanoticias.com\/en\/football-soccer\/relief-for-barca-netherlands-releases-frenkie-jong-early_308689_102.html\" rel=\"follow\" target=\"_self\" title=\"Relief for Bar\u00e7a! Netherlands releases Frenkie de Jong early\">announcing that Frenkie de Jong was leaving the camp for &#8220;medical reasons.&#8221;<\/a> The midfielder&#8217;s recent history of injuries, who has just recovered from his ankle problems, invited one to imagine the worst scenarios, but it all ended in a scare.<\/p>  <p>The player himself was in charge of transmitting peace of mind to the club, assuring that it was only a preventive measure and that he had not suffered any major setbacks. In fact, on his return to Barcelona, \u200b\u200bthe Dutchman did not even go to the <strong>Ciutat Esportiva<\/strong> as it was considered not necessary <strong>and it is expected that he will join training as normal this Thursday<\/strong>.<\/p>  <h3>Hansi Flick&#8217;s &#8216;reinforcements&#8217; for Bala\u00eddos<\/h3>  <p>That being the case, <strong>Hansi Flick <\/strong>will almost certainly be able to count on <strong>Frenkie <\/strong><a data-external=\"0\" data-intl-links-en=\"https:\/\/www.fcbarcelonanoticias.com\/en\/calendar\/calendar-fc-barcelona-november-espanyol-real-sociedad_308332_102.html\" data-intl-links-es=\"https:\/\/www.fcbarcelonanoticias.com\/calendario\/calendario-barcelona-noviembre-espanyol-estrella-roja-real-sociedad-celta-brest_308332_102.html\" href=\"https:\/\/www.fcbarcelonanoticias.com\/en\/calendar\/calendar-fc-barcelona-november-espanyol-real-sociedad_308332_102.html\" rel=\"follow\" target=\"_self\" title=\"FC Barcelona calendar in November: Espanyol, Real Sociedad...\">in the match next Saturday 23 against Celta de Vigo<\/a>. A match in which, according to the newspaper &#8216;AS&#8217;, the Catalans will have several important returnees in their squad.<\/p>  <p>And in addition to De Jong, <strong>Robert Lewandowski, Lamine Yamal, Eric Garc\u00eda and H\u00e9ctor Fort <\/strong>could receive medical clearance to travel to Vigo after having spent some time in the Bar\u00e7a infirmary.<\/p>  <p>In the case of the &#8217;19&#8217;, whose situation is the most worrying and occupies the Catalan dressing room, his syndesmosis in the right ankle will be evaluated in the next few days, which should keep him on the sidelines for two to three weeks, and if there are no setbacks, he would enter the list, <strong>although in principle he would start the match from the bench<\/strong>. However, the rest of those who have recovered could be available to the coach from the start.<\/p> ","protected":false},"excerpt":{"rendered":"<p>Hansi Flick hopes to recover Frenkie de Jong, Lewandowski, Lamine Yamal, Eric Garc\u00eda and H\u00e9ctor Fort for the match against Celta Alarm bells rang at FC Barcelona when the Dutch Football Federation (KNVB) issued a statement announcing that Frenkie de Jong was leaving the camp for &#8220;medical reasons.&#8221; The midfielder&#8217;s recent history of injuries, who [&hellip;]<\/p>\n","protected":false},"author":358,"featured_media":19646,"comment_status":"closed","ping_status":"open","sticky":false,"template":"","format":"standard","meta":{"_acf_changed":false,"inline_featured_image":false,"_nextfly_llmd_date_locked":false,"footnotes":""},"categories":[111],"tags":[61,87],"class_list":["post-32150","post","type-post","status-publish","format-standard","has-post-thumbnail","hentry","category-fc-barcelona","tag-fc-barcelona-vs-celta","tag-hansi-flick"],"acf":[],"yoast_head":"<!-- This site is optimized with the Yoast SEO plugin v27.3 - https:\/\/yoast.com\/product\/yoast-seo-wordpress\/ -->\n<title>The five &#039;signings&#039; that Hansi Flick is expecting after the return from the international break<\/title>\n<meta name=\"description\" content=\"FCBarcelonaNoticias.com\" \/>\n<meta name=\"robots\" content=\"index, follow, max-snippet:-1, max-image-preview:large, max-video-preview:-1\" \/>\n<link rel=\"canonical\" href=\"https:\/\/www.fcbarcelonanoticias.com\/en\/fc-barcelona\/the-five-signings-that-hansi-flick-is-expecting-when-he-returns-from-the-international-break_308717_102.html\" \/>\n<meta property=\"og:locale\" content=\"en_US\" \/>\n<meta property=\"og:type\" content=\"article\" \/>\n<meta property=\"og:title\" content=\"The five &#039;signings&#039; that Hansi Flick is expecting after the return from the international break\" \/>\n<meta property=\"og:description\" content=\"FCBarcelonaNoticias.com\" \/>\n<meta property=\"og:url\" content=\"https:\/\/www.fcbarcelonanoticias.com\/en\/fc-barcelona\/the-five-signings-that-hansi-flick-is-expecting-when-he-returns-from-the-international-break_308717_102.html\" \/>\n<meta property=\"og:site_name\" content=\"EN - FC Barcelona Noticias\" \/>\n<meta property=\"article:published_time\" content=\"2024-11-19T17:42:00+00:00\" \/>\n<meta property=\"article:modified_time\" content=\"2024-11-20T07:04:00+00:00\" \/>\n<meta property=\"og:image\" content=\"https:\/\/www.fcbarcelonanoticias.com\/en\/wp-content\/uploads\/sites\/2\/2024\/09\/fcbn-entrenamiento-lamine-yamal-lewandowski-in-igo-martinez.jpeg\" \/>\n\t<meta property=\"og:image:width\" content=\"1250\" \/>\n\t<meta property=\"og:image:height\" content=\"730\" \/>\n\t<meta property=\"og:image:type\" content=\"image\/jpeg\" \/>\n<meta name=\"author\" content=\"Juan Pablo Berdugo\" \/>\n<meta name=\"twitter:card\" content=\"summary_large_image\" \/>\n<meta name=\"twitter:label1\" content=\"Written by\" \/>\n\t<meta name=\"twitter:data1\" content=\"Juan Pablo Berdugo\" \/>\n\t<meta name=\"twitter:label2\" content=\"Est. reading time\" \/>\n\t<meta name=\"twitter:data2\" content=\"2 minutes\" \/>\n<script type=\"application\/ld+json\" class=\"yoast-schema-graph\">{\"@context\":\"https:\\\/\\\/schema.org\",\"@graph\":[{\"@type\":\"Article\",\"@id\":\"https:\\\/\\\/www.fcbarcelonanoticias.com\\\/en\\\/fc-barcelona\\\/the-five-signings-that-hansi-flick-is-expecting-when-he-returns-from-the-international-break_308717_102.html#article\",\"isPartOf\":{\"@id\":\"https:\\\/\\\/www.fcbarcelonanoticias.com\\\/en\\\/fc-barcelona\\\/the-five-signings-that-hansi-flick-is-expecting-when-he-returns-from-the-international-break_308717_102.html\"},\"author\":{\"name\":\"Juan Pablo Berdugo\",\"@id\":\"https:\\\/\\\/www.fcbarcelonanoticias.com\\\/en\\\/#\\\/schema\\\/person\\\/88d756918a0a1ae9fa593b5edddd1815\"},\"headline\":\"The five &#8216;signings&#8217; that Hansi Flick is expecting after the return from the international break\",\"datePublished\":\"2024-11-19T17:42:00+00:00\",\"dateModified\":\"2024-11-20T07:04:00+00:00\",\"mainEntityOfPage\":{\"@id\":\"https:\\\/\\\/www.fcbarcelonanoticias.com\\\/en\\\/fc-barcelona\\\/the-five-signings-that-hansi-flick-is-expecting-when-he-returns-from-the-international-break_308717_102.html\"},\"wordCount\":328,\"image\":{\"@id\":\"https:\\\/\\\/www.fcbarcelonanoticias.com\\\/en\\\/fc-barcelona\\\/the-five-signings-that-hansi-flick-is-expecting-when-he-returns-from-the-international-break_308717_102.html#primaryimage\"},\"thumbnailUrl\":\"https:\\\/\\\/www.fcbarcelonanoticias.com\\\/en\\\/wp-content\\\/uploads\\\/sites\\\/2\\\/2024\\\/09\\\/fcbn-entrenamiento-lamine-yamal-lewandowski-in-igo-martinez.jpeg\",\"keywords\":[\"FC Barcelona vs Celta Vigo\",\"Hansi Flick\"],\"articleSection\":[\"FC Barcelona\"],\"inLanguage\":\"en-US\"},{\"@type\":\"WebPage\",\"@id\":\"https:\\\/\\\/www.fcbarcelonanoticias.com\\\/en\\\/fc-barcelona\\\/the-five-signings-that-hansi-flick-is-expecting-when-he-returns-from-the-international-break_308717_102.html\",\"url\":\"https:\\\/\\\/www.fcbarcelonanoticias.com\\\/en\\\/fc-barcelona\\\/the-five-signings-that-hansi-flick-is-expecting-when-he-returns-from-the-international-break_308717_102.html\",\"name\":\"The five 'signings' that Hansi Flick is expecting after the return from the international break\",\"isPartOf\":{\"@id\":\"https:\\\/\\\/www.fcbarcelonanoticias.com\\\/en\\\/#website\"},\"primaryImageOfPage\":{\"@id\":\"https:\\\/\\\/www.fcbarcelonanoticias.com\\\/en\\\/fc-barcelona\\\/the-five-signings-that-hansi-flick-is-expecting-when-he-returns-from-the-international-break_308717_102.html#primaryimage\"},\"image\":{\"@id\":\"https:\\\/\\\/www.fcbarcelonanoticias.com\\\/en\\\/fc-barcelona\\\/the-five-signings-that-hansi-flick-is-expecting-when-he-returns-from-the-international-break_308717_102.html#primaryimage\"},\"thumbnailUrl\":\"https:\\\/\\\/www.fcbarcelonanoticias.com\\\/en\\\/wp-content\\\/uploads\\\/sites\\\/2\\\/2024\\\/09\\\/fcbn-entrenamiento-lamine-yamal-lewandowski-in-igo-martinez.jpeg\",\"datePublished\":\"2024-11-19T17:42:00+00:00\",\"dateModified\":\"2024-11-20T07:04:00+00:00\",\"author\":{\"@id\":\"https:\\\/\\\/www.fcbarcelonanoticias.com\\\/en\\\/#\\\/schema\\\/person\\\/88d756918a0a1ae9fa593b5edddd1815\"},\"description\":\"FCBarcelonaNoticias.com\",\"breadcrumb\":{\"@id\":\"https:\\\/\\\/www.fcbarcelonanoticias.com\\\/en\\\/fc-barcelona\\\/the-five-signings-that-hansi-flick-is-expecting-when-he-returns-from-the-international-break_308717_102.html#breadcrumb\"},\"inLanguage\":\"en-US\",\"potentialAction\":[{\"@type\":\"ReadAction\",\"target\":[\"https:\\\/\\\/www.fcbarcelonanoticias.com\\\/en\\\/fc-barcelona\\\/the-five-signings-that-hansi-flick-is-expecting-when-he-returns-from-the-international-break_308717_102.html\"]}]},{\"@type\":\"ImageObject\",\"inLanguage\":\"en-US\",\"@id\":\"https:\\\/\\\/www.fcbarcelonanoticias.com\\\/en\\\/fc-barcelona\\\/the-five-signings-that-hansi-flick-is-expecting-when-he-returns-from-the-international-break_308717_102.html#primaryimage\",\"url\":\"https:\\\/\\\/www.fcbarcelonanoticias.com\\\/en\\\/wp-content\\\/uploads\\\/sites\\\/2\\\/2024\\\/09\\\/fcbn-entrenamiento-lamine-yamal-lewandowski-in-igo-martinez.jpeg\",\"contentUrl\":\"https:\\\/\\\/www.fcbarcelonanoticias.com\\\/en\\\/wp-content\\\/uploads\\\/sites\\\/2\\\/2024\\\/09\\\/fcbn-entrenamiento-lamine-yamal-lewandowski-in-igo-martinez.jpeg\",\"width\":1250,\"height\":730},{\"@type\":\"BreadcrumbList\",\"@id\":\"https:\\\/\\\/www.fcbarcelonanoticias.com\\\/en\\\/fc-barcelona\\\/the-five-signings-that-hansi-flick-is-expecting-when-he-returns-from-the-international-break_308717_102.html#breadcrumb\",\"itemListElement\":[{\"@type\":\"ListItem\",\"position\":1,\"name\":\"Portada\",\"item\":\"https:\\\/\\\/www.fcbarcelonanoticias.com\\\/en\\\/\"},{\"@type\":\"ListItem\",\"position\":2,\"name\":\"The five &#8216;signings&#8217; that Hansi Flick is expecting after the return from the international break\"}]},{\"@type\":\"WebSite\",\"@id\":\"https:\\\/\\\/www.fcbarcelonanoticias.com\\\/en\\\/#website\",\"url\":\"https:\\\/\\\/www.fcbarcelonanoticias.com\\\/en\\\/\",\"name\":\"EN - FC Barcelona Noticias\",\"description\":\"\",\"potentialAction\":[{\"@type\":\"SearchAction\",\"target\":{\"@type\":\"EntryPoint\",\"urlTemplate\":\"https:\\\/\\\/www.fcbarcelonanoticias.com\\\/en\\\/?s={search_term_string}\"},\"query-input\":{\"@type\":\"PropertyValueSpecification\",\"valueRequired\":true,\"valueName\":\"search_term_string\"}}],\"inLanguage\":\"en-US\"},{\"@type\":\"Person\",\"@id\":\"https:\\\/\\\/www.fcbarcelonanoticias.com\\\/en\\\/#\\\/schema\\\/person\\\/88d756918a0a1ae9fa593b5edddd1815\",\"name\":\"Juan Pablo Berdugo\",\"image\":{\"@type\":\"ImageObject\",\"inLanguage\":\"en-US\",\"@id\":\"https:\\\/\\\/secure.gravatar.com\\\/avatar\\\/?s=96&d=mm&r=g\",\"url\":\"https:\\\/\\\/secure.gravatar.com\\\/avatar\\\/?s=96&d=mm&r=g\",\"contentUrl\":\"https:\\\/\\\/secure.gravatar.com\\\/avatar\\\/?s=96&d=mm&r=g\",\"caption\":\"Juan Pablo Berdugo\"},\"description\":\"Juan Pablo Berdugo es graduado en Periodismo. Colabora con FCBN como especialista en informaci\u00f3n del primer equipo del FC Barcelona, f\u00fatbol internacional y mercado de fichajes. Destaca por su enfoque anal\u00edtico, su rigor informativo y su capacidad para detectar tendencias emergentes en el f\u00fatbol global.\",\"url\":\"https:\\\/\\\/www.fcbarcelonanoticias.com\\\/en\\\/fc-barcelona\\\/juan-pablo-berdugo_18_115.html\"}]}<\/script>\n<!-- \/ Yoast SEO plugin. -->","yoast_head_json":{"title":"The five 'signings' that Hansi Flick is expecting after the return from the international break","description":"FCBarcelonaNoticias.com","robots":{"index":"index","follow":"follow","max-snippet":"max-snippet:-1","max-image-preview":"max-image-preview:large","max-video-preview":"max-video-preview:-1"},"canonical":"https:\/\/www.fcbarcelonanoticias.com\/en\/fc-barcelona\/the-five-signings-that-hansi-flick-is-expecting-when-he-returns-from-the-international-break_308717_102.html","og_locale":"en_US","og_type":"article","og_title":"The five 'signings' that Hansi Flick is expecting after the return from the international break","og_description":"FCBarcelonaNoticias.com","og_url":"https:\/\/www.fcbarcelonanoticias.com\/en\/fc-barcelona\/the-five-signings-that-hansi-flick-is-expecting-when-he-returns-from-the-international-break_308717_102.html","og_site_name":"EN - FC Barcelona Noticias","article_published_time":"2024-11-19T17:42:00+00:00","article_modified_time":"2024-11-20T07:04:00+00:00","og_image":[{"width":1250,"height":730,"url":"https:\/\/www.fcbarcelonanoticias.com\/en\/wp-content\/uploads\/sites\/2\/2024\/09\/fcbn-entrenamiento-lamine-yamal-lewandowski-in-igo-martinez.jpeg","type":"image\/jpeg"}],"author":"Juan Pablo Berdugo","twitter_card":"summary_large_image","twitter_misc":{"Written by":"Juan Pablo Berdugo","Est. reading time":"2 minutes"},"schema":{"@context":"https:\/\/schema.org","@graph":[{"@type":"Article","@id":"https:\/\/www.fcbarcelonanoticias.com\/en\/fc-barcelona\/the-five-signings-that-hansi-flick-is-expecting-when-he-returns-from-the-international-break_308717_102.html#article","isPartOf":{"@id":"https:\/\/www.fcbarcelonanoticias.com\/en\/fc-barcelona\/the-five-signings-that-hansi-flick-is-expecting-when-he-returns-from-the-international-break_308717_102.html"},"author":{"name":"Juan Pablo Berdugo","@id":"https:\/\/www.fcbarcelonanoticias.com\/en\/#\/schema\/person\/88d756918a0a1ae9fa593b5edddd1815"},"headline":"The five &#8216;signings&#8217; that Hansi Flick is expecting after the return from the international break","datePublished":"2024-11-19T17:42:00+00:00","dateModified":"2024-11-20T07:04:00+00:00","mainEntityOfPage":{"@id":"https:\/\/www.fcbarcelonanoticias.com\/en\/fc-barcelona\/the-five-signings-that-hansi-flick-is-expecting-when-he-returns-from-the-international-break_308717_102.html"},"wordCount":328,"image":{"@id":"https:\/\/www.fcbarcelonanoticias.com\/en\/fc-barcelona\/the-five-signings-that-hansi-flick-is-expecting-when-he-returns-from-the-international-break_308717_102.html#primaryimage"},"thumbnailUrl":"https:\/\/www.fcbarcelonanoticias.com\/en\/wp-content\/uploads\/sites\/2\/2024\/09\/fcbn-entrenamiento-lamine-yamal-lewandowski-in-igo-martinez.jpeg","keywords":["FC Barcelona vs Celta Vigo","Hansi Flick"],"articleSection":["FC Barcelona"],"inLanguage":"en-US"},{"@type":"WebPage","@id":"https:\/\/www.fcbarcelonanoticias.com\/en\/fc-barcelona\/the-five-signings-that-hansi-flick-is-expecting-when-he-returns-from-the-international-break_308717_102.html","url":"https:\/\/www.fcbarcelonanoticias.com\/en\/fc-barcelona\/the-five-signings-that-hansi-flick-is-expecting-when-he-returns-from-the-international-break_308717_102.html","name":"The five 'signings' that Hansi Flick is expecting after the return from the international break","isPartOf":{"@id":"https:\/\/www.fcbarcelonanoticias.com\/en\/#website"},"primaryImageOfPage":{"@id":"https:\/\/www.fcbarcelonanoticias.com\/en\/fc-barcelona\/the-five-signings-that-hansi-flick-is-expecting-when-he-returns-from-the-international-break_308717_102.html#primaryimage"},"image":{"@id":"https:\/\/www.fcbarcelonanoticias.com\/en\/fc-barcelona\/the-five-signings-that-hansi-flick-is-expecting-when-he-returns-from-the-international-break_308717_102.html#primaryimage"},"thumbnailUrl":"https:\/\/www.fcbarcelonanoticias.com\/en\/wp-content\/uploads\/sites\/2\/2024\/09\/fcbn-entrenamiento-lamine-yamal-lewandowski-in-igo-martinez.jpeg","datePublished":"2024-11-19T17:42:00+00:00","dateModified":"2024-11-20T07:04:00+00:00","author":{"@id":"https:\/\/www.fcbarcelonanoticias.com\/en\/#\/schema\/person\/88d756918a0a1ae9fa593b5edddd1815"},"description":"FCBarcelonaNoticias.com","breadcrumb":{"@id":"https:\/\/www.fcbarcelonanoticias.com\/en\/fc-barcelona\/the-five-signings-that-hansi-flick-is-expecting-when-he-returns-from-the-international-break_308717_102.html#breadcrumb"},"inLanguage":"en-US","potentialAction":[{"@type":"ReadAction","target":["https:\/\/www.fcbarcelonanoticias.com\/en\/fc-barcelona\/the-five-signings-that-hansi-flick-is-expecting-when-he-returns-from-the-international-break_308717_102.html"]}]},{"@type":"ImageObject","inLanguage":"en-US","@id":"https:\/\/www.fcbarcelonanoticias.com\/en\/fc-barcelona\/the-five-signings-that-hansi-flick-is-expecting-when-he-returns-from-the-international-break_308717_102.html#primaryimage","url":"https:\/\/www.fcbarcelonanoticias.com\/en\/wp-content\/uploads\/sites\/2\/2024\/09\/fcbn-entrenamiento-lamine-yamal-lewandowski-in-igo-martinez.jpeg","contentUrl":"https:\/\/www.fcbarcelonanoticias.com\/en\/wp-content\/uploads\/sites\/2\/2024\/09\/fcbn-entrenamiento-lamine-yamal-lewandowski-in-igo-martinez.jpeg","width":1250,"height":730},{"@type":"BreadcrumbList","@id":"https:\/\/www.fcbarcelonanoticias.com\/en\/fc-barcelona\/the-five-signings-that-hansi-flick-is-expecting-when-he-returns-from-the-international-break_308717_102.html#breadcrumb","itemListElement":[{"@type":"ListItem","position":1,"name":"Portada","item":"https:\/\/www.fcbarcelonanoticias.com\/en\/"},{"@type":"ListItem","position":2,"name":"The five &#8216;signings&#8217; that Hansi Flick is expecting after the return from the international break"}]},{"@type":"WebSite","@id":"https:\/\/www.fcbarcelonanoticias.com\/en\/#website","url":"https:\/\/www.fcbarcelonanoticias.com\/en\/","name":"EN - FC Barcelona Noticias","description":"","potentialAction":[{"@type":"SearchAction","target":{"@type":"EntryPoint","urlTemplate":"https:\/\/www.fcbarcelonanoticias.com\/en\/?s={search_term_string}"},"query-input":{"@type":"PropertyValueSpecification","valueRequired":true,"valueName":"search_term_string"}}],"inLanguage":"en-US"},{"@type":"Person","@id":"https:\/\/www.fcbarcelonanoticias.com\/en\/#\/schema\/person\/88d756918a0a1ae9fa593b5edddd1815","name":"Juan Pablo Berdugo","image":{"@type":"ImageObject","inLanguage":"en-US","@id":"https:\/\/secure.gravatar.com\/avatar\/?s=96&d=mm&r=g","url":"https:\/\/secure.gravatar.com\/avatar\/?s=96&d=mm&r=g","contentUrl":"https:\/\/secure.gravatar.com\/avatar\/?s=96&d=mm&r=g","caption":"Juan Pablo Berdugo"},"description":"Juan Pablo Berdugo es graduado en Periodismo. Colabora con FCBN como especialista en informaci\u00f3n del primer equipo del FC Barcelona, f\u00fatbol internacional y mercado de fichajes. Destaca por su enfoque anal\u00edtico, su rigor informativo y su capacidad para detectar tendencias emergentes en el f\u00fatbol global.","url":"https:\/\/www.fcbarcelonanoticias.com\/en\/fc-barcelona\/juan-pablo-berdugo_18_115.html"}]}},"_links":{"self":[{"href":"https:\/\/www.fcbarcelonanoticias.com\/en\/wp-json\/wp\/v2\/posts\/32150","targetHints":{"allow":["GET"]}}],"collection":[{"href":"https:\/\/www.fcbarcelonanoticias.com\/en\/wp-json\/wp\/v2\/posts"}],"about":[{"href":"https:\/\/www.fcbarcelonanoticias.com\/en\/wp-json\/wp\/v2\/types\/post"}],"author":[{"embeddable":true,"href":"https:\/\/www.fcbarcelonanoticias.com\/en\/wp-json\/wp\/v2\/users\/358"}],"replies":[{"embeddable":true,"href":"https:\/\/www.fcbarcelonanoticias.com\/en\/wp-json\/wp\/v2\/comments?post=32150"}],"version-history":[{"count":1,"href":"https:\/\/www.fcbarcelonanoticias.com\/en\/wp-json\/wp\/v2\/posts\/32150\/revisions"}],"predecessor-version":[{"id":32151,"href":"https:\/\/www.fcbarcelonanoticias.com\/en\/wp-json\/wp\/v2\/posts\/32150\/revisions\/32151"}],"wp:featuredmedia":[{"embeddable":true,"href":"https:\/\/www.fcbarcelonanoticias.com\/en\/wp-json\/wp\/v2\/media\/19646"}],"wp:attachment":[{"href":"https:\/\/www.fcbarcelonanoticias.com\/en\/wp-json\/wp\/v2\/media?parent=32150"}],"wp:term":[{"taxonomy":"category","embeddable":true,"href":"https:\/\/www.fcbarcelonanoticias.com\/en\/wp-json\/wp\/v2\/categories?post=32150"},{"taxonomy":"post_tag","embeddable":true,"href":"https:\/\/www.fcbarcelonanoticias.com\/en\/wp-json\/wp\/v2\/tags?post=32150"}],"curies":[{"name":"wp","href":"https:\/\/api.w.org\/{rel}","templated":true}]}}