{"id":32229,"date":"2024-06-07T19:57:00","date_gmt":"2024-06-07T17:57:00","guid":{"rendered":"https:\/\/weisetech.dev\/fc-barcelona-noticias\/en\/the-moving-farewell-of-mariona-caldentey-of-the-fc-barcelona_304268_102\/"},"modified":"2024-06-07T19:57:00","modified_gmt":"2024-06-07T17:57:00","slug":"the-moving-farewell-of-mariona-caldentey-of-the-fc-barcelona_304268_102","status":"publish","type":"post","link":"https:\/\/www.fcbarcelonanoticias.com\/en\/fc-barcelona\/the-moving-farewell-of-mariona-caldentey-of-the-fc-barcelona_304268_102.html","title":{"rendered":"The emotional farewell of Mariona Caldentey from FC Barcelona"},"content":{"rendered":"<h2 class=\"wp-block-heading\">Mariona Caldentey has ended her time at Bar\u00e7a after a decade. The player said goodbye to the club in tears, leaving an emotional message in a very special event<\/h2>  \r\n<div class=\"article-addons\">\r\n    <a href=\"https:\/\/www.fcbarcelonanoticias.com\/en\/calendar-fc-barcelona.html\"\r\n       target=\"_self\"\r\n       title=\"Calendar of FC Barcelona\"\r\n       class=\"blue-gredient-btn\">\r\n       \r\n        Calendar of FC Barcelona    <\/a>\r\n<\/div>   <p>The stage of <a data-external=\"0\" data-intl-links-en=\"https:\/\/www.fcbarcelonanoticias.com\/en\/fc-barcelona\/official-mariona-caldentey-leaves-of-the-barca-after-decade-in-the-club_304196_102.html\" data-intl-links-es=\"https:\/\/www.fcbarcelonanoticias.com\/fc-barcelona\/oficial-mariona-caldentey-se-marcha-barcelona-decada-club_304196_102.html\" href=\"https:\/\/www.fcbarcelonanoticias.com\/en\/fc-barcelona\/official-mariona-caldentey-leaves-of-the-barca-after-decade-in-the-club_304196_102.html\" rel=\"follow\" target=\"_self\" title=\"OFICIAL: Mariona Caldentey se marcha del Bar\u00e7a tras una d\u00e9cada en el club\">Mariona Caldentey<\/a> like player of the <a data-external=\"0\" data-intl-links-en=\"https:\/\/www.fcbarcelonanoticias.com\/en\/fc-barcelona\" data-intl-links-es=\"https:\/\/www.fcbarcelonanoticias.com\/fc-barcelona\" href=\"https:\/\/www.fcbarcelonanoticias.com\/en\/football-soccer\/fc-barcelona.html\" rel=\"follow\" target=\"_self\" title=\"FC Barcelona\">FC Barcelona<\/a> has come to an end after 10 years. In his act of farewell, the footballer was surrounded of his mates, technical body, managerial (Xavier Puig), friendships, his representative and his family, accompanied to other by the four titles achieved this season. After a video with his best goals and assistances along this decade, the footballer initiated his moving speech. &#8220;I do not know neither if I go to be able to read&#8221;, began saying Mariona between tears, ensuring that<strong> &#8220;my first memories futbol\u00edsticos are related with the Bar\u00e7a&#8221;<\/strong>.<\/p>  <p>&#8220;The first T-shirt, Barcelona. My first boots, of Ronaldinho. The first trips with the family, to visit the Camp Nou. The first parties by the TV, the ones of the Bar\u00e7a. Throwing the sight backwards, darse of the luck that had that my father me inculcase from small what means to want to a club and admire some colours. <strong>And which luck can say in high voice that always have been, am and will be cul\u00e9&#8221;<\/strong>, continued.<\/p>  <p>On his arrival to the club, Mariona confessed that <strong>&#8220;the decision took alone. I remember this day and what felt.<\/strong> This girl that had grown being fanatical of the Bar\u00e7a, that shouted and jumped with the goals and that cried and angered when they lost, had in front the opportunity of his life, carry the T-shirt of the Bar\u00e7a, but this time an official and with his name&#8221;.<\/p>  <p>After a long list of gratitudes to all the people that accompanied it in this periplo, <strong>Mariona manifested that it has won it all here &#8220;and want to try win it in another place&#8221;<\/strong>. It did not confirm his new destination, although it aims to that will dress the T-shirt of the Arsenal, but yes ensured of the League F, on which said that &#8220;it is important that no only have the name of professional, but also it was it&#8221;.<\/p>  <h2>A decision &#8220;meditada&#8221;<\/h2>  <p>In this regard of exit of the Bar\u00e7a, Caldentey ensured that it was a decision &#8220;very difficult and meditada&#8221;. &#8220;I have cried a lot, I seat me very wanted to, especially in these last days, after the final, doing the video, preparing all this of today, thinking in the party of the Sunday\u2026 Has been difficult because here I am very happy. Obviously, if I leave the Bar\u00e7a is to go me of the Spanish league. I think that like the Bar\u00e7a there is not any place&#8221;, to finalise his thrilling speech affirming that <strong>&#8220;I will keep well you closely. The Bar\u00e7a is my life and has changed it&#8221;<\/strong>.<\/p> ","protected":false},"excerpt":{"rendered":"<p>Mariona Caldentey has ended her time at Bar\u00e7a after a decade. The player said goodbye to the club in tears, leaving an emotional message in a very special event The stage of Mariona Caldentey like player of the FC Barcelona has come to an end after 10 years. In his act of farewell, the footballer [&hellip;]<\/p>\n","protected":false},"author":358,"featured_media":32235,"comment_status":"closed","ping_status":"open","sticky":false,"template":"","format":"standard","meta":{"_acf_changed":false,"inline_featured_image":false,"_nextfly_llmd_date_locked":false,"footnotes":""},"categories":[111],"tags":[],"class_list":["post-32229","post","type-post","status-publish","format-standard","has-post-thumbnail","hentry","category-fc-barcelona"],"acf":[],"yoast_head":"<!-- This site is optimized with the Yoast SEO plugin v27.3 - https:\/\/yoast.com\/product\/yoast-seo-wordpress\/ -->\n<title>The moving farewell of Mariona Caldentey of the FC Barcelona<\/title>\n<meta name=\"description\" content=\"Mariona Caldentey has put end to his stage in the Bar\u00e7a after a decade. The player sacked of the club between tears, leaving a moving message in a very special act\" \/>\n<meta name=\"robots\" content=\"index, follow, max-snippet:-1, max-image-preview:large, max-video-preview:-1\" \/>\n<link rel=\"canonical\" href=\"https:\/\/www.fcbarcelonanoticias.com\/en\/fc-barcelona\/the-moving-farewell-of-mariona-caldentey-of-the-fc-barcelona_304268_102.html\" \/>\n<meta property=\"og:locale\" content=\"en_US\" \/>\n<meta property=\"og:type\" content=\"article\" \/>\n<meta property=\"og:title\" content=\"The moving farewell of Mariona Caldentey of the FC Barcelona\" \/>\n<meta property=\"og:description\" content=\"Mariona Caldentey has put end to his stage in the Bar\u00e7a after a decade. The player sacked of the club between tears, leaving a moving message in a very special act\" \/>\n<meta property=\"og:url\" content=\"https:\/\/www.fcbarcelonanoticias.com\/en\/fc-barcelona\/the-moving-farewell-of-mariona-caldentey-of-the-fc-barcelona_304268_102.html\" \/>\n<meta property=\"og:site_name\" content=\"EN - FC Barcelona Noticias\" \/>\n<meta property=\"article:published_time\" content=\"2024-06-07T17:57:00+00:00\" \/>\n<meta property=\"og:image\" content=\"https:\/\/www.fcbarcelonanoticias.com\/en\/wp-content\/uploads\/sites\/2\/2024\/06\/mariona-caldentey-barca-1.jpeg\" \/>\n\t<meta property=\"og:image:width\" content=\"1300\" \/>\n\t<meta property=\"og:image:height\" content=\"732\" \/>\n\t<meta property=\"og:image:type\" content=\"image\/jpeg\" \/>\n<meta name=\"author\" content=\"Juan Pablo Berdugo\" \/>\n<meta name=\"twitter:card\" content=\"summary_large_image\" \/>\n<meta name=\"twitter:label1\" content=\"Written by\" \/>\n\t<meta name=\"twitter:data1\" content=\"Juan Pablo Berdugo\" \/>\n\t<meta name=\"twitter:label2\" content=\"Est. reading time\" \/>\n\t<meta name=\"twitter:data2\" content=\"2 minutes\" \/>\n<script type=\"application\/ld+json\" class=\"yoast-schema-graph\">{\"@context\":\"https:\\\/\\\/schema.org\",\"@graph\":[{\"@type\":\"Article\",\"@id\":\"https:\\\/\\\/www.fcbarcelonanoticias.com\\\/en\\\/fc-barcelona\\\/the-moving-farewell-of-mariona-caldentey-of-the-fc-barcelona_304268_102.html#article\",\"isPartOf\":{\"@id\":\"https:\\\/\\\/www.fcbarcelonanoticias.com\\\/en\\\/fc-barcelona\\\/the-moving-farewell-of-mariona-caldentey-of-the-fc-barcelona_304268_102.html\"},\"author\":{\"name\":\"Juan Pablo Berdugo\",\"@id\":\"https:\\\/\\\/www.fcbarcelonanoticias.com\\\/en\\\/#\\\/schema\\\/person\\\/88d756918a0a1ae9fa593b5edddd1815\"},\"headline\":\"The emotional farewell of Mariona Caldentey from FC Barcelona\",\"datePublished\":\"2024-06-07T17:57:00+00:00\",\"mainEntityOfPage\":{\"@id\":\"https:\\\/\\\/www.fcbarcelonanoticias.com\\\/en\\\/fc-barcelona\\\/the-moving-farewell-of-mariona-caldentey-of-the-fc-barcelona_304268_102.html\"},\"wordCount\":483,\"image\":{\"@id\":\"https:\\\/\\\/www.fcbarcelonanoticias.com\\\/en\\\/fc-barcelona\\\/the-moving-farewell-of-mariona-caldentey-of-the-fc-barcelona_304268_102.html#primaryimage\"},\"thumbnailUrl\":\"https:\\\/\\\/www.fcbarcelonanoticias.com\\\/en\\\/wp-content\\\/uploads\\\/sites\\\/2\\\/2024\\\/06\\\/mariona-caldentey-barca-1.jpeg\",\"articleSection\":[\"FC Barcelona\"],\"inLanguage\":\"en-US\"},{\"@type\":\"WebPage\",\"@id\":\"https:\\\/\\\/www.fcbarcelonanoticias.com\\\/en\\\/fc-barcelona\\\/the-moving-farewell-of-mariona-caldentey-of-the-fc-barcelona_304268_102.html\",\"url\":\"https:\\\/\\\/www.fcbarcelonanoticias.com\\\/en\\\/fc-barcelona\\\/the-moving-farewell-of-mariona-caldentey-of-the-fc-barcelona_304268_102.html\",\"name\":\"The moving farewell of Mariona Caldentey of the FC Barcelona\",\"isPartOf\":{\"@id\":\"https:\\\/\\\/www.fcbarcelonanoticias.com\\\/en\\\/#website\"},\"primaryImageOfPage\":{\"@id\":\"https:\\\/\\\/www.fcbarcelonanoticias.com\\\/en\\\/fc-barcelona\\\/the-moving-farewell-of-mariona-caldentey-of-the-fc-barcelona_304268_102.html#primaryimage\"},\"image\":{\"@id\":\"https:\\\/\\\/www.fcbarcelonanoticias.com\\\/en\\\/fc-barcelona\\\/the-moving-farewell-of-mariona-caldentey-of-the-fc-barcelona_304268_102.html#primaryimage\"},\"thumbnailUrl\":\"https:\\\/\\\/www.fcbarcelonanoticias.com\\\/en\\\/wp-content\\\/uploads\\\/sites\\\/2\\\/2024\\\/06\\\/mariona-caldentey-barca-1.jpeg\",\"datePublished\":\"2024-06-07T17:57:00+00:00\",\"author\":{\"@id\":\"https:\\\/\\\/www.fcbarcelonanoticias.com\\\/en\\\/#\\\/schema\\\/person\\\/88d756918a0a1ae9fa593b5edddd1815\"},\"description\":\"Mariona Caldentey has put end to his stage in the Bar\u00e7a after a decade. The player sacked of the club between tears, leaving a moving message in a very special act\",\"breadcrumb\":{\"@id\":\"https:\\\/\\\/www.fcbarcelonanoticias.com\\\/en\\\/fc-barcelona\\\/the-moving-farewell-of-mariona-caldentey-of-the-fc-barcelona_304268_102.html#breadcrumb\"},\"inLanguage\":\"en-US\",\"potentialAction\":[{\"@type\":\"ReadAction\",\"target\":[\"https:\\\/\\\/www.fcbarcelonanoticias.com\\\/en\\\/fc-barcelona\\\/the-moving-farewell-of-mariona-caldentey-of-the-fc-barcelona_304268_102.html\"]}]},{\"@type\":\"ImageObject\",\"inLanguage\":\"en-US\",\"@id\":\"https:\\\/\\\/www.fcbarcelonanoticias.com\\\/en\\\/fc-barcelona\\\/the-moving-farewell-of-mariona-caldentey-of-the-fc-barcelona_304268_102.html#primaryimage\",\"url\":\"https:\\\/\\\/www.fcbarcelonanoticias.com\\\/en\\\/wp-content\\\/uploads\\\/sites\\\/2\\\/2024\\\/06\\\/mariona-caldentey-barca-1.jpeg\",\"contentUrl\":\"https:\\\/\\\/www.fcbarcelonanoticias.com\\\/en\\\/wp-content\\\/uploads\\\/sites\\\/2\\\/2024\\\/06\\\/mariona-caldentey-barca-1.jpeg\",\"width\":1300,\"height\":732},{\"@type\":\"BreadcrumbList\",\"@id\":\"https:\\\/\\\/www.fcbarcelonanoticias.com\\\/en\\\/fc-barcelona\\\/the-moving-farewell-of-mariona-caldentey-of-the-fc-barcelona_304268_102.html#breadcrumb\",\"itemListElement\":[{\"@type\":\"ListItem\",\"position\":1,\"name\":\"Portada\",\"item\":\"https:\\\/\\\/www.fcbarcelonanoticias.com\\\/en\\\/\"},{\"@type\":\"ListItem\",\"position\":2,\"name\":\"The emotional farewell of Mariona Caldentey from FC Barcelona\"}]},{\"@type\":\"WebSite\",\"@id\":\"https:\\\/\\\/www.fcbarcelonanoticias.com\\\/en\\\/#website\",\"url\":\"https:\\\/\\\/www.fcbarcelonanoticias.com\\\/en\\\/\",\"name\":\"EN - FC Barcelona Noticias\",\"description\":\"\",\"potentialAction\":[{\"@type\":\"SearchAction\",\"target\":{\"@type\":\"EntryPoint\",\"urlTemplate\":\"https:\\\/\\\/www.fcbarcelonanoticias.com\\\/en\\\/?s={search_term_string}\"},\"query-input\":{\"@type\":\"PropertyValueSpecification\",\"valueRequired\":true,\"valueName\":\"search_term_string\"}}],\"inLanguage\":\"en-US\"},{\"@type\":\"Person\",\"@id\":\"https:\\\/\\\/www.fcbarcelonanoticias.com\\\/en\\\/#\\\/schema\\\/person\\\/88d756918a0a1ae9fa593b5edddd1815\",\"name\":\"Juan Pablo Berdugo\",\"image\":{\"@type\":\"ImageObject\",\"inLanguage\":\"en-US\",\"@id\":\"https:\\\/\\\/secure.gravatar.com\\\/avatar\\\/?s=96&d=mm&r=g\",\"url\":\"https:\\\/\\\/secure.gravatar.com\\\/avatar\\\/?s=96&d=mm&r=g\",\"contentUrl\":\"https:\\\/\\\/secure.gravatar.com\\\/avatar\\\/?s=96&d=mm&r=g\",\"caption\":\"Juan Pablo Berdugo\"},\"description\":\"Juan Pablo Berdugo es graduado en Periodismo. Colabora con FCBN como especialista en informaci\u00f3n del primer equipo del FC Barcelona, f\u00fatbol internacional y mercado de fichajes. Destaca por su enfoque anal\u00edtico, su rigor informativo y su capacidad para detectar tendencias emergentes en el f\u00fatbol global.\",\"url\":\"https:\\\/\\\/www.fcbarcelonanoticias.com\\\/en\\\/fc-barcelona\\\/juan-pablo-berdugo_18_115.html\"}]}<\/script>\n<!-- \/ Yoast SEO plugin. -->","yoast_head_json":{"title":"The moving farewell of Mariona Caldentey of the FC Barcelona","description":"Mariona Caldentey has put end to his stage in the Bar\u00e7a after a decade. The player sacked of the club between tears, leaving a moving message in a very special act","robots":{"index":"index","follow":"follow","max-snippet":"max-snippet:-1","max-image-preview":"max-image-preview:large","max-video-preview":"max-video-preview:-1"},"canonical":"https:\/\/www.fcbarcelonanoticias.com\/en\/fc-barcelona\/the-moving-farewell-of-mariona-caldentey-of-the-fc-barcelona_304268_102.html","og_locale":"en_US","og_type":"article","og_title":"The moving farewell of Mariona Caldentey of the FC Barcelona","og_description":"Mariona Caldentey has put end to his stage in the Bar\u00e7a after a decade. The player sacked of the club between tears, leaving a moving message in a very special act","og_url":"https:\/\/www.fcbarcelonanoticias.com\/en\/fc-barcelona\/the-moving-farewell-of-mariona-caldentey-of-the-fc-barcelona_304268_102.html","og_site_name":"EN - FC Barcelona Noticias","article_published_time":"2024-06-07T17:57:00+00:00","og_image":[{"width":1300,"height":732,"url":"https:\/\/www.fcbarcelonanoticias.com\/en\/wp-content\/uploads\/sites\/2\/2024\/06\/mariona-caldentey-barca-1.jpeg","type":"image\/jpeg"}],"author":"Juan Pablo Berdugo","twitter_card":"summary_large_image","twitter_misc":{"Written by":"Juan Pablo Berdugo","Est. reading time":"2 minutes"},"schema":{"@context":"https:\/\/schema.org","@graph":[{"@type":"Article","@id":"https:\/\/www.fcbarcelonanoticias.com\/en\/fc-barcelona\/the-moving-farewell-of-mariona-caldentey-of-the-fc-barcelona_304268_102.html#article","isPartOf":{"@id":"https:\/\/www.fcbarcelonanoticias.com\/en\/fc-barcelona\/the-moving-farewell-of-mariona-caldentey-of-the-fc-barcelona_304268_102.html"},"author":{"name":"Juan Pablo Berdugo","@id":"https:\/\/www.fcbarcelonanoticias.com\/en\/#\/schema\/person\/88d756918a0a1ae9fa593b5edddd1815"},"headline":"The emotional farewell of Mariona Caldentey from FC Barcelona","datePublished":"2024-06-07T17:57:00+00:00","mainEntityOfPage":{"@id":"https:\/\/www.fcbarcelonanoticias.com\/en\/fc-barcelona\/the-moving-farewell-of-mariona-caldentey-of-the-fc-barcelona_304268_102.html"},"wordCount":483,"image":{"@id":"https:\/\/www.fcbarcelonanoticias.com\/en\/fc-barcelona\/the-moving-farewell-of-mariona-caldentey-of-the-fc-barcelona_304268_102.html#primaryimage"},"thumbnailUrl":"https:\/\/www.fcbarcelonanoticias.com\/en\/wp-content\/uploads\/sites\/2\/2024\/06\/mariona-caldentey-barca-1.jpeg","articleSection":["FC Barcelona"],"inLanguage":"en-US"},{"@type":"WebPage","@id":"https:\/\/www.fcbarcelonanoticias.com\/en\/fc-barcelona\/the-moving-farewell-of-mariona-caldentey-of-the-fc-barcelona_304268_102.html","url":"https:\/\/www.fcbarcelonanoticias.com\/en\/fc-barcelona\/the-moving-farewell-of-mariona-caldentey-of-the-fc-barcelona_304268_102.html","name":"The moving farewell of Mariona Caldentey of the FC Barcelona","isPartOf":{"@id":"https:\/\/www.fcbarcelonanoticias.com\/en\/#website"},"primaryImageOfPage":{"@id":"https:\/\/www.fcbarcelonanoticias.com\/en\/fc-barcelona\/the-moving-farewell-of-mariona-caldentey-of-the-fc-barcelona_304268_102.html#primaryimage"},"image":{"@id":"https:\/\/www.fcbarcelonanoticias.com\/en\/fc-barcelona\/the-moving-farewell-of-mariona-caldentey-of-the-fc-barcelona_304268_102.html#primaryimage"},"thumbnailUrl":"https:\/\/www.fcbarcelonanoticias.com\/en\/wp-content\/uploads\/sites\/2\/2024\/06\/mariona-caldentey-barca-1.jpeg","datePublished":"2024-06-07T17:57:00+00:00","author":{"@id":"https:\/\/www.fcbarcelonanoticias.com\/en\/#\/schema\/person\/88d756918a0a1ae9fa593b5edddd1815"},"description":"Mariona Caldentey has put end to his stage in the Bar\u00e7a after a decade. The player sacked of the club between tears, leaving a moving message in a very special act","breadcrumb":{"@id":"https:\/\/www.fcbarcelonanoticias.com\/en\/fc-barcelona\/the-moving-farewell-of-mariona-caldentey-of-the-fc-barcelona_304268_102.html#breadcrumb"},"inLanguage":"en-US","potentialAction":[{"@type":"ReadAction","target":["https:\/\/www.fcbarcelonanoticias.com\/en\/fc-barcelona\/the-moving-farewell-of-mariona-caldentey-of-the-fc-barcelona_304268_102.html"]}]},{"@type":"ImageObject","inLanguage":"en-US","@id":"https:\/\/www.fcbarcelonanoticias.com\/en\/fc-barcelona\/the-moving-farewell-of-mariona-caldentey-of-the-fc-barcelona_304268_102.html#primaryimage","url":"https:\/\/www.fcbarcelonanoticias.com\/en\/wp-content\/uploads\/sites\/2\/2024\/06\/mariona-caldentey-barca-1.jpeg","contentUrl":"https:\/\/www.fcbarcelonanoticias.com\/en\/wp-content\/uploads\/sites\/2\/2024\/06\/mariona-caldentey-barca-1.jpeg","width":1300,"height":732},{"@type":"BreadcrumbList","@id":"https:\/\/www.fcbarcelonanoticias.com\/en\/fc-barcelona\/the-moving-farewell-of-mariona-caldentey-of-the-fc-barcelona_304268_102.html#breadcrumb","itemListElement":[{"@type":"ListItem","position":1,"name":"Portada","item":"https:\/\/www.fcbarcelonanoticias.com\/en\/"},{"@type":"ListItem","position":2,"name":"The emotional farewell of Mariona Caldentey from FC Barcelona"}]},{"@type":"WebSite","@id":"https:\/\/www.fcbarcelonanoticias.com\/en\/#website","url":"https:\/\/www.fcbarcelonanoticias.com\/en\/","name":"EN - FC Barcelona Noticias","description":"","potentialAction":[{"@type":"SearchAction","target":{"@type":"EntryPoint","urlTemplate":"https:\/\/www.fcbarcelonanoticias.com\/en\/?s={search_term_string}"},"query-input":{"@type":"PropertyValueSpecification","valueRequired":true,"valueName":"search_term_string"}}],"inLanguage":"en-US"},{"@type":"Person","@id":"https:\/\/www.fcbarcelonanoticias.com\/en\/#\/schema\/person\/88d756918a0a1ae9fa593b5edddd1815","name":"Juan Pablo Berdugo","image":{"@type":"ImageObject","inLanguage":"en-US","@id":"https:\/\/secure.gravatar.com\/avatar\/?s=96&d=mm&r=g","url":"https:\/\/secure.gravatar.com\/avatar\/?s=96&d=mm&r=g","contentUrl":"https:\/\/secure.gravatar.com\/avatar\/?s=96&d=mm&r=g","caption":"Juan Pablo Berdugo"},"description":"Juan Pablo Berdugo es graduado en Periodismo. Colabora con FCBN como especialista en informaci\u00f3n del primer equipo del FC Barcelona, f\u00fatbol internacional y mercado de fichajes. Destaca por su enfoque anal\u00edtico, su rigor informativo y su capacidad para detectar tendencias emergentes en el f\u00fatbol global.","url":"https:\/\/www.fcbarcelonanoticias.com\/en\/fc-barcelona\/juan-pablo-berdugo_18_115.html"}]}},"_links":{"self":[{"href":"https:\/\/www.fcbarcelonanoticias.com\/en\/wp-json\/wp\/v2\/posts\/32229","targetHints":{"allow":["GET"]}}],"collection":[{"href":"https:\/\/www.fcbarcelonanoticias.com\/en\/wp-json\/wp\/v2\/posts"}],"about":[{"href":"https:\/\/www.fcbarcelonanoticias.com\/en\/wp-json\/wp\/v2\/types\/post"}],"author":[{"embeddable":true,"href":"https:\/\/www.fcbarcelonanoticias.com\/en\/wp-json\/wp\/v2\/users\/358"}],"replies":[{"embeddable":true,"href":"https:\/\/www.fcbarcelonanoticias.com\/en\/wp-json\/wp\/v2\/comments?post=32229"}],"version-history":[{"count":1,"href":"https:\/\/www.fcbarcelonanoticias.com\/en\/wp-json\/wp\/v2\/posts\/32229\/revisions"}],"predecessor-version":[{"id":32230,"href":"https:\/\/www.fcbarcelonanoticias.com\/en\/wp-json\/wp\/v2\/posts\/32229\/revisions\/32230"}],"wp:featuredmedia":[{"embeddable":true,"href":"https:\/\/www.fcbarcelonanoticias.com\/en\/wp-json\/wp\/v2\/media\/32235"}],"wp:attachment":[{"href":"https:\/\/www.fcbarcelonanoticias.com\/en\/wp-json\/wp\/v2\/media?parent=32229"}],"wp:term":[{"taxonomy":"category","embeddable":true,"href":"https:\/\/www.fcbarcelonanoticias.com\/en\/wp-json\/wp\/v2\/categories?post=32229"},{"taxonomy":"post_tag","embeddable":true,"href":"https:\/\/www.fcbarcelonanoticias.com\/en\/wp-json\/wp\/v2\/tags?post=32229"}],"curies":[{"name":"wp","href":"https:\/\/api.w.org\/{rel}","templated":true}]}}