{"id":32654,"date":"2023-12-03T20:54:00","date_gmt":"2023-12-03T19:54:00","guid":{"rendered":"https:\/\/weisetech.dev\/fc-barcelona-noticias\/en\/the-number-that-vitor-roque-could-wear-at-barca_298685_102\/"},"modified":"2023-12-04T00:09:00","modified_gmt":"2023-12-03T23:09:00","slug":"the-number-that-vitor-roque-could-wear-at-barca_298685_102","status":"publish","type":"post","link":"https:\/\/www.fcbarcelonanoticias.com\/en\/fc-barcelona\/the-number-that-vitor-roque-could-wear-at-barca_298685_102.html","title":{"rendered":"The number that Vitor Roque could wear at Bar\u00e7a"},"content":{"rendered":"<h2 class=\"wp-block-heading\">Although his joining Bar\u00e7a in January has already been confirmed, the question that keeps the cul\u00e9 fans in suspense is: What number will Tigrinho wear? The available options are few and still no one knows which one the Brazilian footballer will decide on.<\/h2>  \r\n<div class=\"article-addons\">\r\n    <a href=\"https:\/\/www.fcbarcelonanoticias.com\/en\/calendar-fc-barcelona.html\"\r\n       target=\"_self\"\r\n       title=\"Calendar of FC Barcelona\"\r\n       class=\"blue-gredient-btn\">\r\n       \r\n        Calendar of FC Barcelona    <\/a>\r\n<\/div>   <p><a data-external=\"0\" data-intl-links-en=\"https:\/\/www.fcbarcelonanoticias.com\/en\/transfers\/the-two-ways-that-fc-barcelona-has-to-register-vitor-roque_298675_102.html\" data-intl-links-es=\"https:\/\/www.fcbarcelonanoticias.com\/fichajes\/dos-vias-tiene-fc-barcelona-inscribir-vitor-roque_298675_102.html\" href=\"https:\/\/www.fcbarcelonanoticias.com\/en\/transfers\/the-two-ways-that-fc-barcelona-has-to-register-vitor-roque_298675_102.html\" rel=\"follow\" target=\"_self\" title=\"Las dos v\u00edas que tiene el FC Barcelona para inscribir a Vitor Roque\">The Athletic Paranaense has confirmed officially the transfer of Vitor Roque to the Barcelona during the market of winter. <\/a>Through a communiqu\u00e9 in the social network X, the Brazilian club announced that the clash against the Saints will be the last opportunity to witness to Roque before it give the jump to Europe. His arrival to Barcelona already is confirmed but still there is something that restless to the bloated cul\u00e9 <strong>What dorsal will carry the carioca?<\/strong><\/p>  <p><strong>The &#8216;Tigrinho&#8217; has signed an agreement by six seasons with a clause of rescission of 500 million euros.<\/strong> The Barcelona disbursed 30 million euros more 31 in variables, underlining the significant bet of the Catalan club by the attacker, the one who probably will turn into the successor of Lewandowski in the tip of attack.<\/p>  <p>The inc\u00f3gnita on which number of dorsal will use the Brazilian persists. Roque Carries the number &#8216;9&#8217; in the Paranaense, a dorsal at present occupied by Robert Lewandowski in the group cul\u00e9. Previously, it had used the dorsal &#8217;39&#8217; and &#8217;27&#8217;.<strong> In the staff of the Barcelona, the available numbers are at present the 12, 16 and 25, options little conventional for a forward, but comprehensible given his arrival to half of season.<\/strong><\/p>  <h2>Roque Arrives &#8216;to tope&#8217;<\/h2>  <p><a data-external=\"0\" data-intl-links-en=\"https:\/\/www.fcbarcelonanoticias.com\/en\/fc-barcelona\/official-paranaense-fires-vitor-roque-and-confirms-his-arrival-at-barca-in-january_298664_102.html\" data-intl-links-es=\"https:\/\/www.fcbarcelonanoticias.com\/fc-barcelona\/oficial-paranaense-despide-vitor-roque-confirma-su-llegada-barca-en-enero_298664_102.html\" href=\"https:\/\/www.fcbarcelonanoticias.com\/en\/fc-barcelona\/official-paranaense-fires-vitor-roque-and-confirms-his-arrival-at-barca-in-january_298664_102.html\" rel=\"follow\" target=\"_self\" title=\"\u00a1Oficial! El Paranaense despide a Vitor Roque y 'confirma' su llegada al Bar\u00e7a en enero\">Although it will sack of the fans this Sunday,<\/a> Vitor Roque will contest his last party with the Athletic Paranaense against the Cuiab\u00e1 next Thursday, 7 December, before heading to Barcelona. His return to the terrains of game dissipated the doubts on his state of form, annotating a goal and going back to be determinant for the team rojinegro.<strong> Now, the next challenge of &#8216;Tigrinho&#8217; will be to strengthen the leading cul\u00e9 in the second half of the season, in search of his first titles in Europe and with the uncertainty that dorsal will carry in the back.<\/strong><\/p> ","protected":false},"excerpt":{"rendered":"<p>Although his joining Bar\u00e7a in January has already been confirmed, the question that keeps the cul\u00e9 fans in suspense is: What number will Tigrinho wear? The available options are few and still no one knows which one the Brazilian footballer will decide on. The Athletic Paranaense has confirmed officially the transfer of Vitor Roque to [&hellip;]<\/p>\n","protected":false},"author":344,"featured_media":32656,"comment_status":"closed","ping_status":"open","sticky":false,"template":"","format":"standard","meta":{"_acf_changed":false,"inline_featured_image":false,"_nextfly_llmd_date_locked":false,"footnotes":""},"categories":[111],"tags":[327],"class_list":["post-32654","post","type-post","status-publish","format-standard","has-post-thumbnail","hentry","category-fc-barcelona","tag-vitor-roque"],"acf":[],"yoast_head":"<!-- This site is optimized with the Yoast SEO plugin v27.3 - https:\/\/yoast.com\/product\/yoast-seo-wordpress\/ -->\n<title>The number that Vitor Roque could wear at Bar\u00e7a<\/title>\n<meta name=\"description\" content=\"Although his joining Bar\u00e7a in January has already been confirmed, the question that keeps the cul\u00e9 fans in suspense is: What number will Tigrinho wear? The available options are few and still no one knows which one the Brazilian footballer will decide on.\" \/>\n<meta name=\"robots\" content=\"index, follow, max-snippet:-1, max-image-preview:large, max-video-preview:-1\" \/>\n<link rel=\"canonical\" href=\"https:\/\/www.fcbarcelonanoticias.com\/en\/fc-barcelona\/the-number-that-vitor-roque-could-wear-at-barca_298685_102.html\" \/>\n<meta property=\"og:locale\" content=\"en_US\" \/>\n<meta property=\"og:type\" content=\"article\" \/>\n<meta property=\"og:title\" content=\"The number that Vitor Roque could wear at Bar\u00e7a\" \/>\n<meta property=\"og:description\" content=\"Although his joining Bar\u00e7a in January has already been confirmed, the question that keeps the cul\u00e9 fans in suspense is: What number will Tigrinho wear? The available options are few and still no one knows which one the Brazilian footballer will decide on.\" \/>\n<meta property=\"og:url\" content=\"https:\/\/www.fcbarcelonanoticias.com\/en\/fc-barcelona\/the-number-that-vitor-roque-could-wear-at-barca_298685_102.html\" \/>\n<meta property=\"og:site_name\" content=\"EN - FC Barcelona Noticias\" \/>\n<meta property=\"article:published_time\" content=\"2023-12-03T19:54:00+00:00\" \/>\n<meta property=\"article:modified_time\" content=\"2023-12-03T23:09:00+00:00\" \/>\n<meta property=\"og:image\" content=\"https:\/\/www.fcbarcelonanoticias.com\/en\/wp-content\/uploads\/sites\/2\/2023\/12\/athletico-paranaense-v-flamengo-copa-do-brasil-2023.jpeg\" \/>\n\t<meta property=\"og:image:width\" content=\"1300\" \/>\n\t<meta property=\"og:image:height\" content=\"726\" \/>\n\t<meta property=\"og:image:type\" content=\"image\/jpeg\" \/>\n<meta name=\"author\" content=\"Ariel Molina\" \/>\n<meta name=\"twitter:card\" content=\"summary_large_image\" \/>\n<meta name=\"twitter:label1\" content=\"Written by\" \/>\n\t<meta name=\"twitter:data1\" content=\"Ariel Molina\" \/>\n\t<meta name=\"twitter:label2\" content=\"Est. reading time\" \/>\n\t<meta name=\"twitter:data2\" content=\"2 minutes\" \/>\n<script type=\"application\/ld+json\" class=\"yoast-schema-graph\">{\"@context\":\"https:\\\/\\\/schema.org\",\"@graph\":[{\"@type\":\"Article\",\"@id\":\"https:\\\/\\\/www.fcbarcelonanoticias.com\\\/en\\\/fc-barcelona\\\/the-number-that-vitor-roque-could-wear-at-barca_298685_102.html#article\",\"isPartOf\":{\"@id\":\"https:\\\/\\\/www.fcbarcelonanoticias.com\\\/en\\\/fc-barcelona\\\/the-number-that-vitor-roque-could-wear-at-barca_298685_102.html\"},\"author\":{\"name\":\"Ariel Molina\",\"@id\":\"https:\\\/\\\/www.fcbarcelonanoticias.com\\\/en\\\/#\\\/schema\\\/person\\\/e9820ca62b3ab5d344366c282da4bce7\"},\"headline\":\"The number that Vitor Roque could wear at Bar\u00e7a\",\"datePublished\":\"2023-12-03T19:54:00+00:00\",\"dateModified\":\"2023-12-03T23:09:00+00:00\",\"mainEntityOfPage\":{\"@id\":\"https:\\\/\\\/www.fcbarcelonanoticias.com\\\/en\\\/fc-barcelona\\\/the-number-that-vitor-roque-could-wear-at-barca_298685_102.html\"},\"wordCount\":352,\"image\":{\"@id\":\"https:\\\/\\\/www.fcbarcelonanoticias.com\\\/en\\\/fc-barcelona\\\/the-number-that-vitor-roque-could-wear-at-barca_298685_102.html#primaryimage\"},\"thumbnailUrl\":\"https:\\\/\\\/www.fcbarcelonanoticias.com\\\/en\\\/wp-content\\\/uploads\\\/sites\\\/2\\\/2023\\\/12\\\/athletico-paranaense-v-flamengo-copa-do-brasil-2023.jpeg\",\"keywords\":[\"Vitor Roque\"],\"articleSection\":[\"FC Barcelona\"],\"inLanguage\":\"en-US\"},{\"@type\":\"WebPage\",\"@id\":\"https:\\\/\\\/www.fcbarcelonanoticias.com\\\/en\\\/fc-barcelona\\\/the-number-that-vitor-roque-could-wear-at-barca_298685_102.html\",\"url\":\"https:\\\/\\\/www.fcbarcelonanoticias.com\\\/en\\\/fc-barcelona\\\/the-number-that-vitor-roque-could-wear-at-barca_298685_102.html\",\"name\":\"The number that Vitor Roque could wear at Bar\u00e7a\",\"isPartOf\":{\"@id\":\"https:\\\/\\\/www.fcbarcelonanoticias.com\\\/en\\\/#website\"},\"primaryImageOfPage\":{\"@id\":\"https:\\\/\\\/www.fcbarcelonanoticias.com\\\/en\\\/fc-barcelona\\\/the-number-that-vitor-roque-could-wear-at-barca_298685_102.html#primaryimage\"},\"image\":{\"@id\":\"https:\\\/\\\/www.fcbarcelonanoticias.com\\\/en\\\/fc-barcelona\\\/the-number-that-vitor-roque-could-wear-at-barca_298685_102.html#primaryimage\"},\"thumbnailUrl\":\"https:\\\/\\\/www.fcbarcelonanoticias.com\\\/en\\\/wp-content\\\/uploads\\\/sites\\\/2\\\/2023\\\/12\\\/athletico-paranaense-v-flamengo-copa-do-brasil-2023.jpeg\",\"datePublished\":\"2023-12-03T19:54:00+00:00\",\"dateModified\":\"2023-12-03T23:09:00+00:00\",\"author\":{\"@id\":\"https:\\\/\\\/www.fcbarcelonanoticias.com\\\/en\\\/#\\\/schema\\\/person\\\/e9820ca62b3ab5d344366c282da4bce7\"},\"description\":\"Although his joining Bar\u00e7a in January has already been confirmed, the question that keeps the cul\u00e9 fans in suspense is: What number will Tigrinho wear? The available options are few and still no one knows which one the Brazilian footballer will decide on.\",\"breadcrumb\":{\"@id\":\"https:\\\/\\\/www.fcbarcelonanoticias.com\\\/en\\\/fc-barcelona\\\/the-number-that-vitor-roque-could-wear-at-barca_298685_102.html#breadcrumb\"},\"inLanguage\":\"en-US\",\"potentialAction\":[{\"@type\":\"ReadAction\",\"target\":[\"https:\\\/\\\/www.fcbarcelonanoticias.com\\\/en\\\/fc-barcelona\\\/the-number-that-vitor-roque-could-wear-at-barca_298685_102.html\"]}]},{\"@type\":\"ImageObject\",\"inLanguage\":\"en-US\",\"@id\":\"https:\\\/\\\/www.fcbarcelonanoticias.com\\\/en\\\/fc-barcelona\\\/the-number-that-vitor-roque-could-wear-at-barca_298685_102.html#primaryimage\",\"url\":\"https:\\\/\\\/www.fcbarcelonanoticias.com\\\/en\\\/wp-content\\\/uploads\\\/sites\\\/2\\\/2023\\\/12\\\/athletico-paranaense-v-flamengo-copa-do-brasil-2023.jpeg\",\"contentUrl\":\"https:\\\/\\\/www.fcbarcelonanoticias.com\\\/en\\\/wp-content\\\/uploads\\\/sites\\\/2\\\/2023\\\/12\\\/athletico-paranaense-v-flamengo-copa-do-brasil-2023.jpeg\",\"width\":1300,\"height\":726},{\"@type\":\"BreadcrumbList\",\"@id\":\"https:\\\/\\\/www.fcbarcelonanoticias.com\\\/en\\\/fc-barcelona\\\/the-number-that-vitor-roque-could-wear-at-barca_298685_102.html#breadcrumb\",\"itemListElement\":[{\"@type\":\"ListItem\",\"position\":1,\"name\":\"Portada\",\"item\":\"https:\\\/\\\/www.fcbarcelonanoticias.com\\\/en\\\/\"},{\"@type\":\"ListItem\",\"position\":2,\"name\":\"The number that Vitor Roque could wear at Bar\u00e7a\"}]},{\"@type\":\"WebSite\",\"@id\":\"https:\\\/\\\/www.fcbarcelonanoticias.com\\\/en\\\/#website\",\"url\":\"https:\\\/\\\/www.fcbarcelonanoticias.com\\\/en\\\/\",\"name\":\"EN - FC Barcelona Noticias\",\"description\":\"\",\"potentialAction\":[{\"@type\":\"SearchAction\",\"target\":{\"@type\":\"EntryPoint\",\"urlTemplate\":\"https:\\\/\\\/www.fcbarcelonanoticias.com\\\/en\\\/?s={search_term_string}\"},\"query-input\":{\"@type\":\"PropertyValueSpecification\",\"valueRequired\":true,\"valueName\":\"search_term_string\"}}],\"inLanguage\":\"en-US\"},{\"@type\":\"Person\",\"@id\":\"https:\\\/\\\/www.fcbarcelonanoticias.com\\\/en\\\/#\\\/schema\\\/person\\\/e9820ca62b3ab5d344366c282da4bce7\",\"name\":\"Ariel Molina\",\"image\":{\"@type\":\"ImageObject\",\"inLanguage\":\"en-US\",\"@id\":\"https:\\\/\\\/secure.gravatar.com\\\/avatar\\\/?s=96&d=mm&r=g\",\"url\":\"https:\\\/\\\/secure.gravatar.com\\\/avatar\\\/?s=96&d=mm&r=g\",\"contentUrl\":\"https:\\\/\\\/secure.gravatar.com\\\/avatar\\\/?s=96&d=mm&r=g\",\"caption\":\"Ariel Molina\"},\"url\":\"https:\\\/\\\/www.fcbarcelonanoticias.com\\\/en\\\/fc-barcelona\\\/ariel-molina_24_115.html\"}]}<\/script>\n<!-- \/ Yoast SEO plugin. -->","yoast_head_json":{"title":"The number that Vitor Roque could wear at Bar\u00e7a","description":"Although his joining Bar\u00e7a in January has already been confirmed, the question that keeps the cul\u00e9 fans in suspense is: What number will Tigrinho wear? The available options are few and still no one knows which one the Brazilian footballer will decide on.","robots":{"index":"index","follow":"follow","max-snippet":"max-snippet:-1","max-image-preview":"max-image-preview:large","max-video-preview":"max-video-preview:-1"},"canonical":"https:\/\/www.fcbarcelonanoticias.com\/en\/fc-barcelona\/the-number-that-vitor-roque-could-wear-at-barca_298685_102.html","og_locale":"en_US","og_type":"article","og_title":"The number that Vitor Roque could wear at Bar\u00e7a","og_description":"Although his joining Bar\u00e7a in January has already been confirmed, the question that keeps the cul\u00e9 fans in suspense is: What number will Tigrinho wear? The available options are few and still no one knows which one the Brazilian footballer will decide on.","og_url":"https:\/\/www.fcbarcelonanoticias.com\/en\/fc-barcelona\/the-number-that-vitor-roque-could-wear-at-barca_298685_102.html","og_site_name":"EN - FC Barcelona Noticias","article_published_time":"2023-12-03T19:54:00+00:00","article_modified_time":"2023-12-03T23:09:00+00:00","og_image":[{"width":1300,"height":726,"url":"https:\/\/www.fcbarcelonanoticias.com\/en\/wp-content\/uploads\/sites\/2\/2023\/12\/athletico-paranaense-v-flamengo-copa-do-brasil-2023.jpeg","type":"image\/jpeg"}],"author":"Ariel Molina","twitter_card":"summary_large_image","twitter_misc":{"Written by":"Ariel Molina","Est. reading time":"2 minutes"},"schema":{"@context":"https:\/\/schema.org","@graph":[{"@type":"Article","@id":"https:\/\/www.fcbarcelonanoticias.com\/en\/fc-barcelona\/the-number-that-vitor-roque-could-wear-at-barca_298685_102.html#article","isPartOf":{"@id":"https:\/\/www.fcbarcelonanoticias.com\/en\/fc-barcelona\/the-number-that-vitor-roque-could-wear-at-barca_298685_102.html"},"author":{"name":"Ariel Molina","@id":"https:\/\/www.fcbarcelonanoticias.com\/en\/#\/schema\/person\/e9820ca62b3ab5d344366c282da4bce7"},"headline":"The number that Vitor Roque could wear at Bar\u00e7a","datePublished":"2023-12-03T19:54:00+00:00","dateModified":"2023-12-03T23:09:00+00:00","mainEntityOfPage":{"@id":"https:\/\/www.fcbarcelonanoticias.com\/en\/fc-barcelona\/the-number-that-vitor-roque-could-wear-at-barca_298685_102.html"},"wordCount":352,"image":{"@id":"https:\/\/www.fcbarcelonanoticias.com\/en\/fc-barcelona\/the-number-that-vitor-roque-could-wear-at-barca_298685_102.html#primaryimage"},"thumbnailUrl":"https:\/\/www.fcbarcelonanoticias.com\/en\/wp-content\/uploads\/sites\/2\/2023\/12\/athletico-paranaense-v-flamengo-copa-do-brasil-2023.jpeg","keywords":["Vitor Roque"],"articleSection":["FC Barcelona"],"inLanguage":"en-US"},{"@type":"WebPage","@id":"https:\/\/www.fcbarcelonanoticias.com\/en\/fc-barcelona\/the-number-that-vitor-roque-could-wear-at-barca_298685_102.html","url":"https:\/\/www.fcbarcelonanoticias.com\/en\/fc-barcelona\/the-number-that-vitor-roque-could-wear-at-barca_298685_102.html","name":"The number that Vitor Roque could wear at Bar\u00e7a","isPartOf":{"@id":"https:\/\/www.fcbarcelonanoticias.com\/en\/#website"},"primaryImageOfPage":{"@id":"https:\/\/www.fcbarcelonanoticias.com\/en\/fc-barcelona\/the-number-that-vitor-roque-could-wear-at-barca_298685_102.html#primaryimage"},"image":{"@id":"https:\/\/www.fcbarcelonanoticias.com\/en\/fc-barcelona\/the-number-that-vitor-roque-could-wear-at-barca_298685_102.html#primaryimage"},"thumbnailUrl":"https:\/\/www.fcbarcelonanoticias.com\/en\/wp-content\/uploads\/sites\/2\/2023\/12\/athletico-paranaense-v-flamengo-copa-do-brasil-2023.jpeg","datePublished":"2023-12-03T19:54:00+00:00","dateModified":"2023-12-03T23:09:00+00:00","author":{"@id":"https:\/\/www.fcbarcelonanoticias.com\/en\/#\/schema\/person\/e9820ca62b3ab5d344366c282da4bce7"},"description":"Although his joining Bar\u00e7a in January has already been confirmed, the question that keeps the cul\u00e9 fans in suspense is: What number will Tigrinho wear? The available options are few and still no one knows which one the Brazilian footballer will decide on.","breadcrumb":{"@id":"https:\/\/www.fcbarcelonanoticias.com\/en\/fc-barcelona\/the-number-that-vitor-roque-could-wear-at-barca_298685_102.html#breadcrumb"},"inLanguage":"en-US","potentialAction":[{"@type":"ReadAction","target":["https:\/\/www.fcbarcelonanoticias.com\/en\/fc-barcelona\/the-number-that-vitor-roque-could-wear-at-barca_298685_102.html"]}]},{"@type":"ImageObject","inLanguage":"en-US","@id":"https:\/\/www.fcbarcelonanoticias.com\/en\/fc-barcelona\/the-number-that-vitor-roque-could-wear-at-barca_298685_102.html#primaryimage","url":"https:\/\/www.fcbarcelonanoticias.com\/en\/wp-content\/uploads\/sites\/2\/2023\/12\/athletico-paranaense-v-flamengo-copa-do-brasil-2023.jpeg","contentUrl":"https:\/\/www.fcbarcelonanoticias.com\/en\/wp-content\/uploads\/sites\/2\/2023\/12\/athletico-paranaense-v-flamengo-copa-do-brasil-2023.jpeg","width":1300,"height":726},{"@type":"BreadcrumbList","@id":"https:\/\/www.fcbarcelonanoticias.com\/en\/fc-barcelona\/the-number-that-vitor-roque-could-wear-at-barca_298685_102.html#breadcrumb","itemListElement":[{"@type":"ListItem","position":1,"name":"Portada","item":"https:\/\/www.fcbarcelonanoticias.com\/en\/"},{"@type":"ListItem","position":2,"name":"The number that Vitor Roque could wear at Bar\u00e7a"}]},{"@type":"WebSite","@id":"https:\/\/www.fcbarcelonanoticias.com\/en\/#website","url":"https:\/\/www.fcbarcelonanoticias.com\/en\/","name":"EN - FC Barcelona Noticias","description":"","potentialAction":[{"@type":"SearchAction","target":{"@type":"EntryPoint","urlTemplate":"https:\/\/www.fcbarcelonanoticias.com\/en\/?s={search_term_string}"},"query-input":{"@type":"PropertyValueSpecification","valueRequired":true,"valueName":"search_term_string"}}],"inLanguage":"en-US"},{"@type":"Person","@id":"https:\/\/www.fcbarcelonanoticias.com\/en\/#\/schema\/person\/e9820ca62b3ab5d344366c282da4bce7","name":"Ariel Molina","image":{"@type":"ImageObject","inLanguage":"en-US","@id":"https:\/\/secure.gravatar.com\/avatar\/?s=96&d=mm&r=g","url":"https:\/\/secure.gravatar.com\/avatar\/?s=96&d=mm&r=g","contentUrl":"https:\/\/secure.gravatar.com\/avatar\/?s=96&d=mm&r=g","caption":"Ariel Molina"},"url":"https:\/\/www.fcbarcelonanoticias.com\/en\/fc-barcelona\/ariel-molina_24_115.html"}]}},"_links":{"self":[{"href":"https:\/\/www.fcbarcelonanoticias.com\/en\/wp-json\/wp\/v2\/posts\/32654","targetHints":{"allow":["GET"]}}],"collection":[{"href":"https:\/\/www.fcbarcelonanoticias.com\/en\/wp-json\/wp\/v2\/posts"}],"about":[{"href":"https:\/\/www.fcbarcelonanoticias.com\/en\/wp-json\/wp\/v2\/types\/post"}],"author":[{"embeddable":true,"href":"https:\/\/www.fcbarcelonanoticias.com\/en\/wp-json\/wp\/v2\/users\/344"}],"replies":[{"embeddable":true,"href":"https:\/\/www.fcbarcelonanoticias.com\/en\/wp-json\/wp\/v2\/comments?post=32654"}],"version-history":[{"count":1,"href":"https:\/\/www.fcbarcelonanoticias.com\/en\/wp-json\/wp\/v2\/posts\/32654\/revisions"}],"predecessor-version":[{"id":108895,"href":"https:\/\/www.fcbarcelonanoticias.com\/en\/wp-json\/wp\/v2\/posts\/32654\/revisions\/108895"}],"wp:featuredmedia":[{"embeddable":true,"href":"https:\/\/www.fcbarcelonanoticias.com\/en\/wp-json\/wp\/v2\/media\/32656"}],"wp:attachment":[{"href":"https:\/\/www.fcbarcelonanoticias.com\/en\/wp-json\/wp\/v2\/media?parent=32654"}],"wp:term":[{"taxonomy":"category","embeddable":true,"href":"https:\/\/www.fcbarcelonanoticias.com\/en\/wp-json\/wp\/v2\/categories?post=32654"},{"taxonomy":"post_tag","embeddable":true,"href":"https:\/\/www.fcbarcelonanoticias.com\/en\/wp-json\/wp\/v2\/tags?post=32654"}],"curies":[{"name":"wp","href":"https:\/\/api.w.org\/{rel}","templated":true}]}}