{"id":32799,"date":"2024-08-30T15:27:00","date_gmt":"2024-08-30T13:27:00","guid":{"rendered":"https:\/\/weisetech.dev\/fc-barcelona-noticias\/en\/the-optimistic-forecast-of-fc-barcelona-with-the-return-of-frenkie-jong_306924_102\/"},"modified":"2024-08-30T15:27:00","modified_gmt":"2024-08-30T13:27:00","slug":"the-optimistic-forecast-of-fc-barcelona-with-the-return-of-frenkie-jong_306924_102","status":"publish","type":"post","link":"https:\/\/www.fcbarcelonanoticias.com\/en\/fc-barcelona\/the-optimistic-forecast-of-fc-barcelona-with-the-return-of-frenkie-jong_306924_102.html","title":{"rendered":"The optimistic forecast of FC Barcelona with the return of Frenkie de Jong"},"content":{"rendered":"<h2 class=\"wp-block-heading\">Hansi Flick has given Barcelona hope with Frenkie de Jong. The coach was positive about his recovery and hinted at the possible date when he will return to the first team<\/h2>  \r\n<div class=\"article-addons\">\r\n    <a href=\"https:\/\/www.fcbarcelonanoticias.com\/en\/calendar-fc-barcelona.html\"\r\n       target=\"_self\"\r\n       title=\"Calendar of FC Barcelona\"\r\n       class=\"blue-gredient-btn\">\r\n       \r\n        Calendar of FC Barcelona    <\/a>\r\n<\/div>   <p>Frenkie de Jong is beginning to see the light at the end of the tunnel. <strong>The Dutchman&#8217;s right ankle injury has been a real headache for FC Barcelona<\/strong>, \u200b\u200bas his recovery process has been delayed more than expected <a data-external=\"0\" data-intl-links-en=\"https:\/\/www.fcbarcelonanoticias.com\/en\/football-soccer\/hansi-flick-midfield-puzzle-for-the-24-25-season_306294_102.html\" data-intl-links-es=\"https:\/\/www.fcbarcelonanoticias.com\/futbol\/puzzle-centro-campo-hansi-flick-temporada-24-25_306294_102.html\" href=\"https:\/\/www.fcbarcelonanoticias.com\/en\/football-soccer\/hansi-flick-midfield-puzzle-for-the-24-25-season_306294_102.html\" rel=\"follow\" target=\"_self\" title=\"Hansi Flick's midfield 'puzzle' for the 24\/25 season\">and has weakened the midfield of the squad led by Hansi Flick<\/a>, who, given the impossibility of finalising the arrival of a reinforcement for this area of \u200b\u200bthe pitch, needs the presence of the footballer more than ever.<\/p>  <p>The Arkel native suffered a severe grade two sprain in his right ankle on 21 April in the Cl\u00e1sico, after a tough clash with Federico Valverde. <strong>This setback was the third of the same type suffered by the player last season, which is why his evolution has not followed the deadlines initially planned by the club&#8217;s medical services<\/strong>. The midfielder missed the Euros due to this problem and returned to Barcelona for pre-season with this area of \u200b\u200bhis body still inflamed, so the forecasts were not very encouraging.<\/p>  <p>However, Hansi Flick has restored hope with the midfielder&#8217;s return to the Blaugrana. In the press conference prior <a data-external=\"0\" data-intl-links-en=\"https:\/\/www.fcbarcelonanoticias.com\/en\/laliga\/fc-barcelona-vs-valladolid-victory-to-go-into-the-international-break-as-leaders-and-undefeated_306915_102.html\" data-intl-links-es=\"https:\/\/www.fcbarcelonanoticias.com\/laliga\/fc-barcelona-vs-valladolid-victoria-irse-lideres-invictos-paron-selecciones_306915_102.html\" href=\"https:\/\/www.fcbarcelonanoticias.com\/en\/laliga\/fc-barcelona-vs-valladolid-victory-to-go-into-the-international-break-as-leaders-and-undefeated_306915_102.html\" rel=\"follow\" target=\"_self\" title=\"FC Barcelona vs Valladolid: A victory to go into the international break as leaders and undefeated\">to the match against Valladolid on Saturday 31 August<\/a>, the German coach spoke about Frenkie&#8217;s physical condition and was positive about his return to the first team,<strong> ensuring that he hopes he does not have to undergo surgery and revealing the date on which he could have him available again<\/strong>.<\/p>  <p><strong>&#8220;I hope he doesn&#8217;t need to go under the knife. He&#8217;s in the process of recovery, he&#8217;s made a big step forward and now we have to wait<\/strong>. He&#8217;s training well and we&#8217;ll see. <strong>I hope to have him back after the international break, but I can&#8217;t confirm it yet<\/strong>. The medical team does a very good job, so we&#8217;ll see what happens after the break,&#8221; were the words of the German coach.<\/p>  <h2>The candidate to occupy the pivot<\/h2>  <p>On the other hand, Flick spoke about the pivot position, which has been affected by the loss of Marc Bernal. &#8220;I&#8217;ve seen very positive things from Bernal in the last three games, but now we have to replace him. <strong>Casad\u00f3, Eric can also occupy this position. We have shared our idea of \u200b\u200bthe game and how we want it to be played there and they are capable. I have full confidence that they can do it well<\/strong>,&#8221; he said. Despite this, the possible return of De Jong after the break would &#8216;settle&#8217; the debate, since Hansi considers him undisputed in his new project, which is why he also stopped his departure in this transfer market.<\/p> ","protected":false},"excerpt":{"rendered":"<p>Hansi Flick has given Barcelona hope with Frenkie de Jong. The coach was positive about his recovery and hinted at the possible date when he will return to the first team Frenkie de Jong is beginning to see the light at the end of the tunnel. The Dutchman&#8217;s right ankle injury has been a real [&hellip;]<\/p>\n","protected":false},"author":358,"featured_media":32802,"comment_status":"closed","ping_status":"open","sticky":false,"template":"","format":"standard","meta":{"_acf_changed":false,"inline_featured_image":false,"_nextfly_llmd_date_locked":false,"footnotes":""},"categories":[111],"tags":[87],"class_list":["post-32799","post","type-post","status-publish","format-standard","has-post-thumbnail","hentry","category-fc-barcelona","tag-hansi-flick"],"acf":[],"yoast_head":"<!-- This site is optimized with the Yoast SEO plugin v27.3 - https:\/\/yoast.com\/product\/yoast-seo-wordpress\/ -->\n<title>The optimistic forecast of FC Barcelona with the return of Frenkie de Jong<\/title>\n<meta name=\"description\" content=\"Hansi Flick has given Barcelona hope with Frenkie de Jong. The coach was positive about his recovery and hinted at the possible date when he will return to the first team\" \/>\n<meta name=\"robots\" content=\"index, follow, max-snippet:-1, max-image-preview:large, max-video-preview:-1\" \/>\n<link rel=\"canonical\" href=\"https:\/\/www.fcbarcelonanoticias.com\/en\/fc-barcelona\/the-optimistic-forecast-of-fc-barcelona-with-the-return-of-frenkie-jong_306924_102.html\" \/>\n<meta property=\"og:locale\" content=\"en_US\" \/>\n<meta property=\"og:type\" content=\"article\" \/>\n<meta property=\"og:title\" content=\"The optimistic forecast of FC Barcelona with the return of Frenkie de Jong\" \/>\n<meta property=\"og:description\" content=\"Hansi Flick has given Barcelona hope with Frenkie de Jong. The coach was positive about his recovery and hinted at the possible date when he will return to the first team\" \/>\n<meta property=\"og:url\" content=\"https:\/\/www.fcbarcelonanoticias.com\/en\/fc-barcelona\/the-optimistic-forecast-of-fc-barcelona-with-the-return-of-frenkie-jong_306924_102.html\" \/>\n<meta property=\"og:site_name\" content=\"EN - FC Barcelona Noticias\" \/>\n<meta property=\"article:published_time\" content=\"2024-08-30T13:27:00+00:00\" \/>\n<meta property=\"og:image\" content=\"https:\/\/www.fcbarcelonanoticias.com\/en\/wp-content\/uploads\/sites\/2\/2024\/08\/frenkie-de-jong-en-un-entrenamiento-1.jpeg\" \/>\n\t<meta property=\"og:image:width\" content=\"1200\" \/>\n\t<meta property=\"og:image:height\" content=\"675\" \/>\n\t<meta property=\"og:image:type\" content=\"image\/jpeg\" \/>\n<meta name=\"author\" content=\"Juan Pablo Berdugo\" \/>\n<meta name=\"twitter:card\" content=\"summary_large_image\" \/>\n<meta name=\"twitter:label1\" content=\"Written by\" \/>\n\t<meta name=\"twitter:data1\" content=\"Juan Pablo Berdugo\" \/>\n\t<meta name=\"twitter:label2\" content=\"Est. reading time\" \/>\n\t<meta name=\"twitter:data2\" content=\"2 minutes\" \/>\n<script type=\"application\/ld+json\" class=\"yoast-schema-graph\">{\"@context\":\"https:\\\/\\\/schema.org\",\"@graph\":[{\"@type\":\"Article\",\"@id\":\"https:\\\/\\\/www.fcbarcelonanoticias.com\\\/en\\\/fc-barcelona\\\/the-optimistic-forecast-of-fc-barcelona-with-the-return-of-frenkie-jong_306924_102.html#article\",\"isPartOf\":{\"@id\":\"https:\\\/\\\/www.fcbarcelonanoticias.com\\\/en\\\/fc-barcelona\\\/the-optimistic-forecast-of-fc-barcelona-with-the-return-of-frenkie-jong_306924_102.html\"},\"author\":{\"name\":\"Juan Pablo Berdugo\",\"@id\":\"https:\\\/\\\/www.fcbarcelonanoticias.com\\\/en\\\/#\\\/schema\\\/person\\\/88d756918a0a1ae9fa593b5edddd1815\"},\"headline\":\"The optimistic forecast of FC Barcelona with the return of Frenkie de Jong\",\"datePublished\":\"2024-08-30T13:27:00+00:00\",\"mainEntityOfPage\":{\"@id\":\"https:\\\/\\\/www.fcbarcelonanoticias.com\\\/en\\\/fc-barcelona\\\/the-optimistic-forecast-of-fc-barcelona-with-the-return-of-frenkie-jong_306924_102.html\"},\"wordCount\":481,\"image\":{\"@id\":\"https:\\\/\\\/www.fcbarcelonanoticias.com\\\/en\\\/fc-barcelona\\\/the-optimistic-forecast-of-fc-barcelona-with-the-return-of-frenkie-jong_306924_102.html#primaryimage\"},\"thumbnailUrl\":\"https:\\\/\\\/www.fcbarcelonanoticias.com\\\/en\\\/wp-content\\\/uploads\\\/sites\\\/2\\\/2024\\\/08\\\/frenkie-de-jong-en-un-entrenamiento-1.jpeg\",\"keywords\":[\"Hansi Flick\"],\"articleSection\":[\"FC Barcelona\"],\"inLanguage\":\"en-US\"},{\"@type\":\"WebPage\",\"@id\":\"https:\\\/\\\/www.fcbarcelonanoticias.com\\\/en\\\/fc-barcelona\\\/the-optimistic-forecast-of-fc-barcelona-with-the-return-of-frenkie-jong_306924_102.html\",\"url\":\"https:\\\/\\\/www.fcbarcelonanoticias.com\\\/en\\\/fc-barcelona\\\/the-optimistic-forecast-of-fc-barcelona-with-the-return-of-frenkie-jong_306924_102.html\",\"name\":\"The optimistic forecast of FC Barcelona with the return of Frenkie de Jong\",\"isPartOf\":{\"@id\":\"https:\\\/\\\/www.fcbarcelonanoticias.com\\\/en\\\/#website\"},\"primaryImageOfPage\":{\"@id\":\"https:\\\/\\\/www.fcbarcelonanoticias.com\\\/en\\\/fc-barcelona\\\/the-optimistic-forecast-of-fc-barcelona-with-the-return-of-frenkie-jong_306924_102.html#primaryimage\"},\"image\":{\"@id\":\"https:\\\/\\\/www.fcbarcelonanoticias.com\\\/en\\\/fc-barcelona\\\/the-optimistic-forecast-of-fc-barcelona-with-the-return-of-frenkie-jong_306924_102.html#primaryimage\"},\"thumbnailUrl\":\"https:\\\/\\\/www.fcbarcelonanoticias.com\\\/en\\\/wp-content\\\/uploads\\\/sites\\\/2\\\/2024\\\/08\\\/frenkie-de-jong-en-un-entrenamiento-1.jpeg\",\"datePublished\":\"2024-08-30T13:27:00+00:00\",\"author\":{\"@id\":\"https:\\\/\\\/www.fcbarcelonanoticias.com\\\/en\\\/#\\\/schema\\\/person\\\/88d756918a0a1ae9fa593b5edddd1815\"},\"description\":\"Hansi Flick has given Barcelona hope with Frenkie de Jong. The coach was positive about his recovery and hinted at the possible date when he will return to the first team\",\"breadcrumb\":{\"@id\":\"https:\\\/\\\/www.fcbarcelonanoticias.com\\\/en\\\/fc-barcelona\\\/the-optimistic-forecast-of-fc-barcelona-with-the-return-of-frenkie-jong_306924_102.html#breadcrumb\"},\"inLanguage\":\"en-US\",\"potentialAction\":[{\"@type\":\"ReadAction\",\"target\":[\"https:\\\/\\\/www.fcbarcelonanoticias.com\\\/en\\\/fc-barcelona\\\/the-optimistic-forecast-of-fc-barcelona-with-the-return-of-frenkie-jong_306924_102.html\"]}]},{\"@type\":\"ImageObject\",\"inLanguage\":\"en-US\",\"@id\":\"https:\\\/\\\/www.fcbarcelonanoticias.com\\\/en\\\/fc-barcelona\\\/the-optimistic-forecast-of-fc-barcelona-with-the-return-of-frenkie-jong_306924_102.html#primaryimage\",\"url\":\"https:\\\/\\\/www.fcbarcelonanoticias.com\\\/en\\\/wp-content\\\/uploads\\\/sites\\\/2\\\/2024\\\/08\\\/frenkie-de-jong-en-un-entrenamiento-1.jpeg\",\"contentUrl\":\"https:\\\/\\\/www.fcbarcelonanoticias.com\\\/en\\\/wp-content\\\/uploads\\\/sites\\\/2\\\/2024\\\/08\\\/frenkie-de-jong-en-un-entrenamiento-1.jpeg\",\"width\":1200,\"height\":675},{\"@type\":\"BreadcrumbList\",\"@id\":\"https:\\\/\\\/www.fcbarcelonanoticias.com\\\/en\\\/fc-barcelona\\\/the-optimistic-forecast-of-fc-barcelona-with-the-return-of-frenkie-jong_306924_102.html#breadcrumb\",\"itemListElement\":[{\"@type\":\"ListItem\",\"position\":1,\"name\":\"Portada\",\"item\":\"https:\\\/\\\/www.fcbarcelonanoticias.com\\\/en\\\/\"},{\"@type\":\"ListItem\",\"position\":2,\"name\":\"The optimistic forecast of FC Barcelona with the return of Frenkie de Jong\"}]},{\"@type\":\"WebSite\",\"@id\":\"https:\\\/\\\/www.fcbarcelonanoticias.com\\\/en\\\/#website\",\"url\":\"https:\\\/\\\/www.fcbarcelonanoticias.com\\\/en\\\/\",\"name\":\"EN - FC Barcelona Noticias\",\"description\":\"\",\"potentialAction\":[{\"@type\":\"SearchAction\",\"target\":{\"@type\":\"EntryPoint\",\"urlTemplate\":\"https:\\\/\\\/www.fcbarcelonanoticias.com\\\/en\\\/?s={search_term_string}\"},\"query-input\":{\"@type\":\"PropertyValueSpecification\",\"valueRequired\":true,\"valueName\":\"search_term_string\"}}],\"inLanguage\":\"en-US\"},{\"@type\":\"Person\",\"@id\":\"https:\\\/\\\/www.fcbarcelonanoticias.com\\\/en\\\/#\\\/schema\\\/person\\\/88d756918a0a1ae9fa593b5edddd1815\",\"name\":\"Juan Pablo Berdugo\",\"image\":{\"@type\":\"ImageObject\",\"inLanguage\":\"en-US\",\"@id\":\"https:\\\/\\\/secure.gravatar.com\\\/avatar\\\/?s=96&d=mm&r=g\",\"url\":\"https:\\\/\\\/secure.gravatar.com\\\/avatar\\\/?s=96&d=mm&r=g\",\"contentUrl\":\"https:\\\/\\\/secure.gravatar.com\\\/avatar\\\/?s=96&d=mm&r=g\",\"caption\":\"Juan Pablo Berdugo\"},\"description\":\"Juan Pablo Berdugo es graduado en Periodismo. Colabora con FCBN como especialista en informaci\u00f3n del primer equipo del FC Barcelona, f\u00fatbol internacional y mercado de fichajes. Destaca por su enfoque anal\u00edtico, su rigor informativo y su capacidad para detectar tendencias emergentes en el f\u00fatbol global.\",\"url\":\"https:\\\/\\\/www.fcbarcelonanoticias.com\\\/en\\\/fc-barcelona\\\/juan-pablo-berdugo_18_115.html\"}]}<\/script>\n<!-- \/ Yoast SEO plugin. -->","yoast_head_json":{"title":"The optimistic forecast of FC Barcelona with the return of Frenkie de Jong","description":"Hansi Flick has given Barcelona hope with Frenkie de Jong. The coach was positive about his recovery and hinted at the possible date when he will return to the first team","robots":{"index":"index","follow":"follow","max-snippet":"max-snippet:-1","max-image-preview":"max-image-preview:large","max-video-preview":"max-video-preview:-1"},"canonical":"https:\/\/www.fcbarcelonanoticias.com\/en\/fc-barcelona\/the-optimistic-forecast-of-fc-barcelona-with-the-return-of-frenkie-jong_306924_102.html","og_locale":"en_US","og_type":"article","og_title":"The optimistic forecast of FC Barcelona with the return of Frenkie de Jong","og_description":"Hansi Flick has given Barcelona hope with Frenkie de Jong. The coach was positive about his recovery and hinted at the possible date when he will return to the first team","og_url":"https:\/\/www.fcbarcelonanoticias.com\/en\/fc-barcelona\/the-optimistic-forecast-of-fc-barcelona-with-the-return-of-frenkie-jong_306924_102.html","og_site_name":"EN - FC Barcelona Noticias","article_published_time":"2024-08-30T13:27:00+00:00","og_image":[{"width":1200,"height":675,"url":"https:\/\/www.fcbarcelonanoticias.com\/en\/wp-content\/uploads\/sites\/2\/2024\/08\/frenkie-de-jong-en-un-entrenamiento-1.jpeg","type":"image\/jpeg"}],"author":"Juan Pablo Berdugo","twitter_card":"summary_large_image","twitter_misc":{"Written by":"Juan Pablo Berdugo","Est. reading time":"2 minutes"},"schema":{"@context":"https:\/\/schema.org","@graph":[{"@type":"Article","@id":"https:\/\/www.fcbarcelonanoticias.com\/en\/fc-barcelona\/the-optimistic-forecast-of-fc-barcelona-with-the-return-of-frenkie-jong_306924_102.html#article","isPartOf":{"@id":"https:\/\/www.fcbarcelonanoticias.com\/en\/fc-barcelona\/the-optimistic-forecast-of-fc-barcelona-with-the-return-of-frenkie-jong_306924_102.html"},"author":{"name":"Juan Pablo Berdugo","@id":"https:\/\/www.fcbarcelonanoticias.com\/en\/#\/schema\/person\/88d756918a0a1ae9fa593b5edddd1815"},"headline":"The optimistic forecast of FC Barcelona with the return of Frenkie de Jong","datePublished":"2024-08-30T13:27:00+00:00","mainEntityOfPage":{"@id":"https:\/\/www.fcbarcelonanoticias.com\/en\/fc-barcelona\/the-optimistic-forecast-of-fc-barcelona-with-the-return-of-frenkie-jong_306924_102.html"},"wordCount":481,"image":{"@id":"https:\/\/www.fcbarcelonanoticias.com\/en\/fc-barcelona\/the-optimistic-forecast-of-fc-barcelona-with-the-return-of-frenkie-jong_306924_102.html#primaryimage"},"thumbnailUrl":"https:\/\/www.fcbarcelonanoticias.com\/en\/wp-content\/uploads\/sites\/2\/2024\/08\/frenkie-de-jong-en-un-entrenamiento-1.jpeg","keywords":["Hansi Flick"],"articleSection":["FC Barcelona"],"inLanguage":"en-US"},{"@type":"WebPage","@id":"https:\/\/www.fcbarcelonanoticias.com\/en\/fc-barcelona\/the-optimistic-forecast-of-fc-barcelona-with-the-return-of-frenkie-jong_306924_102.html","url":"https:\/\/www.fcbarcelonanoticias.com\/en\/fc-barcelona\/the-optimistic-forecast-of-fc-barcelona-with-the-return-of-frenkie-jong_306924_102.html","name":"The optimistic forecast of FC Barcelona with the return of Frenkie de Jong","isPartOf":{"@id":"https:\/\/www.fcbarcelonanoticias.com\/en\/#website"},"primaryImageOfPage":{"@id":"https:\/\/www.fcbarcelonanoticias.com\/en\/fc-barcelona\/the-optimistic-forecast-of-fc-barcelona-with-the-return-of-frenkie-jong_306924_102.html#primaryimage"},"image":{"@id":"https:\/\/www.fcbarcelonanoticias.com\/en\/fc-barcelona\/the-optimistic-forecast-of-fc-barcelona-with-the-return-of-frenkie-jong_306924_102.html#primaryimage"},"thumbnailUrl":"https:\/\/www.fcbarcelonanoticias.com\/en\/wp-content\/uploads\/sites\/2\/2024\/08\/frenkie-de-jong-en-un-entrenamiento-1.jpeg","datePublished":"2024-08-30T13:27:00+00:00","author":{"@id":"https:\/\/www.fcbarcelonanoticias.com\/en\/#\/schema\/person\/88d756918a0a1ae9fa593b5edddd1815"},"description":"Hansi Flick has given Barcelona hope with Frenkie de Jong. The coach was positive about his recovery and hinted at the possible date when he will return to the first team","breadcrumb":{"@id":"https:\/\/www.fcbarcelonanoticias.com\/en\/fc-barcelona\/the-optimistic-forecast-of-fc-barcelona-with-the-return-of-frenkie-jong_306924_102.html#breadcrumb"},"inLanguage":"en-US","potentialAction":[{"@type":"ReadAction","target":["https:\/\/www.fcbarcelonanoticias.com\/en\/fc-barcelona\/the-optimistic-forecast-of-fc-barcelona-with-the-return-of-frenkie-jong_306924_102.html"]}]},{"@type":"ImageObject","inLanguage":"en-US","@id":"https:\/\/www.fcbarcelonanoticias.com\/en\/fc-barcelona\/the-optimistic-forecast-of-fc-barcelona-with-the-return-of-frenkie-jong_306924_102.html#primaryimage","url":"https:\/\/www.fcbarcelonanoticias.com\/en\/wp-content\/uploads\/sites\/2\/2024\/08\/frenkie-de-jong-en-un-entrenamiento-1.jpeg","contentUrl":"https:\/\/www.fcbarcelonanoticias.com\/en\/wp-content\/uploads\/sites\/2\/2024\/08\/frenkie-de-jong-en-un-entrenamiento-1.jpeg","width":1200,"height":675},{"@type":"BreadcrumbList","@id":"https:\/\/www.fcbarcelonanoticias.com\/en\/fc-barcelona\/the-optimistic-forecast-of-fc-barcelona-with-the-return-of-frenkie-jong_306924_102.html#breadcrumb","itemListElement":[{"@type":"ListItem","position":1,"name":"Portada","item":"https:\/\/www.fcbarcelonanoticias.com\/en\/"},{"@type":"ListItem","position":2,"name":"The optimistic forecast of FC Barcelona with the return of Frenkie de Jong"}]},{"@type":"WebSite","@id":"https:\/\/www.fcbarcelonanoticias.com\/en\/#website","url":"https:\/\/www.fcbarcelonanoticias.com\/en\/","name":"EN - FC Barcelona Noticias","description":"","potentialAction":[{"@type":"SearchAction","target":{"@type":"EntryPoint","urlTemplate":"https:\/\/www.fcbarcelonanoticias.com\/en\/?s={search_term_string}"},"query-input":{"@type":"PropertyValueSpecification","valueRequired":true,"valueName":"search_term_string"}}],"inLanguage":"en-US"},{"@type":"Person","@id":"https:\/\/www.fcbarcelonanoticias.com\/en\/#\/schema\/person\/88d756918a0a1ae9fa593b5edddd1815","name":"Juan Pablo Berdugo","image":{"@type":"ImageObject","inLanguage":"en-US","@id":"https:\/\/secure.gravatar.com\/avatar\/?s=96&d=mm&r=g","url":"https:\/\/secure.gravatar.com\/avatar\/?s=96&d=mm&r=g","contentUrl":"https:\/\/secure.gravatar.com\/avatar\/?s=96&d=mm&r=g","caption":"Juan Pablo Berdugo"},"description":"Juan Pablo Berdugo es graduado en Periodismo. Colabora con FCBN como especialista en informaci\u00f3n del primer equipo del FC Barcelona, f\u00fatbol internacional y mercado de fichajes. Destaca por su enfoque anal\u00edtico, su rigor informativo y su capacidad para detectar tendencias emergentes en el f\u00fatbol global.","url":"https:\/\/www.fcbarcelonanoticias.com\/en\/fc-barcelona\/juan-pablo-berdugo_18_115.html"}]}},"_links":{"self":[{"href":"https:\/\/www.fcbarcelonanoticias.com\/en\/wp-json\/wp\/v2\/posts\/32799","targetHints":{"allow":["GET"]}}],"collection":[{"href":"https:\/\/www.fcbarcelonanoticias.com\/en\/wp-json\/wp\/v2\/posts"}],"about":[{"href":"https:\/\/www.fcbarcelonanoticias.com\/en\/wp-json\/wp\/v2\/types\/post"}],"author":[{"embeddable":true,"href":"https:\/\/www.fcbarcelonanoticias.com\/en\/wp-json\/wp\/v2\/users\/358"}],"replies":[{"embeddable":true,"href":"https:\/\/www.fcbarcelonanoticias.com\/en\/wp-json\/wp\/v2\/comments?post=32799"}],"version-history":[{"count":1,"href":"https:\/\/www.fcbarcelonanoticias.com\/en\/wp-json\/wp\/v2\/posts\/32799\/revisions"}],"predecessor-version":[{"id":32800,"href":"https:\/\/www.fcbarcelonanoticias.com\/en\/wp-json\/wp\/v2\/posts\/32799\/revisions\/32800"}],"wp:featuredmedia":[{"embeddable":true,"href":"https:\/\/www.fcbarcelonanoticias.com\/en\/wp-json\/wp\/v2\/media\/32802"}],"wp:attachment":[{"href":"https:\/\/www.fcbarcelonanoticias.com\/en\/wp-json\/wp\/v2\/media?parent=32799"}],"wp:term":[{"taxonomy":"category","embeddable":true,"href":"https:\/\/www.fcbarcelonanoticias.com\/en\/wp-json\/wp\/v2\/categories?post=32799"},{"taxonomy":"post_tag","embeddable":true,"href":"https:\/\/www.fcbarcelonanoticias.com\/en\/wp-json\/wp\/v2\/tags?post=32799"}],"curies":[{"name":"wp","href":"https:\/\/api.w.org\/{rel}","templated":true}]}}