{"id":32807,"date":"2024-07-16T01:00:00","date_gmt":"2024-07-15T23:00:00","guid":{"rendered":"https:\/\/weisetech.dev\/fc-barcelona-noticias\/en\/the-parties-that-araujo-loses-with-the-fc-barcelona-after-the-injury_305481_102\/"},"modified":"2024-07-16T04:07:00","modified_gmt":"2024-07-16T02:07:00","slug":"the-parties-that-araujo-loses-with-the-fc-barcelona-after-the-injury_305481_102","status":"publish","type":"post","link":"https:\/\/www.fcbarcelonanoticias.com\/en\/fc-barcelona\/the-parties-that-araujo-loses-with-the-fc-barcelona-after-the-injury_305481_102.html","title":{"rendered":"The games that Ar\u00e1ujo misses with FC Barcelona after the injury"},"content":{"rendered":"<h2 class=\"wp-block-heading\">Ronald Ar\u00e1ujo suffered an injury in the quarterfinals of the Copa Am\u00e9rica. The physical problem leaves the Uruguayan away from the field due to the instructions of the doctors. In this context, the FC Barcelona player will miss more than 10 games<\/h2>  \r\n<div class=\"article-addons\">\r\n    <a href=\"https:\/\/www.fcbarcelonanoticias.com\/en\/calendar-fc-barcelona.html\"\r\n       target=\"_self\"\r\n       title=\"Calendar of FC Barcelona\"\r\n       class=\"blue-gredient-btn\">\r\n       \r\n        Calendar of FC Barcelona    <\/a>\r\n<\/div>   <p>The injury that suffered Ronald Ar\u00e1ujo in the Glass America leaves it out of several commitments. <strong>The player of the FC Barcelona will have to be four months of drop because of the gravity of the incident<\/strong>. Several proofs made by a team of specialists determined the gravity of the mishap. Besides, his reincorporaci\u00f3n to the field will be progressive and will depend on his evolution. In this context, the footballer will lose 13 parties of LaLiga and other four meetings of the phase of groups of the Champions League.<\/p>  <p>During the month of August,<strong> the central will not be able to play four parties of the Spanish championship<\/strong>. The meetings of the Bar\u00e7a will be against Valencia, the Athletic, the Ray and the Real Valladolid. To the following month, the group blaugrana will contest four duels in the frame of the competition against the following teams: Girona, Villareal, Getafe and the Osasuna.<\/p>  <p>In October, <strong>the Uruguayan will lose the parties against the Alav\u00e9s and the Seville<\/strong>. In November,<a data-external=\"0\" data-intl-links-en=\"https:\/\/www.fcbarcelonanoticias.com\/en\/transfers\/injury-ronald-araujo-obliga-fc-barcelona-redesign-economic-sports-planning_305477_102.html\" data-intl-links-es=\"https:\/\/www.fcbarcelonanoticias.com\/fichajes\/lesion-ronald-araujo-obliga-fc-barcelona-redisenar-planificacion-economica-deportiva_305477_102.html\" href=\"https:\/\/www.fcbarcelonanoticias.com\/en\/transfers\/injury-ronald-araujo-obliga-fc-barcelona-redesign-economic-sports-planning_305477_102.html\" rel=\"follow\" target=\"_self\" title=\"La lesi\u00f3n de Ronald Ara\u00fajo obliga al Bar\u00e7a a redise\u00f1ar su planificaci\u00f3n econ\u00f3mica y deportiva\"> the team of Hansi Flick will have to confront to the Real Sociedad, without the important participation of Ronald Ar\u00e1ujo<\/a>. Likewise, there are some meetings that call the attention of all and that neither will be able to have the footballer lesionado.<\/p>  <h2>The Classical far of the radar of Ar\u00e1ujo<\/h2>  <p>The one of Rivera will not be able to attend to the party of the Bar\u00e7a against the Real Madrid the weekend of 27 October. The Classical that will contest in the stadium Santiago Bernab\u00e9u in LaLiga 2024-25, specifically in the Day 11. Likewise, <strong>the Uruguayan will lose the big appointment of Montju\u00efc where the cul\u00e9s will confront to the Espanyol the weekend of 2 November<\/strong>.<\/p>  <p>Besides,<a data-external=\"0\" data-intl-links-en=\"https:\/\/www.fcbarcelonanoticias.com\/en\/fc-barcelona\/official-ronald-araujo-will-have-to-operate-and-will-be-several-months-of-drop_305466_102.html\" data-intl-links-es=\"https:\/\/www.fcbarcelonanoticias.com\/fc-barcelona\/oficial-ronald-araujo-tendra-operarse-estara-varios-meses-baja_305466_102.html\" href=\"https:\/\/www.fcbarcelonanoticias.com\/en\/fc-barcelona\/official-ronald-araujo-will-have-to-operate-and-will-be-several-months-of-drop_305466_102.html\" rel=\"follow\" target=\"_self\" title=\"Ronald Ara\u00fajo tendr\u00e1 que operarse y estar\u00e1 cuatro meses KO\"> Ronald Ar\u00e1ujo will remain out of several commitments of his selection<\/a>. In the month of September begin the duels to classify to the World-wide 2026, the charr\u00faas will confront to Paraguay and later against Venezuela. To the following month, <strong>the &#8216;4&#8217; Barcelona will not be able to play in the meeting against Peru<\/strong>.<\/p>  <h2>Two important appointments<\/h2>  <p>Finally, in the month of November will take place two very important parties for the Uruguayan selection. <strong>The team directed by Marcelo Bielsa will contest a duel against Colombia and another in front of Brazil<\/strong>. It fits to remember that the injury of the exjugador of the CA Boston River prevented him play in front of the &#8216;Tricolour&#8217;, a complicated duel where the Uruguayans were defeated and remained out of the championship.<\/p>  <p>The injury of Ar\u00e1ujo leaves so much to the Bar\u00e7a as to the selection of Uruguay without a central defender that could benefit to both teams. However, <strong>the player will have to go through the operating theatre, according to the communiqu\u00e9 published by the cul\u00e9s<\/strong>. In the text explained that in the next days the &#8216;crack&#8217; will be subjected to a surgical treatment that will be to charge of the doctor Lasse Lempainen. Now it expects that the FC Barcelona communicate details of the physical state of the player after the surgical intervention.<\/p>  <p>&nbsp;<\/p> ","protected":false},"excerpt":{"rendered":"<p>Ronald Ar\u00e1ujo suffered an injury in the quarterfinals of the Copa Am\u00e9rica. The physical problem leaves the Uruguayan away from the field due to the instructions of the doctors. In this context, the FC Barcelona player will miss more than 10 games The injury that suffered Ronald Ar\u00e1ujo in the Glass America leaves it out [&hellip;]<\/p>\n","protected":false},"author":350,"featured_media":32809,"comment_status":"closed","ping_status":"open","sticky":false,"template":"","format":"standard","meta":{"_acf_changed":false,"inline_featured_image":false,"_nextfly_llmd_date_locked":false,"footnotes":""},"categories":[111],"tags":[136],"class_list":["post-32807","post","type-post","status-publish","format-standard","has-post-thumbnail","hentry","category-fc-barcelona","tag-injured"],"acf":[],"yoast_head":"<!-- This site is optimized with the Yoast SEO plugin v27.3 - https:\/\/yoast.com\/product\/yoast-seo-wordpress\/ -->\n<title>The parties that Ar\u00e1ujo loses with the FC Barcelona after the injury<\/title>\n<meta name=\"description\" content=\"Ronald Ar\u00e1ujo suffered an injury in the quarter-finals of the Glass America. The physical problem leaves to the Uruguayan far of the field by instruction of the doctors. In this context, the player of the FC Barcelona will lose more than 10 parties\" \/>\n<meta name=\"robots\" content=\"index, follow, max-snippet:-1, max-image-preview:large, max-video-preview:-1\" \/>\n<link rel=\"canonical\" href=\"https:\/\/www.fcbarcelonanoticias.com\/en\/fc-barcelona\/the-parties-that-araujo-loses-with-the-fc-barcelona-after-the-injury_305481_102.html\" \/>\n<meta property=\"og:locale\" content=\"en_US\" \/>\n<meta property=\"og:type\" content=\"article\" \/>\n<meta property=\"og:title\" content=\"The parties that Ar\u00e1ujo loses with the FC Barcelona after the injury\" \/>\n<meta property=\"og:description\" content=\"Ronald Ar\u00e1ujo suffered an injury in the quarter-finals of the Glass America. The physical problem leaves to the Uruguayan far of the field by instruction of the doctors. In this context, the player of the FC Barcelona will lose more than 10 parties\" \/>\n<meta property=\"og:url\" content=\"https:\/\/www.fcbarcelonanoticias.com\/en\/fc-barcelona\/the-parties-that-araujo-loses-with-the-fc-barcelona-after-the-injury_305481_102.html\" \/>\n<meta property=\"og:site_name\" content=\"EN - FC Barcelona Noticias\" \/>\n<meta property=\"article:published_time\" content=\"2024-07-15T23:00:00+00:00\" \/>\n<meta property=\"article:modified_time\" content=\"2024-07-16T02:07:00+00:00\" \/>\n<meta property=\"og:image\" content=\"https:\/\/www.fcbarcelonanoticias.com\/en\/wp-content\/uploads\/sites\/2\/2024\/07\/ronald-araujo-en-un-partido.gif\" \/>\n\t<meta property=\"og:image:width\" content=\"1300\" \/>\n\t<meta property=\"og:image:height\" content=\"726\" \/>\n\t<meta property=\"og:image:type\" content=\"image\/gif\" \/>\n<meta name=\"author\" content=\"Jes\u00fas Bol\u00edvar\" \/>\n<meta name=\"twitter:card\" content=\"summary_large_image\" \/>\n<meta name=\"twitter:label1\" content=\"Written by\" \/>\n\t<meta name=\"twitter:data1\" content=\"Jes\u00fas Bol\u00edvar\" \/>\n\t<meta name=\"twitter:label2\" content=\"Est. reading time\" \/>\n\t<meta name=\"twitter:data2\" content=\"3 minutes\" \/>\n<script type=\"application\/ld+json\" class=\"yoast-schema-graph\">{\"@context\":\"https:\\\/\\\/schema.org\",\"@graph\":[{\"@type\":\"Article\",\"@id\":\"https:\\\/\\\/www.fcbarcelonanoticias.com\\\/en\\\/fc-barcelona\\\/the-parties-that-araujo-loses-with-the-fc-barcelona-after-the-injury_305481_102.html#article\",\"isPartOf\":{\"@id\":\"https:\\\/\\\/www.fcbarcelonanoticias.com\\\/en\\\/fc-barcelona\\\/the-parties-that-araujo-loses-with-the-fc-barcelona-after-the-injury_305481_102.html\"},\"author\":{\"name\":\"Jes\u00fas Bol\u00edvar\",\"@id\":\"https:\\\/\\\/www.fcbarcelonanoticias.com\\\/en\\\/#\\\/schema\\\/person\\\/5dbbcfa0643340852c9294383c353679\"},\"headline\":\"The games that Ar\u00e1ujo misses with FC Barcelona after the injury\",\"datePublished\":\"2024-07-15T23:00:00+00:00\",\"dateModified\":\"2024-07-16T02:07:00+00:00\",\"mainEntityOfPage\":{\"@id\":\"https:\\\/\\\/www.fcbarcelonanoticias.com\\\/en\\\/fc-barcelona\\\/the-parties-that-araujo-loses-with-the-fc-barcelona-after-the-injury_305481_102.html\"},\"wordCount\":572,\"image\":{\"@id\":\"https:\\\/\\\/www.fcbarcelonanoticias.com\\\/en\\\/fc-barcelona\\\/the-parties-that-araujo-loses-with-the-fc-barcelona-after-the-injury_305481_102.html#primaryimage\"},\"thumbnailUrl\":\"https:\\\/\\\/www.fcbarcelonanoticias.com\\\/en\\\/wp-content\\\/uploads\\\/sites\\\/2\\\/2024\\\/07\\\/ronald-araujo-en-un-partido.gif\",\"keywords\":[\"injured\"],\"articleSection\":[\"FC Barcelona\"],\"inLanguage\":\"en-US\"},{\"@type\":\"WebPage\",\"@id\":\"https:\\\/\\\/www.fcbarcelonanoticias.com\\\/en\\\/fc-barcelona\\\/the-parties-that-araujo-loses-with-the-fc-barcelona-after-the-injury_305481_102.html\",\"url\":\"https:\\\/\\\/www.fcbarcelonanoticias.com\\\/en\\\/fc-barcelona\\\/the-parties-that-araujo-loses-with-the-fc-barcelona-after-the-injury_305481_102.html\",\"name\":\"The parties that Ar\u00e1ujo loses with the FC Barcelona after the injury\",\"isPartOf\":{\"@id\":\"https:\\\/\\\/www.fcbarcelonanoticias.com\\\/en\\\/#website\"},\"primaryImageOfPage\":{\"@id\":\"https:\\\/\\\/www.fcbarcelonanoticias.com\\\/en\\\/fc-barcelona\\\/the-parties-that-araujo-loses-with-the-fc-barcelona-after-the-injury_305481_102.html#primaryimage\"},\"image\":{\"@id\":\"https:\\\/\\\/www.fcbarcelonanoticias.com\\\/en\\\/fc-barcelona\\\/the-parties-that-araujo-loses-with-the-fc-barcelona-after-the-injury_305481_102.html#primaryimage\"},\"thumbnailUrl\":\"https:\\\/\\\/www.fcbarcelonanoticias.com\\\/en\\\/wp-content\\\/uploads\\\/sites\\\/2\\\/2024\\\/07\\\/ronald-araujo-en-un-partido.gif\",\"datePublished\":\"2024-07-15T23:00:00+00:00\",\"dateModified\":\"2024-07-16T02:07:00+00:00\",\"author\":{\"@id\":\"https:\\\/\\\/www.fcbarcelonanoticias.com\\\/en\\\/#\\\/schema\\\/person\\\/5dbbcfa0643340852c9294383c353679\"},\"description\":\"Ronald Ar\u00e1ujo suffered an injury in the quarter-finals of the Glass America. The physical problem leaves to the Uruguayan far of the field by instruction of the doctors. In this context, the player of the FC Barcelona will lose more than 10 parties\",\"breadcrumb\":{\"@id\":\"https:\\\/\\\/www.fcbarcelonanoticias.com\\\/en\\\/fc-barcelona\\\/the-parties-that-araujo-loses-with-the-fc-barcelona-after-the-injury_305481_102.html#breadcrumb\"},\"inLanguage\":\"en-US\",\"potentialAction\":[{\"@type\":\"ReadAction\",\"target\":[\"https:\\\/\\\/www.fcbarcelonanoticias.com\\\/en\\\/fc-barcelona\\\/the-parties-that-araujo-loses-with-the-fc-barcelona-after-the-injury_305481_102.html\"]}]},{\"@type\":\"ImageObject\",\"inLanguage\":\"en-US\",\"@id\":\"https:\\\/\\\/www.fcbarcelonanoticias.com\\\/en\\\/fc-barcelona\\\/the-parties-that-araujo-loses-with-the-fc-barcelona-after-the-injury_305481_102.html#primaryimage\",\"url\":\"https:\\\/\\\/www.fcbarcelonanoticias.com\\\/en\\\/wp-content\\\/uploads\\\/sites\\\/2\\\/2024\\\/07\\\/ronald-araujo-en-un-partido.gif\",\"contentUrl\":\"https:\\\/\\\/www.fcbarcelonanoticias.com\\\/en\\\/wp-content\\\/uploads\\\/sites\\\/2\\\/2024\\\/07\\\/ronald-araujo-en-un-partido.gif\",\"width\":1300,\"height\":726},{\"@type\":\"BreadcrumbList\",\"@id\":\"https:\\\/\\\/www.fcbarcelonanoticias.com\\\/en\\\/fc-barcelona\\\/the-parties-that-araujo-loses-with-the-fc-barcelona-after-the-injury_305481_102.html#breadcrumb\",\"itemListElement\":[{\"@type\":\"ListItem\",\"position\":1,\"name\":\"Portada\",\"item\":\"https:\\\/\\\/www.fcbarcelonanoticias.com\\\/en\\\/\"},{\"@type\":\"ListItem\",\"position\":2,\"name\":\"The games that Ar\u00e1ujo misses with FC Barcelona after the injury\"}]},{\"@type\":\"WebSite\",\"@id\":\"https:\\\/\\\/www.fcbarcelonanoticias.com\\\/en\\\/#website\",\"url\":\"https:\\\/\\\/www.fcbarcelonanoticias.com\\\/en\\\/\",\"name\":\"EN - FC Barcelona Noticias\",\"description\":\"\",\"potentialAction\":[{\"@type\":\"SearchAction\",\"target\":{\"@type\":\"EntryPoint\",\"urlTemplate\":\"https:\\\/\\\/www.fcbarcelonanoticias.com\\\/en\\\/?s={search_term_string}\"},\"query-input\":{\"@type\":\"PropertyValueSpecification\",\"valueRequired\":true,\"valueName\":\"search_term_string\"}}],\"inLanguage\":\"en-US\"},{\"@type\":\"Person\",\"@id\":\"https:\\\/\\\/www.fcbarcelonanoticias.com\\\/en\\\/#\\\/schema\\\/person\\\/5dbbcfa0643340852c9294383c353679\",\"name\":\"Jes\u00fas Bol\u00edvar\",\"image\":{\"@type\":\"ImageObject\",\"inLanguage\":\"en-US\",\"@id\":\"https:\\\/\\\/secure.gravatar.com\\\/avatar\\\/?s=96&d=mm&r=g\",\"url\":\"https:\\\/\\\/secure.gravatar.com\\\/avatar\\\/?s=96&d=mm&r=g\",\"contentUrl\":\"https:\\\/\\\/secure.gravatar.com\\\/avatar\\\/?s=96&d=mm&r=g\",\"caption\":\"Jes\u00fas Bol\u00edvar\"},\"url\":\"https:\\\/\\\/www.fcbarcelonanoticias.com\\\/en\\\/jesus-bolivar_28_115.html\"}]}<\/script>\n<!-- \/ Yoast SEO plugin. -->","yoast_head_json":{"title":"The parties that Ar\u00e1ujo loses with the FC Barcelona after the injury","description":"Ronald Ar\u00e1ujo suffered an injury in the quarter-finals of the Glass America. The physical problem leaves to the Uruguayan far of the field by instruction of the doctors. In this context, the player of the FC Barcelona will lose more than 10 parties","robots":{"index":"index","follow":"follow","max-snippet":"max-snippet:-1","max-image-preview":"max-image-preview:large","max-video-preview":"max-video-preview:-1"},"canonical":"https:\/\/www.fcbarcelonanoticias.com\/en\/fc-barcelona\/the-parties-that-araujo-loses-with-the-fc-barcelona-after-the-injury_305481_102.html","og_locale":"en_US","og_type":"article","og_title":"The parties that Ar\u00e1ujo loses with the FC Barcelona after the injury","og_description":"Ronald Ar\u00e1ujo suffered an injury in the quarter-finals of the Glass America. The physical problem leaves to the Uruguayan far of the field by instruction of the doctors. In this context, the player of the FC Barcelona will lose more than 10 parties","og_url":"https:\/\/www.fcbarcelonanoticias.com\/en\/fc-barcelona\/the-parties-that-araujo-loses-with-the-fc-barcelona-after-the-injury_305481_102.html","og_site_name":"EN - FC Barcelona Noticias","article_published_time":"2024-07-15T23:00:00+00:00","article_modified_time":"2024-07-16T02:07:00+00:00","og_image":[{"width":1300,"height":726,"url":"https:\/\/www.fcbarcelonanoticias.com\/en\/wp-content\/uploads\/sites\/2\/2024\/07\/ronald-araujo-en-un-partido.gif","type":"image\/gif"}],"author":"Jes\u00fas Bol\u00edvar","twitter_card":"summary_large_image","twitter_misc":{"Written by":"Jes\u00fas Bol\u00edvar","Est. reading time":"3 minutes"},"schema":{"@context":"https:\/\/schema.org","@graph":[{"@type":"Article","@id":"https:\/\/www.fcbarcelonanoticias.com\/en\/fc-barcelona\/the-parties-that-araujo-loses-with-the-fc-barcelona-after-the-injury_305481_102.html#article","isPartOf":{"@id":"https:\/\/www.fcbarcelonanoticias.com\/en\/fc-barcelona\/the-parties-that-araujo-loses-with-the-fc-barcelona-after-the-injury_305481_102.html"},"author":{"name":"Jes\u00fas Bol\u00edvar","@id":"https:\/\/www.fcbarcelonanoticias.com\/en\/#\/schema\/person\/5dbbcfa0643340852c9294383c353679"},"headline":"The games that Ar\u00e1ujo misses with FC Barcelona after the injury","datePublished":"2024-07-15T23:00:00+00:00","dateModified":"2024-07-16T02:07:00+00:00","mainEntityOfPage":{"@id":"https:\/\/www.fcbarcelonanoticias.com\/en\/fc-barcelona\/the-parties-that-araujo-loses-with-the-fc-barcelona-after-the-injury_305481_102.html"},"wordCount":572,"image":{"@id":"https:\/\/www.fcbarcelonanoticias.com\/en\/fc-barcelona\/the-parties-that-araujo-loses-with-the-fc-barcelona-after-the-injury_305481_102.html#primaryimage"},"thumbnailUrl":"https:\/\/www.fcbarcelonanoticias.com\/en\/wp-content\/uploads\/sites\/2\/2024\/07\/ronald-araujo-en-un-partido.gif","keywords":["injured"],"articleSection":["FC Barcelona"],"inLanguage":"en-US"},{"@type":"WebPage","@id":"https:\/\/www.fcbarcelonanoticias.com\/en\/fc-barcelona\/the-parties-that-araujo-loses-with-the-fc-barcelona-after-the-injury_305481_102.html","url":"https:\/\/www.fcbarcelonanoticias.com\/en\/fc-barcelona\/the-parties-that-araujo-loses-with-the-fc-barcelona-after-the-injury_305481_102.html","name":"The parties that Ar\u00e1ujo loses with the FC Barcelona after the injury","isPartOf":{"@id":"https:\/\/www.fcbarcelonanoticias.com\/en\/#website"},"primaryImageOfPage":{"@id":"https:\/\/www.fcbarcelonanoticias.com\/en\/fc-barcelona\/the-parties-that-araujo-loses-with-the-fc-barcelona-after-the-injury_305481_102.html#primaryimage"},"image":{"@id":"https:\/\/www.fcbarcelonanoticias.com\/en\/fc-barcelona\/the-parties-that-araujo-loses-with-the-fc-barcelona-after-the-injury_305481_102.html#primaryimage"},"thumbnailUrl":"https:\/\/www.fcbarcelonanoticias.com\/en\/wp-content\/uploads\/sites\/2\/2024\/07\/ronald-araujo-en-un-partido.gif","datePublished":"2024-07-15T23:00:00+00:00","dateModified":"2024-07-16T02:07:00+00:00","author":{"@id":"https:\/\/www.fcbarcelonanoticias.com\/en\/#\/schema\/person\/5dbbcfa0643340852c9294383c353679"},"description":"Ronald Ar\u00e1ujo suffered an injury in the quarter-finals of the Glass America. The physical problem leaves to the Uruguayan far of the field by instruction of the doctors. In this context, the player of the FC Barcelona will lose more than 10 parties","breadcrumb":{"@id":"https:\/\/www.fcbarcelonanoticias.com\/en\/fc-barcelona\/the-parties-that-araujo-loses-with-the-fc-barcelona-after-the-injury_305481_102.html#breadcrumb"},"inLanguage":"en-US","potentialAction":[{"@type":"ReadAction","target":["https:\/\/www.fcbarcelonanoticias.com\/en\/fc-barcelona\/the-parties-that-araujo-loses-with-the-fc-barcelona-after-the-injury_305481_102.html"]}]},{"@type":"ImageObject","inLanguage":"en-US","@id":"https:\/\/www.fcbarcelonanoticias.com\/en\/fc-barcelona\/the-parties-that-araujo-loses-with-the-fc-barcelona-after-the-injury_305481_102.html#primaryimage","url":"https:\/\/www.fcbarcelonanoticias.com\/en\/wp-content\/uploads\/sites\/2\/2024\/07\/ronald-araujo-en-un-partido.gif","contentUrl":"https:\/\/www.fcbarcelonanoticias.com\/en\/wp-content\/uploads\/sites\/2\/2024\/07\/ronald-araujo-en-un-partido.gif","width":1300,"height":726},{"@type":"BreadcrumbList","@id":"https:\/\/www.fcbarcelonanoticias.com\/en\/fc-barcelona\/the-parties-that-araujo-loses-with-the-fc-barcelona-after-the-injury_305481_102.html#breadcrumb","itemListElement":[{"@type":"ListItem","position":1,"name":"Portada","item":"https:\/\/www.fcbarcelonanoticias.com\/en\/"},{"@type":"ListItem","position":2,"name":"The games that Ar\u00e1ujo misses with FC Barcelona after the injury"}]},{"@type":"WebSite","@id":"https:\/\/www.fcbarcelonanoticias.com\/en\/#website","url":"https:\/\/www.fcbarcelonanoticias.com\/en\/","name":"EN - FC Barcelona Noticias","description":"","potentialAction":[{"@type":"SearchAction","target":{"@type":"EntryPoint","urlTemplate":"https:\/\/www.fcbarcelonanoticias.com\/en\/?s={search_term_string}"},"query-input":{"@type":"PropertyValueSpecification","valueRequired":true,"valueName":"search_term_string"}}],"inLanguage":"en-US"},{"@type":"Person","@id":"https:\/\/www.fcbarcelonanoticias.com\/en\/#\/schema\/person\/5dbbcfa0643340852c9294383c353679","name":"Jes\u00fas Bol\u00edvar","image":{"@type":"ImageObject","inLanguage":"en-US","@id":"https:\/\/secure.gravatar.com\/avatar\/?s=96&d=mm&r=g","url":"https:\/\/secure.gravatar.com\/avatar\/?s=96&d=mm&r=g","contentUrl":"https:\/\/secure.gravatar.com\/avatar\/?s=96&d=mm&r=g","caption":"Jes\u00fas Bol\u00edvar"},"url":"https:\/\/www.fcbarcelonanoticias.com\/en\/jesus-bolivar_28_115.html"}]}},"_links":{"self":[{"href":"https:\/\/www.fcbarcelonanoticias.com\/en\/wp-json\/wp\/v2\/posts\/32807","targetHints":{"allow":["GET"]}}],"collection":[{"href":"https:\/\/www.fcbarcelonanoticias.com\/en\/wp-json\/wp\/v2\/posts"}],"about":[{"href":"https:\/\/www.fcbarcelonanoticias.com\/en\/wp-json\/wp\/v2\/types\/post"}],"author":[{"embeddable":true,"href":"https:\/\/www.fcbarcelonanoticias.com\/en\/wp-json\/wp\/v2\/users\/350"}],"replies":[{"embeddable":true,"href":"https:\/\/www.fcbarcelonanoticias.com\/en\/wp-json\/wp\/v2\/comments?post=32807"}],"version-history":[{"count":1,"href":"https:\/\/www.fcbarcelonanoticias.com\/en\/wp-json\/wp\/v2\/posts\/32807\/revisions"}],"predecessor-version":[{"id":32808,"href":"https:\/\/www.fcbarcelonanoticias.com\/en\/wp-json\/wp\/v2\/posts\/32807\/revisions\/32808"}],"wp:featuredmedia":[{"embeddable":true,"href":"https:\/\/www.fcbarcelonanoticias.com\/en\/wp-json\/wp\/v2\/media\/32809"}],"wp:attachment":[{"href":"https:\/\/www.fcbarcelonanoticias.com\/en\/wp-json\/wp\/v2\/media?parent=32807"}],"wp:term":[{"taxonomy":"category","embeddable":true,"href":"https:\/\/www.fcbarcelonanoticias.com\/en\/wp-json\/wp\/v2\/categories?post=32807"},{"taxonomy":"post_tag","embeddable":true,"href":"https:\/\/www.fcbarcelonanoticias.com\/en\/wp-json\/wp\/v2\/tags?post=32807"}],"curies":[{"name":"wp","href":"https:\/\/api.w.org\/{rel}","templated":true}]}}