{"id":32871,"date":"2019-07-08T23:55:00","date_gmt":"2019-07-08T21:55:00","guid":{"rendered":"https:\/\/weisetech.dev\/fc-barcelona-noticias\/en\/the-porteria-neymar-jr-plans-to-travel-to-barcelona-this-week_226349_102\/"},"modified":"2019-07-09T01:02:00","modified_gmt":"2019-07-08T23:02:00","slug":"the-porteria-neymar-jr-plans-to-travel-to-barcelona-this-week_226349_102","status":"publish","type":"post","link":"https:\/\/www.fcbarcelonanoticias.com\/en\/fc-barcelona\/the-porteria-neymar-jr-plans-to-travel-to-barcelona-this-week_226349_102.html","title":{"rendered":"The Porteria: Neymar Jr plans to travel to Barcelona this week"},"content":{"rendered":"<h2 class=\"wp-block-heading\">The program &#8216;The Porteria&#8217; of Betev\u00e9 has ensured this Monday that Neymar Jr has foreseen\u00a0to travel this week to Barcelona with two aims: accelerate the operation with the Bar\u00e7a and look for house for when it close  the operation, if it is that it does it<\/h2>  \r\n<div class=\"article-addons\">\r\n    <a href=\"https:\/\/www.fcbarcelonanoticias.com\/en\/calendar-fc-barcelona.html\"\r\n       target=\"_self\"\r\n       title=\"Calendar of FC Barcelona\"\r\n       class=\"blue-gredient-btn\">\r\n       \r\n        Calendar of FC Barcelona    <\/a>\r\n<\/div>   <p>This Monday no only has trascended <a href=\"https:\/\/www.fcbarcelonanoticias.com\/en\/futbol-internacional\/bomba-el-psg-anuncia-en-un-comunicado-que-tomara-medidas-contra-neymar_226348_102.html\"><strong>the communiqu\u00e9 of Paris Saint-Germain announcing that it will take &#8220;measured&#8221; against Neymar Jr<\/strong><\/a> by have not attended to the first train of the pre-season 2019. Hours before this sucediera, the program &#8216;The Porteria&#8217; of Betev\u00e9 ensured that the Brazilian star <strong>has planned to travel this week<\/strong> <strong>to Barcelona<\/strong> to try advance in his return to the Bar\u00e7a.<\/p> <p>The quoted half ensures that <strong>Neymar would want to accelerate the operation with the FC Barcelona<\/strong> and, in passing, <strong>begin to look for future residence<\/strong> in case really it is viable the option to go back to play in the Camp Nou. In the surroundings of the Brazilian footballer would exist a big optimism, in spite of <a href=\"https:\/\/www.fcbarcelonanoticias.com\/fc-barcelona\/el-psg-no-quiere-que-neymar-se-vaya-asi-que-no-hay-caso_226254_102.html\"><strong>the last statements of Josep Maria Bartomeu<\/strong><\/a> in which the president cul\u00e9 ensured that &#8220;there is not case&#8221;.<\/p> <p>The FC Barcelona is fully conscious of win them that has Neymar Jr to go back to dress of Barcelona, but will not be at all easy to achieve his exit of a PSG that is not had to negotiate with the FC Barcelona, at least for now. The operation is complex, and <strong>will be conditioned to the possibility of understanding<\/strong> between the two clubs.<\/p> <p>With Neymar Jr in rebeld\u00eda, however, everything could be easier. To Paris Saint-Germain does not interest him that<strong> the better player paid of his staff remain section of the team<\/strong>, occupying a space in the mass salarial that well could occupy another big international star.<\/p> <h2>The Bar\u00e7a wants to have the best leading of the history<\/h2> <p>It is thus that, in the next days, <strong>could give big significant advances in the &#8216;Operation Neymar&#8217;<\/strong>. If it finish recalando in the FC Barcelona, this yes, will mean that the Bar\u00e7a will give gone out to Malcom Oliveira and, with all probability, to another player that could be Philippe Coutinho. <strong><a href=\"https:\/\/www.fcbarcelonanoticias.com\/en\/jugadores\/lionel-messi.html\">Leo Messi<\/a>, Luis Su\u00e1rez, Antoine Griezmann, Neymar Jr and Ousmane Demb\u00e9l\u00e9<\/strong> would form a forward of dream in the staff cul\u00e9.<\/p> <p><strong>The FC Barcelona wishes to have of the best possible group of players<\/strong> to struggle by all the titles the next season 2019-20, and is clear that Neymar Jr will have place as long as the PSG access to traspasarle by a reasonable price. <strong>Coutinho Could go in in the operation for abaratar the total cost of the operation<\/strong> and, if all goes out well, the Bar\u00e7a could have the best leading of the history. To day of today, everything is possible.<\/p> ","protected":false},"excerpt":{"rendered":"<p>The program &#8216;The Porteria&#8217; of Betev\u00e9 has ensured this Monday that Neymar Jr has foreseen\u00a0to travel this week to Barcelona with two aims: accelerate the operation with the Bar\u00e7a and look for house for when it close the operation, if it is that it does it This Monday no only has trascended the communiqu\u00e9 of [&hellip;]<\/p>\n","protected":false},"author":357,"featured_media":32872,"comment_status":"closed","ping_status":"open","sticky":false,"template":"","format":"standard","meta":{"_acf_changed":false,"inline_featured_image":false,"_nextfly_llmd_date_locked":false,"footnotes":""},"categories":[111],"tags":[143],"class_list":["post-32871","post","type-post","status-publish","format-standard","has-post-thumbnail","hentry","category-fc-barcelona","tag-neymar-jr"],"acf":[],"yoast_head":"<!-- This site is optimized with the Yoast SEO plugin v27.3 - https:\/\/yoast.com\/product\/yoast-seo-wordpress\/ -->\n<title>The Porteria: Neymar Jr has foreseen to travel to Barcelona this week<\/title>\n<meta name=\"description\" content=\"The program &#039;The Porteria&#039; of Betev\u00e9 has ensured this Monday that Neymar Jr has foreseen to travel this week to Barcelona with two aims: accelerate...\" \/>\n<meta name=\"robots\" content=\"index, follow, max-snippet:-1, max-image-preview:large, max-video-preview:-1\" \/>\n<link rel=\"canonical\" href=\"https:\/\/www.fcbarcelonanoticias.com\/en\/fc-barcelona\/the-porteria-neymar-jr-plans-to-travel-to-barcelona-this-week_226349_102.html\" \/>\n<meta property=\"og:locale\" content=\"en_US\" \/>\n<meta property=\"og:type\" content=\"article\" \/>\n<meta property=\"og:title\" content=\"The Porteria: Neymar Jr has foreseen to travel to Barcelona this week\" \/>\n<meta property=\"og:description\" content=\"The program &#039;The Porteria&#039; of Betev\u00e9 has ensured this Monday that Neymar Jr has foreseen to travel this week to Barcelona with two aims: accelerate...\" \/>\n<meta property=\"og:url\" content=\"https:\/\/www.fcbarcelonanoticias.com\/en\/fc-barcelona\/the-porteria-neymar-jr-plans-to-travel-to-barcelona-this-week_226349_102.html\" \/>\n<meta property=\"og:site_name\" content=\"EN - FC Barcelona Noticias\" \/>\n<meta property=\"article:published_time\" content=\"2019-07-08T21:55:00+00:00\" \/>\n<meta property=\"article:modified_time\" content=\"2019-07-08T23:02:00+00:00\" \/>\n<meta property=\"og:image\" content=\"https:\/\/www.fcbarcelonanoticias.com\/en\/wp-content\/uploads\/sites\/2\/2019\/07\/neymar-jr-juzgados-296458.jpeg\" \/>\n\t<meta property=\"og:image:width\" content=\"761\" \/>\n\t<meta property=\"og:image:height\" content=\"428\" \/>\n\t<meta property=\"og:image:type\" content=\"image\/jpeg\" \/>\n<meta name=\"author\" content=\"Erika Moya\" \/>\n<meta name=\"twitter:card\" content=\"summary_large_image\" \/>\n<meta name=\"twitter:label1\" content=\"Written by\" \/>\n\t<meta name=\"twitter:data1\" content=\"Erika Moya\" \/>\n\t<meta name=\"twitter:label2\" content=\"Est. reading time\" \/>\n\t<meta name=\"twitter:data2\" content=\"2 minutes\" \/>\n<script type=\"application\/ld+json\" class=\"yoast-schema-graph\">{\"@context\":\"https:\\\/\\\/schema.org\",\"@graph\":[{\"@type\":\"Article\",\"@id\":\"https:\\\/\\\/www.fcbarcelonanoticias.com\\\/en\\\/fc-barcelona\\\/the-porteria-neymar-jr-plans-to-travel-to-barcelona-this-week_226349_102.html#article\",\"isPartOf\":{\"@id\":\"https:\\\/\\\/www.fcbarcelonanoticias.com\\\/en\\\/fc-barcelona\\\/the-porteria-neymar-jr-plans-to-travel-to-barcelona-this-week_226349_102.html\"},\"author\":{\"name\":\"Erika Moya\",\"@id\":\"https:\\\/\\\/www.fcbarcelonanoticias.com\\\/en\\\/#\\\/schema\\\/person\\\/5dc3a41c52ab542cf24a2fbe3489c561\"},\"headline\":\"The Porteria: Neymar Jr plans to travel to Barcelona this week\",\"datePublished\":\"2019-07-08T21:55:00+00:00\",\"dateModified\":\"2019-07-08T23:02:00+00:00\",\"mainEntityOfPage\":{\"@id\":\"https:\\\/\\\/www.fcbarcelonanoticias.com\\\/en\\\/fc-barcelona\\\/the-porteria-neymar-jr-plans-to-travel-to-barcelona-this-week_226349_102.html\"},\"wordCount\":479,\"image\":{\"@id\":\"https:\\\/\\\/www.fcbarcelonanoticias.com\\\/en\\\/fc-barcelona\\\/the-porteria-neymar-jr-plans-to-travel-to-barcelona-this-week_226349_102.html#primaryimage\"},\"thumbnailUrl\":\"https:\\\/\\\/www.fcbarcelonanoticias.com\\\/en\\\/wp-content\\\/uploads\\\/sites\\\/2\\\/2019\\\/07\\\/neymar-jr-juzgados-296458.jpeg\",\"keywords\":[\"Neymar Jr\"],\"articleSection\":[\"FC Barcelona\"],\"inLanguage\":\"en-US\"},{\"@type\":\"WebPage\",\"@id\":\"https:\\\/\\\/www.fcbarcelonanoticias.com\\\/en\\\/fc-barcelona\\\/the-porteria-neymar-jr-plans-to-travel-to-barcelona-this-week_226349_102.html\",\"url\":\"https:\\\/\\\/www.fcbarcelonanoticias.com\\\/en\\\/fc-barcelona\\\/the-porteria-neymar-jr-plans-to-travel-to-barcelona-this-week_226349_102.html\",\"name\":\"The Porteria: Neymar Jr has foreseen to travel to Barcelona this week\",\"isPartOf\":{\"@id\":\"https:\\\/\\\/www.fcbarcelonanoticias.com\\\/en\\\/#website\"},\"primaryImageOfPage\":{\"@id\":\"https:\\\/\\\/www.fcbarcelonanoticias.com\\\/en\\\/fc-barcelona\\\/the-porteria-neymar-jr-plans-to-travel-to-barcelona-this-week_226349_102.html#primaryimage\"},\"image\":{\"@id\":\"https:\\\/\\\/www.fcbarcelonanoticias.com\\\/en\\\/fc-barcelona\\\/the-porteria-neymar-jr-plans-to-travel-to-barcelona-this-week_226349_102.html#primaryimage\"},\"thumbnailUrl\":\"https:\\\/\\\/www.fcbarcelonanoticias.com\\\/en\\\/wp-content\\\/uploads\\\/sites\\\/2\\\/2019\\\/07\\\/neymar-jr-juzgados-296458.jpeg\",\"datePublished\":\"2019-07-08T21:55:00+00:00\",\"dateModified\":\"2019-07-08T23:02:00+00:00\",\"author\":{\"@id\":\"https:\\\/\\\/www.fcbarcelonanoticias.com\\\/en\\\/#\\\/schema\\\/person\\\/5dc3a41c52ab542cf24a2fbe3489c561\"},\"description\":\"The program 'The Porteria' of Betev\u00e9 has ensured this Monday that Neymar Jr has foreseen to travel this week to Barcelona with two aims: accelerate...\",\"breadcrumb\":{\"@id\":\"https:\\\/\\\/www.fcbarcelonanoticias.com\\\/en\\\/fc-barcelona\\\/the-porteria-neymar-jr-plans-to-travel-to-barcelona-this-week_226349_102.html#breadcrumb\"},\"inLanguage\":\"en-US\",\"potentialAction\":[{\"@type\":\"ReadAction\",\"target\":[\"https:\\\/\\\/www.fcbarcelonanoticias.com\\\/en\\\/fc-barcelona\\\/the-porteria-neymar-jr-plans-to-travel-to-barcelona-this-week_226349_102.html\"]}]},{\"@type\":\"ImageObject\",\"inLanguage\":\"en-US\",\"@id\":\"https:\\\/\\\/www.fcbarcelonanoticias.com\\\/en\\\/fc-barcelona\\\/the-porteria-neymar-jr-plans-to-travel-to-barcelona-this-week_226349_102.html#primaryimage\",\"url\":\"https:\\\/\\\/www.fcbarcelonanoticias.com\\\/en\\\/wp-content\\\/uploads\\\/sites\\\/2\\\/2019\\\/07\\\/neymar-jr-juzgados-296458.jpeg\",\"contentUrl\":\"https:\\\/\\\/www.fcbarcelonanoticias.com\\\/en\\\/wp-content\\\/uploads\\\/sites\\\/2\\\/2019\\\/07\\\/neymar-jr-juzgados-296458.jpeg\",\"width\":761,\"height\":428},{\"@type\":\"BreadcrumbList\",\"@id\":\"https:\\\/\\\/www.fcbarcelonanoticias.com\\\/en\\\/fc-barcelona\\\/the-porteria-neymar-jr-plans-to-travel-to-barcelona-this-week_226349_102.html#breadcrumb\",\"itemListElement\":[{\"@type\":\"ListItem\",\"position\":1,\"name\":\"Portada\",\"item\":\"https:\\\/\\\/www.fcbarcelonanoticias.com\\\/en\\\/\"},{\"@type\":\"ListItem\",\"position\":2,\"name\":\"The Porteria: Neymar Jr plans to travel to Barcelona this week\"}]},{\"@type\":\"WebSite\",\"@id\":\"https:\\\/\\\/www.fcbarcelonanoticias.com\\\/en\\\/#website\",\"url\":\"https:\\\/\\\/www.fcbarcelonanoticias.com\\\/en\\\/\",\"name\":\"EN - FC Barcelona Noticias\",\"description\":\"\",\"potentialAction\":[{\"@type\":\"SearchAction\",\"target\":{\"@type\":\"EntryPoint\",\"urlTemplate\":\"https:\\\/\\\/www.fcbarcelonanoticias.com\\\/en\\\/?s={search_term_string}\"},\"query-input\":{\"@type\":\"PropertyValueSpecification\",\"valueRequired\":true,\"valueName\":\"search_term_string\"}}],\"inLanguage\":\"en-US\"},{\"@type\":\"Person\",\"@id\":\"https:\\\/\\\/www.fcbarcelonanoticias.com\\\/en\\\/#\\\/schema\\\/person\\\/5dc3a41c52ab542cf24a2fbe3489c561\",\"name\":\"Erika Moya\",\"image\":{\"@type\":\"ImageObject\",\"inLanguage\":\"en-US\",\"@id\":\"https:\\\/\\\/secure.gravatar.com\\\/avatar\\\/?s=96&d=mm&r=g\",\"url\":\"https:\\\/\\\/secure.gravatar.com\\\/avatar\\\/?s=96&d=mm&r=g\",\"contentUrl\":\"https:\\\/\\\/secure.gravatar.com\\\/avatar\\\/?s=96&d=mm&r=g\",\"caption\":\"Erika Moya\"},\"description\":\"Erika est\u00e1 estudiando Periodismo y llega a FCBN con el objetivo de cubrir la actualidad del F\u00fatbol Femenino, con especial cari\u00f1o\u00a0a todo lo que rodea al Bar\u00e7a Femenino. Apasionada del deporte, combina su formaci\u00f3n acad\u00e9mica con su labor divulgativa.\",\"url\":\"https:\\\/\\\/www.fcbarcelonanoticias.com\\\/en\\\/fc-barcelona\\\/erika-moya_29_115.html\"}]}<\/script>\n<!-- \/ Yoast SEO plugin. -->","yoast_head_json":{"title":"The Porteria: Neymar Jr has foreseen to travel to Barcelona this week","description":"The program 'The Porteria' of Betev\u00e9 has ensured this Monday that Neymar Jr has foreseen to travel this week to Barcelona with two aims: accelerate...","robots":{"index":"index","follow":"follow","max-snippet":"max-snippet:-1","max-image-preview":"max-image-preview:large","max-video-preview":"max-video-preview:-1"},"canonical":"https:\/\/www.fcbarcelonanoticias.com\/en\/fc-barcelona\/the-porteria-neymar-jr-plans-to-travel-to-barcelona-this-week_226349_102.html","og_locale":"en_US","og_type":"article","og_title":"The Porteria: Neymar Jr has foreseen to travel to Barcelona this week","og_description":"The program 'The Porteria' of Betev\u00e9 has ensured this Monday that Neymar Jr has foreseen to travel this week to Barcelona with two aims: accelerate...","og_url":"https:\/\/www.fcbarcelonanoticias.com\/en\/fc-barcelona\/the-porteria-neymar-jr-plans-to-travel-to-barcelona-this-week_226349_102.html","og_site_name":"EN - FC Barcelona Noticias","article_published_time":"2019-07-08T21:55:00+00:00","article_modified_time":"2019-07-08T23:02:00+00:00","og_image":[{"width":761,"height":428,"url":"https:\/\/www.fcbarcelonanoticias.com\/en\/wp-content\/uploads\/sites\/2\/2019\/07\/neymar-jr-juzgados-296458.jpeg","type":"image\/jpeg"}],"author":"Erika Moya","twitter_card":"summary_large_image","twitter_misc":{"Written by":"Erika Moya","Est. reading time":"2 minutes"},"schema":{"@context":"https:\/\/schema.org","@graph":[{"@type":"Article","@id":"https:\/\/www.fcbarcelonanoticias.com\/en\/fc-barcelona\/the-porteria-neymar-jr-plans-to-travel-to-barcelona-this-week_226349_102.html#article","isPartOf":{"@id":"https:\/\/www.fcbarcelonanoticias.com\/en\/fc-barcelona\/the-porteria-neymar-jr-plans-to-travel-to-barcelona-this-week_226349_102.html"},"author":{"name":"Erika Moya","@id":"https:\/\/www.fcbarcelonanoticias.com\/en\/#\/schema\/person\/5dc3a41c52ab542cf24a2fbe3489c561"},"headline":"The Porteria: Neymar Jr plans to travel to Barcelona this week","datePublished":"2019-07-08T21:55:00+00:00","dateModified":"2019-07-08T23:02:00+00:00","mainEntityOfPage":{"@id":"https:\/\/www.fcbarcelonanoticias.com\/en\/fc-barcelona\/the-porteria-neymar-jr-plans-to-travel-to-barcelona-this-week_226349_102.html"},"wordCount":479,"image":{"@id":"https:\/\/www.fcbarcelonanoticias.com\/en\/fc-barcelona\/the-porteria-neymar-jr-plans-to-travel-to-barcelona-this-week_226349_102.html#primaryimage"},"thumbnailUrl":"https:\/\/www.fcbarcelonanoticias.com\/en\/wp-content\/uploads\/sites\/2\/2019\/07\/neymar-jr-juzgados-296458.jpeg","keywords":["Neymar Jr"],"articleSection":["FC Barcelona"],"inLanguage":"en-US"},{"@type":"WebPage","@id":"https:\/\/www.fcbarcelonanoticias.com\/en\/fc-barcelona\/the-porteria-neymar-jr-plans-to-travel-to-barcelona-this-week_226349_102.html","url":"https:\/\/www.fcbarcelonanoticias.com\/en\/fc-barcelona\/the-porteria-neymar-jr-plans-to-travel-to-barcelona-this-week_226349_102.html","name":"The Porteria: Neymar Jr has foreseen to travel to Barcelona this week","isPartOf":{"@id":"https:\/\/www.fcbarcelonanoticias.com\/en\/#website"},"primaryImageOfPage":{"@id":"https:\/\/www.fcbarcelonanoticias.com\/en\/fc-barcelona\/the-porteria-neymar-jr-plans-to-travel-to-barcelona-this-week_226349_102.html#primaryimage"},"image":{"@id":"https:\/\/www.fcbarcelonanoticias.com\/en\/fc-barcelona\/the-porteria-neymar-jr-plans-to-travel-to-barcelona-this-week_226349_102.html#primaryimage"},"thumbnailUrl":"https:\/\/www.fcbarcelonanoticias.com\/en\/wp-content\/uploads\/sites\/2\/2019\/07\/neymar-jr-juzgados-296458.jpeg","datePublished":"2019-07-08T21:55:00+00:00","dateModified":"2019-07-08T23:02:00+00:00","author":{"@id":"https:\/\/www.fcbarcelonanoticias.com\/en\/#\/schema\/person\/5dc3a41c52ab542cf24a2fbe3489c561"},"description":"The program 'The Porteria' of Betev\u00e9 has ensured this Monday that Neymar Jr has foreseen to travel this week to Barcelona with two aims: accelerate...","breadcrumb":{"@id":"https:\/\/www.fcbarcelonanoticias.com\/en\/fc-barcelona\/the-porteria-neymar-jr-plans-to-travel-to-barcelona-this-week_226349_102.html#breadcrumb"},"inLanguage":"en-US","potentialAction":[{"@type":"ReadAction","target":["https:\/\/www.fcbarcelonanoticias.com\/en\/fc-barcelona\/the-porteria-neymar-jr-plans-to-travel-to-barcelona-this-week_226349_102.html"]}]},{"@type":"ImageObject","inLanguage":"en-US","@id":"https:\/\/www.fcbarcelonanoticias.com\/en\/fc-barcelona\/the-porteria-neymar-jr-plans-to-travel-to-barcelona-this-week_226349_102.html#primaryimage","url":"https:\/\/www.fcbarcelonanoticias.com\/en\/wp-content\/uploads\/sites\/2\/2019\/07\/neymar-jr-juzgados-296458.jpeg","contentUrl":"https:\/\/www.fcbarcelonanoticias.com\/en\/wp-content\/uploads\/sites\/2\/2019\/07\/neymar-jr-juzgados-296458.jpeg","width":761,"height":428},{"@type":"BreadcrumbList","@id":"https:\/\/www.fcbarcelonanoticias.com\/en\/fc-barcelona\/the-porteria-neymar-jr-plans-to-travel-to-barcelona-this-week_226349_102.html#breadcrumb","itemListElement":[{"@type":"ListItem","position":1,"name":"Portada","item":"https:\/\/www.fcbarcelonanoticias.com\/en\/"},{"@type":"ListItem","position":2,"name":"The Porteria: Neymar Jr plans to travel to Barcelona this week"}]},{"@type":"WebSite","@id":"https:\/\/www.fcbarcelonanoticias.com\/en\/#website","url":"https:\/\/www.fcbarcelonanoticias.com\/en\/","name":"EN - FC Barcelona Noticias","description":"","potentialAction":[{"@type":"SearchAction","target":{"@type":"EntryPoint","urlTemplate":"https:\/\/www.fcbarcelonanoticias.com\/en\/?s={search_term_string}"},"query-input":{"@type":"PropertyValueSpecification","valueRequired":true,"valueName":"search_term_string"}}],"inLanguage":"en-US"},{"@type":"Person","@id":"https:\/\/www.fcbarcelonanoticias.com\/en\/#\/schema\/person\/5dc3a41c52ab542cf24a2fbe3489c561","name":"Erika Moya","image":{"@type":"ImageObject","inLanguage":"en-US","@id":"https:\/\/secure.gravatar.com\/avatar\/?s=96&d=mm&r=g","url":"https:\/\/secure.gravatar.com\/avatar\/?s=96&d=mm&r=g","contentUrl":"https:\/\/secure.gravatar.com\/avatar\/?s=96&d=mm&r=g","caption":"Erika Moya"},"description":"Erika est\u00e1 estudiando Periodismo y llega a FCBN con el objetivo de cubrir la actualidad del F\u00fatbol Femenino, con especial cari\u00f1o\u00a0a todo lo que rodea al Bar\u00e7a Femenino. Apasionada del deporte, combina su formaci\u00f3n acad\u00e9mica con su labor divulgativa.","url":"https:\/\/www.fcbarcelonanoticias.com\/en\/fc-barcelona\/erika-moya_29_115.html"}]}},"_links":{"self":[{"href":"https:\/\/www.fcbarcelonanoticias.com\/en\/wp-json\/wp\/v2\/posts\/32871","targetHints":{"allow":["GET"]}}],"collection":[{"href":"https:\/\/www.fcbarcelonanoticias.com\/en\/wp-json\/wp\/v2\/posts"}],"about":[{"href":"https:\/\/www.fcbarcelonanoticias.com\/en\/wp-json\/wp\/v2\/types\/post"}],"author":[{"embeddable":true,"href":"https:\/\/www.fcbarcelonanoticias.com\/en\/wp-json\/wp\/v2\/users\/357"}],"replies":[{"embeddable":true,"href":"https:\/\/www.fcbarcelonanoticias.com\/en\/wp-json\/wp\/v2\/comments?post=32871"}],"version-history":[{"count":1,"href":"https:\/\/www.fcbarcelonanoticias.com\/en\/wp-json\/wp\/v2\/posts\/32871\/revisions"}],"predecessor-version":[{"id":109125,"href":"https:\/\/www.fcbarcelonanoticias.com\/en\/wp-json\/wp\/v2\/posts\/32871\/revisions\/109125"}],"wp:featuredmedia":[{"embeddable":true,"href":"https:\/\/www.fcbarcelonanoticias.com\/en\/wp-json\/wp\/v2\/media\/32872"}],"wp:attachment":[{"href":"https:\/\/www.fcbarcelonanoticias.com\/en\/wp-json\/wp\/v2\/media?parent=32871"}],"wp:term":[{"taxonomy":"category","embeddable":true,"href":"https:\/\/www.fcbarcelonanoticias.com\/en\/wp-json\/wp\/v2\/categories?post=32871"},{"taxonomy":"post_tag","embeddable":true,"href":"https:\/\/www.fcbarcelonanoticias.com\/en\/wp-json\/wp\/v2\/tags?post=32871"}],"curies":[{"name":"wp","href":"https:\/\/api.w.org\/{rel}","templated":true}]}}