{"id":32897,"date":"2017-12-15T18:30:00","date_gmt":"2017-12-15T17:30:00","guid":{"rendered":"https:\/\/weisetech.dev\/fc-barcelona-noticias\/en\/the-possible-alignments-of-the-barca-sportive-laliga-j16_207704_102\/"},"modified":"2026-04-16T09:58:38","modified_gmt":"2026-04-16T07:58:38","slug":"the-possible-alignments-of-the-barca-sportive-laliga-j16_207704_102","status":"publish","type":"post","link":"https:\/\/www.fcbarcelonanoticias.com\/en\/fc-barcelona\/the-possible-alignments-of-the-barca-sportive-laliga-j16_207704_102.html","title":{"rendered":"The possible alignments of the Bar\u00e7a-Sportive (LaLiga J16)"},"content":{"rendered":"<h2 class=\"wp-block-heading\">In the horizon already appears the Classical that closes 2017, but the FC Barcelona has to surpass first to a Sportive of the Coru\u00f1a that arrives dressed of affordable and that has left recent surprises against the Barcelona. There will be rotations, but no revolution<\/h2>  \r\n<div class=\"article-addons\">\r\n    <a href=\"https:\/\/www.fcbarcelonanoticias.com\/en\/calendar-fc-barcelona.html\"\r\n       target=\"_self\"\r\n       title=\"Calendar of FC Barcelona\"\r\n       class=\"blue-gredient-btn\">\r\n       \r\n        Calendar of FC Barcelona    <\/a>\r\n<\/div>   <p><strong><\/strong>They remain few leaves in the calendar 2017 of the&nbsp;<a href=\"https:\/\/www.fcbarcelonanoticias.com\/calendario-fcbarcelona.html\"><strong>FC Barcelona<\/strong><\/a>&nbsp;and before heading to  a Classical that sounds to proof of level, will have to surpass the challenge of a&nbsp;<strong>Sportive&nbsp;<strong> of the Coru\u00f1a<\/strong>&nbsp;that arrives challenging to the&nbsp;<strong>Camp Nou<\/strong>. This<strong> <a href=\"https:\/\/www.fcbarcelonanoticias.com\/laliga\/cuando-y-donde-ver-el-fc-barcelona-vs-deportivo_207682_102.html\">Sunday from the 20:45 hours<\/a><\/strong>,<strong>&nbsp;<\/strong>the Barcelona group will look for an important victory against <strong>a rival that already has ara\u00f1ado several points in his recent visits to the City Condal<\/strong>.<\/strong><\/p> <p>The <strong><a href=\"https:\/\/www.fcbarcelonanoticias.com\/fc-barcelona\/lista-de-convocados-de-valverde-para-el-fc-barcelona-deportivo_207703_102.html\">announcement of the FC Barcelona<\/a><\/strong>&nbsp;arrives with some important novelties, with <strong>Javier Mascherano and Andr\u00e9s Iniesta of<\/strong> turn to the list and with the high medical. Those that will have to expect some days more are&nbsp;<strong><a href=\"https:\/\/www.fcbarcelonanoticias.com\/fc-barcelona\/rafinha-y-dembele-podrian-reaparecer-en-el-mismo-partido_207671_102.html\">Ousmane&nbsp;Demb\u00e9l\u00e9 and Rafinha Alc\u00e1ntara<\/a>, that beside Samuel Umtiti close the drops by injury.&nbsp;Burn Turan<\/strong> remains  went by technical decision. This is our <strong>forecast for the party<\/strong>:<\/p> <h2>Ter Stegen<\/h2> <p>It fit two goals in his last party in the Camp Nou, and sure that it will want to erase the bad experience against the Celtic with another exhibition against a Galician group. <strong>The historical Paco Lia\u00f1o devoted him <a href=\"https:\/\/www.fcbarcelonanoticias.com\/fc-barcelona\/ter-stegen-es-el-mejor-portero-del-mundo-para-el-fc-barcelona_207664_102.html\">big praises<\/a> in the previous of the duel, and has prepared  to consciousness to be <a href=\"https:\/\/www.fcbarcelonanoticias.com\/fc-barcelona\/el-impresionante-entrenamiento-de-ter-stegen-sobre-arena_207667_102.html\">in full form<\/a><\/strong>. It is indisputable.<\/p> <h2>Semedo-Hammered-Vermaelen-Digne<\/h2> <p><strong>While it decides which are his best options for the Classical, Valverde could rotar without risking home.<\/strong>&nbsp;The titularity in the right side would be a priori for <strong>N\u00e9lson Semedo, <\/strong>and<strong>&nbsp;<\/strong>it will be necessary to see which is the decision with the central. Mascherano Already is smart, and although it could have minutes, <strong>Gerard Hammered and Thomas Vermaelen would repeat a couple with very good results<\/strong>&nbsp;that aims to close the saga in the Bernab\u00e9u. <strong>Although<\/strong> <strong><a href=\"https:\/\/www.fcbarcelonanoticias.com\/fc-barcelona\/jordi-alba-pletorico-el-defensa-mas-ofensivo-de-la-liga_207683_102.html\">Jordi Alba is the defence more in shape of the season<\/a>&nbsp;could have a break and leave his place to Lucas Digne<\/strong>.<\/p> <h2>Paulinho-Rakitic-Denis<\/h2> <p>With <strong>Sergio Busquets loomed for the Classical<\/strong>, there are several options for the Barcelona pivote. <a href=\"https:\/\/www.fcbarcelonanoticias.com\/jugadores\/sin-busquets-valverde-no-duda-el-pivote-es-para-ivan-rakitic_207317_102.html\"><strong>The most used until the moment has been Ivan Rakitic<\/strong><\/a>, in which Valverde has a lot of confidence, although <strong>it neither would be odd the participation of Sergi Roberto<\/strong>. The one who does not seem that it was taken into account in the closing is <strong>Paulinho<\/strong> of the that has valued  his arrival and his route more than some specific defensive qualities. <strong>Denis<\/strong> would have another opportunity after a performance something grey against the Villarreal, explaining that <a href=\"https:\/\/www.fcbarcelonanoticias.com\/fichajes\/la-liga-china-tambien-viene-a-llevarse-a-iniesta-del-barcelona_207676_102.html\"><strong>Andr\u00e9s Iniesta<\/strong><\/a> also could film after some day of drop. <strong>The elections will finish marking the training chosen<\/strong>.<\/p> <h2>Aleix Vidal-Messi-Alc\u00e1cer<\/h2> <p>If finally the Txingurri decants  by a 4-3-3, something more typical of the parties of the Camp Nou, could have novelties in the forward. <strong>It does not seem that <a href=\"https:\/\/www.fcbarcelonanoticias.com\/en\/jugadores\/lionel-messi.html\">Leo Messi<\/a> go to rest again in LaLiga, but yes could do it Luis Su\u00e1rez giving gone in to Paco Alc\u00e1cer that is prepared<\/strong>. As always, the last member of the leading is the big inc\u00f3gnita, although <a href=\"https:\/\/www.fcbarcelonanoticias.com\/fc-barcelona\/deulofeu-baja-contra-el-depor-por-una-lesion-en-la-rodilla_207665_102.html\"><strong>the drop of Gerard Deulofeu<\/strong><\/a> reduces the options.<\/p> <h2>Possible alignments of the Barcelona-Sportive<\/h2> <p><strong>FC Barcelona<\/strong>: Ter Stegen; Semedo, Hammered, Vermaelen, Digne; Paulinho, Rakitic, Denis; Aleix Vidal,&nbsp;Alc\u00e1cer and Messi.<\/p> <p><strong>Sportive of the Coru\u00f1a<\/strong>: Rub\u00e9n Mart\u00ednez; Juanfran, Sidnei, Sch\u00e4r, Navarro; Borges, Guilherme; Carles Gil, Adri\u00e1n, \u00c7olak; and Lucas P\u00e9rez.<\/p> ","protected":false},"excerpt":{"rendered":"<p>In the horizon already appears the Classical that closes 2017, but the FC Barcelona has to surpass first to a Sportive of the Coru\u00f1a that arrives dressed of affordable and that has left recent surprises against the Barcelona. There will be rotations, but no revolution They remain few leaves in the calendar 2017 of the&nbsp;FC [&hellip;]<\/p>\n","protected":false},"author":382,"featured_media":32900,"comment_status":"closed","ping_status":"open","sticky":false,"template":"","format":"standard","meta":{"_acf_changed":false,"inline_featured_image":false,"_nextfly_llmd_date_locked":false,"footnotes":""},"categories":[111],"tags":[75,218,201],"class_list":["post-32897","post","type-post","status-publish","format-standard","has-post-thumbnail","hentry","category-fc-barcelona","tag-deportivo-de-la-coruna","tag-ernesto-valverde","tag-lineups"],"acf":[],"yoast_head":"<!-- This site is optimized with the Yoast SEO plugin v27.3 - https:\/\/yoast.com\/product\/yoast-seo-wordpress\/ -->\n<title>The possible alignments of the FC Barcelona-Sportive (LaLiga J16)<\/title>\n<meta name=\"description\" content=\"In the horizon already appears the Classical that closes 2017, but the FC Barcelona has to surpass first to a Sportive of the Coru\u00f1a that arrives dressed of...\" \/>\n<meta name=\"robots\" content=\"index, follow, max-snippet:-1, max-image-preview:large, max-video-preview:-1\" \/>\n<link rel=\"canonical\" href=\"https:\/\/www.fcbarcelonanoticias.com\/en\/fc-barcelona\/the-possible-alignments-of-the-barca-sportive-laliga-j16_207704_102.html\" \/>\n<meta property=\"og:locale\" content=\"en_US\" \/>\n<meta property=\"og:type\" content=\"article\" \/>\n<meta property=\"og:title\" content=\"The possible alignments of the FC Barcelona-Sportive (LaLiga J16)\" \/>\n<meta property=\"og:description\" content=\"In the horizon already appears the Classical that closes 2017, but the FC Barcelona has to surpass first to a Sportive of the Coru\u00f1a that arrives dressed of...\" \/>\n<meta property=\"og:url\" content=\"https:\/\/www.fcbarcelonanoticias.com\/en\/fc-barcelona\/the-possible-alignments-of-the-barca-sportive-laliga-j16_207704_102.html\" \/>\n<meta property=\"og:site_name\" content=\"EN - FC Barcelona Noticias\" \/>\n<meta property=\"article:published_time\" content=\"2017-12-15T17:30:00+00:00\" \/>\n<meta property=\"article:modified_time\" content=\"2026-04-16T07:58:38+00:00\" \/>\n<meta property=\"og:image\" content=\"https:\/\/www.fcbarcelonanoticias.com\/en\/wp-content\/uploads\/sites\/2\/2017\/12\/alineacion-posible-barcelona-deportivo-237783-1.jpeg\" \/>\n\t<meta property=\"og:image:width\" content=\"761\" \/>\n\t<meta property=\"og:image:height\" content=\"428\" \/>\n\t<meta property=\"og:image:type\" content=\"image\/jpeg\" \/>\n<meta name=\"author\" content=\"user_4038\" \/>\n<meta name=\"twitter:card\" content=\"summary_large_image\" \/>\n<meta name=\"twitter:label1\" content=\"Written by\" \/>\n\t<meta name=\"twitter:data1\" content=\"user_4038\" \/>\n\t<meta name=\"twitter:label2\" content=\"Est. reading time\" \/>\n\t<meta name=\"twitter:data2\" content=\"3 minutes\" \/>\n<script type=\"application\/ld+json\" class=\"yoast-schema-graph\">{\"@context\":\"https:\\\/\\\/schema.org\",\"@graph\":[{\"@type\":\"Article\",\"@id\":\"https:\\\/\\\/www.fcbarcelonanoticias.com\\\/en\\\/fc-barcelona\\\/the-possible-alignments-of-the-barca-sportive-laliga-j16_207704_102.html#article\",\"isPartOf\":{\"@id\":\"https:\\\/\\\/www.fcbarcelonanoticias.com\\\/en\\\/fc-barcelona\\\/the-possible-alignments-of-the-barca-sportive-laliga-j16_207704_102.html\"},\"author\":{\"name\":\"user_4038\",\"@id\":\"https:\\\/\\\/www.fcbarcelonanoticias.com\\\/en\\\/#\\\/schema\\\/person\\\/d496eb2867fed0dac243bde8b6b84dc7\"},\"headline\":\"The possible alignments of the Bar\u00e7a-Sportive (LaLiga J16)\",\"datePublished\":\"2017-12-15T17:30:00+00:00\",\"dateModified\":\"2026-04-16T07:58:38+00:00\",\"mainEntityOfPage\":{\"@id\":\"https:\\\/\\\/www.fcbarcelonanoticias.com\\\/en\\\/fc-barcelona\\\/the-possible-alignments-of-the-barca-sportive-laliga-j16_207704_102.html\"},\"wordCount\":618,\"image\":{\"@id\":\"https:\\\/\\\/www.fcbarcelonanoticias.com\\\/en\\\/fc-barcelona\\\/the-possible-alignments-of-the-barca-sportive-laliga-j16_207704_102.html#primaryimage\"},\"thumbnailUrl\":\"https:\\\/\\\/www.fcbarcelonanoticias.com\\\/en\\\/wp-content\\\/uploads\\\/sites\\\/2\\\/2017\\\/12\\\/alineacion-posible-barcelona-deportivo-237783-1.jpeg\",\"keywords\":[\"Deportivo de La Coru\u00f1a\",\"Ernesto Valverde\",\"FC Barcelona Lineups\"],\"articleSection\":[\"FC Barcelona\"],\"inLanguage\":\"en-US\"},{\"@type\":\"WebPage\",\"@id\":\"https:\\\/\\\/www.fcbarcelonanoticias.com\\\/en\\\/fc-barcelona\\\/the-possible-alignments-of-the-barca-sportive-laliga-j16_207704_102.html\",\"url\":\"https:\\\/\\\/www.fcbarcelonanoticias.com\\\/en\\\/fc-barcelona\\\/the-possible-alignments-of-the-barca-sportive-laliga-j16_207704_102.html\",\"name\":\"The possible alignments of the FC Barcelona-Sportive (LaLiga J16)\",\"isPartOf\":{\"@id\":\"https:\\\/\\\/www.fcbarcelonanoticias.com\\\/en\\\/#website\"},\"primaryImageOfPage\":{\"@id\":\"https:\\\/\\\/www.fcbarcelonanoticias.com\\\/en\\\/fc-barcelona\\\/the-possible-alignments-of-the-barca-sportive-laliga-j16_207704_102.html#primaryimage\"},\"image\":{\"@id\":\"https:\\\/\\\/www.fcbarcelonanoticias.com\\\/en\\\/fc-barcelona\\\/the-possible-alignments-of-the-barca-sportive-laliga-j16_207704_102.html#primaryimage\"},\"thumbnailUrl\":\"https:\\\/\\\/www.fcbarcelonanoticias.com\\\/en\\\/wp-content\\\/uploads\\\/sites\\\/2\\\/2017\\\/12\\\/alineacion-posible-barcelona-deportivo-237783-1.jpeg\",\"datePublished\":\"2017-12-15T17:30:00+00:00\",\"dateModified\":\"2026-04-16T07:58:38+00:00\",\"author\":{\"@id\":\"https:\\\/\\\/www.fcbarcelonanoticias.com\\\/en\\\/#\\\/schema\\\/person\\\/d496eb2867fed0dac243bde8b6b84dc7\"},\"description\":\"In the horizon already appears the Classical that closes 2017, but the FC Barcelona has to surpass first to a Sportive of the Coru\u00f1a that arrives dressed of...\",\"breadcrumb\":{\"@id\":\"https:\\\/\\\/www.fcbarcelonanoticias.com\\\/en\\\/fc-barcelona\\\/the-possible-alignments-of-the-barca-sportive-laliga-j16_207704_102.html#breadcrumb\"},\"inLanguage\":\"en-US\",\"potentialAction\":[{\"@type\":\"ReadAction\",\"target\":[\"https:\\\/\\\/www.fcbarcelonanoticias.com\\\/en\\\/fc-barcelona\\\/the-possible-alignments-of-the-barca-sportive-laliga-j16_207704_102.html\"]}]},{\"@type\":\"ImageObject\",\"inLanguage\":\"en-US\",\"@id\":\"https:\\\/\\\/www.fcbarcelonanoticias.com\\\/en\\\/fc-barcelona\\\/the-possible-alignments-of-the-barca-sportive-laliga-j16_207704_102.html#primaryimage\",\"url\":\"https:\\\/\\\/www.fcbarcelonanoticias.com\\\/en\\\/wp-content\\\/uploads\\\/sites\\\/2\\\/2017\\\/12\\\/alineacion-posible-barcelona-deportivo-237783-1.jpeg\",\"contentUrl\":\"https:\\\/\\\/www.fcbarcelonanoticias.com\\\/en\\\/wp-content\\\/uploads\\\/sites\\\/2\\\/2017\\\/12\\\/alineacion-posible-barcelona-deportivo-237783-1.jpeg\",\"width\":761,\"height\":428},{\"@type\":\"BreadcrumbList\",\"@id\":\"https:\\\/\\\/www.fcbarcelonanoticias.com\\\/en\\\/fc-barcelona\\\/the-possible-alignments-of-the-barca-sportive-laliga-j16_207704_102.html#breadcrumb\",\"itemListElement\":[{\"@type\":\"ListItem\",\"position\":1,\"name\":\"Portada\",\"item\":\"https:\\\/\\\/www.fcbarcelonanoticias.com\\\/en\\\/\"},{\"@type\":\"ListItem\",\"position\":2,\"name\":\"The possible alignments of the Bar\u00e7a-Sportive (LaLiga J16)\"}]},{\"@type\":\"WebSite\",\"@id\":\"https:\\\/\\\/www.fcbarcelonanoticias.com\\\/en\\\/#website\",\"url\":\"https:\\\/\\\/www.fcbarcelonanoticias.com\\\/en\\\/\",\"name\":\"EN - FC Barcelona Noticias\",\"description\":\"\",\"potentialAction\":[{\"@type\":\"SearchAction\",\"target\":{\"@type\":\"EntryPoint\",\"urlTemplate\":\"https:\\\/\\\/www.fcbarcelonanoticias.com\\\/en\\\/?s={search_term_string}\"},\"query-input\":{\"@type\":\"PropertyValueSpecification\",\"valueRequired\":true,\"valueName\":\"search_term_string\"}}],\"inLanguage\":\"en-US\"},{\"@type\":\"Person\",\"@id\":\"https:\\\/\\\/www.fcbarcelonanoticias.com\\\/en\\\/#\\\/schema\\\/person\\\/d496eb2867fed0dac243bde8b6b84dc7\",\"name\":\"user_4038\",\"image\":{\"@type\":\"ImageObject\",\"inLanguage\":\"en-US\",\"@id\":\"https:\\\/\\\/secure.gravatar.com\\\/avatar\\\/?s=96&d=mm&r=g\",\"url\":\"https:\\\/\\\/secure.gravatar.com\\\/avatar\\\/?s=96&d=mm&r=g\",\"contentUrl\":\"https:\\\/\\\/secure.gravatar.com\\\/avatar\\\/?s=96&d=mm&r=g\",\"caption\":\"user_4038\"},\"url\":\"https:\\\/\\\/www.fcbarcelonanoticias.com\\\/en\\\/user_4038.html\"}]}<\/script>\n<!-- \/ Yoast SEO plugin. -->","yoast_head_json":{"title":"The possible alignments of the FC Barcelona-Sportive (LaLiga J16)","description":"In the horizon already appears the Classical that closes 2017, but the FC Barcelona has to surpass first to a Sportive of the Coru\u00f1a that arrives dressed of...","robots":{"index":"index","follow":"follow","max-snippet":"max-snippet:-1","max-image-preview":"max-image-preview:large","max-video-preview":"max-video-preview:-1"},"canonical":"https:\/\/www.fcbarcelonanoticias.com\/en\/fc-barcelona\/the-possible-alignments-of-the-barca-sportive-laliga-j16_207704_102.html","og_locale":"en_US","og_type":"article","og_title":"The possible alignments of the FC Barcelona-Sportive (LaLiga J16)","og_description":"In the horizon already appears the Classical that closes 2017, but the FC Barcelona has to surpass first to a Sportive of the Coru\u00f1a that arrives dressed of...","og_url":"https:\/\/www.fcbarcelonanoticias.com\/en\/fc-barcelona\/the-possible-alignments-of-the-barca-sportive-laliga-j16_207704_102.html","og_site_name":"EN - FC Barcelona Noticias","article_published_time":"2017-12-15T17:30:00+00:00","article_modified_time":"2026-04-16T07:58:38+00:00","og_image":[{"width":761,"height":428,"url":"https:\/\/www.fcbarcelonanoticias.com\/en\/wp-content\/uploads\/sites\/2\/2017\/12\/alineacion-posible-barcelona-deportivo-237783-1.jpeg","type":"image\/jpeg"}],"author":"user_4038","twitter_card":"summary_large_image","twitter_misc":{"Written by":"user_4038","Est. reading time":"3 minutes"},"schema":{"@context":"https:\/\/schema.org","@graph":[{"@type":"Article","@id":"https:\/\/www.fcbarcelonanoticias.com\/en\/fc-barcelona\/the-possible-alignments-of-the-barca-sportive-laliga-j16_207704_102.html#article","isPartOf":{"@id":"https:\/\/www.fcbarcelonanoticias.com\/en\/fc-barcelona\/the-possible-alignments-of-the-barca-sportive-laliga-j16_207704_102.html"},"author":{"name":"user_4038","@id":"https:\/\/www.fcbarcelonanoticias.com\/en\/#\/schema\/person\/d496eb2867fed0dac243bde8b6b84dc7"},"headline":"The possible alignments of the Bar\u00e7a-Sportive (LaLiga J16)","datePublished":"2017-12-15T17:30:00+00:00","dateModified":"2026-04-16T07:58:38+00:00","mainEntityOfPage":{"@id":"https:\/\/www.fcbarcelonanoticias.com\/en\/fc-barcelona\/the-possible-alignments-of-the-barca-sportive-laliga-j16_207704_102.html"},"wordCount":618,"image":{"@id":"https:\/\/www.fcbarcelonanoticias.com\/en\/fc-barcelona\/the-possible-alignments-of-the-barca-sportive-laliga-j16_207704_102.html#primaryimage"},"thumbnailUrl":"https:\/\/www.fcbarcelonanoticias.com\/en\/wp-content\/uploads\/sites\/2\/2017\/12\/alineacion-posible-barcelona-deportivo-237783-1.jpeg","keywords":["Deportivo de La Coru\u00f1a","Ernesto Valverde","FC Barcelona Lineups"],"articleSection":["FC Barcelona"],"inLanguage":"en-US"},{"@type":"WebPage","@id":"https:\/\/www.fcbarcelonanoticias.com\/en\/fc-barcelona\/the-possible-alignments-of-the-barca-sportive-laliga-j16_207704_102.html","url":"https:\/\/www.fcbarcelonanoticias.com\/en\/fc-barcelona\/the-possible-alignments-of-the-barca-sportive-laliga-j16_207704_102.html","name":"The possible alignments of the FC Barcelona-Sportive (LaLiga J16)","isPartOf":{"@id":"https:\/\/www.fcbarcelonanoticias.com\/en\/#website"},"primaryImageOfPage":{"@id":"https:\/\/www.fcbarcelonanoticias.com\/en\/fc-barcelona\/the-possible-alignments-of-the-barca-sportive-laliga-j16_207704_102.html#primaryimage"},"image":{"@id":"https:\/\/www.fcbarcelonanoticias.com\/en\/fc-barcelona\/the-possible-alignments-of-the-barca-sportive-laliga-j16_207704_102.html#primaryimage"},"thumbnailUrl":"https:\/\/www.fcbarcelonanoticias.com\/en\/wp-content\/uploads\/sites\/2\/2017\/12\/alineacion-posible-barcelona-deportivo-237783-1.jpeg","datePublished":"2017-12-15T17:30:00+00:00","dateModified":"2026-04-16T07:58:38+00:00","author":{"@id":"https:\/\/www.fcbarcelonanoticias.com\/en\/#\/schema\/person\/d496eb2867fed0dac243bde8b6b84dc7"},"description":"In the horizon already appears the Classical that closes 2017, but the FC Barcelona has to surpass first to a Sportive of the Coru\u00f1a that arrives dressed of...","breadcrumb":{"@id":"https:\/\/www.fcbarcelonanoticias.com\/en\/fc-barcelona\/the-possible-alignments-of-the-barca-sportive-laliga-j16_207704_102.html#breadcrumb"},"inLanguage":"en-US","potentialAction":[{"@type":"ReadAction","target":["https:\/\/www.fcbarcelonanoticias.com\/en\/fc-barcelona\/the-possible-alignments-of-the-barca-sportive-laliga-j16_207704_102.html"]}]},{"@type":"ImageObject","inLanguage":"en-US","@id":"https:\/\/www.fcbarcelonanoticias.com\/en\/fc-barcelona\/the-possible-alignments-of-the-barca-sportive-laliga-j16_207704_102.html#primaryimage","url":"https:\/\/www.fcbarcelonanoticias.com\/en\/wp-content\/uploads\/sites\/2\/2017\/12\/alineacion-posible-barcelona-deportivo-237783-1.jpeg","contentUrl":"https:\/\/www.fcbarcelonanoticias.com\/en\/wp-content\/uploads\/sites\/2\/2017\/12\/alineacion-posible-barcelona-deportivo-237783-1.jpeg","width":761,"height":428},{"@type":"BreadcrumbList","@id":"https:\/\/www.fcbarcelonanoticias.com\/en\/fc-barcelona\/the-possible-alignments-of-the-barca-sportive-laliga-j16_207704_102.html#breadcrumb","itemListElement":[{"@type":"ListItem","position":1,"name":"Portada","item":"https:\/\/www.fcbarcelonanoticias.com\/en\/"},{"@type":"ListItem","position":2,"name":"The possible alignments of the Bar\u00e7a-Sportive (LaLiga J16)"}]},{"@type":"WebSite","@id":"https:\/\/www.fcbarcelonanoticias.com\/en\/#website","url":"https:\/\/www.fcbarcelonanoticias.com\/en\/","name":"EN - FC Barcelona Noticias","description":"","potentialAction":[{"@type":"SearchAction","target":{"@type":"EntryPoint","urlTemplate":"https:\/\/www.fcbarcelonanoticias.com\/en\/?s={search_term_string}"},"query-input":{"@type":"PropertyValueSpecification","valueRequired":true,"valueName":"search_term_string"}}],"inLanguage":"en-US"},{"@type":"Person","@id":"https:\/\/www.fcbarcelonanoticias.com\/en\/#\/schema\/person\/d496eb2867fed0dac243bde8b6b84dc7","name":"user_4038","image":{"@type":"ImageObject","inLanguage":"en-US","@id":"https:\/\/secure.gravatar.com\/avatar\/?s=96&d=mm&r=g","url":"https:\/\/secure.gravatar.com\/avatar\/?s=96&d=mm&r=g","contentUrl":"https:\/\/secure.gravatar.com\/avatar\/?s=96&d=mm&r=g","caption":"user_4038"},"url":"https:\/\/www.fcbarcelonanoticias.com\/en\/user_4038.html"}]}},"_links":{"self":[{"href":"https:\/\/www.fcbarcelonanoticias.com\/en\/wp-json\/wp\/v2\/posts\/32897","targetHints":{"allow":["GET"]}}],"collection":[{"href":"https:\/\/www.fcbarcelonanoticias.com\/en\/wp-json\/wp\/v2\/posts"}],"about":[{"href":"https:\/\/www.fcbarcelonanoticias.com\/en\/wp-json\/wp\/v2\/types\/post"}],"author":[{"embeddable":true,"href":"https:\/\/www.fcbarcelonanoticias.com\/en\/wp-json\/wp\/v2\/users\/382"}],"replies":[{"embeddable":true,"href":"https:\/\/www.fcbarcelonanoticias.com\/en\/wp-json\/wp\/v2\/comments?post=32897"}],"version-history":[{"count":11,"href":"https:\/\/www.fcbarcelonanoticias.com\/en\/wp-json\/wp\/v2\/posts\/32897\/revisions"}],"predecessor-version":[{"id":183126,"href":"https:\/\/www.fcbarcelonanoticias.com\/en\/wp-json\/wp\/v2\/posts\/32897\/revisions\/183126"}],"wp:featuredmedia":[{"embeddable":true,"href":"https:\/\/www.fcbarcelonanoticias.com\/en\/wp-json\/wp\/v2\/media\/32900"}],"wp:attachment":[{"href":"https:\/\/www.fcbarcelonanoticias.com\/en\/wp-json\/wp\/v2\/media?parent=32897"}],"wp:term":[{"taxonomy":"category","embeddable":true,"href":"https:\/\/www.fcbarcelonanoticias.com\/en\/wp-json\/wp\/v2\/categories?post=32897"},{"taxonomy":"post_tag","embeddable":true,"href":"https:\/\/www.fcbarcelonanoticias.com\/en\/wp-json\/wp\/v2\/tags?post=32897"}],"curies":[{"name":"wp","href":"https:\/\/api.w.org\/{rel}","templated":true}]}}