{"id":32977,"date":"2016-09-14T09:31:00","date_gmt":"2016-09-14T07:31:00","guid":{"rendered":"https:\/\/weisetech.dev\/fc-barcelona-noticias\/en\/the-press-of-sudamerica-hallucinates-with-the-msn-of-the-barca_192080_102\/"},"modified":"2026-04-16T09:38:37","modified_gmt":"2026-04-16T07:38:37","slug":"the-press-of-sudamerica-hallucinates-with-the-msn-of-the-barca_192080_102","status":"publish","type":"post","link":"https:\/\/www.fcbarcelonanoticias.com\/en\/fc-barcelona\/the-press-of-sudamerica-hallucinates-with-the-msn-of-the-barca_192080_102.html","title":{"rendered":"The press of Sudam\u00e9rica hallucinates with the &#8220;MSN&#8221; of the Bar\u00e7a"},"content":{"rendered":"<h2 class=\"wp-block-heading\">The main media of Sudam\u00e9rica ensalzaron the goleada of the FC Barcelona against the Celtic of Glasgow (7-0) and, in particular, the big performance of Neymar Jr, Leo Messi and Luis Su\u00e1rez in front of the Scottish group<\/h2>  \r\n<div class=\"article-addons\">\r\n    <a href=\"https:\/\/www.fcbarcelonanoticias.com\/en\/calendar-fc-barcelona.html\"\r\n       target=\"_self\"\r\n       title=\"Calendar of FC Barcelona\"\r\n       class=\"blue-gredient-btn\">\r\n       \r\n        Calendar of FC Barcelona    <\/a>\r\n<\/div>   <p>In Sudam\u00e9rica finish them  the adjectives to value the genialidad of the trident of the FC Barcelona, that <strong>with Neymar Jr, Leo Messi and Luis Su\u00e1rez<\/strong> no longer knows  how more can surprise to the world. This past Tuesday, the Three Tenors dazzled with a performance descomunal in front of the Celtic of Glasgow in the premi\u00e8re of <a href=\"https:\/\/www.fcbarcelonanoticias.com\/en\/champions-league.html\"><strong>the UEFA Champions League 2016-17<\/strong><\/a>.<\/p> <p>And, as it could not be of another way, the main media of around the world, and especially of Sudam\u00e9rica, valued as it deserves  <strong>the big party of the players cul\u00e9s<\/strong>, tremendously elogiados also in the social networks.&nbsp;<\/p> <p>&#8220;Decime What feels &#8220;, titled this Wednesday the newspaper &#8220;Ol\u00e9&#8221; to analyse <a href=\"https:\/\/www.fcbarcelonanoticias.com\/fc-barcelona\/los-tres-tenores-dan-su-primer-gran-concierto-ante-el-celtic_192052_102.html\"><strong>the goleada of the FC Barcelona to the Celtic (7-0)<\/strong><\/a> and the glorious performance of the forwards of the Bar\u00e7a.&nbsp;The Argentinian newspaper stood out that the trident returned to a team title after more than 100 days, being the Celtic &#8220;the on duty victim of the MSN&#8221;.<\/p> <p>It highlighted  besides that Leo Messi, <strong>&#8220;with an impressive triplete, almost of Playstation&#8221;<\/strong>, annotated his sixth hat-trick in Champions, &#8220;surpassing the register of three boys: Alfredo Gave St\u00e9fano, Puskas and Cristiano Ronaldo, that added five each one&#8221;. Also it remained marked in bold the name of <a href=\"https:\/\/www.fcbarcelonanoticias.com\/jugadores\/neymar-jr-el-mvp-del-fc-barcelona-celtic-glasgow_192067_102.html\"><strong>Neymar Jr, by his goal and also the four assistances<\/strong><\/a>.<\/p> <p>The Brazilian newspaper &#8220;Launch&#8221; also elaborated on the party of the FC Barcelona<strong> &#8220;to do that the fans create again in the team&#8221;<\/strong>. Of course, Neymar Jr was the main focus of attention. &#8220;The Brazilian was everywhere of the field. Not to lose the account: three goals of Messi, one of Neymar, Iniesta and two of Su\u00e1rez. Four assistances of Neymar, one of Su\u00e1rez and Messi. It does not do lacking to write at all more&#8221;, wrote the newspaper.<\/p> <p>And, in Uruguay, &#8220;Digital Ovation&#8221; centred his praises in Luis Su\u00e1rez: &#8220;Su\u00e1rez closed the party cul\u00e9&#8221;. In the chronicle stood out  also the &#8220;winning character&#8221; of the three attackers of the team that, thanks to his goals, &#8220;erase of hit the defeat liguera in front of the Alav\u00e9s&#8221;. The flags esteladas and <a href=\"https:\/\/www.fcbarcelonanoticias.com\/jugadores\/ter-stegen-titularisimo-y-penalti-parado-contra-el-celtic_192061_102.html\"><strong>the penalti stopped by Ter Stegen<\/strong><\/a> also were included in the news.<\/p> ","protected":false},"excerpt":{"rendered":"<p>The main media of Sudam\u00e9rica ensalzaron the goleada of the FC Barcelona against the Celtic of Glasgow (7-0) and, in particular, the big performance of Neymar Jr, Leo Messi and Luis Su\u00e1rez in front of the Scottish group In Sudam\u00e9rica finish them the adjectives to value the genialidad of the trident of the FC Barcelona, [&hellip;]<\/p>\n","protected":false},"author":379,"featured_media":32980,"comment_status":"closed","ping_status":"open","sticky":false,"template":"","format":"standard","meta":{"_acf_changed":false,"inline_featured_image":false,"_nextfly_llmd_date_locked":false,"footnotes":""},"categories":[111],"tags":[219,135,143,167],"class_list":["post-32977","post","type-post","status-publish","format-standard","has-post-thumbnail","hentry","category-fc-barcelona","tag-celtic-glasgow","tag-luis-suarez","tag-neymar-jr","tag-press-magazine"],"acf":[],"yoast_head":"<!-- This site is optimized with the Yoast SEO plugin v27.3 - https:\/\/yoast.com\/product\/yoast-seo-wordpress\/ -->\n<title>The press of Sudam\u00e9rica hallucinates with the &quot;MSN&quot; of the Bar\u00e7a<\/title>\n<meta name=\"description\" content=\"The main media of Sudam\u00e9rica ensalzaron the goleada of the FC Barcelona against the Celtic of Glasgow (7-0) and, in particular, the...\" \/>\n<meta name=\"robots\" content=\"index, follow, max-snippet:-1, max-image-preview:large, max-video-preview:-1\" \/>\n<link rel=\"canonical\" href=\"https:\/\/www.fcbarcelonanoticias.com\/en\/fc-barcelona\/the-press-of-sudamerica-hallucinates-with-the-msn-of-the-barca_192080_102.html\" \/>\n<meta property=\"og:locale\" content=\"en_US\" \/>\n<meta property=\"og:type\" content=\"article\" \/>\n<meta property=\"og:title\" content=\"The press of Sudam\u00e9rica hallucinates with the &quot;MSN&quot; of the Bar\u00e7a\" \/>\n<meta property=\"og:description\" content=\"The main media of Sudam\u00e9rica ensalzaron the goleada of the FC Barcelona against the Celtic of Glasgow (7-0) and, in particular, the...\" \/>\n<meta property=\"og:url\" content=\"https:\/\/www.fcbarcelonanoticias.com\/en\/fc-barcelona\/the-press-of-sudamerica-hallucinates-with-the-msn-of-the-barca_192080_102.html\" \/>\n<meta property=\"og:site_name\" content=\"EN - FC Barcelona Noticias\" \/>\n<meta property=\"article:published_time\" content=\"2016-09-14T07:31:00+00:00\" \/>\n<meta property=\"article:modified_time\" content=\"2026-04-16T07:38:37+00:00\" \/>\n<meta property=\"og:image\" content=\"https:\/\/www.fcbarcelonanoticias.com\/en\/wp-content\/uploads\/sites\/2\/2016\/09\/barca-celtic-197506-1.png\" \/>\n\t<meta property=\"og:image:width\" content=\"1200\" \/>\n\t<meta property=\"og:image:height\" content=\"675\" \/>\n\t<meta property=\"og:image:type\" content=\"image\/png\" \/>\n<meta name=\"author\" content=\"user_4035\" \/>\n<meta name=\"twitter:card\" content=\"summary_large_image\" \/>\n<meta name=\"twitter:label1\" content=\"Written by\" \/>\n\t<meta name=\"twitter:data1\" content=\"user_4035\" \/>\n\t<meta name=\"twitter:label2\" content=\"Est. reading time\" \/>\n\t<meta name=\"twitter:data2\" content=\"2 minutes\" \/>\n<script type=\"application\/ld+json\" class=\"yoast-schema-graph\">{\"@context\":\"https:\\\/\\\/schema.org\",\"@graph\":[{\"@type\":\"Article\",\"@id\":\"https:\\\/\\\/www.fcbarcelonanoticias.com\\\/en\\\/fc-barcelona\\\/the-press-of-sudamerica-hallucinates-with-the-msn-of-the-barca_192080_102.html#article\",\"isPartOf\":{\"@id\":\"https:\\\/\\\/www.fcbarcelonanoticias.com\\\/en\\\/fc-barcelona\\\/the-press-of-sudamerica-hallucinates-with-the-msn-of-the-barca_192080_102.html\"},\"author\":{\"name\":\"user_4035\",\"@id\":\"https:\\\/\\\/www.fcbarcelonanoticias.com\\\/en\\\/#\\\/schema\\\/person\\\/1d237042f0875907c03b71a5b78eda5c\"},\"headline\":\"The press of Sudam\u00e9rica hallucinates with the &#8220;MSN&#8221; of the Bar\u00e7a\",\"datePublished\":\"2016-09-14T07:31:00+00:00\",\"dateModified\":\"2026-04-16T07:38:37+00:00\",\"mainEntityOfPage\":{\"@id\":\"https:\\\/\\\/www.fcbarcelonanoticias.com\\\/en\\\/fc-barcelona\\\/the-press-of-sudamerica-hallucinates-with-the-msn-of-the-barca_192080_102.html\"},\"wordCount\":425,\"image\":{\"@id\":\"https:\\\/\\\/www.fcbarcelonanoticias.com\\\/en\\\/fc-barcelona\\\/the-press-of-sudamerica-hallucinates-with-the-msn-of-the-barca_192080_102.html#primaryimage\"},\"thumbnailUrl\":\"https:\\\/\\\/www.fcbarcelonanoticias.com\\\/en\\\/wp-content\\\/uploads\\\/sites\\\/2\\\/2016\\\/09\\\/barca-celtic-197506-1.png\",\"keywords\":[\"Celtic Glasgow\",\"Luis Su\u00e1rez\",\"Neymar Jr\",\"Press magazine\"],\"articleSection\":[\"FC Barcelona\"],\"inLanguage\":\"en-US\"},{\"@type\":\"WebPage\",\"@id\":\"https:\\\/\\\/www.fcbarcelonanoticias.com\\\/en\\\/fc-barcelona\\\/the-press-of-sudamerica-hallucinates-with-the-msn-of-the-barca_192080_102.html\",\"url\":\"https:\\\/\\\/www.fcbarcelonanoticias.com\\\/en\\\/fc-barcelona\\\/the-press-of-sudamerica-hallucinates-with-the-msn-of-the-barca_192080_102.html\",\"name\":\"The press of Sudam\u00e9rica hallucinates with the \\\"MSN\\\" of the Bar\u00e7a\",\"isPartOf\":{\"@id\":\"https:\\\/\\\/www.fcbarcelonanoticias.com\\\/en\\\/#website\"},\"primaryImageOfPage\":{\"@id\":\"https:\\\/\\\/www.fcbarcelonanoticias.com\\\/en\\\/fc-barcelona\\\/the-press-of-sudamerica-hallucinates-with-the-msn-of-the-barca_192080_102.html#primaryimage\"},\"image\":{\"@id\":\"https:\\\/\\\/www.fcbarcelonanoticias.com\\\/en\\\/fc-barcelona\\\/the-press-of-sudamerica-hallucinates-with-the-msn-of-the-barca_192080_102.html#primaryimage\"},\"thumbnailUrl\":\"https:\\\/\\\/www.fcbarcelonanoticias.com\\\/en\\\/wp-content\\\/uploads\\\/sites\\\/2\\\/2016\\\/09\\\/barca-celtic-197506-1.png\",\"datePublished\":\"2016-09-14T07:31:00+00:00\",\"dateModified\":\"2026-04-16T07:38:37+00:00\",\"author\":{\"@id\":\"https:\\\/\\\/www.fcbarcelonanoticias.com\\\/en\\\/#\\\/schema\\\/person\\\/1d237042f0875907c03b71a5b78eda5c\"},\"description\":\"The main media of Sudam\u00e9rica ensalzaron the goleada of the FC Barcelona against the Celtic of Glasgow (7-0) and, in particular, the...\",\"breadcrumb\":{\"@id\":\"https:\\\/\\\/www.fcbarcelonanoticias.com\\\/en\\\/fc-barcelona\\\/the-press-of-sudamerica-hallucinates-with-the-msn-of-the-barca_192080_102.html#breadcrumb\"},\"inLanguage\":\"en-US\",\"potentialAction\":[{\"@type\":\"ReadAction\",\"target\":[\"https:\\\/\\\/www.fcbarcelonanoticias.com\\\/en\\\/fc-barcelona\\\/the-press-of-sudamerica-hallucinates-with-the-msn-of-the-barca_192080_102.html\"]}]},{\"@type\":\"ImageObject\",\"inLanguage\":\"en-US\",\"@id\":\"https:\\\/\\\/www.fcbarcelonanoticias.com\\\/en\\\/fc-barcelona\\\/the-press-of-sudamerica-hallucinates-with-the-msn-of-the-barca_192080_102.html#primaryimage\",\"url\":\"https:\\\/\\\/www.fcbarcelonanoticias.com\\\/en\\\/wp-content\\\/uploads\\\/sites\\\/2\\\/2016\\\/09\\\/barca-celtic-197506-1.png\",\"contentUrl\":\"https:\\\/\\\/www.fcbarcelonanoticias.com\\\/en\\\/wp-content\\\/uploads\\\/sites\\\/2\\\/2016\\\/09\\\/barca-celtic-197506-1.png\",\"width\":1200,\"height\":675},{\"@type\":\"BreadcrumbList\",\"@id\":\"https:\\\/\\\/www.fcbarcelonanoticias.com\\\/en\\\/fc-barcelona\\\/the-press-of-sudamerica-hallucinates-with-the-msn-of-the-barca_192080_102.html#breadcrumb\",\"itemListElement\":[{\"@type\":\"ListItem\",\"position\":1,\"name\":\"Portada\",\"item\":\"https:\\\/\\\/www.fcbarcelonanoticias.com\\\/en\\\/\"},{\"@type\":\"ListItem\",\"position\":2,\"name\":\"The press of Sudam\u00e9rica hallucinates with the &#8220;MSN&#8221; of the Bar\u00e7a\"}]},{\"@type\":\"WebSite\",\"@id\":\"https:\\\/\\\/www.fcbarcelonanoticias.com\\\/en\\\/#website\",\"url\":\"https:\\\/\\\/www.fcbarcelonanoticias.com\\\/en\\\/\",\"name\":\"EN - FC Barcelona Noticias\",\"description\":\"\",\"potentialAction\":[{\"@type\":\"SearchAction\",\"target\":{\"@type\":\"EntryPoint\",\"urlTemplate\":\"https:\\\/\\\/www.fcbarcelonanoticias.com\\\/en\\\/?s={search_term_string}\"},\"query-input\":{\"@type\":\"PropertyValueSpecification\",\"valueRequired\":true,\"valueName\":\"search_term_string\"}}],\"inLanguage\":\"en-US\"},{\"@type\":\"Person\",\"@id\":\"https:\\\/\\\/www.fcbarcelonanoticias.com\\\/en\\\/#\\\/schema\\\/person\\\/1d237042f0875907c03b71a5b78eda5c\",\"name\":\"user_4035\",\"image\":{\"@type\":\"ImageObject\",\"inLanguage\":\"en-US\",\"@id\":\"https:\\\/\\\/secure.gravatar.com\\\/avatar\\\/?s=96&d=mm&r=g\",\"url\":\"https:\\\/\\\/secure.gravatar.com\\\/avatar\\\/?s=96&d=mm&r=g\",\"contentUrl\":\"https:\\\/\\\/secure.gravatar.com\\\/avatar\\\/?s=96&d=mm&r=g\",\"caption\":\"user_4035\"},\"url\":\"https:\\\/\\\/www.fcbarcelonanoticias.com\\\/en\\\/user_4035.html\"}]}<\/script>\n<!-- \/ Yoast SEO plugin. -->","yoast_head_json":{"title":"The press of Sudam\u00e9rica hallucinates with the \"MSN\" of the Bar\u00e7a","description":"The main media of Sudam\u00e9rica ensalzaron the goleada of the FC Barcelona against the Celtic of Glasgow (7-0) and, in particular, the...","robots":{"index":"index","follow":"follow","max-snippet":"max-snippet:-1","max-image-preview":"max-image-preview:large","max-video-preview":"max-video-preview:-1"},"canonical":"https:\/\/www.fcbarcelonanoticias.com\/en\/fc-barcelona\/the-press-of-sudamerica-hallucinates-with-the-msn-of-the-barca_192080_102.html","og_locale":"en_US","og_type":"article","og_title":"The press of Sudam\u00e9rica hallucinates with the \"MSN\" of the Bar\u00e7a","og_description":"The main media of Sudam\u00e9rica ensalzaron the goleada of the FC Barcelona against the Celtic of Glasgow (7-0) and, in particular, the...","og_url":"https:\/\/www.fcbarcelonanoticias.com\/en\/fc-barcelona\/the-press-of-sudamerica-hallucinates-with-the-msn-of-the-barca_192080_102.html","og_site_name":"EN - FC Barcelona Noticias","article_published_time":"2016-09-14T07:31:00+00:00","article_modified_time":"2026-04-16T07:38:37+00:00","og_image":[{"width":1200,"height":675,"url":"https:\/\/www.fcbarcelonanoticias.com\/en\/wp-content\/uploads\/sites\/2\/2016\/09\/barca-celtic-197506-1.png","type":"image\/png"}],"author":"user_4035","twitter_card":"summary_large_image","twitter_misc":{"Written by":"user_4035","Est. reading time":"2 minutes"},"schema":{"@context":"https:\/\/schema.org","@graph":[{"@type":"Article","@id":"https:\/\/www.fcbarcelonanoticias.com\/en\/fc-barcelona\/the-press-of-sudamerica-hallucinates-with-the-msn-of-the-barca_192080_102.html#article","isPartOf":{"@id":"https:\/\/www.fcbarcelonanoticias.com\/en\/fc-barcelona\/the-press-of-sudamerica-hallucinates-with-the-msn-of-the-barca_192080_102.html"},"author":{"name":"user_4035","@id":"https:\/\/www.fcbarcelonanoticias.com\/en\/#\/schema\/person\/1d237042f0875907c03b71a5b78eda5c"},"headline":"The press of Sudam\u00e9rica hallucinates with the &#8220;MSN&#8221; of the Bar\u00e7a","datePublished":"2016-09-14T07:31:00+00:00","dateModified":"2026-04-16T07:38:37+00:00","mainEntityOfPage":{"@id":"https:\/\/www.fcbarcelonanoticias.com\/en\/fc-barcelona\/the-press-of-sudamerica-hallucinates-with-the-msn-of-the-barca_192080_102.html"},"wordCount":425,"image":{"@id":"https:\/\/www.fcbarcelonanoticias.com\/en\/fc-barcelona\/the-press-of-sudamerica-hallucinates-with-the-msn-of-the-barca_192080_102.html#primaryimage"},"thumbnailUrl":"https:\/\/www.fcbarcelonanoticias.com\/en\/wp-content\/uploads\/sites\/2\/2016\/09\/barca-celtic-197506-1.png","keywords":["Celtic Glasgow","Luis Su\u00e1rez","Neymar Jr","Press magazine"],"articleSection":["FC Barcelona"],"inLanguage":"en-US"},{"@type":"WebPage","@id":"https:\/\/www.fcbarcelonanoticias.com\/en\/fc-barcelona\/the-press-of-sudamerica-hallucinates-with-the-msn-of-the-barca_192080_102.html","url":"https:\/\/www.fcbarcelonanoticias.com\/en\/fc-barcelona\/the-press-of-sudamerica-hallucinates-with-the-msn-of-the-barca_192080_102.html","name":"The press of Sudam\u00e9rica hallucinates with the \"MSN\" of the Bar\u00e7a","isPartOf":{"@id":"https:\/\/www.fcbarcelonanoticias.com\/en\/#website"},"primaryImageOfPage":{"@id":"https:\/\/www.fcbarcelonanoticias.com\/en\/fc-barcelona\/the-press-of-sudamerica-hallucinates-with-the-msn-of-the-barca_192080_102.html#primaryimage"},"image":{"@id":"https:\/\/www.fcbarcelonanoticias.com\/en\/fc-barcelona\/the-press-of-sudamerica-hallucinates-with-the-msn-of-the-barca_192080_102.html#primaryimage"},"thumbnailUrl":"https:\/\/www.fcbarcelonanoticias.com\/en\/wp-content\/uploads\/sites\/2\/2016\/09\/barca-celtic-197506-1.png","datePublished":"2016-09-14T07:31:00+00:00","dateModified":"2026-04-16T07:38:37+00:00","author":{"@id":"https:\/\/www.fcbarcelonanoticias.com\/en\/#\/schema\/person\/1d237042f0875907c03b71a5b78eda5c"},"description":"The main media of Sudam\u00e9rica ensalzaron the goleada of the FC Barcelona against the Celtic of Glasgow (7-0) and, in particular, the...","breadcrumb":{"@id":"https:\/\/www.fcbarcelonanoticias.com\/en\/fc-barcelona\/the-press-of-sudamerica-hallucinates-with-the-msn-of-the-barca_192080_102.html#breadcrumb"},"inLanguage":"en-US","potentialAction":[{"@type":"ReadAction","target":["https:\/\/www.fcbarcelonanoticias.com\/en\/fc-barcelona\/the-press-of-sudamerica-hallucinates-with-the-msn-of-the-barca_192080_102.html"]}]},{"@type":"ImageObject","inLanguage":"en-US","@id":"https:\/\/www.fcbarcelonanoticias.com\/en\/fc-barcelona\/the-press-of-sudamerica-hallucinates-with-the-msn-of-the-barca_192080_102.html#primaryimage","url":"https:\/\/www.fcbarcelonanoticias.com\/en\/wp-content\/uploads\/sites\/2\/2016\/09\/barca-celtic-197506-1.png","contentUrl":"https:\/\/www.fcbarcelonanoticias.com\/en\/wp-content\/uploads\/sites\/2\/2016\/09\/barca-celtic-197506-1.png","width":1200,"height":675},{"@type":"BreadcrumbList","@id":"https:\/\/www.fcbarcelonanoticias.com\/en\/fc-barcelona\/the-press-of-sudamerica-hallucinates-with-the-msn-of-the-barca_192080_102.html#breadcrumb","itemListElement":[{"@type":"ListItem","position":1,"name":"Portada","item":"https:\/\/www.fcbarcelonanoticias.com\/en\/"},{"@type":"ListItem","position":2,"name":"The press of Sudam\u00e9rica hallucinates with the &#8220;MSN&#8221; of the Bar\u00e7a"}]},{"@type":"WebSite","@id":"https:\/\/www.fcbarcelonanoticias.com\/en\/#website","url":"https:\/\/www.fcbarcelonanoticias.com\/en\/","name":"EN - FC Barcelona Noticias","description":"","potentialAction":[{"@type":"SearchAction","target":{"@type":"EntryPoint","urlTemplate":"https:\/\/www.fcbarcelonanoticias.com\/en\/?s={search_term_string}"},"query-input":{"@type":"PropertyValueSpecification","valueRequired":true,"valueName":"search_term_string"}}],"inLanguage":"en-US"},{"@type":"Person","@id":"https:\/\/www.fcbarcelonanoticias.com\/en\/#\/schema\/person\/1d237042f0875907c03b71a5b78eda5c","name":"user_4035","image":{"@type":"ImageObject","inLanguage":"en-US","@id":"https:\/\/secure.gravatar.com\/avatar\/?s=96&d=mm&r=g","url":"https:\/\/secure.gravatar.com\/avatar\/?s=96&d=mm&r=g","contentUrl":"https:\/\/secure.gravatar.com\/avatar\/?s=96&d=mm&r=g","caption":"user_4035"},"url":"https:\/\/www.fcbarcelonanoticias.com\/en\/user_4035.html"}]}},"_links":{"self":[{"href":"https:\/\/www.fcbarcelonanoticias.com\/en\/wp-json\/wp\/v2\/posts\/32977","targetHints":{"allow":["GET"]}}],"collection":[{"href":"https:\/\/www.fcbarcelonanoticias.com\/en\/wp-json\/wp\/v2\/posts"}],"about":[{"href":"https:\/\/www.fcbarcelonanoticias.com\/en\/wp-json\/wp\/v2\/types\/post"}],"author":[{"embeddable":true,"href":"https:\/\/www.fcbarcelonanoticias.com\/en\/wp-json\/wp\/v2\/users\/379"}],"replies":[{"embeddable":true,"href":"https:\/\/www.fcbarcelonanoticias.com\/en\/wp-json\/wp\/v2\/comments?post=32977"}],"version-history":[{"count":4,"href":"https:\/\/www.fcbarcelonanoticias.com\/en\/wp-json\/wp\/v2\/posts\/32977\/revisions"}],"predecessor-version":[{"id":177797,"href":"https:\/\/www.fcbarcelonanoticias.com\/en\/wp-json\/wp\/v2\/posts\/32977\/revisions\/177797"}],"wp:featuredmedia":[{"embeddable":true,"href":"https:\/\/www.fcbarcelonanoticias.com\/en\/wp-json\/wp\/v2\/media\/32980"}],"wp:attachment":[{"href":"https:\/\/www.fcbarcelonanoticias.com\/en\/wp-json\/wp\/v2\/media?parent=32977"}],"wp:term":[{"taxonomy":"category","embeddable":true,"href":"https:\/\/www.fcbarcelonanoticias.com\/en\/wp-json\/wp\/v2\/categories?post=32977"},{"taxonomy":"post_tag","embeddable":true,"href":"https:\/\/www.fcbarcelonanoticias.com\/en\/wp-json\/wp\/v2\/tags?post=32977"}],"curies":[{"name":"wp","href":"https:\/\/api.w.org\/{rel}","templated":true}]}}