{"id":33035,"date":"2017-08-18T16:40:00","date_gmt":"2017-08-18T14:40:00","guid":{"rendered":"https:\/\/weisetech.dev\/fc-barcelona-noticias\/en\/the-possible-alignments-of-the-fc-barcelona-real-betis-laliga_203482_102\/"},"modified":"2017-08-20T19:08:00","modified_gmt":"2017-08-20T17:08:00","slug":"the-possible-alignments-of-the-fc-barcelona-real-betis-laliga_203482_102","status":"publish","type":"post","link":"https:\/\/www.fcbarcelonanoticias.com\/en\/fc-barcelona\/the-possible-alignments-of-the-fc-barcelona-real-betis-laliga_203482_102.html","title":{"rendered":"The possible alignments of the FC Barcelona-Real Betis (LaLiga)"},"content":{"rendered":"<h2 class=\"wp-block-heading\">After a big pre-season and a considerable thump in the Supercopa in front of the Real Madrid, the Bar\u00e7a wants to raise and begin with good foot his round to LaLiga. In his reissue Barcelona, Ernesto Valverde will park the experiments against the Real Betis<\/h2>  \r\n<div class=\"article-addons\">\r\n    <a href=\"https:\/\/www.fcbarcelonanoticias.com\/en\/calendar-fc-barcelona.html\"\r\n       target=\"_self\"\r\n       title=\"Calendar of FC Barcelona\"\r\n       class=\"blue-gredient-btn\">\r\n       \r\n        Calendar of FC Barcelona    <\/a>\r\n<\/div>   <p>The new&nbsp;<a href=\"https:\/\/www.fcbarcelonanoticias.com\/calendario-fcbarcelona.html\"><strong>FC Barcelona<\/strong><\/a> of Ernesto Valverde faces this Sunday his premi\u00e8re in <strong>LaLiga 2017-18<\/strong>. Although the pre-season was promising, the <a href=\"https:\/\/www.fcbarcelonanoticias.com\/en\/fc-barcelona\/fichajes.html\"><strong>problems in the market of signings<\/strong><\/a> and the stumble in the Supercopa in front of the Real Madrid have enrarecido the climate in the Barcelona group, that wants to move away the problems beginning with <strong>a victory convincente in the tournament of the regularity<\/strong>.<\/p> <p>The <strong>Betis<\/strong> will present  in the Camp Nou with a very renewed face and with <a href=\"https:\/\/www.fcbarcelonanoticias.com\/en\/la-liga\/el-betis-quiere-aprovecharse-de-la-crisis-del-fc-barcelona_203451_102.html\"><strong>the intention to take advantage of the crisis cul\u00e9<\/strong><\/a>, with the aim of rascar some point in one of the most complicated visit of the course, but the ones of Ernesto Valverde already have warned that they do not go  to relax, and although they have the <strong>drops of Andr\u00e9s Iniesta and Luis Su\u00e1rez<\/strong>, have reliefs of guarantees.<\/p> <h2>Ter Stegen&nbsp;<\/h2> <p>Although there was some doubt in the parties of the Supercopa, Ernesto Valverde commissioned  to clear it with <strong>two consecutive titularities for Marc-Andr\u00e9 Ter Stegen<\/strong>. For the German there are not holidays that cost, and although the technician trusts the quality of Jasper Cillessen, the Dutch will have to expect his turn in front of the big state of form of his mate.<\/p> <h2>Aleix-Hammered-Umtiti-Alba<\/h2> <p>With <strong>Samuel Umtiti and Jordi Alba like immovable options<\/strong> for the technician, the main doubts in the defence present  in the right-handed flank. <strong>Aleix Vidal<\/strong> seems to enjoy of the confidence of the preparador, but his performance in the Supercopa could have him done step backwards and <strong>lose terrain with regard to <a href=\"https:\/\/www.fcbarcelonanoticias.com\/fc-barcelona\/el-debut-de-semedo-algo-de-luz-en-mitad-de-la-tormenta_203394_102.html\">N\u00e9lson Semedo, that if it left good feelings<\/a><\/strong> in the minutes that contested in Santiago Bernab\u00e9u. <strong>Gerard Hammered<\/strong>, by his part, has been doubt for the party, but <strong>after having completed the session of trainings with normality could be in the eleven<\/strong>, given the little interest of Valverde in the options of Mascherano and Marlon.<\/p> <h2>Busquets-Sergi Roberto-Rakitic<\/h2> <p><strong>Andr\u00e9s Iniesta continues of<\/strong> drop and against the Betis seems that they will not repeat  the experiments in the alignment, so the centre of the field would have to be formed by the three better available options. Explaining that<strong>&nbsp;Paulinho will not debut when being slope still to close some bureaucratic formalities<\/strong>, Sergio Busquets will save the backs of Ivan Rakitic and Sergi Roberto, that will be under the lupa and have to show that the Bar\u00e7a follows prepared to be a team dominador and creative.<\/p> <h2>Messi-Alc\u00e1cer-Deulofeu<\/h2> <p>The leading will be the line with more changes, since with <strong>the turn to the 4-3-3 and the injury of <a href=\"https:\/\/www.fcbarcelonanoticias.com\/fc-barcelona\/luis-suarez-cumple-tres-anos-de-su-presentacion-en-el-barca_203476_102.html\">Luis Su\u00e1rez<\/a><\/strong> remain some gaps for filling. <strong>Leo Messi<\/strong> has to guide to a Bar\u00e7a in which <strong>Paco Alc\u00e1cer looks for his opportunity<\/strong>, that has arrived him by the drop of the Uruguayan and has to be a warning for the rest of the season. If the Valencian has to show that it is ready, also has to do it <strong>Gerard Deulofeu, that recovered confidence in Madrid and wants to remain with the square to title<\/strong> until they arrive the reinforcements.<\/p> <h2>Possible alignments of the FC Barcelona-Real Betis<\/h2> <p><strong>FC Barcelona<\/strong>:<strong> <\/strong>Ter Stegen; Aleix Vidal, Hammered, Umtiti, Alba; Busquets, Sergi Roberto, Rakitic; Deulofeu, Alc\u00e1cer and Messi.<\/p> <p><strong>Real Betis<\/strong>: Ad\u00e1n; Barrag\u00e1n, Feddal, Mandi, Durmisi; Saved, Camarasa, Brasanac; Joaqu\u00edn, Sergio Le\u00f3n and Nahuel.<\/p> ","protected":false},"excerpt":{"rendered":"<p>After a big pre-season and a considerable thump in the Supercopa in front of the Real Madrid, the Bar\u00e7a wants to raise and begin with good foot his round to LaLiga. In his reissue Barcelona, Ernesto Valverde will park the experiments against the Real Betis The new&nbsp;FC Barcelona of Ernesto Valverde faces this Sunday his [&hellip;]<\/p>\n","protected":false},"author":376,"featured_media":33036,"comment_status":"closed","ping_status":"open","sticky":false,"template":"","format":"standard","meta":{"_acf_changed":false,"inline_featured_image":false,"_nextfly_llmd_date_locked":false,"footnotes":""},"categories":[111],"tags":[201,63],"class_list":["post-33035","post","type-post","status-publish","format-standard","has-post-thumbnail","hentry","category-fc-barcelona","tag-lineups","tag-real-betis"],"acf":[],"yoast_head":"<!-- This site is optimized with the Yoast SEO plugin v27.3 - https:\/\/yoast.com\/product\/yoast-seo-wordpress\/ -->\n<title>The possible alignments of the FC Barcelona-Real Betis (LaLiga)<\/title>\n<meta name=\"description\" content=\"After a big pre-season and a considerable thump in the Supercopa in front of the Real Madrid, the Bar\u00e7a wants to raise and begin with good foot his...\" \/>\n<meta name=\"robots\" content=\"index, follow, max-snippet:-1, max-image-preview:large, max-video-preview:-1\" \/>\n<link rel=\"canonical\" href=\"https:\/\/www.fcbarcelonanoticias.com\/en\/fc-barcelona\/the-possible-alignments-of-the-fc-barcelona-real-betis-laliga_203482_102.html\" \/>\n<meta property=\"og:locale\" content=\"en_US\" \/>\n<meta property=\"og:type\" content=\"article\" \/>\n<meta property=\"og:title\" content=\"The possible alignments of the FC Barcelona-Real Betis (LaLiga)\" \/>\n<meta property=\"og:description\" content=\"After a big pre-season and a considerable thump in the Supercopa in front of the Real Madrid, the Bar\u00e7a wants to raise and begin with good foot his...\" \/>\n<meta property=\"og:url\" content=\"https:\/\/www.fcbarcelonanoticias.com\/en\/fc-barcelona\/the-possible-alignments-of-the-fc-barcelona-real-betis-laliga_203482_102.html\" \/>\n<meta property=\"og:site_name\" content=\"EN - FC Barcelona Noticias\" \/>\n<meta property=\"article:published_time\" content=\"2017-08-18T14:40:00+00:00\" \/>\n<meta property=\"article:modified_time\" content=\"2017-08-20T17:08:00+00:00\" \/>\n<meta property=\"og:image\" content=\"https:\/\/www.fcbarcelonanoticias.com\/en\/wp-content\/uploads\/sites\/2\/2017\/08\/alineacion-posible-barcelona-betis-225782.jpeg\" \/>\n\t<meta property=\"og:image:width\" content=\"761\" \/>\n\t<meta property=\"og:image:height\" content=\"428\" \/>\n\t<meta property=\"og:image:type\" content=\"image\/jpeg\" \/>\n<meta name=\"author\" content=\"user_4032\" \/>\n<meta name=\"twitter:card\" content=\"summary_large_image\" \/>\n<meta name=\"twitter:label1\" content=\"Written by\" \/>\n\t<meta name=\"twitter:data1\" content=\"user_4032\" \/>\n\t<meta name=\"twitter:label2\" content=\"Est. reading time\" \/>\n\t<meta name=\"twitter:data2\" content=\"3 minutes\" \/>\n<script type=\"application\/ld+json\" class=\"yoast-schema-graph\">{\"@context\":\"https:\\\/\\\/schema.org\",\"@graph\":[{\"@type\":\"Article\",\"@id\":\"https:\\\/\\\/www.fcbarcelonanoticias.com\\\/en\\\/fc-barcelona\\\/the-possible-alignments-of-the-fc-barcelona-real-betis-laliga_203482_102.html#article\",\"isPartOf\":{\"@id\":\"https:\\\/\\\/www.fcbarcelonanoticias.com\\\/en\\\/fc-barcelona\\\/the-possible-alignments-of-the-fc-barcelona-real-betis-laliga_203482_102.html\"},\"author\":{\"name\":\"user_4032\",\"@id\":\"https:\\\/\\\/www.fcbarcelonanoticias.com\\\/en\\\/#\\\/schema\\\/person\\\/87b10dbddf72505d2eeba8aaa6c9ba14\"},\"headline\":\"The possible alignments of the FC Barcelona-Real Betis (LaLiga)\",\"datePublished\":\"2017-08-18T14:40:00+00:00\",\"dateModified\":\"2017-08-20T17:08:00+00:00\",\"mainEntityOfPage\":{\"@id\":\"https:\\\/\\\/www.fcbarcelonanoticias.com\\\/en\\\/fc-barcelona\\\/the-possible-alignments-of-the-fc-barcelona-real-betis-laliga_203482_102.html\"},\"wordCount\":615,\"image\":{\"@id\":\"https:\\\/\\\/www.fcbarcelonanoticias.com\\\/en\\\/fc-barcelona\\\/the-possible-alignments-of-the-fc-barcelona-real-betis-laliga_203482_102.html#primaryimage\"},\"thumbnailUrl\":\"https:\\\/\\\/www.fcbarcelonanoticias.com\\\/en\\\/wp-content\\\/uploads\\\/sites\\\/2\\\/2017\\\/08\\\/alineacion-posible-barcelona-betis-225782.jpeg\",\"keywords\":[\"FC Barcelona Lineups\",\"Real Betis\"],\"articleSection\":[\"FC Barcelona\"],\"inLanguage\":\"en-US\"},{\"@type\":\"WebPage\",\"@id\":\"https:\\\/\\\/www.fcbarcelonanoticias.com\\\/en\\\/fc-barcelona\\\/the-possible-alignments-of-the-fc-barcelona-real-betis-laliga_203482_102.html\",\"url\":\"https:\\\/\\\/www.fcbarcelonanoticias.com\\\/en\\\/fc-barcelona\\\/the-possible-alignments-of-the-fc-barcelona-real-betis-laliga_203482_102.html\",\"name\":\"The possible alignments of the FC Barcelona-Real Betis (LaLiga)\",\"isPartOf\":{\"@id\":\"https:\\\/\\\/www.fcbarcelonanoticias.com\\\/en\\\/#website\"},\"primaryImageOfPage\":{\"@id\":\"https:\\\/\\\/www.fcbarcelonanoticias.com\\\/en\\\/fc-barcelona\\\/the-possible-alignments-of-the-fc-barcelona-real-betis-laliga_203482_102.html#primaryimage\"},\"image\":{\"@id\":\"https:\\\/\\\/www.fcbarcelonanoticias.com\\\/en\\\/fc-barcelona\\\/the-possible-alignments-of-the-fc-barcelona-real-betis-laliga_203482_102.html#primaryimage\"},\"thumbnailUrl\":\"https:\\\/\\\/www.fcbarcelonanoticias.com\\\/en\\\/wp-content\\\/uploads\\\/sites\\\/2\\\/2017\\\/08\\\/alineacion-posible-barcelona-betis-225782.jpeg\",\"datePublished\":\"2017-08-18T14:40:00+00:00\",\"dateModified\":\"2017-08-20T17:08:00+00:00\",\"author\":{\"@id\":\"https:\\\/\\\/www.fcbarcelonanoticias.com\\\/en\\\/#\\\/schema\\\/person\\\/87b10dbddf72505d2eeba8aaa6c9ba14\"},\"description\":\"After a big pre-season and a considerable thump in the Supercopa in front of the Real Madrid, the Bar\u00e7a wants to raise and begin with good foot his...\",\"breadcrumb\":{\"@id\":\"https:\\\/\\\/www.fcbarcelonanoticias.com\\\/en\\\/fc-barcelona\\\/the-possible-alignments-of-the-fc-barcelona-real-betis-laliga_203482_102.html#breadcrumb\"},\"inLanguage\":\"en-US\",\"potentialAction\":[{\"@type\":\"ReadAction\",\"target\":[\"https:\\\/\\\/www.fcbarcelonanoticias.com\\\/en\\\/fc-barcelona\\\/the-possible-alignments-of-the-fc-barcelona-real-betis-laliga_203482_102.html\"]}]},{\"@type\":\"ImageObject\",\"inLanguage\":\"en-US\",\"@id\":\"https:\\\/\\\/www.fcbarcelonanoticias.com\\\/en\\\/fc-barcelona\\\/the-possible-alignments-of-the-fc-barcelona-real-betis-laliga_203482_102.html#primaryimage\",\"url\":\"https:\\\/\\\/www.fcbarcelonanoticias.com\\\/en\\\/wp-content\\\/uploads\\\/sites\\\/2\\\/2017\\\/08\\\/alineacion-posible-barcelona-betis-225782.jpeg\",\"contentUrl\":\"https:\\\/\\\/www.fcbarcelonanoticias.com\\\/en\\\/wp-content\\\/uploads\\\/sites\\\/2\\\/2017\\\/08\\\/alineacion-posible-barcelona-betis-225782.jpeg\",\"width\":761,\"height\":428},{\"@type\":\"BreadcrumbList\",\"@id\":\"https:\\\/\\\/www.fcbarcelonanoticias.com\\\/en\\\/fc-barcelona\\\/the-possible-alignments-of-the-fc-barcelona-real-betis-laliga_203482_102.html#breadcrumb\",\"itemListElement\":[{\"@type\":\"ListItem\",\"position\":1,\"name\":\"Portada\",\"item\":\"https:\\\/\\\/www.fcbarcelonanoticias.com\\\/en\\\/\"},{\"@type\":\"ListItem\",\"position\":2,\"name\":\"The possible alignments of the FC Barcelona-Real Betis (LaLiga)\"}]},{\"@type\":\"WebSite\",\"@id\":\"https:\\\/\\\/www.fcbarcelonanoticias.com\\\/en\\\/#website\",\"url\":\"https:\\\/\\\/www.fcbarcelonanoticias.com\\\/en\\\/\",\"name\":\"EN - FC Barcelona Noticias\",\"description\":\"\",\"potentialAction\":[{\"@type\":\"SearchAction\",\"target\":{\"@type\":\"EntryPoint\",\"urlTemplate\":\"https:\\\/\\\/www.fcbarcelonanoticias.com\\\/en\\\/?s={search_term_string}\"},\"query-input\":{\"@type\":\"PropertyValueSpecification\",\"valueRequired\":true,\"valueName\":\"search_term_string\"}}],\"inLanguage\":\"en-US\"},{\"@type\":\"Person\",\"@id\":\"https:\\\/\\\/www.fcbarcelonanoticias.com\\\/en\\\/#\\\/schema\\\/person\\\/87b10dbddf72505d2eeba8aaa6c9ba14\",\"name\":\"user_4032\",\"image\":{\"@type\":\"ImageObject\",\"inLanguage\":\"en-US\",\"@id\":\"https:\\\/\\\/secure.gravatar.com\\\/avatar\\\/?s=96&d=mm&r=g\",\"url\":\"https:\\\/\\\/secure.gravatar.com\\\/avatar\\\/?s=96&d=mm&r=g\",\"contentUrl\":\"https:\\\/\\\/secure.gravatar.com\\\/avatar\\\/?s=96&d=mm&r=g\",\"caption\":\"user_4032\"},\"url\":\"https:\\\/\\\/www.fcbarcelonanoticias.com\\\/en\\\/user_4032.html\"}]}<\/script>\n<!-- \/ Yoast SEO plugin. -->","yoast_head_json":{"title":"The possible alignments of the FC Barcelona-Real Betis (LaLiga)","description":"After a big pre-season and a considerable thump in the Supercopa in front of the Real Madrid, the Bar\u00e7a wants to raise and begin with good foot his...","robots":{"index":"index","follow":"follow","max-snippet":"max-snippet:-1","max-image-preview":"max-image-preview:large","max-video-preview":"max-video-preview:-1"},"canonical":"https:\/\/www.fcbarcelonanoticias.com\/en\/fc-barcelona\/the-possible-alignments-of-the-fc-barcelona-real-betis-laliga_203482_102.html","og_locale":"en_US","og_type":"article","og_title":"The possible alignments of the FC Barcelona-Real Betis (LaLiga)","og_description":"After a big pre-season and a considerable thump in the Supercopa in front of the Real Madrid, the Bar\u00e7a wants to raise and begin with good foot his...","og_url":"https:\/\/www.fcbarcelonanoticias.com\/en\/fc-barcelona\/the-possible-alignments-of-the-fc-barcelona-real-betis-laliga_203482_102.html","og_site_name":"EN - FC Barcelona Noticias","article_published_time":"2017-08-18T14:40:00+00:00","article_modified_time":"2017-08-20T17:08:00+00:00","og_image":[{"width":761,"height":428,"url":"https:\/\/www.fcbarcelonanoticias.com\/en\/wp-content\/uploads\/sites\/2\/2017\/08\/alineacion-posible-barcelona-betis-225782.jpeg","type":"image\/jpeg"}],"author":"user_4032","twitter_card":"summary_large_image","twitter_misc":{"Written by":"user_4032","Est. reading time":"3 minutes"},"schema":{"@context":"https:\/\/schema.org","@graph":[{"@type":"Article","@id":"https:\/\/www.fcbarcelonanoticias.com\/en\/fc-barcelona\/the-possible-alignments-of-the-fc-barcelona-real-betis-laliga_203482_102.html#article","isPartOf":{"@id":"https:\/\/www.fcbarcelonanoticias.com\/en\/fc-barcelona\/the-possible-alignments-of-the-fc-barcelona-real-betis-laliga_203482_102.html"},"author":{"name":"user_4032","@id":"https:\/\/www.fcbarcelonanoticias.com\/en\/#\/schema\/person\/87b10dbddf72505d2eeba8aaa6c9ba14"},"headline":"The possible alignments of the FC Barcelona-Real Betis (LaLiga)","datePublished":"2017-08-18T14:40:00+00:00","dateModified":"2017-08-20T17:08:00+00:00","mainEntityOfPage":{"@id":"https:\/\/www.fcbarcelonanoticias.com\/en\/fc-barcelona\/the-possible-alignments-of-the-fc-barcelona-real-betis-laliga_203482_102.html"},"wordCount":615,"image":{"@id":"https:\/\/www.fcbarcelonanoticias.com\/en\/fc-barcelona\/the-possible-alignments-of-the-fc-barcelona-real-betis-laliga_203482_102.html#primaryimage"},"thumbnailUrl":"https:\/\/www.fcbarcelonanoticias.com\/en\/wp-content\/uploads\/sites\/2\/2017\/08\/alineacion-posible-barcelona-betis-225782.jpeg","keywords":["FC Barcelona Lineups","Real Betis"],"articleSection":["FC Barcelona"],"inLanguage":"en-US"},{"@type":"WebPage","@id":"https:\/\/www.fcbarcelonanoticias.com\/en\/fc-barcelona\/the-possible-alignments-of-the-fc-barcelona-real-betis-laliga_203482_102.html","url":"https:\/\/www.fcbarcelonanoticias.com\/en\/fc-barcelona\/the-possible-alignments-of-the-fc-barcelona-real-betis-laliga_203482_102.html","name":"The possible alignments of the FC Barcelona-Real Betis (LaLiga)","isPartOf":{"@id":"https:\/\/www.fcbarcelonanoticias.com\/en\/#website"},"primaryImageOfPage":{"@id":"https:\/\/www.fcbarcelonanoticias.com\/en\/fc-barcelona\/the-possible-alignments-of-the-fc-barcelona-real-betis-laliga_203482_102.html#primaryimage"},"image":{"@id":"https:\/\/www.fcbarcelonanoticias.com\/en\/fc-barcelona\/the-possible-alignments-of-the-fc-barcelona-real-betis-laliga_203482_102.html#primaryimage"},"thumbnailUrl":"https:\/\/www.fcbarcelonanoticias.com\/en\/wp-content\/uploads\/sites\/2\/2017\/08\/alineacion-posible-barcelona-betis-225782.jpeg","datePublished":"2017-08-18T14:40:00+00:00","dateModified":"2017-08-20T17:08:00+00:00","author":{"@id":"https:\/\/www.fcbarcelonanoticias.com\/en\/#\/schema\/person\/87b10dbddf72505d2eeba8aaa6c9ba14"},"description":"After a big pre-season and a considerable thump in the Supercopa in front of the Real Madrid, the Bar\u00e7a wants to raise and begin with good foot his...","breadcrumb":{"@id":"https:\/\/www.fcbarcelonanoticias.com\/en\/fc-barcelona\/the-possible-alignments-of-the-fc-barcelona-real-betis-laliga_203482_102.html#breadcrumb"},"inLanguage":"en-US","potentialAction":[{"@type":"ReadAction","target":["https:\/\/www.fcbarcelonanoticias.com\/en\/fc-barcelona\/the-possible-alignments-of-the-fc-barcelona-real-betis-laliga_203482_102.html"]}]},{"@type":"ImageObject","inLanguage":"en-US","@id":"https:\/\/www.fcbarcelonanoticias.com\/en\/fc-barcelona\/the-possible-alignments-of-the-fc-barcelona-real-betis-laliga_203482_102.html#primaryimage","url":"https:\/\/www.fcbarcelonanoticias.com\/en\/wp-content\/uploads\/sites\/2\/2017\/08\/alineacion-posible-barcelona-betis-225782.jpeg","contentUrl":"https:\/\/www.fcbarcelonanoticias.com\/en\/wp-content\/uploads\/sites\/2\/2017\/08\/alineacion-posible-barcelona-betis-225782.jpeg","width":761,"height":428},{"@type":"BreadcrumbList","@id":"https:\/\/www.fcbarcelonanoticias.com\/en\/fc-barcelona\/the-possible-alignments-of-the-fc-barcelona-real-betis-laliga_203482_102.html#breadcrumb","itemListElement":[{"@type":"ListItem","position":1,"name":"Portada","item":"https:\/\/www.fcbarcelonanoticias.com\/en\/"},{"@type":"ListItem","position":2,"name":"The possible alignments of the FC Barcelona-Real Betis (LaLiga)"}]},{"@type":"WebSite","@id":"https:\/\/www.fcbarcelonanoticias.com\/en\/#website","url":"https:\/\/www.fcbarcelonanoticias.com\/en\/","name":"EN - FC Barcelona Noticias","description":"","potentialAction":[{"@type":"SearchAction","target":{"@type":"EntryPoint","urlTemplate":"https:\/\/www.fcbarcelonanoticias.com\/en\/?s={search_term_string}"},"query-input":{"@type":"PropertyValueSpecification","valueRequired":true,"valueName":"search_term_string"}}],"inLanguage":"en-US"},{"@type":"Person","@id":"https:\/\/www.fcbarcelonanoticias.com\/en\/#\/schema\/person\/87b10dbddf72505d2eeba8aaa6c9ba14","name":"user_4032","image":{"@type":"ImageObject","inLanguage":"en-US","@id":"https:\/\/secure.gravatar.com\/avatar\/?s=96&d=mm&r=g","url":"https:\/\/secure.gravatar.com\/avatar\/?s=96&d=mm&r=g","contentUrl":"https:\/\/secure.gravatar.com\/avatar\/?s=96&d=mm&r=g","caption":"user_4032"},"url":"https:\/\/www.fcbarcelonanoticias.com\/en\/user_4032.html"}]}},"_links":{"self":[{"href":"https:\/\/www.fcbarcelonanoticias.com\/en\/wp-json\/wp\/v2\/posts\/33035","targetHints":{"allow":["GET"]}}],"collection":[{"href":"https:\/\/www.fcbarcelonanoticias.com\/en\/wp-json\/wp\/v2\/posts"}],"about":[{"href":"https:\/\/www.fcbarcelonanoticias.com\/en\/wp-json\/wp\/v2\/types\/post"}],"author":[{"embeddable":true,"href":"https:\/\/www.fcbarcelonanoticias.com\/en\/wp-json\/wp\/v2\/users\/376"}],"replies":[{"embeddable":true,"href":"https:\/\/www.fcbarcelonanoticias.com\/en\/wp-json\/wp\/v2\/comments?post=33035"}],"version-history":[{"count":1,"href":"https:\/\/www.fcbarcelonanoticias.com\/en\/wp-json\/wp\/v2\/posts\/33035\/revisions"}],"predecessor-version":[{"id":109337,"href":"https:\/\/www.fcbarcelonanoticias.com\/en\/wp-json\/wp\/v2\/posts\/33035\/revisions\/109337"}],"wp:featuredmedia":[{"embeddable":true,"href":"https:\/\/www.fcbarcelonanoticias.com\/en\/wp-json\/wp\/v2\/media\/33036"}],"wp:attachment":[{"href":"https:\/\/www.fcbarcelonanoticias.com\/en\/wp-json\/wp\/v2\/media?parent=33035"}],"wp:term":[{"taxonomy":"category","embeddable":true,"href":"https:\/\/www.fcbarcelonanoticias.com\/en\/wp-json\/wp\/v2\/categories?post=33035"},{"taxonomy":"post_tag","embeddable":true,"href":"https:\/\/www.fcbarcelonanoticias.com\/en\/wp-json\/wp\/v2\/tags?post=33035"}],"curies":[{"name":"wp","href":"https:\/\/api.w.org\/{rel}","templated":true}]}}