{"id":33040,"date":"2016-10-14T16:33:00","date_gmt":"2016-10-14T14:33:00","guid":{"rendered":"https:\/\/weisetech.dev\/fc-barcelona-noticias\/en\/the-possible-alignments-of-the-fc-barcelona-sportive-league-j8_193018_102\/"},"modified":"2026-04-16T09:47:29","modified_gmt":"2026-04-16T07:47:29","slug":"the-possible-alignments-of-the-fc-barcelona-sportive-league-j8_193018_102","status":"publish","type":"post","link":"https:\/\/www.fcbarcelonanoticias.com\/en\/fc-barcelona\/the-possible-alignments-of-the-fc-barcelona-sportive-league-j8_193018_102.html","title":{"rendered":"The possible alignments of the FC Barcelona-Sportive (League J8)"},"content":{"rendered":"<h2 class=\"wp-block-heading\">The FC Barcelona will face, after a harmful stop of selections, the eighth day of League Santander 2016-17 with the illusion to add three new points that can approach him to the leadership of the championship. They will go back the rotations for Luis Enrique<\/h2>  \r\n<div class=\"article-addons\">\r\n    <a href=\"https:\/\/www.fcbarcelonanoticias.com\/en\/calendar-fc-barcelona.html\"\r\n       target=\"_self\"\r\n       title=\"Calendar of FC Barcelona\"\r\n       class=\"blue-gredient-btn\">\r\n       \r\n        Calendar of FC Barcelona    <\/a>\r\n<\/div>   <p>After <a href=\"https:\/\/www.fcbarcelonanoticias.com\/fc-barcelona\/asi-se-encuentra-la-enfermeria-del-fc-barcelona_192918_102.html\"><strong>a stop of costly selections to level of injuries<\/strong><\/a> and load of minutes for some players of the FC Barcelona, <strong>Luis Enrique will return to his politics of rotations<\/strong> against the Sportive of the Coru\u00f1a in the Camp Nou, although in the majority of the cases by obligation and without desorganizar too much the traditional block of fundamental footballers. The Bar\u00e7a, <strong>after the defeat harvested in League the past day against the Celtic<\/strong>, has the illusion now to add three new points that allow him approach again to the leadership of the League Santander, or even besiege it taking into account that Athletic and Real Madrid find  to so only two points of distance.<\/p> <p>Thus, and looking for offer to the team that give more guarantees in front of a hard rival as it is the group trained by Garitano, the FC Barcelona will take out an eleven competitive. Although&nbsp;<a href=\"https:\/\/www.fcbarcelonanoticias.com\/jugadores\/nueva-hazana-de-pique-500-partidos-como-profesional_192824_102.html\"><strong>Gerard Hammered carries a lot of meetings to his backs<\/strong><\/a>, is not planned that &#8220;Struggle&#8221; give him minutes of rest and reserve him for the meeting of the Wednesday in front of the Manchester City. The same occurs with Sergio Busquets or Andr\u00e9s Iniesta, others that will be doubt until last hour. In attack, <strong>Leo Messi could reappear beside Neymar Jr and Luis Su\u00e1rez<\/strong>.<\/p> <h2>Ter Stegen<\/h2> <p>The cancerbero German found  in a big state of form until, against the Celtic of Vigo two weeks backwards, an excess of confidence prevented to the FC Barcelona achieve a potential traced back in Bala\u00eddos.<strong> Ter Stegen Was tremendously criticised by the press<\/strong>, a sector of the fans cul\u00e9s and even by the sportive means of his country, but in spite of this received the affection and support of all his mates in the Barcelona changing room. Strong psychologically, will try not receiving goals in front of the Sportive in the Camp Nou.<\/p> <h2>Rafinha-Hammered-Umtiti-Digne<\/h2> <p>The defensive block of the FC Barcelona could be radically distinct to the of the last meetings, with Gerard Hammered like only fixed and usual player in the saga. And it is that Sergi Roberto  lesion\u00f3 in a training with Spain, by <strong>what Luis Enrique will resort probably to Rafinha after have not summoned again to Aleix Vidal<\/strong>. Umtiti Is another of the big surprises, when being already recovered of his injury and can relieve like this to a Mascherano that comes to play 180 minutes with Argentina. Finally, Lucas Digne will relieve to Jordi Alba, the one who still is not recovered of his injury.<\/p> <h2>Busquets-Gomes-Rakitic<\/h2> <p>In the centre of the field,<strong> Sergio Busquets will go back&nbsp;to be headline,<\/strong> whereas the big doubts will be in the positions of interior. Andr\u00e9s Iniesta comes after playing with Spain split clasificatorios, and is very likely that Luis Enrique decide to reserve him of face to the duel of the Wednesday in front of the Manchester City. Ivan Rakitic seems that will have the place ensured in the right interior, whereas the left could it to him contest Andr\u00e9 Gomes, Burn Turan, Denis Su\u00e1rez and even Rafinha Alc\u00e1ntara, although the Brazilian was playing lately further up.<\/p> <h2>Neymar-Messi-Luis Su\u00e1rez<\/h2> <p>In the offensive line, Neymar Jr and Luis Su\u00e1rez will be immovable, and the inc\u00f3gnita is if Luis Enrique will bet or no of start by<strong> Leo Messi that it already is recovered of his injury in the aductor<\/strong>. The Argentinian star will not play the complete party, but yes could be headline to try decant what before the scales and, in the second half, be relieved by Burn Turan, Denis Su\u00e1rez, Paco Alc\u00e1cer or Rafinha Alc\u00e1ntara. Many are the options that has Luis Enrique, but is possible that decide to bet by Messi like titling for, of this way, put from the beginning all the meat in the asador.<\/p> <h2>Possible alignments of FC Barcelona and RC Sportive:<\/h2> <p><strong>FC Barcelona:<\/strong> Ter Stegen; Rafinha, G. I hammered, S. Umtiti, L. Digne; Busquets, To. Gomes, Rakitic; Neymar Jr, Messi and Luis Su\u00e1rez.<\/p> <p><strong>RC Sportive:&nbsp;<\/strong>Lux; Albentosa, Sidnei, Navarro, Laure; Luisinho, Mosquera, Borges; Bruno Range, Andone and Emre \u00c7olak.<\/p> ","protected":false},"excerpt":{"rendered":"<p>The FC Barcelona will face, after a harmful stop of selections, the eighth day of League Santander 2016-17 with the illusion to add three new points that can approach him to the leadership of the championship. They will go back the rotations for Luis Enrique After a stop of costly selections to level of injuries [&hellip;]<\/p>\n","protected":false},"author":366,"featured_media":33041,"comment_status":"closed","ping_status":"open","sticky":false,"template":"","format":"standard","meta":{"_acf_changed":false,"inline_featured_image":false,"_nextfly_llmd_date_locked":false,"footnotes":""},"categories":[111],"tags":[75,201,148],"class_list":["post-33040","post","type-post","status-publish","format-standard","has-post-thumbnail","hentry","category-fc-barcelona","tag-deportivo-de-la-coruna","tag-lineups","tag-luis-enrique"],"acf":[],"yoast_head":"<!-- This site is optimized with the Yoast SEO plugin v27.3 - https:\/\/yoast.com\/product\/yoast-seo-wordpress\/ -->\n<title>The possible alignments of the FC Barcelona-Sportive (League J8)<\/title>\n<meta name=\"description\" content=\"The FC Barcelona will face, after a harmful stop of selections, the eighth day of League Santander 2016-17 with the illusion to add three new...\" \/>\n<meta name=\"robots\" content=\"index, follow, max-snippet:-1, max-image-preview:large, max-video-preview:-1\" \/>\n<link rel=\"canonical\" href=\"https:\/\/www.fcbarcelonanoticias.com\/en\/fc-barcelona\/the-possible-alignments-of-the-fc-barcelona-sportive-league-j8_193018_102.html\" \/>\n<meta property=\"og:locale\" content=\"en_US\" \/>\n<meta property=\"og:type\" content=\"article\" \/>\n<meta property=\"og:title\" content=\"The possible alignments of the FC Barcelona-Sportive (League J8)\" \/>\n<meta property=\"og:description\" content=\"The FC Barcelona will face, after a harmful stop of selections, the eighth day of League Santander 2016-17 with the illusion to add three new...\" \/>\n<meta property=\"og:url\" content=\"https:\/\/www.fcbarcelonanoticias.com\/en\/fc-barcelona\/the-possible-alignments-of-the-fc-barcelona-sportive-league-j8_193018_102.html\" \/>\n<meta property=\"og:site_name\" content=\"EN - FC Barcelona Noticias\" \/>\n<meta property=\"article:published_time\" content=\"2016-10-14T14:33:00+00:00\" \/>\n<meta property=\"article:modified_time\" content=\"2026-04-16T07:47:29+00:00\" \/>\n<meta property=\"og:image\" content=\"https:\/\/www.fcbarcelonanoticias.com\/en\/wp-content\/uploads\/sites\/2\/2016\/10\/alineacion-posible-fcbarcelona-deportivo-199795.png\" \/>\n\t<meta property=\"og:image:width\" content=\"760\" \/>\n\t<meta property=\"og:image:height\" content=\"428\" \/>\n\t<meta property=\"og:image:type\" content=\"image\/png\" \/>\n<meta name=\"author\" content=\"Carlos Dom\u00ednguez\" \/>\n<meta name=\"twitter:card\" content=\"summary_large_image\" \/>\n<meta name=\"twitter:label1\" content=\"Written by\" \/>\n\t<meta name=\"twitter:data1\" content=\"Carlos Dom\u00ednguez\" \/>\n\t<meta name=\"twitter:label2\" content=\"Est. reading time\" \/>\n\t<meta name=\"twitter:data2\" content=\"4 minutes\" \/>\n<script type=\"application\/ld+json\" class=\"yoast-schema-graph\">{\"@context\":\"https:\\\/\\\/schema.org\",\"@graph\":[{\"@type\":\"Article\",\"@id\":\"https:\\\/\\\/www.fcbarcelonanoticias.com\\\/en\\\/fc-barcelona\\\/the-possible-alignments-of-the-fc-barcelona-sportive-league-j8_193018_102.html#article\",\"isPartOf\":{\"@id\":\"https:\\\/\\\/www.fcbarcelonanoticias.com\\\/en\\\/fc-barcelona\\\/the-possible-alignments-of-the-fc-barcelona-sportive-league-j8_193018_102.html\"},\"author\":{\"name\":\"Carlos Dom\u00ednguez\",\"@id\":\"https:\\\/\\\/www.fcbarcelonanoticias.com\\\/en\\\/#\\\/schema\\\/person\\\/888e29b17b79c70d1c617d8a7bc9b8c6\"},\"headline\":\"The possible alignments of the FC Barcelona-Sportive (League J8)\",\"datePublished\":\"2016-10-14T14:33:00+00:00\",\"dateModified\":\"2026-04-16T07:47:29+00:00\",\"mainEntityOfPage\":{\"@id\":\"https:\\\/\\\/www.fcbarcelonanoticias.com\\\/en\\\/fc-barcelona\\\/the-possible-alignments-of-the-fc-barcelona-sportive-league-j8_193018_102.html\"},\"wordCount\":746,\"image\":{\"@id\":\"https:\\\/\\\/www.fcbarcelonanoticias.com\\\/en\\\/fc-barcelona\\\/the-possible-alignments-of-the-fc-barcelona-sportive-league-j8_193018_102.html#primaryimage\"},\"thumbnailUrl\":\"https:\\\/\\\/www.fcbarcelonanoticias.com\\\/en\\\/wp-content\\\/uploads\\\/sites\\\/2\\\/2016\\\/10\\\/alineacion-posible-fcbarcelona-deportivo-199795.png\",\"keywords\":[\"Deportivo de La Coru\u00f1a\",\"FC Barcelona Lineups\",\"Luis Enrique\"],\"articleSection\":[\"FC Barcelona\"],\"inLanguage\":\"en-US\"},{\"@type\":\"WebPage\",\"@id\":\"https:\\\/\\\/www.fcbarcelonanoticias.com\\\/en\\\/fc-barcelona\\\/the-possible-alignments-of-the-fc-barcelona-sportive-league-j8_193018_102.html\",\"url\":\"https:\\\/\\\/www.fcbarcelonanoticias.com\\\/en\\\/fc-barcelona\\\/the-possible-alignments-of-the-fc-barcelona-sportive-league-j8_193018_102.html\",\"name\":\"The possible alignments of the FC Barcelona-Sportive (League J8)\",\"isPartOf\":{\"@id\":\"https:\\\/\\\/www.fcbarcelonanoticias.com\\\/en\\\/#website\"},\"primaryImageOfPage\":{\"@id\":\"https:\\\/\\\/www.fcbarcelonanoticias.com\\\/en\\\/fc-barcelona\\\/the-possible-alignments-of-the-fc-barcelona-sportive-league-j8_193018_102.html#primaryimage\"},\"image\":{\"@id\":\"https:\\\/\\\/www.fcbarcelonanoticias.com\\\/en\\\/fc-barcelona\\\/the-possible-alignments-of-the-fc-barcelona-sportive-league-j8_193018_102.html#primaryimage\"},\"thumbnailUrl\":\"https:\\\/\\\/www.fcbarcelonanoticias.com\\\/en\\\/wp-content\\\/uploads\\\/sites\\\/2\\\/2016\\\/10\\\/alineacion-posible-fcbarcelona-deportivo-199795.png\",\"datePublished\":\"2016-10-14T14:33:00+00:00\",\"dateModified\":\"2026-04-16T07:47:29+00:00\",\"author\":{\"@id\":\"https:\\\/\\\/www.fcbarcelonanoticias.com\\\/en\\\/#\\\/schema\\\/person\\\/888e29b17b79c70d1c617d8a7bc9b8c6\"},\"description\":\"The FC Barcelona will face, after a harmful stop of selections, the eighth day of League Santander 2016-17 with the illusion to add three new...\",\"breadcrumb\":{\"@id\":\"https:\\\/\\\/www.fcbarcelonanoticias.com\\\/en\\\/fc-barcelona\\\/the-possible-alignments-of-the-fc-barcelona-sportive-league-j8_193018_102.html#breadcrumb\"},\"inLanguage\":\"en-US\",\"potentialAction\":[{\"@type\":\"ReadAction\",\"target\":[\"https:\\\/\\\/www.fcbarcelonanoticias.com\\\/en\\\/fc-barcelona\\\/the-possible-alignments-of-the-fc-barcelona-sportive-league-j8_193018_102.html\"]}]},{\"@type\":\"ImageObject\",\"inLanguage\":\"en-US\",\"@id\":\"https:\\\/\\\/www.fcbarcelonanoticias.com\\\/en\\\/fc-barcelona\\\/the-possible-alignments-of-the-fc-barcelona-sportive-league-j8_193018_102.html#primaryimage\",\"url\":\"https:\\\/\\\/www.fcbarcelonanoticias.com\\\/en\\\/wp-content\\\/uploads\\\/sites\\\/2\\\/2016\\\/10\\\/alineacion-posible-fcbarcelona-deportivo-199795.png\",\"contentUrl\":\"https:\\\/\\\/www.fcbarcelonanoticias.com\\\/en\\\/wp-content\\\/uploads\\\/sites\\\/2\\\/2016\\\/10\\\/alineacion-posible-fcbarcelona-deportivo-199795.png\",\"width\":760,\"height\":428},{\"@type\":\"BreadcrumbList\",\"@id\":\"https:\\\/\\\/www.fcbarcelonanoticias.com\\\/en\\\/fc-barcelona\\\/the-possible-alignments-of-the-fc-barcelona-sportive-league-j8_193018_102.html#breadcrumb\",\"itemListElement\":[{\"@type\":\"ListItem\",\"position\":1,\"name\":\"Portada\",\"item\":\"https:\\\/\\\/www.fcbarcelonanoticias.com\\\/en\\\/\"},{\"@type\":\"ListItem\",\"position\":2,\"name\":\"The possible alignments of the FC Barcelona-Sportive (League J8)\"}]},{\"@type\":\"WebSite\",\"@id\":\"https:\\\/\\\/www.fcbarcelonanoticias.com\\\/en\\\/#website\",\"url\":\"https:\\\/\\\/www.fcbarcelonanoticias.com\\\/en\\\/\",\"name\":\"EN - FC Barcelona Noticias\",\"description\":\"\",\"potentialAction\":[{\"@type\":\"SearchAction\",\"target\":{\"@type\":\"EntryPoint\",\"urlTemplate\":\"https:\\\/\\\/www.fcbarcelonanoticias.com\\\/en\\\/?s={search_term_string}\"},\"query-input\":{\"@type\":\"PropertyValueSpecification\",\"valueRequired\":true,\"valueName\":\"search_term_string\"}}],\"inLanguage\":\"en-US\"},{\"@type\":\"Person\",\"@id\":\"https:\\\/\\\/www.fcbarcelonanoticias.com\\\/en\\\/#\\\/schema\\\/person\\\/888e29b17b79c70d1c617d8a7bc9b8c6\",\"name\":\"Carlos Dom\u00ednguez\",\"image\":{\"@type\":\"ImageObject\",\"inLanguage\":\"en-US\",\"@id\":\"https:\\\/\\\/secure.gravatar.com\\\/avatar\\\/?s=96&d=mm&r=g\",\"url\":\"https:\\\/\\\/secure.gravatar.com\\\/avatar\\\/?s=96&d=mm&r=g\",\"contentUrl\":\"https:\\\/\\\/secure.gravatar.com\\\/avatar\\\/?s=96&d=mm&r=g\",\"caption\":\"Carlos Dom\u00ednguez\"},\"url\":\"https:\\\/\\\/www.fcbarcelonanoticias.com\\\/en\\\/carlos-dominguez_2_115.html\"}]}<\/script>\n<!-- \/ Yoast SEO plugin. -->","yoast_head_json":{"title":"The possible alignments of the FC Barcelona-Sportive (League J8)","description":"The FC Barcelona will face, after a harmful stop of selections, the eighth day of League Santander 2016-17 with the illusion to add three new...","robots":{"index":"index","follow":"follow","max-snippet":"max-snippet:-1","max-image-preview":"max-image-preview:large","max-video-preview":"max-video-preview:-1"},"canonical":"https:\/\/www.fcbarcelonanoticias.com\/en\/fc-barcelona\/the-possible-alignments-of-the-fc-barcelona-sportive-league-j8_193018_102.html","og_locale":"en_US","og_type":"article","og_title":"The possible alignments of the FC Barcelona-Sportive (League J8)","og_description":"The FC Barcelona will face, after a harmful stop of selections, the eighth day of League Santander 2016-17 with the illusion to add three new...","og_url":"https:\/\/www.fcbarcelonanoticias.com\/en\/fc-barcelona\/the-possible-alignments-of-the-fc-barcelona-sportive-league-j8_193018_102.html","og_site_name":"EN - FC Barcelona Noticias","article_published_time":"2016-10-14T14:33:00+00:00","article_modified_time":"2026-04-16T07:47:29+00:00","og_image":[{"width":760,"height":428,"url":"https:\/\/www.fcbarcelonanoticias.com\/en\/wp-content\/uploads\/sites\/2\/2016\/10\/alineacion-posible-fcbarcelona-deportivo-199795.png","type":"image\/png"}],"author":"Carlos Dom\u00ednguez","twitter_card":"summary_large_image","twitter_misc":{"Written by":"Carlos Dom\u00ednguez","Est. reading time":"4 minutes"},"schema":{"@context":"https:\/\/schema.org","@graph":[{"@type":"Article","@id":"https:\/\/www.fcbarcelonanoticias.com\/en\/fc-barcelona\/the-possible-alignments-of-the-fc-barcelona-sportive-league-j8_193018_102.html#article","isPartOf":{"@id":"https:\/\/www.fcbarcelonanoticias.com\/en\/fc-barcelona\/the-possible-alignments-of-the-fc-barcelona-sportive-league-j8_193018_102.html"},"author":{"name":"Carlos Dom\u00ednguez","@id":"https:\/\/www.fcbarcelonanoticias.com\/en\/#\/schema\/person\/888e29b17b79c70d1c617d8a7bc9b8c6"},"headline":"The possible alignments of the FC Barcelona-Sportive (League J8)","datePublished":"2016-10-14T14:33:00+00:00","dateModified":"2026-04-16T07:47:29+00:00","mainEntityOfPage":{"@id":"https:\/\/www.fcbarcelonanoticias.com\/en\/fc-barcelona\/the-possible-alignments-of-the-fc-barcelona-sportive-league-j8_193018_102.html"},"wordCount":746,"image":{"@id":"https:\/\/www.fcbarcelonanoticias.com\/en\/fc-barcelona\/the-possible-alignments-of-the-fc-barcelona-sportive-league-j8_193018_102.html#primaryimage"},"thumbnailUrl":"https:\/\/www.fcbarcelonanoticias.com\/en\/wp-content\/uploads\/sites\/2\/2016\/10\/alineacion-posible-fcbarcelona-deportivo-199795.png","keywords":["Deportivo de La Coru\u00f1a","FC Barcelona Lineups","Luis Enrique"],"articleSection":["FC Barcelona"],"inLanguage":"en-US"},{"@type":"WebPage","@id":"https:\/\/www.fcbarcelonanoticias.com\/en\/fc-barcelona\/the-possible-alignments-of-the-fc-barcelona-sportive-league-j8_193018_102.html","url":"https:\/\/www.fcbarcelonanoticias.com\/en\/fc-barcelona\/the-possible-alignments-of-the-fc-barcelona-sportive-league-j8_193018_102.html","name":"The possible alignments of the FC Barcelona-Sportive (League J8)","isPartOf":{"@id":"https:\/\/www.fcbarcelonanoticias.com\/en\/#website"},"primaryImageOfPage":{"@id":"https:\/\/www.fcbarcelonanoticias.com\/en\/fc-barcelona\/the-possible-alignments-of-the-fc-barcelona-sportive-league-j8_193018_102.html#primaryimage"},"image":{"@id":"https:\/\/www.fcbarcelonanoticias.com\/en\/fc-barcelona\/the-possible-alignments-of-the-fc-barcelona-sportive-league-j8_193018_102.html#primaryimage"},"thumbnailUrl":"https:\/\/www.fcbarcelonanoticias.com\/en\/wp-content\/uploads\/sites\/2\/2016\/10\/alineacion-posible-fcbarcelona-deportivo-199795.png","datePublished":"2016-10-14T14:33:00+00:00","dateModified":"2026-04-16T07:47:29+00:00","author":{"@id":"https:\/\/www.fcbarcelonanoticias.com\/en\/#\/schema\/person\/888e29b17b79c70d1c617d8a7bc9b8c6"},"description":"The FC Barcelona will face, after a harmful stop of selections, the eighth day of League Santander 2016-17 with the illusion to add three new...","breadcrumb":{"@id":"https:\/\/www.fcbarcelonanoticias.com\/en\/fc-barcelona\/the-possible-alignments-of-the-fc-barcelona-sportive-league-j8_193018_102.html#breadcrumb"},"inLanguage":"en-US","potentialAction":[{"@type":"ReadAction","target":["https:\/\/www.fcbarcelonanoticias.com\/en\/fc-barcelona\/the-possible-alignments-of-the-fc-barcelona-sportive-league-j8_193018_102.html"]}]},{"@type":"ImageObject","inLanguage":"en-US","@id":"https:\/\/www.fcbarcelonanoticias.com\/en\/fc-barcelona\/the-possible-alignments-of-the-fc-barcelona-sportive-league-j8_193018_102.html#primaryimage","url":"https:\/\/www.fcbarcelonanoticias.com\/en\/wp-content\/uploads\/sites\/2\/2016\/10\/alineacion-posible-fcbarcelona-deportivo-199795.png","contentUrl":"https:\/\/www.fcbarcelonanoticias.com\/en\/wp-content\/uploads\/sites\/2\/2016\/10\/alineacion-posible-fcbarcelona-deportivo-199795.png","width":760,"height":428},{"@type":"BreadcrumbList","@id":"https:\/\/www.fcbarcelonanoticias.com\/en\/fc-barcelona\/the-possible-alignments-of-the-fc-barcelona-sportive-league-j8_193018_102.html#breadcrumb","itemListElement":[{"@type":"ListItem","position":1,"name":"Portada","item":"https:\/\/www.fcbarcelonanoticias.com\/en\/"},{"@type":"ListItem","position":2,"name":"The possible alignments of the FC Barcelona-Sportive (League J8)"}]},{"@type":"WebSite","@id":"https:\/\/www.fcbarcelonanoticias.com\/en\/#website","url":"https:\/\/www.fcbarcelonanoticias.com\/en\/","name":"EN - FC Barcelona Noticias","description":"","potentialAction":[{"@type":"SearchAction","target":{"@type":"EntryPoint","urlTemplate":"https:\/\/www.fcbarcelonanoticias.com\/en\/?s={search_term_string}"},"query-input":{"@type":"PropertyValueSpecification","valueRequired":true,"valueName":"search_term_string"}}],"inLanguage":"en-US"},{"@type":"Person","@id":"https:\/\/www.fcbarcelonanoticias.com\/en\/#\/schema\/person\/888e29b17b79c70d1c617d8a7bc9b8c6","name":"Carlos Dom\u00ednguez","image":{"@type":"ImageObject","inLanguage":"en-US","@id":"https:\/\/secure.gravatar.com\/avatar\/?s=96&d=mm&r=g","url":"https:\/\/secure.gravatar.com\/avatar\/?s=96&d=mm&r=g","contentUrl":"https:\/\/secure.gravatar.com\/avatar\/?s=96&d=mm&r=g","caption":"Carlos Dom\u00ednguez"},"url":"https:\/\/www.fcbarcelonanoticias.com\/en\/carlos-dominguez_2_115.html"}]}},"_links":{"self":[{"href":"https:\/\/www.fcbarcelonanoticias.com\/en\/wp-json\/wp\/v2\/posts\/33040","targetHints":{"allow":["GET"]}}],"collection":[{"href":"https:\/\/www.fcbarcelonanoticias.com\/en\/wp-json\/wp\/v2\/posts"}],"about":[{"href":"https:\/\/www.fcbarcelonanoticias.com\/en\/wp-json\/wp\/v2\/types\/post"}],"author":[{"embeddable":true,"href":"https:\/\/www.fcbarcelonanoticias.com\/en\/wp-json\/wp\/v2\/users\/366"}],"replies":[{"embeddable":true,"href":"https:\/\/www.fcbarcelonanoticias.com\/en\/wp-json\/wp\/v2\/comments?post=33040"}],"version-history":[{"count":3,"href":"https:\/\/www.fcbarcelonanoticias.com\/en\/wp-json\/wp\/v2\/posts\/33040\/revisions"}],"predecessor-version":[{"id":180231,"href":"https:\/\/www.fcbarcelonanoticias.com\/en\/wp-json\/wp\/v2\/posts\/33040\/revisions\/180231"}],"wp:featuredmedia":[{"embeddable":true,"href":"https:\/\/www.fcbarcelonanoticias.com\/en\/wp-json\/wp\/v2\/media\/33041"}],"wp:attachment":[{"href":"https:\/\/www.fcbarcelonanoticias.com\/en\/wp-json\/wp\/v2\/media?parent=33040"}],"wp:term":[{"taxonomy":"category","embeddable":true,"href":"https:\/\/www.fcbarcelonanoticias.com\/en\/wp-json\/wp\/v2\/categories?post=33040"},{"taxonomy":"post_tag","embeddable":true,"href":"https:\/\/www.fcbarcelonanoticias.com\/en\/wp-json\/wp\/v2\/tags?post=33040"}],"curies":[{"name":"wp","href":"https:\/\/api.w.org\/{rel}","templated":true}]}}