{"id":33223,"date":"2022-07-20T01:19:00","date_gmt":"2022-07-19T23:19:00","guid":{"rendered":"https:\/\/weisetech.dev\/fc-barcelona-noticias\/en\/the-reaction-of-laporta-after-oficializarse-the-signing-of-l_282370_102\/"},"modified":"2022-07-20T01:19:00","modified_gmt":"2022-07-19T23:19:00","slug":"the-reaction-of-laporta-after-oficializarse-the-signing-of-l_282370_102","status":"publish","type":"post","link":"https:\/\/www.fcbarcelonanoticias.com\/en\/fc-barcelona\/the-reaction-of-laporta-after-oficializarse-the-signing-of-l_282370_102.html","title":{"rendered":"Laporta&#8217;s reaction after the signing of Lewandowski became official"},"content":{"rendered":"<h2 class=\"wp-block-heading\">Robert Lewandowski is officially a FC Barcelona player. After making the official announcement, Joan Laporta expressed his satisfaction with the signing of the Pole, who he believes will make history at the club<\/h2>  \r\n<div class=\"article-addons\">\r\n    <a href=\"https:\/\/www.fcbarcelonanoticias.com\/en\/calendar-fc-barcelona.html\"\r\n       target=\"_self\"\r\n       title=\"Calendar of FC Barcelona\"\r\n       class=\"blue-gredient-btn\">\r\n       \r\n        Calendar of FC Barcelona    <\/a>\r\n<\/div>   <p>Joan Laporta pronounced on the signing of Robert Lewandowski after the official announcement of the operation by part of the <a data-external=\"0\" data-intl-links-en=\"https:\/\/www.fcbarcelonanoticias.com\/en\/transfers\/the-barca-thinks-that-the-signing-of-azpilicueta-only-is-cue_282358_102.html\" data-intl-links-es=\"https:\/\/www.fcbarcelonanoticias.com\/fichajes\/barcelona-piensa-fichaje-azpilicueta-solo-es-cuestion-tiempo_282358_102.html\" href=\"https:\/\/www.fcbarcelonanoticias.com\/en\/transfers\/the-barca-thinks-that-the-signing-of-azpilicueta-only-is-cue_282358_102.html\" rel=\"follow\" target=\"_self\" title=\"El Bar\u00e7a piensa que el fichaje de Azpilicueta solo es cuesti\u00f3n de tiempo\">FC Barcelona<\/a>. Through the social networks, the president cul\u00e9 did not hide his happiness by the traspaso. <strong>&#8220;A moment that expected with a lot of illusion. Now yes: Bienvenido, &#8216;Lewy&#8217;!&#8221;<\/strong>, it said the mandator in the message published through his account in Twitter.<\/p>  <blockquote class=\"twitter-tweet\"> <p dir=\"ltr\" lang=\"es\">A moment that expected with a lot of illusion. Now yes: BIENVENIDO, LEWY! Have so many win like you to see you of Barcelona. Here you will make history. <a href=\"https:\/\/t.co\/en\/CIGbDCMSY3\">pic.twitter.com\/cigbdcmsy3<\/a><\/p> \u2014 Joan Laporta Estruch\ud83c\udf97 (@JoanLaportaFCB) <a href=\"https:\/\/twitter.com\/en\/JoanLaportaFCB\/status\/1549499493124546562?ref_src=twsrc%5Etfw\">July 19, 2022<\/a> <\/blockquote> <p>Besides, it added: <strong>&#8220;Have so many win like you to see you of Barcelona. Here you will make history&#8221;<\/strong>. The Pole will be presented this Wednesday in an act in where it will sign his agreement with the Bar\u00e7a by three seasons, until June of 2025, with the possibility to extend the bond by a year more. The forward, the one who will fulfil 34 years the next 21 August, will win 9 million net euros to the year, a wage that will be adjusted if the &#8216;9&#8217; extends the bond until 2026.<\/p>  <p>Finally, <strong>the <a data-external=\"0\" data-intl-links-en=\"https:\/\/www.fcbarcelonanoticias.com\/en\/fcbn-tv\/the-most-stood-out-of-the-market-of-the-barca-kounde-azpilicu_282355_102.html\" data-intl-links-es=\"https:\/\/www.fcbarcelonanoticias.com\/fcbn-tv\/lo-mas-destacado-mercado-barcelona-kounde-azpilicueta-bernardo-silva_282355_102.html\" href=\"https:\/\/www.fcbarcelonanoticias.com\/en\/fcbn-tv\/the-most-stood-out-of-the-market-of-the-barca-kounde-azpilicu_282355_102.html\" rel=\"follow\" target=\"_self\" title=\"\u00a1Lo m\u00e1s destacado del mercado del Bar\u00e7a! Kound\u00e9, Azpilicueta, Bernardo Silva...\">Bar\u00e7a<\/a> remained with the &#8216;killer&#8217; by 45 &#8216;kilos&#8217; more 5M in variables<\/strong>, although they have trascended other montos extra linked with the operation that will not be oficializados by the club. One of them has to see <strong>with a bonus of 10M that the group blaugrana would have to credit to the Bayern in July of 2023<\/strong>, once Lewandowski complete his first season like cul\u00e9. <strong>Another quantity is linked with 20 &#8216;kilos&#8217; that the club would have to credit to Pini Zahavi<\/strong>, agent of the player, by concept of premium of signing.<\/p>  <p>Further of this, <strong>the Bar\u00e7a trusts the economic and sportive profitability of the captain of Poland<\/strong>, the one who up to now represents the most important signing in Spain for the 2022-23. The impact medi\u00e1tico and sportive of &#8216;Lewy&#8217;, current FIFA The Best and Boot of European Gold, are guaranteeed in Catalonia, by which to Laporta has not shivered him the pulse to finish accepting the conditions of a Bayern that did all the possible for retaining him.<\/p>  <h3>Lewandowski Could debut the Saturday in front of the Madrid<\/h3>  <p>Once firm his agreement the Wednesday, Robert will begin to train with his mates and will work to tope to try arrive to the party of the Saturday in The Vegas. <strong>The one of Warsaw does not play from the past 14 June, but reached to train a pair of days the past week in Munich<\/strong> before oficializarse his traspaso to the Bar\u00e7a. Thus, hardly it will be to title in <a data-external=\"0\" data-intl-links-en=\"https:\/\/www.fcbarcelonanoticias.com\/en\/fc-barcelona\/business-for-the-barca-and-the-madrid-these-are-the-quantity_282364_102.html\" data-intl-links-es=\"https:\/\/www.fcbarcelonanoticias.com\/fc-barcelona\/negocio-barcelona-madrid-estas-son-cantidades-ingresaran-en-usa_282364_102.html\" href=\"https:\/\/www.fcbarcelonanoticias.com\/en\/fc-barcelona\/business-for-the-barca-and-the-madrid-these-are-the-quantity_282364_102.html\" rel=\"follow\" target=\"_self\" title=\"Negocio para el Bar\u00e7a y el Madrid: Estas son las cantidades que ingresar\u00e1n en USA\">the Classical<\/a> of pre-season, but if it could add some minutes in the second part to debut officially like blaugrana in the best possible stage: home full in the Allegiant Stadium in front of the Real Madrid.<\/p> ","protected":false},"excerpt":{"rendered":"<p>Robert Lewandowski is officially a FC Barcelona player. After making the official announcement, Joan Laporta expressed his satisfaction with the signing of the Pole, who he believes will make history at the club Joan Laporta pronounced on the signing of Robert Lewandowski after the official announcement of the operation by part of the FC Barcelona. [&hellip;]<\/p>\n","protected":false},"author":347,"featured_media":33224,"comment_status":"closed","ping_status":"open","sticky":false,"template":"","format":"standard","meta":{"_acf_changed":false,"inline_featured_image":false,"_nextfly_llmd_date_locked":false,"footnotes":""},"categories":[111],"tags":[158],"class_list":["post-33223","post","type-post","status-publish","format-standard","has-post-thumbnail","hentry","category-fc-barcelona","tag-joan-laporta"],"acf":[],"yoast_head":"<!-- This site is optimized with the Yoast SEO plugin v27.3 - https:\/\/yoast.com\/product\/yoast-seo-wordpress\/ -->\n<title>Laporta&#039;s reaction after the signing of Lewandowski became official<\/title>\n<meta name=\"description\" content=\"Robert Lewandowski is officially player of the FC Barcelona. After doing the official announcement, Joan Laporta manifested his satisfaction by the ficahje of the p...\" \/>\n<meta name=\"robots\" content=\"index, follow, max-snippet:-1, max-image-preview:large, max-video-preview:-1\" \/>\n<link rel=\"canonical\" href=\"https:\/\/www.fcbarcelonanoticias.com\/en\/fc-barcelona\/the-reaction-of-laporta-after-oficializarse-the-signing-of-l_282370_102.html\" \/>\n<meta property=\"og:locale\" content=\"en_US\" \/>\n<meta property=\"og:type\" content=\"article\" \/>\n<meta property=\"og:title\" content=\"Laporta&#039;s reaction after the signing of Lewandowski became official\" \/>\n<meta property=\"og:description\" content=\"Robert Lewandowski is officially player of the FC Barcelona. After doing the official announcement, Joan Laporta manifested his satisfaction by the ficahje of the p...\" \/>\n<meta property=\"og:url\" content=\"https:\/\/www.fcbarcelonanoticias.com\/en\/fc-barcelona\/the-reaction-of-laporta-after-oficializarse-the-signing-of-l_282370_102.html\" \/>\n<meta property=\"og:site_name\" content=\"EN - FC Barcelona Noticias\" \/>\n<meta property=\"article:published_time\" content=\"2022-07-19T23:19:00+00:00\" \/>\n<meta property=\"og:image\" content=\"https:\/\/www.fcbarcelonanoticias.com\/en\/wp-content\/uploads\/sites\/2\/2022\/07\/jona-laporta-robert-lewandowski-fc-barcelona.jpeg\" \/>\n\t<meta property=\"og:image:width\" content=\"1300\" \/>\n\t<meta property=\"og:image:height\" content=\"732\" \/>\n\t<meta property=\"og:image:type\" content=\"image\/jpeg\" \/>\n<meta name=\"author\" content=\"Andr\u00e9s Quiroz\" \/>\n<meta name=\"twitter:card\" content=\"summary_large_image\" \/>\n<meta name=\"twitter:label1\" content=\"Written by\" \/>\n\t<meta name=\"twitter:data1\" content=\"Andr\u00e9s Quiroz\" \/>\n\t<meta name=\"twitter:label2\" content=\"Est. reading time\" \/>\n\t<meta name=\"twitter:data2\" content=\"3 minutes\" \/>\n<script type=\"application\/ld+json\" class=\"yoast-schema-graph\">{\"@context\":\"https:\\\/\\\/schema.org\",\"@graph\":[{\"@type\":\"Article\",\"@id\":\"https:\\\/\\\/www.fcbarcelonanoticias.com\\\/en\\\/fc-barcelona\\\/the-reaction-of-laporta-after-oficializarse-the-signing-of-l_282370_102.html#article\",\"isPartOf\":{\"@id\":\"https:\\\/\\\/www.fcbarcelonanoticias.com\\\/en\\\/fc-barcelona\\\/the-reaction-of-laporta-after-oficializarse-the-signing-of-l_282370_102.html\"},\"author\":{\"name\":\"Andr\u00e9s Quiroz\",\"@id\":\"https:\\\/\\\/www.fcbarcelonanoticias.com\\\/en\\\/#\\\/schema\\\/person\\\/c2cd9f6fa1af5c0d0eccd0fefa575c88\"},\"headline\":\"Laporta&#8217;s reaction after the signing of Lewandowski became official\",\"datePublished\":\"2022-07-19T23:19:00+00:00\",\"mainEntityOfPage\":{\"@id\":\"https:\\\/\\\/www.fcbarcelonanoticias.com\\\/en\\\/fc-barcelona\\\/the-reaction-of-laporta-after-oficializarse-the-signing-of-l_282370_102.html\"},\"wordCount\":522,\"image\":{\"@id\":\"https:\\\/\\\/www.fcbarcelonanoticias.com\\\/en\\\/fc-barcelona\\\/the-reaction-of-laporta-after-oficializarse-the-signing-of-l_282370_102.html#primaryimage\"},\"thumbnailUrl\":\"https:\\\/\\\/www.fcbarcelonanoticias.com\\\/en\\\/wp-content\\\/uploads\\\/sites\\\/2\\\/2022\\\/07\\\/jona-laporta-robert-lewandowski-fc-barcelona.jpeg\",\"keywords\":[\"Joan Laporta\"],\"articleSection\":[\"FC Barcelona\"],\"inLanguage\":\"en-US\"},{\"@type\":\"WebPage\",\"@id\":\"https:\\\/\\\/www.fcbarcelonanoticias.com\\\/en\\\/fc-barcelona\\\/the-reaction-of-laporta-after-oficializarse-the-signing-of-l_282370_102.html\",\"url\":\"https:\\\/\\\/www.fcbarcelonanoticias.com\\\/en\\\/fc-barcelona\\\/the-reaction-of-laporta-after-oficializarse-the-signing-of-l_282370_102.html\",\"name\":\"Laporta's reaction after the signing of Lewandowski became official\",\"isPartOf\":{\"@id\":\"https:\\\/\\\/www.fcbarcelonanoticias.com\\\/en\\\/#website\"},\"primaryImageOfPage\":{\"@id\":\"https:\\\/\\\/www.fcbarcelonanoticias.com\\\/en\\\/fc-barcelona\\\/the-reaction-of-laporta-after-oficializarse-the-signing-of-l_282370_102.html#primaryimage\"},\"image\":{\"@id\":\"https:\\\/\\\/www.fcbarcelonanoticias.com\\\/en\\\/fc-barcelona\\\/the-reaction-of-laporta-after-oficializarse-the-signing-of-l_282370_102.html#primaryimage\"},\"thumbnailUrl\":\"https:\\\/\\\/www.fcbarcelonanoticias.com\\\/en\\\/wp-content\\\/uploads\\\/sites\\\/2\\\/2022\\\/07\\\/jona-laporta-robert-lewandowski-fc-barcelona.jpeg\",\"datePublished\":\"2022-07-19T23:19:00+00:00\",\"author\":{\"@id\":\"https:\\\/\\\/www.fcbarcelonanoticias.com\\\/en\\\/#\\\/schema\\\/person\\\/c2cd9f6fa1af5c0d0eccd0fefa575c88\"},\"description\":\"Robert Lewandowski is officially player of the FC Barcelona. After doing the official announcement, Joan Laporta manifested his satisfaction by the ficahje of the p...\",\"breadcrumb\":{\"@id\":\"https:\\\/\\\/www.fcbarcelonanoticias.com\\\/en\\\/fc-barcelona\\\/the-reaction-of-laporta-after-oficializarse-the-signing-of-l_282370_102.html#breadcrumb\"},\"inLanguage\":\"en-US\",\"potentialAction\":[{\"@type\":\"ReadAction\",\"target\":[\"https:\\\/\\\/www.fcbarcelonanoticias.com\\\/en\\\/fc-barcelona\\\/the-reaction-of-laporta-after-oficializarse-the-signing-of-l_282370_102.html\"]}]},{\"@type\":\"ImageObject\",\"inLanguage\":\"en-US\",\"@id\":\"https:\\\/\\\/www.fcbarcelonanoticias.com\\\/en\\\/fc-barcelona\\\/the-reaction-of-laporta-after-oficializarse-the-signing-of-l_282370_102.html#primaryimage\",\"url\":\"https:\\\/\\\/www.fcbarcelonanoticias.com\\\/en\\\/wp-content\\\/uploads\\\/sites\\\/2\\\/2022\\\/07\\\/jona-laporta-robert-lewandowski-fc-barcelona.jpeg\",\"contentUrl\":\"https:\\\/\\\/www.fcbarcelonanoticias.com\\\/en\\\/wp-content\\\/uploads\\\/sites\\\/2\\\/2022\\\/07\\\/jona-laporta-robert-lewandowski-fc-barcelona.jpeg\",\"width\":1300,\"height\":732},{\"@type\":\"BreadcrumbList\",\"@id\":\"https:\\\/\\\/www.fcbarcelonanoticias.com\\\/en\\\/fc-barcelona\\\/the-reaction-of-laporta-after-oficializarse-the-signing-of-l_282370_102.html#breadcrumb\",\"itemListElement\":[{\"@type\":\"ListItem\",\"position\":1,\"name\":\"Portada\",\"item\":\"https:\\\/\\\/www.fcbarcelonanoticias.com\\\/en\\\/\"},{\"@type\":\"ListItem\",\"position\":2,\"name\":\"Laporta&#8217;s reaction after the signing of Lewandowski became official\"}]},{\"@type\":\"WebSite\",\"@id\":\"https:\\\/\\\/www.fcbarcelonanoticias.com\\\/en\\\/#website\",\"url\":\"https:\\\/\\\/www.fcbarcelonanoticias.com\\\/en\\\/\",\"name\":\"EN - FC Barcelona Noticias\",\"description\":\"\",\"potentialAction\":[{\"@type\":\"SearchAction\",\"target\":{\"@type\":\"EntryPoint\",\"urlTemplate\":\"https:\\\/\\\/www.fcbarcelonanoticias.com\\\/en\\\/?s={search_term_string}\"},\"query-input\":{\"@type\":\"PropertyValueSpecification\",\"valueRequired\":true,\"valueName\":\"search_term_string\"}}],\"inLanguage\":\"en-US\"},{\"@type\":\"Person\",\"@id\":\"https:\\\/\\\/www.fcbarcelonanoticias.com\\\/en\\\/#\\\/schema\\\/person\\\/c2cd9f6fa1af5c0d0eccd0fefa575c88\",\"name\":\"Andr\u00e9s Quiroz\",\"image\":{\"@type\":\"ImageObject\",\"inLanguage\":\"en-US\",\"@id\":\"https:\\\/\\\/secure.gravatar.com\\\/avatar\\\/?s=96&d=mm&r=g\",\"url\":\"https:\\\/\\\/secure.gravatar.com\\\/avatar\\\/?s=96&d=mm&r=g\",\"contentUrl\":\"https:\\\/\\\/secure.gravatar.com\\\/avatar\\\/?s=96&d=mm&r=g\",\"caption\":\"Andr\u00e9s Quiroz\"},\"description\":\"Licenciado en Periodismo por la Universidad de los Andes. Me encargo de analizar y compartir los contenidos m\u00e1s destacados de la\u00a0actualidad del F\u00fatbol Club Barcelona, Mercado de Fichajes y F\u00fatbol Internacional en FCBN. La informaci\u00f3n es poder, pero tambi\u00e9n conocimiento.\",\"url\":\"https:\\\/\\\/www.fcbarcelonanoticias.com\\\/en\\\/fc-barcelona\\\/andres-quiroz_17_115.html\"}]}<\/script>\n<!-- \/ Yoast SEO plugin. -->","yoast_head_json":{"title":"Laporta's reaction after the signing of Lewandowski became official","description":"Robert Lewandowski is officially player of the FC Barcelona. After doing the official announcement, Joan Laporta manifested his satisfaction by the ficahje of the p...","robots":{"index":"index","follow":"follow","max-snippet":"max-snippet:-1","max-image-preview":"max-image-preview:large","max-video-preview":"max-video-preview:-1"},"canonical":"https:\/\/www.fcbarcelonanoticias.com\/en\/fc-barcelona\/the-reaction-of-laporta-after-oficializarse-the-signing-of-l_282370_102.html","og_locale":"en_US","og_type":"article","og_title":"Laporta's reaction after the signing of Lewandowski became official","og_description":"Robert Lewandowski is officially player of the FC Barcelona. After doing the official announcement, Joan Laporta manifested his satisfaction by the ficahje of the p...","og_url":"https:\/\/www.fcbarcelonanoticias.com\/en\/fc-barcelona\/the-reaction-of-laporta-after-oficializarse-the-signing-of-l_282370_102.html","og_site_name":"EN - FC Barcelona Noticias","article_published_time":"2022-07-19T23:19:00+00:00","og_image":[{"width":1300,"height":732,"url":"https:\/\/www.fcbarcelonanoticias.com\/en\/wp-content\/uploads\/sites\/2\/2022\/07\/jona-laporta-robert-lewandowski-fc-barcelona.jpeg","type":"image\/jpeg"}],"author":"Andr\u00e9s Quiroz","twitter_card":"summary_large_image","twitter_misc":{"Written by":"Andr\u00e9s Quiroz","Est. reading time":"3 minutes"},"schema":{"@context":"https:\/\/schema.org","@graph":[{"@type":"Article","@id":"https:\/\/www.fcbarcelonanoticias.com\/en\/fc-barcelona\/the-reaction-of-laporta-after-oficializarse-the-signing-of-l_282370_102.html#article","isPartOf":{"@id":"https:\/\/www.fcbarcelonanoticias.com\/en\/fc-barcelona\/the-reaction-of-laporta-after-oficializarse-the-signing-of-l_282370_102.html"},"author":{"name":"Andr\u00e9s Quiroz","@id":"https:\/\/www.fcbarcelonanoticias.com\/en\/#\/schema\/person\/c2cd9f6fa1af5c0d0eccd0fefa575c88"},"headline":"Laporta&#8217;s reaction after the signing of Lewandowski became official","datePublished":"2022-07-19T23:19:00+00:00","mainEntityOfPage":{"@id":"https:\/\/www.fcbarcelonanoticias.com\/en\/fc-barcelona\/the-reaction-of-laporta-after-oficializarse-the-signing-of-l_282370_102.html"},"wordCount":522,"image":{"@id":"https:\/\/www.fcbarcelonanoticias.com\/en\/fc-barcelona\/the-reaction-of-laporta-after-oficializarse-the-signing-of-l_282370_102.html#primaryimage"},"thumbnailUrl":"https:\/\/www.fcbarcelonanoticias.com\/en\/wp-content\/uploads\/sites\/2\/2022\/07\/jona-laporta-robert-lewandowski-fc-barcelona.jpeg","keywords":["Joan Laporta"],"articleSection":["FC Barcelona"],"inLanguage":"en-US"},{"@type":"WebPage","@id":"https:\/\/www.fcbarcelonanoticias.com\/en\/fc-barcelona\/the-reaction-of-laporta-after-oficializarse-the-signing-of-l_282370_102.html","url":"https:\/\/www.fcbarcelonanoticias.com\/en\/fc-barcelona\/the-reaction-of-laporta-after-oficializarse-the-signing-of-l_282370_102.html","name":"Laporta's reaction after the signing of Lewandowski became official","isPartOf":{"@id":"https:\/\/www.fcbarcelonanoticias.com\/en\/#website"},"primaryImageOfPage":{"@id":"https:\/\/www.fcbarcelonanoticias.com\/en\/fc-barcelona\/the-reaction-of-laporta-after-oficializarse-the-signing-of-l_282370_102.html#primaryimage"},"image":{"@id":"https:\/\/www.fcbarcelonanoticias.com\/en\/fc-barcelona\/the-reaction-of-laporta-after-oficializarse-the-signing-of-l_282370_102.html#primaryimage"},"thumbnailUrl":"https:\/\/www.fcbarcelonanoticias.com\/en\/wp-content\/uploads\/sites\/2\/2022\/07\/jona-laporta-robert-lewandowski-fc-barcelona.jpeg","datePublished":"2022-07-19T23:19:00+00:00","author":{"@id":"https:\/\/www.fcbarcelonanoticias.com\/en\/#\/schema\/person\/c2cd9f6fa1af5c0d0eccd0fefa575c88"},"description":"Robert Lewandowski is officially player of the FC Barcelona. After doing the official announcement, Joan Laporta manifested his satisfaction by the ficahje of the p...","breadcrumb":{"@id":"https:\/\/www.fcbarcelonanoticias.com\/en\/fc-barcelona\/the-reaction-of-laporta-after-oficializarse-the-signing-of-l_282370_102.html#breadcrumb"},"inLanguage":"en-US","potentialAction":[{"@type":"ReadAction","target":["https:\/\/www.fcbarcelonanoticias.com\/en\/fc-barcelona\/the-reaction-of-laporta-after-oficializarse-the-signing-of-l_282370_102.html"]}]},{"@type":"ImageObject","inLanguage":"en-US","@id":"https:\/\/www.fcbarcelonanoticias.com\/en\/fc-barcelona\/the-reaction-of-laporta-after-oficializarse-the-signing-of-l_282370_102.html#primaryimage","url":"https:\/\/www.fcbarcelonanoticias.com\/en\/wp-content\/uploads\/sites\/2\/2022\/07\/jona-laporta-robert-lewandowski-fc-barcelona.jpeg","contentUrl":"https:\/\/www.fcbarcelonanoticias.com\/en\/wp-content\/uploads\/sites\/2\/2022\/07\/jona-laporta-robert-lewandowski-fc-barcelona.jpeg","width":1300,"height":732},{"@type":"BreadcrumbList","@id":"https:\/\/www.fcbarcelonanoticias.com\/en\/fc-barcelona\/the-reaction-of-laporta-after-oficializarse-the-signing-of-l_282370_102.html#breadcrumb","itemListElement":[{"@type":"ListItem","position":1,"name":"Portada","item":"https:\/\/www.fcbarcelonanoticias.com\/en\/"},{"@type":"ListItem","position":2,"name":"Laporta&#8217;s reaction after the signing of Lewandowski became official"}]},{"@type":"WebSite","@id":"https:\/\/www.fcbarcelonanoticias.com\/en\/#website","url":"https:\/\/www.fcbarcelonanoticias.com\/en\/","name":"EN - FC Barcelona Noticias","description":"","potentialAction":[{"@type":"SearchAction","target":{"@type":"EntryPoint","urlTemplate":"https:\/\/www.fcbarcelonanoticias.com\/en\/?s={search_term_string}"},"query-input":{"@type":"PropertyValueSpecification","valueRequired":true,"valueName":"search_term_string"}}],"inLanguage":"en-US"},{"@type":"Person","@id":"https:\/\/www.fcbarcelonanoticias.com\/en\/#\/schema\/person\/c2cd9f6fa1af5c0d0eccd0fefa575c88","name":"Andr\u00e9s Quiroz","image":{"@type":"ImageObject","inLanguage":"en-US","@id":"https:\/\/secure.gravatar.com\/avatar\/?s=96&d=mm&r=g","url":"https:\/\/secure.gravatar.com\/avatar\/?s=96&d=mm&r=g","contentUrl":"https:\/\/secure.gravatar.com\/avatar\/?s=96&d=mm&r=g","caption":"Andr\u00e9s Quiroz"},"description":"Licenciado en Periodismo por la Universidad de los Andes. Me encargo de analizar y compartir los contenidos m\u00e1s destacados de la\u00a0actualidad del F\u00fatbol Club Barcelona, Mercado de Fichajes y F\u00fatbol Internacional en FCBN. La informaci\u00f3n es poder, pero tambi\u00e9n conocimiento.","url":"https:\/\/www.fcbarcelonanoticias.com\/en\/fc-barcelona\/andres-quiroz_17_115.html"}]}},"_links":{"self":[{"href":"https:\/\/www.fcbarcelonanoticias.com\/en\/wp-json\/wp\/v2\/posts\/33223","targetHints":{"allow":["GET"]}}],"collection":[{"href":"https:\/\/www.fcbarcelonanoticias.com\/en\/wp-json\/wp\/v2\/posts"}],"about":[{"href":"https:\/\/www.fcbarcelonanoticias.com\/en\/wp-json\/wp\/v2\/types\/post"}],"author":[{"embeddable":true,"href":"https:\/\/www.fcbarcelonanoticias.com\/en\/wp-json\/wp\/v2\/users\/347"}],"replies":[{"embeddable":true,"href":"https:\/\/www.fcbarcelonanoticias.com\/en\/wp-json\/wp\/v2\/comments?post=33223"}],"version-history":[{"count":1,"href":"https:\/\/www.fcbarcelonanoticias.com\/en\/wp-json\/wp\/v2\/posts\/33223\/revisions"}],"predecessor-version":[{"id":109551,"href":"https:\/\/www.fcbarcelonanoticias.com\/en\/wp-json\/wp\/v2\/posts\/33223\/revisions\/109551"}],"wp:featuredmedia":[{"embeddable":true,"href":"https:\/\/www.fcbarcelonanoticias.com\/en\/wp-json\/wp\/v2\/media\/33224"}],"wp:attachment":[{"href":"https:\/\/www.fcbarcelonanoticias.com\/en\/wp-json\/wp\/v2\/media?parent=33223"}],"wp:term":[{"taxonomy":"category","embeddable":true,"href":"https:\/\/www.fcbarcelonanoticias.com\/en\/wp-json\/wp\/v2\/categories?post=33223"},{"taxonomy":"post_tag","embeddable":true,"href":"https:\/\/www.fcbarcelonanoticias.com\/en\/wp-json\/wp\/v2\/tags?post=33223"}],"curies":[{"name":"wp","href":"https:\/\/api.w.org\/{rel}","templated":true}]}}