{"id":33450,"date":"2024-07-21T02:02:00","date_gmt":"2024-07-21T00:02:00","guid":{"rendered":"https:\/\/weisetech.dev\/fc-barcelona-noticias\/en\/the-rebirth-of-eric-garcia-his-turning-point-this-season_310416_102\/"},"modified":"2024-07-21T02:02:00","modified_gmt":"2024-07-21T00:02:00","slug":"the-record-that-will-reach-pau-cubarsi-in-the-olympic-games_305649_102","status":"publish","type":"post","link":"https:\/\/www.fcbarcelonanoticias.com\/en\/fc-barcelona\/the-record-that-will-reach-pau-cubarsi-in-the-olympic-games_305649_102.html","title":{"rendered":"The record that Pau Cubars\u00ed will achieve in the Olympic Games"},"content":{"rendered":"<h2 class=\"wp-block-heading\">Pau Cubars\u00ed plans to land in Paris to participate in the Olympic Games. The FC Barcelona center back will be one of the players on coach Santi Denia&#8217;s team. Recently the young man was confirmed as a first team player for the Bar\u00e7a team<\/h2>  \r\n<div class=\"article-addons\">\r\n    <a href=\"https:\/\/www.fcbarcelonanoticias.com\/en\/calendar-fc-barcelona.html\"\r\n       target=\"_self\"\r\n       title=\"Calendar of FC Barcelona\"\r\n       class=\"blue-gredient-btn\">\r\n       \r\n        Calendar of FC Barcelona    <\/a>\r\n<\/div>   <p>Next Friday 26 July they begin the Olympic games in Paris, an appointment that will gather to athletes of all the world. <strong>Between the sportsmen that will attend to the sportive event finds a footballer of the FC Barcelona: Pau Cubars\u00ed<\/strong>. The central will assist to the French capital afterwards that Luis de la Fuente decided to leave it out of the definite announcement of the players of the Spanish selection, that finally played in the Eurocopa.<\/p>  <p>However, the Barcelona was incorporated to the list of sportsmen that will travel to the gala like representatives of Spain. Now, <strong>the defender of 17 years arrives to France to break a record, since it will be the the youngest athlete in contesting an olympic tournament of football<\/strong>. The one of Estanyol was born on 22 January of the year 2007 and the second player of lower age is the Argentinian Claudio Echeverri. The mediapunta was born on 2 January 2006 and is 18 years old.<\/p>  <h2>The footballer sincer\u00f3 in an interview<\/h2>  <p>It does some days, the defender of the <a data-external=\"0\" data-intl-links-en=\"https:\/\/www.fcbarcelonanoticias.com\/en\/tags\/t-shirt-fc-barcelona\" data-intl-links-es=\"https:\/\/www.fcbarcelonanoticias.com\/tags\/camiseta-fc-barcelona\" href=\"https:\/\/www.fcbarcelonanoticias.com\/en\/tags\/t-shirt-fc-barcelona.html\" rel=\"follow\" target=\"_self\" title=\"Camiseta FC Barcelona\">Bar\u00e7a<\/a> conceded an interview to &#8216;Sport&#8217; where spoke of his next trip to Paris. <strong>The central recognised the importance of the event in which it is about to to debut<\/strong>: &#8220;Now we face the Olympic games, one of the greater challenges that can have a footballer, and focus them with a lot of illusion and work&#8221;, sustained. Besides, it remembered that enter\u00f3 of the announcement of the seleccionador olympic, Santi Denia, during one of his trainings.<\/p>  <p>&#8220;Me pill\u00f3 training in the gymnasium because I wanted to be here and was preparing me. I went in to Instagram, saw the news and the truth is that I gladdened me a lot&#8221;, said. <strong>The interviewed spoke of the group of mates that will travel to France beside him to contest the Games<\/strong>: &#8220;there is some younger and others more veteran, are a good group, a good family and all are helping me enough&#8221;, finalised.<\/p>  <p>On the other hand, the born footballer in Girona crosses one of his best moments in the FC Barcelona. <strong>Recently the club blaugrana confirmed to the central like player of the first team<\/strong>.<a data-external=\"0\" data-intl-links-en=\"https:\/\/www.fcbarcelonanoticias.com\/en\/tags\/pau-cubarsi\" data-intl-links-es=\"https:\/\/www.fcbarcelonanoticias.com\/tags\/pau-cubarsi\" href=\"https:\/\/www.fcbarcelonanoticias.com\/en\/player\/pau-cubarsi.html\" rel=\"follow\" target=\"_self\" title=\"Pau Cubars\u00ed\"> Pau Cubars\u00ed<\/a> prolonged his relation with the team until the year 2029 with the commitment to extend the agreement when it fulfil the majority of age. The Barcelona entity confirms of this way that is slope of the talentoso young formed in the Farm.<\/p> ","protected":false},"excerpt":{"rendered":"<p>Pau Cubars\u00ed plans to land in Paris to participate in the Olympic Games. The FC Barcelona center back will be one of the players on coach Santi Denia&#8217;s team. Recently the young man was confirmed as a first team player for the Bar\u00e7a team Next Friday 26 July they begin the Olympic games in Paris, [&hellip;]<\/p>\n","protected":false},"author":350,"featured_media":33453,"comment_status":"closed","ping_status":"open","sticky":false,"template":"","format":"standard","meta":{"_acf_changed":false,"inline_featured_image":false,"_nextfly_llmd_date_locked":false,"footnotes":""},"categories":[111],"tags":[],"class_list":["post-33450","post","type-post","status-publish","format-standard","has-post-thumbnail","hentry","category-fc-barcelona"],"acf":[],"yoast_head":"<!-- This site is optimized with the Yoast SEO plugin v27.3 - https:\/\/yoast.com\/product\/yoast-seo-wordpress\/ -->\n<title>The record that will reach Pau Cubars\u00ed in the Olympic games<\/title>\n<meta name=\"description\" content=\"Pau Cubars\u00ed has foreseen to land in Paris to participate in the Olympic games. The central of the FC Barcelona will be one of the players of the team of the seleccionador Santi Denia. Recently the youngster was confirmed like player of the first team of the Barcelona group\" \/>\n<meta name=\"robots\" content=\"index, follow, max-snippet:-1, max-image-preview:large, max-video-preview:-1\" \/>\n<link rel=\"canonical\" href=\"https:\/\/www.fcbarcelonanoticias.com\/en\/fc-barcelona\/the-record-that-will-reach-pau-cubarsi-in-the-olympic-games_305649_102.html\" \/>\n<meta property=\"og:locale\" content=\"en_US\" \/>\n<meta property=\"og:type\" content=\"article\" \/>\n<meta property=\"og:title\" content=\"The record that will reach Pau Cubars\u00ed in the Olympic games\" \/>\n<meta property=\"og:description\" content=\"Pau Cubars\u00ed has foreseen to land in Paris to participate in the Olympic games. The central of the FC Barcelona will be one of the players of the team of the seleccionador Santi Denia. Recently the youngster was confirmed like player of the first team of the Barcelona group\" \/>\n<meta property=\"og:url\" content=\"https:\/\/www.fcbarcelonanoticias.com\/en\/fc-barcelona\/the-record-that-will-reach-pau-cubarsi-in-the-olympic-games_305649_102.html\" \/>\n<meta property=\"og:site_name\" content=\"EN - FC Barcelona Noticias\" \/>\n<meta property=\"article:published_time\" content=\"2024-07-21T00:02:00+00:00\" \/>\n<meta property=\"og:image\" content=\"https:\/\/www.fcbarcelonanoticias.com\/en\/wp-content\/uploads\/sites\/2\/2024\/07\/pau-cubarsi-en-un-partido.gif\" \/>\n\t<meta property=\"og:image:width\" content=\"1300\" \/>\n\t<meta property=\"og:image:height\" content=\"721\" \/>\n\t<meta property=\"og:image:type\" content=\"image\/gif\" \/>\n<meta name=\"author\" content=\"Jes\u00fas Bol\u00edvar\" \/>\n<meta name=\"twitter:card\" content=\"summary_large_image\" \/>\n<meta name=\"twitter:label1\" content=\"Written by\" \/>\n\t<meta name=\"twitter:data1\" content=\"Jes\u00fas Bol\u00edvar\" \/>\n\t<meta name=\"twitter:label2\" content=\"Est. reading time\" \/>\n\t<meta name=\"twitter:data2\" content=\"2 minutes\" \/>\n<script type=\"application\/ld+json\" class=\"yoast-schema-graph\">{\"@context\":\"https:\\\/\\\/schema.org\",\"@graph\":[{\"@type\":\"Article\",\"@id\":\"https:\\\/\\\/www.fcbarcelonanoticias.com\\\/en\\\/fc-barcelona\\\/the-record-that-will-reach-pau-cubarsi-in-the-olympic-games_305649_102.html#article\",\"isPartOf\":{\"@id\":\"https:\\\/\\\/www.fcbarcelonanoticias.com\\\/en\\\/fc-barcelona\\\/the-record-that-will-reach-pau-cubarsi-in-the-olympic-games_305649_102.html\"},\"author\":{\"name\":\"Jes\u00fas Bol\u00edvar\",\"@id\":\"https:\\\/\\\/www.fcbarcelonanoticias.com\\\/en\\\/#\\\/schema\\\/person\\\/5dbbcfa0643340852c9294383c353679\"},\"headline\":\"The record that Pau Cubars\u00ed will achieve in the Olympic Games\",\"datePublished\":\"2024-07-21T00:02:00+00:00\",\"mainEntityOfPage\":{\"@id\":\"https:\\\/\\\/www.fcbarcelonanoticias.com\\\/en\\\/fc-barcelona\\\/the-record-that-will-reach-pau-cubarsi-in-the-olympic-games_305649_102.html\"},\"wordCount\":456,\"image\":{\"@id\":\"https:\\\/\\\/www.fcbarcelonanoticias.com\\\/en\\\/fc-barcelona\\\/the-record-that-will-reach-pau-cubarsi-in-the-olympic-games_305649_102.html#primaryimage\"},\"thumbnailUrl\":\"https:\\\/\\\/www.fcbarcelonanoticias.com\\\/en\\\/wp-content\\\/uploads\\\/sites\\\/2\\\/2024\\\/07\\\/pau-cubarsi-en-un-partido.gif\",\"articleSection\":[\"FC Barcelona\"],\"inLanguage\":\"en-US\"},{\"@type\":\"WebPage\",\"@id\":\"https:\\\/\\\/www.fcbarcelonanoticias.com\\\/en\\\/fc-barcelona\\\/the-record-that-will-reach-pau-cubarsi-in-the-olympic-games_305649_102.html\",\"url\":\"https:\\\/\\\/www.fcbarcelonanoticias.com\\\/en\\\/fc-barcelona\\\/the-record-that-will-reach-pau-cubarsi-in-the-olympic-games_305649_102.html\",\"name\":\"The record that will reach Pau Cubars\u00ed in the Olympic games\",\"isPartOf\":{\"@id\":\"https:\\\/\\\/www.fcbarcelonanoticias.com\\\/en\\\/#website\"},\"primaryImageOfPage\":{\"@id\":\"https:\\\/\\\/www.fcbarcelonanoticias.com\\\/en\\\/fc-barcelona\\\/the-record-that-will-reach-pau-cubarsi-in-the-olympic-games_305649_102.html#primaryimage\"},\"image\":{\"@id\":\"https:\\\/\\\/www.fcbarcelonanoticias.com\\\/en\\\/fc-barcelona\\\/the-record-that-will-reach-pau-cubarsi-in-the-olympic-games_305649_102.html#primaryimage\"},\"thumbnailUrl\":\"https:\\\/\\\/www.fcbarcelonanoticias.com\\\/en\\\/wp-content\\\/uploads\\\/sites\\\/2\\\/2024\\\/07\\\/pau-cubarsi-en-un-partido.gif\",\"datePublished\":\"2024-07-21T00:02:00+00:00\",\"author\":{\"@id\":\"https:\\\/\\\/www.fcbarcelonanoticias.com\\\/en\\\/#\\\/schema\\\/person\\\/5dbbcfa0643340852c9294383c353679\"},\"description\":\"Pau Cubars\u00ed has foreseen to land in Paris to participate in the Olympic games. The central of the FC Barcelona will be one of the players of the team of the seleccionador Santi Denia. Recently the youngster was confirmed like player of the first team of the Barcelona group\",\"breadcrumb\":{\"@id\":\"https:\\\/\\\/www.fcbarcelonanoticias.com\\\/en\\\/fc-barcelona\\\/the-record-that-will-reach-pau-cubarsi-in-the-olympic-games_305649_102.html#breadcrumb\"},\"inLanguage\":\"en-US\",\"potentialAction\":[{\"@type\":\"ReadAction\",\"target\":[\"https:\\\/\\\/www.fcbarcelonanoticias.com\\\/en\\\/fc-barcelona\\\/the-record-that-will-reach-pau-cubarsi-in-the-olympic-games_305649_102.html\"]}]},{\"@type\":\"ImageObject\",\"inLanguage\":\"en-US\",\"@id\":\"https:\\\/\\\/www.fcbarcelonanoticias.com\\\/en\\\/fc-barcelona\\\/the-record-that-will-reach-pau-cubarsi-in-the-olympic-games_305649_102.html#primaryimage\",\"url\":\"https:\\\/\\\/www.fcbarcelonanoticias.com\\\/en\\\/wp-content\\\/uploads\\\/sites\\\/2\\\/2024\\\/07\\\/pau-cubarsi-en-un-partido.gif\",\"contentUrl\":\"https:\\\/\\\/www.fcbarcelonanoticias.com\\\/en\\\/wp-content\\\/uploads\\\/sites\\\/2\\\/2024\\\/07\\\/pau-cubarsi-en-un-partido.gif\",\"width\":1300,\"height\":721},{\"@type\":\"BreadcrumbList\",\"@id\":\"https:\\\/\\\/www.fcbarcelonanoticias.com\\\/en\\\/fc-barcelona\\\/the-record-that-will-reach-pau-cubarsi-in-the-olympic-games_305649_102.html#breadcrumb\",\"itemListElement\":[{\"@type\":\"ListItem\",\"position\":1,\"name\":\"Portada\",\"item\":\"https:\\\/\\\/www.fcbarcelonanoticias.com\\\/en\\\/\"},{\"@type\":\"ListItem\",\"position\":2,\"name\":\"The record that Pau Cubars\u00ed will achieve in the Olympic Games\"}]},{\"@type\":\"WebSite\",\"@id\":\"https:\\\/\\\/www.fcbarcelonanoticias.com\\\/en\\\/#website\",\"url\":\"https:\\\/\\\/www.fcbarcelonanoticias.com\\\/en\\\/\",\"name\":\"EN - FC Barcelona Noticias\",\"description\":\"\",\"potentialAction\":[{\"@type\":\"SearchAction\",\"target\":{\"@type\":\"EntryPoint\",\"urlTemplate\":\"https:\\\/\\\/www.fcbarcelonanoticias.com\\\/en\\\/?s={search_term_string}\"},\"query-input\":{\"@type\":\"PropertyValueSpecification\",\"valueRequired\":true,\"valueName\":\"search_term_string\"}}],\"inLanguage\":\"en-US\"},{\"@type\":\"Person\",\"@id\":\"https:\\\/\\\/www.fcbarcelonanoticias.com\\\/en\\\/#\\\/schema\\\/person\\\/5dbbcfa0643340852c9294383c353679\",\"name\":\"Jes\u00fas Bol\u00edvar\",\"image\":{\"@type\":\"ImageObject\",\"inLanguage\":\"en-US\",\"@id\":\"https:\\\/\\\/secure.gravatar.com\\\/avatar\\\/?s=96&d=mm&r=g\",\"url\":\"https:\\\/\\\/secure.gravatar.com\\\/avatar\\\/?s=96&d=mm&r=g\",\"contentUrl\":\"https:\\\/\\\/secure.gravatar.com\\\/avatar\\\/?s=96&d=mm&r=g\",\"caption\":\"Jes\u00fas Bol\u00edvar\"},\"url\":\"https:\\\/\\\/www.fcbarcelonanoticias.com\\\/en\\\/jesus-bolivar_28_115.html\"}]}<\/script>\n<!-- \/ Yoast SEO plugin. -->","yoast_head_json":{"title":"The record that will reach Pau Cubars\u00ed in the Olympic games","description":"Pau Cubars\u00ed has foreseen to land in Paris to participate in the Olympic games. The central of the FC Barcelona will be one of the players of the team of the seleccionador Santi Denia. Recently the youngster was confirmed like player of the first team of the Barcelona group","robots":{"index":"index","follow":"follow","max-snippet":"max-snippet:-1","max-image-preview":"max-image-preview:large","max-video-preview":"max-video-preview:-1"},"canonical":"https:\/\/www.fcbarcelonanoticias.com\/en\/fc-barcelona\/the-record-that-will-reach-pau-cubarsi-in-the-olympic-games_305649_102.html","og_locale":"en_US","og_type":"article","og_title":"The record that will reach Pau Cubars\u00ed in the Olympic games","og_description":"Pau Cubars\u00ed has foreseen to land in Paris to participate in the Olympic games. The central of the FC Barcelona will be one of the players of the team of the seleccionador Santi Denia. Recently the youngster was confirmed like player of the first team of the Barcelona group","og_url":"https:\/\/www.fcbarcelonanoticias.com\/en\/fc-barcelona\/the-record-that-will-reach-pau-cubarsi-in-the-olympic-games_305649_102.html","og_site_name":"EN - FC Barcelona Noticias","article_published_time":"2024-07-21T00:02:00+00:00","og_image":[{"width":1300,"height":721,"url":"https:\/\/www.fcbarcelonanoticias.com\/en\/wp-content\/uploads\/sites\/2\/2024\/07\/pau-cubarsi-en-un-partido.gif","type":"image\/gif"}],"author":"Jes\u00fas Bol\u00edvar","twitter_card":"summary_large_image","twitter_misc":{"Written by":"Jes\u00fas Bol\u00edvar","Est. reading time":"2 minutes"},"schema":{"@context":"https:\/\/schema.org","@graph":[{"@type":"Article","@id":"https:\/\/www.fcbarcelonanoticias.com\/en\/fc-barcelona\/the-record-that-will-reach-pau-cubarsi-in-the-olympic-games_305649_102.html#article","isPartOf":{"@id":"https:\/\/www.fcbarcelonanoticias.com\/en\/fc-barcelona\/the-record-that-will-reach-pau-cubarsi-in-the-olympic-games_305649_102.html"},"author":{"name":"Jes\u00fas Bol\u00edvar","@id":"https:\/\/www.fcbarcelonanoticias.com\/en\/#\/schema\/person\/5dbbcfa0643340852c9294383c353679"},"headline":"The record that Pau Cubars\u00ed will achieve in the Olympic Games","datePublished":"2024-07-21T00:02:00+00:00","mainEntityOfPage":{"@id":"https:\/\/www.fcbarcelonanoticias.com\/en\/fc-barcelona\/the-record-that-will-reach-pau-cubarsi-in-the-olympic-games_305649_102.html"},"wordCount":456,"image":{"@id":"https:\/\/www.fcbarcelonanoticias.com\/en\/fc-barcelona\/the-record-that-will-reach-pau-cubarsi-in-the-olympic-games_305649_102.html#primaryimage"},"thumbnailUrl":"https:\/\/www.fcbarcelonanoticias.com\/en\/wp-content\/uploads\/sites\/2\/2024\/07\/pau-cubarsi-en-un-partido.gif","articleSection":["FC Barcelona"],"inLanguage":"en-US"},{"@type":"WebPage","@id":"https:\/\/www.fcbarcelonanoticias.com\/en\/fc-barcelona\/the-record-that-will-reach-pau-cubarsi-in-the-olympic-games_305649_102.html","url":"https:\/\/www.fcbarcelonanoticias.com\/en\/fc-barcelona\/the-record-that-will-reach-pau-cubarsi-in-the-olympic-games_305649_102.html","name":"The record that will reach Pau Cubars\u00ed in the Olympic games","isPartOf":{"@id":"https:\/\/www.fcbarcelonanoticias.com\/en\/#website"},"primaryImageOfPage":{"@id":"https:\/\/www.fcbarcelonanoticias.com\/en\/fc-barcelona\/the-record-that-will-reach-pau-cubarsi-in-the-olympic-games_305649_102.html#primaryimage"},"image":{"@id":"https:\/\/www.fcbarcelonanoticias.com\/en\/fc-barcelona\/the-record-that-will-reach-pau-cubarsi-in-the-olympic-games_305649_102.html#primaryimage"},"thumbnailUrl":"https:\/\/www.fcbarcelonanoticias.com\/en\/wp-content\/uploads\/sites\/2\/2024\/07\/pau-cubarsi-en-un-partido.gif","datePublished":"2024-07-21T00:02:00+00:00","author":{"@id":"https:\/\/www.fcbarcelonanoticias.com\/en\/#\/schema\/person\/5dbbcfa0643340852c9294383c353679"},"description":"Pau Cubars\u00ed has foreseen to land in Paris to participate in the Olympic games. The central of the FC Barcelona will be one of the players of the team of the seleccionador Santi Denia. Recently the youngster was confirmed like player of the first team of the Barcelona group","breadcrumb":{"@id":"https:\/\/www.fcbarcelonanoticias.com\/en\/fc-barcelona\/the-record-that-will-reach-pau-cubarsi-in-the-olympic-games_305649_102.html#breadcrumb"},"inLanguage":"en-US","potentialAction":[{"@type":"ReadAction","target":["https:\/\/www.fcbarcelonanoticias.com\/en\/fc-barcelona\/the-record-that-will-reach-pau-cubarsi-in-the-olympic-games_305649_102.html"]}]},{"@type":"ImageObject","inLanguage":"en-US","@id":"https:\/\/www.fcbarcelonanoticias.com\/en\/fc-barcelona\/the-record-that-will-reach-pau-cubarsi-in-the-olympic-games_305649_102.html#primaryimage","url":"https:\/\/www.fcbarcelonanoticias.com\/en\/wp-content\/uploads\/sites\/2\/2024\/07\/pau-cubarsi-en-un-partido.gif","contentUrl":"https:\/\/www.fcbarcelonanoticias.com\/en\/wp-content\/uploads\/sites\/2\/2024\/07\/pau-cubarsi-en-un-partido.gif","width":1300,"height":721},{"@type":"BreadcrumbList","@id":"https:\/\/www.fcbarcelonanoticias.com\/en\/fc-barcelona\/the-record-that-will-reach-pau-cubarsi-in-the-olympic-games_305649_102.html#breadcrumb","itemListElement":[{"@type":"ListItem","position":1,"name":"Portada","item":"https:\/\/www.fcbarcelonanoticias.com\/en\/"},{"@type":"ListItem","position":2,"name":"The record that Pau Cubars\u00ed will achieve in the Olympic Games"}]},{"@type":"WebSite","@id":"https:\/\/www.fcbarcelonanoticias.com\/en\/#website","url":"https:\/\/www.fcbarcelonanoticias.com\/en\/","name":"EN - FC Barcelona Noticias","description":"","potentialAction":[{"@type":"SearchAction","target":{"@type":"EntryPoint","urlTemplate":"https:\/\/www.fcbarcelonanoticias.com\/en\/?s={search_term_string}"},"query-input":{"@type":"PropertyValueSpecification","valueRequired":true,"valueName":"search_term_string"}}],"inLanguage":"en-US"},{"@type":"Person","@id":"https:\/\/www.fcbarcelonanoticias.com\/en\/#\/schema\/person\/5dbbcfa0643340852c9294383c353679","name":"Jes\u00fas Bol\u00edvar","image":{"@type":"ImageObject","inLanguage":"en-US","@id":"https:\/\/secure.gravatar.com\/avatar\/?s=96&d=mm&r=g","url":"https:\/\/secure.gravatar.com\/avatar\/?s=96&d=mm&r=g","contentUrl":"https:\/\/secure.gravatar.com\/avatar\/?s=96&d=mm&r=g","caption":"Jes\u00fas Bol\u00edvar"},"url":"https:\/\/www.fcbarcelonanoticias.com\/en\/jesus-bolivar_28_115.html"}]}},"_links":{"self":[{"href":"https:\/\/www.fcbarcelonanoticias.com\/en\/wp-json\/wp\/v2\/posts\/33450","targetHints":{"allow":["GET"]}}],"collection":[{"href":"https:\/\/www.fcbarcelonanoticias.com\/en\/wp-json\/wp\/v2\/posts"}],"about":[{"href":"https:\/\/www.fcbarcelonanoticias.com\/en\/wp-json\/wp\/v2\/types\/post"}],"author":[{"embeddable":true,"href":"https:\/\/www.fcbarcelonanoticias.com\/en\/wp-json\/wp\/v2\/users\/350"}],"replies":[{"embeddable":true,"href":"https:\/\/www.fcbarcelonanoticias.com\/en\/wp-json\/wp\/v2\/comments?post=33450"}],"version-history":[{"count":1,"href":"https:\/\/www.fcbarcelonanoticias.com\/en\/wp-json\/wp\/v2\/posts\/33450\/revisions"}],"predecessor-version":[{"id":33452,"href":"https:\/\/www.fcbarcelonanoticias.com\/en\/wp-json\/wp\/v2\/posts\/33450\/revisions\/33452"}],"wp:featuredmedia":[{"embeddable":true,"href":"https:\/\/www.fcbarcelonanoticias.com\/en\/wp-json\/wp\/v2\/media\/33453"}],"wp:attachment":[{"href":"https:\/\/www.fcbarcelonanoticias.com\/en\/wp-json\/wp\/v2\/media?parent=33450"}],"wp:term":[{"taxonomy":"category","embeddable":true,"href":"https:\/\/www.fcbarcelonanoticias.com\/en\/wp-json\/wp\/v2\/categories?post=33450"},{"taxonomy":"post_tag","embeddable":true,"href":"https:\/\/www.fcbarcelonanoticias.com\/en\/wp-json\/wp\/v2\/tags?post=33450"}],"curies":[{"name":"wp","href":"https:\/\/api.w.org\/{rel}","templated":true}]}}