{"id":33552,"date":"2024-10-02T22:16:00","date_gmt":"2024-10-02T20:16:00","guid":{"rendered":"https:\/\/weisetech.dev\/fc-barcelona-noticias\/en\/the-salary-that-wojciech-szcz-sny-will-receive-as-barca-player_307673_102\/"},"modified":"2025-04-12T08:09:00","modified_gmt":"2025-04-12T06:09:00","slug":"the-salary-that-wojciech-szcz-sny-will-receive-as-barca-player_307673_102","status":"publish","type":"post","link":"https:\/\/www.fcbarcelonanoticias.com\/en\/fc-barcelona\/the-salary-that-wojciech-szcz-sny-will-receive-as-barca-player_307673_102.html","title":{"rendered":"The salary that Wojciech Szcz\u0119sny will receive as a Bar\u00e7a player"},"content":{"rendered":"<h2 class=\"wp-block-heading\">FC Barcelona seems to have found a bargain in the market in Wojciech Szcz\u0119sny, signing an experienced goalkeeper without incurring a particularly high salary<\/h2>  \r\n<div class=\"article-addons\">\r\n    <a href=\"https:\/\/www.fcbarcelonanoticias.com\/en\/calendar-fc-barcelona.html\"\r\n       target=\"_self\"\r\n       title=\"Calendar of FC Barcelona\"\r\n       class=\"blue-gredient-btn\">\r\n       \r\n        Calendar of FC Barcelona    <\/a>\r\n<\/div>   <p><strong>FC Barcelona<\/strong> has officially confirmed the signing of <strong>Wojciech Szcz\u0119sny<\/strong>, a goalkeeper who joins the club as a free agent and <a data-external=\"0\" data-intl-links-en=\"https:\/\/www.fcbarcelonanoticias.com\/en\/transfers\/official-fc-barcelona-announces-the-signing-of-wojciech-szcz-sny_307663_102.html\" data-intl-links-es=\"https:\/\/www.fcbarcelonanoticias.com\/fichajes\/oficial-fc-barcelona-anuncia-contratacion-wojciech-szcz-sny_307663_102.html\" href=\"https:\/\/www.fcbarcelonanoticias.com\/en\/fichajes\/oficial-fc-barcelona-anuncia-contratacion-wojciech-szcz-sny_307663_102.html\" rel=\"follow\" target=\"_self\" title=\"OFFICIAL! FC Barcelona announces the signing of Wojciech Szcz\u0119sny\">has signed a contract until June 30, 2025<\/a>. This signing is in response to the injury of <strong>Marc-Andr\u00e9 ter Stegen<\/strong>, who will be out of action for approximately seven to eight months due to a complete rupture of the patellar tendon in his right knee.<\/p>  <p>One of the main uncertainties surrounding <a data-external=\"0\" data-intl-links-en=\"https:\/\/www.fcbarcelonanoticias.com\/en\/fc-barcelona\/szcz-sny-clarifies-the-importance-that-robert-lewandowski-had-for-his-arrival-at-fc-barcelona_307664_102.html\" data-intl-links-es=\"https:\/\/www.fcbarcelonanoticias.com\/fc-barcelona\/szcz-sny-aclara-importancia-tuvo-robert-lewandowski-su-llegada-fc-barcelona_307664_102.html\" href=\"https:\/\/www.fcbarcelonanoticias.com\/en\/fc-barcelona\/szcz-sny-aclara-importancia-tuvo-robert-lewandowski-su-llegada-fc-barcelona_307664_102.html\" rel=\"follow\" target=\"_self\" title=\"Szcz\u0119sny clarifies the importance that Robert Lewandowski had for his arrival at FC Barcelona\">Szcz\u0119sny&#8217;s arrival at the Blaugrana team<\/a> was the economic impact that acquiring the services of the Polish goalkeeper would represent and its influence on the team&#8217;s salary structure. Given the period of economic austerity that Barcelona is going through, it cannot make significant expenses on transfers to strengthen its squad.<\/p>  <p>It is important to note that the registration of <strong>Szcz\u0119sny<\/strong> was not a matter of debate or complication, as <strong>Bar\u00e7a<\/strong>, facing a long-term injury (more than four months) to <strong>Marc-Andr\u00e9 ter Stegen<\/strong>, can avail itself of Article 77 of LaLiga regulations, which allows the use of 80% of the injured player&#8217;s salary and 2% of the squad limit to register another player without issues.<\/p>  <h2><strong>How much will Szcz\u0119sny earn as a Barcelona player?<\/strong><\/h2>  <p>Regarding the salary that the Polish goalkeeper will receive in his new stage at <strong>FC Barcelona<\/strong>, coming as a free agent does not involve a transfer fee. Now, as reported by the sports newspaper &#8216;SPORT&#8217;, <strong>Szcz\u0119sny<\/strong> would be earning around <strong>three million euros gross<\/strong> for the remainder of the season, a amount proposed by <strong>Bar\u00e7a<\/strong> and accepted without objections by the goalkeeper, whose main motivation was to wear the jersey of the Barcelona team.<\/p>  <p>With this salary, <strong>Szcz\u0119sny<\/strong> would be positioned in the lower-middle part of Barcelona&#8217;s salary scale, surpassing only first-team players like <strong>Lamine Yamal<\/strong> and <strong>Alejandro Balde<\/strong> with 1.6 million euros gross, <strong>Ferm\u00edn L\u00f3pez<\/strong> with 630,000 euros, <strong>Marc Casad\u00f3<\/strong> with 420,000 euros, <strong>Pau V\u00edctor<\/strong> with 380,000 euros, and <strong>Pablo Torre<\/strong> with 210,000 euros.&nbsp;With this addition,&nbsp;<strong>Bar\u00e7a<\/strong> is adding a top-level reinforcement to its roster at a very affordable cost, which is especially valuable at a difficult economic time for the team.<\/p> ","protected":false},"excerpt":{"rendered":"<p>FC Barcelona seems to have found a bargain in the market in Wojciech Szcz\u0119sny, signing an experienced goalkeeper without incurring a particularly high salary FC Barcelona has officially confirmed the signing of Wojciech Szcz\u0119sny, a goalkeeper who joins the club as a free agent and has signed a contract until June 30, 2025. This signing [&hellip;]<\/p>\n","protected":false},"author":355,"featured_media":33553,"comment_status":"closed","ping_status":"open","sticky":false,"template":"","format":"standard","meta":{"_acf_changed":false,"inline_featured_image":false,"_nextfly_llmd_date_locked":false,"footnotes":""},"categories":[111],"tags":[],"class_list":["post-33552","post","type-post","status-publish","format-standard","has-post-thumbnail","hentry","category-fc-barcelona"],"acf":[],"yoast_head":"<!-- This site is optimized with the Yoast SEO plugin v27.3 - https:\/\/yoast.com\/product\/yoast-seo-wordpress\/ -->\n<title>The salary that Wojciech Szcz\u0119sny will receive as a Bar\u00e7a player<\/title>\n<meta name=\"description\" content=\"FC Barcelona seems to have found a bargain in the market in Wojciech Szcz\u0119sny, signing an experienced goalkeeper without incurring a particularly high salary\" \/>\n<meta name=\"robots\" content=\"index, follow, max-snippet:-1, max-image-preview:large, max-video-preview:-1\" \/>\n<link rel=\"canonical\" href=\"https:\/\/www.fcbarcelonanoticias.com\/en\/fc-barcelona\/the-salary-that-wojciech-szcz-sny-will-receive-as-barca-player_307673_102.html\" \/>\n<meta property=\"og:locale\" content=\"en_US\" \/>\n<meta property=\"og:type\" content=\"article\" \/>\n<meta property=\"og:title\" content=\"The salary that Wojciech Szcz\u0119sny will receive as a Bar\u00e7a player\" \/>\n<meta property=\"og:description\" content=\"FC Barcelona seems to have found a bargain in the market in Wojciech Szcz\u0119sny, signing an experienced goalkeeper without incurring a particularly high salary\" \/>\n<meta property=\"og:url\" content=\"https:\/\/www.fcbarcelonanoticias.com\/en\/fc-barcelona\/the-salary-that-wojciech-szcz-sny-will-receive-as-barca-player_307673_102.html\" \/>\n<meta property=\"og:site_name\" content=\"EN - FC Barcelona Noticias\" \/>\n<meta property=\"article:published_time\" content=\"2024-10-02T20:16:00+00:00\" \/>\n<meta property=\"article:modified_time\" content=\"2025-04-12T06:09:00+00:00\" \/>\n<meta property=\"og:image\" content=\"https:\/\/www.fcbarcelonanoticias.com\/en\/wp-content\/uploads\/sites\/2\/2024\/10\/wojciech-szczesny-vistiendo-la-camiseta-del-fc-barcelona.jpeg\" \/>\n\t<meta property=\"og:image:width\" content=\"1250\" \/>\n\t<meta property=\"og:image:height\" content=\"730\" \/>\n\t<meta property=\"og:image:type\" content=\"image\/jpeg\" \/>\n<meta name=\"author\" content=\"Kevin G\u00f3mez\" \/>\n<meta name=\"twitter:card\" content=\"summary_large_image\" \/>\n<meta name=\"twitter:label1\" content=\"Written by\" \/>\n\t<meta name=\"twitter:data1\" content=\"Kevin G\u00f3mez\" \/>\n\t<meta name=\"twitter:label2\" content=\"Est. reading time\" \/>\n\t<meta name=\"twitter:data2\" content=\"2 minutes\" \/>\n<script type=\"application\/ld+json\" class=\"yoast-schema-graph\">{\"@context\":\"https:\\\/\\\/schema.org\",\"@graph\":[{\"@type\":\"Article\",\"@id\":\"https:\\\/\\\/www.fcbarcelonanoticias.com\\\/en\\\/fc-barcelona\\\/the-salary-that-wojciech-szcz-sny-will-receive-as-barca-player_307673_102.html#article\",\"isPartOf\":{\"@id\":\"https:\\\/\\\/www.fcbarcelonanoticias.com\\\/en\\\/fc-barcelona\\\/the-salary-that-wojciech-szcz-sny-will-receive-as-barca-player_307673_102.html\"},\"author\":{\"name\":\"Kevin G\u00f3mez\",\"@id\":\"https:\\\/\\\/www.fcbarcelonanoticias.com\\\/en\\\/#\\\/schema\\\/person\\\/991443f134df9a64c6874f96ff984c9d\"},\"headline\":\"The salary that Wojciech Szcz\u0119sny will receive as a Bar\u00e7a player\",\"datePublished\":\"2024-10-02T20:16:00+00:00\",\"dateModified\":\"2025-04-12T06:09:00+00:00\",\"mainEntityOfPage\":{\"@id\":\"https:\\\/\\\/www.fcbarcelonanoticias.com\\\/en\\\/fc-barcelona\\\/the-salary-that-wojciech-szcz-sny-will-receive-as-barca-player_307673_102.html\"},\"wordCount\":395,\"image\":{\"@id\":\"https:\\\/\\\/www.fcbarcelonanoticias.com\\\/en\\\/fc-barcelona\\\/the-salary-that-wojciech-szcz-sny-will-receive-as-barca-player_307673_102.html#primaryimage\"},\"thumbnailUrl\":\"https:\\\/\\\/www.fcbarcelonanoticias.com\\\/en\\\/wp-content\\\/uploads\\\/sites\\\/2\\\/2024\\\/10\\\/wojciech-szczesny-vistiendo-la-camiseta-del-fc-barcelona.jpeg\",\"articleSection\":[\"FC Barcelona\"],\"inLanguage\":\"en-US\"},{\"@type\":\"WebPage\",\"@id\":\"https:\\\/\\\/www.fcbarcelonanoticias.com\\\/en\\\/fc-barcelona\\\/the-salary-that-wojciech-szcz-sny-will-receive-as-barca-player_307673_102.html\",\"url\":\"https:\\\/\\\/www.fcbarcelonanoticias.com\\\/en\\\/fc-barcelona\\\/the-salary-that-wojciech-szcz-sny-will-receive-as-barca-player_307673_102.html\",\"name\":\"The salary that Wojciech Szcz\u0119sny will receive as a Bar\u00e7a player\",\"isPartOf\":{\"@id\":\"https:\\\/\\\/www.fcbarcelonanoticias.com\\\/en\\\/#website\"},\"primaryImageOfPage\":{\"@id\":\"https:\\\/\\\/www.fcbarcelonanoticias.com\\\/en\\\/fc-barcelona\\\/the-salary-that-wojciech-szcz-sny-will-receive-as-barca-player_307673_102.html#primaryimage\"},\"image\":{\"@id\":\"https:\\\/\\\/www.fcbarcelonanoticias.com\\\/en\\\/fc-barcelona\\\/the-salary-that-wojciech-szcz-sny-will-receive-as-barca-player_307673_102.html#primaryimage\"},\"thumbnailUrl\":\"https:\\\/\\\/www.fcbarcelonanoticias.com\\\/en\\\/wp-content\\\/uploads\\\/sites\\\/2\\\/2024\\\/10\\\/wojciech-szczesny-vistiendo-la-camiseta-del-fc-barcelona.jpeg\",\"datePublished\":\"2024-10-02T20:16:00+00:00\",\"dateModified\":\"2025-04-12T06:09:00+00:00\",\"author\":{\"@id\":\"https:\\\/\\\/www.fcbarcelonanoticias.com\\\/en\\\/#\\\/schema\\\/person\\\/991443f134df9a64c6874f96ff984c9d\"},\"description\":\"FC Barcelona seems to have found a bargain in the market in Wojciech Szcz\u0119sny, signing an experienced goalkeeper without incurring a particularly high salary\",\"breadcrumb\":{\"@id\":\"https:\\\/\\\/www.fcbarcelonanoticias.com\\\/en\\\/fc-barcelona\\\/the-salary-that-wojciech-szcz-sny-will-receive-as-barca-player_307673_102.html#breadcrumb\"},\"inLanguage\":\"en-US\",\"potentialAction\":[{\"@type\":\"ReadAction\",\"target\":[\"https:\\\/\\\/www.fcbarcelonanoticias.com\\\/en\\\/fc-barcelona\\\/the-salary-that-wojciech-szcz-sny-will-receive-as-barca-player_307673_102.html\"]}]},{\"@type\":\"ImageObject\",\"inLanguage\":\"en-US\",\"@id\":\"https:\\\/\\\/www.fcbarcelonanoticias.com\\\/en\\\/fc-barcelona\\\/the-salary-that-wojciech-szcz-sny-will-receive-as-barca-player_307673_102.html#primaryimage\",\"url\":\"https:\\\/\\\/www.fcbarcelonanoticias.com\\\/en\\\/wp-content\\\/uploads\\\/sites\\\/2\\\/2024\\\/10\\\/wojciech-szczesny-vistiendo-la-camiseta-del-fc-barcelona.jpeg\",\"contentUrl\":\"https:\\\/\\\/www.fcbarcelonanoticias.com\\\/en\\\/wp-content\\\/uploads\\\/sites\\\/2\\\/2024\\\/10\\\/wojciech-szczesny-vistiendo-la-camiseta-del-fc-barcelona.jpeg\",\"width\":1250,\"height\":730},{\"@type\":\"BreadcrumbList\",\"@id\":\"https:\\\/\\\/www.fcbarcelonanoticias.com\\\/en\\\/fc-barcelona\\\/the-salary-that-wojciech-szcz-sny-will-receive-as-barca-player_307673_102.html#breadcrumb\",\"itemListElement\":[{\"@type\":\"ListItem\",\"position\":1,\"name\":\"Portada\",\"item\":\"https:\\\/\\\/www.fcbarcelonanoticias.com\\\/en\\\/\"},{\"@type\":\"ListItem\",\"position\":2,\"name\":\"The salary that Wojciech Szcz\u0119sny will receive as a Bar\u00e7a player\"}]},{\"@type\":\"WebSite\",\"@id\":\"https:\\\/\\\/www.fcbarcelonanoticias.com\\\/en\\\/#website\",\"url\":\"https:\\\/\\\/www.fcbarcelonanoticias.com\\\/en\\\/\",\"name\":\"EN - FC Barcelona Noticias\",\"description\":\"\",\"potentialAction\":[{\"@type\":\"SearchAction\",\"target\":{\"@type\":\"EntryPoint\",\"urlTemplate\":\"https:\\\/\\\/www.fcbarcelonanoticias.com\\\/en\\\/?s={search_term_string}\"},\"query-input\":{\"@type\":\"PropertyValueSpecification\",\"valueRequired\":true,\"valueName\":\"search_term_string\"}}],\"inLanguage\":\"en-US\"},{\"@type\":\"Person\",\"@id\":\"https:\\\/\\\/www.fcbarcelonanoticias.com\\\/en\\\/#\\\/schema\\\/person\\\/991443f134df9a64c6874f96ff984c9d\",\"name\":\"Kevin G\u00f3mez\",\"image\":{\"@type\":\"ImageObject\",\"inLanguage\":\"en-US\",\"@id\":\"https:\\\/\\\/secure.gravatar.com\\\/avatar\\\/?s=96&d=mm&r=g\",\"url\":\"https:\\\/\\\/secure.gravatar.com\\\/avatar\\\/?s=96&d=mm&r=g\",\"contentUrl\":\"https:\\\/\\\/secure.gravatar.com\\\/avatar\\\/?s=96&d=mm&r=g\",\"caption\":\"Kevin G\u00f3mez\"},\"description\":\"Licenciado\u00a0en Periodismo y Comunicaci\u00f3n Audiovisual. Redactor en FCBN responsable de cubrir toda\u00a0la informaci\u00f3n del FC Barcelona y las principales competiciones de\u00a0f\u00fatbol.\",\"url\":\"https:\\\/\\\/www.fcbarcelonanoticias.com\\\/en\\\/jugadores\\\/kevin-gomez_23_115.html\"}]}<\/script>\n<!-- \/ Yoast SEO plugin. -->","yoast_head_json":{"title":"The salary that Wojciech Szcz\u0119sny will receive as a Bar\u00e7a player","description":"FC Barcelona seems to have found a bargain in the market in Wojciech Szcz\u0119sny, signing an experienced goalkeeper without incurring a particularly high salary","robots":{"index":"index","follow":"follow","max-snippet":"max-snippet:-1","max-image-preview":"max-image-preview:large","max-video-preview":"max-video-preview:-1"},"canonical":"https:\/\/www.fcbarcelonanoticias.com\/en\/fc-barcelona\/the-salary-that-wojciech-szcz-sny-will-receive-as-barca-player_307673_102.html","og_locale":"en_US","og_type":"article","og_title":"The salary that Wojciech Szcz\u0119sny will receive as a Bar\u00e7a player","og_description":"FC Barcelona seems to have found a bargain in the market in Wojciech Szcz\u0119sny, signing an experienced goalkeeper without incurring a particularly high salary","og_url":"https:\/\/www.fcbarcelonanoticias.com\/en\/fc-barcelona\/the-salary-that-wojciech-szcz-sny-will-receive-as-barca-player_307673_102.html","og_site_name":"EN - FC Barcelona Noticias","article_published_time":"2024-10-02T20:16:00+00:00","article_modified_time":"2025-04-12T06:09:00+00:00","og_image":[{"width":1250,"height":730,"url":"https:\/\/www.fcbarcelonanoticias.com\/en\/wp-content\/uploads\/sites\/2\/2024\/10\/wojciech-szczesny-vistiendo-la-camiseta-del-fc-barcelona.jpeg","type":"image\/jpeg"}],"author":"Kevin G\u00f3mez","twitter_card":"summary_large_image","twitter_misc":{"Written by":"Kevin G\u00f3mez","Est. reading time":"2 minutes"},"schema":{"@context":"https:\/\/schema.org","@graph":[{"@type":"Article","@id":"https:\/\/www.fcbarcelonanoticias.com\/en\/fc-barcelona\/the-salary-that-wojciech-szcz-sny-will-receive-as-barca-player_307673_102.html#article","isPartOf":{"@id":"https:\/\/www.fcbarcelonanoticias.com\/en\/fc-barcelona\/the-salary-that-wojciech-szcz-sny-will-receive-as-barca-player_307673_102.html"},"author":{"name":"Kevin G\u00f3mez","@id":"https:\/\/www.fcbarcelonanoticias.com\/en\/#\/schema\/person\/991443f134df9a64c6874f96ff984c9d"},"headline":"The salary that Wojciech Szcz\u0119sny will receive as a Bar\u00e7a player","datePublished":"2024-10-02T20:16:00+00:00","dateModified":"2025-04-12T06:09:00+00:00","mainEntityOfPage":{"@id":"https:\/\/www.fcbarcelonanoticias.com\/en\/fc-barcelona\/the-salary-that-wojciech-szcz-sny-will-receive-as-barca-player_307673_102.html"},"wordCount":395,"image":{"@id":"https:\/\/www.fcbarcelonanoticias.com\/en\/fc-barcelona\/the-salary-that-wojciech-szcz-sny-will-receive-as-barca-player_307673_102.html#primaryimage"},"thumbnailUrl":"https:\/\/www.fcbarcelonanoticias.com\/en\/wp-content\/uploads\/sites\/2\/2024\/10\/wojciech-szczesny-vistiendo-la-camiseta-del-fc-barcelona.jpeg","articleSection":["FC Barcelona"],"inLanguage":"en-US"},{"@type":"WebPage","@id":"https:\/\/www.fcbarcelonanoticias.com\/en\/fc-barcelona\/the-salary-that-wojciech-szcz-sny-will-receive-as-barca-player_307673_102.html","url":"https:\/\/www.fcbarcelonanoticias.com\/en\/fc-barcelona\/the-salary-that-wojciech-szcz-sny-will-receive-as-barca-player_307673_102.html","name":"The salary that Wojciech Szcz\u0119sny will receive as a Bar\u00e7a player","isPartOf":{"@id":"https:\/\/www.fcbarcelonanoticias.com\/en\/#website"},"primaryImageOfPage":{"@id":"https:\/\/www.fcbarcelonanoticias.com\/en\/fc-barcelona\/the-salary-that-wojciech-szcz-sny-will-receive-as-barca-player_307673_102.html#primaryimage"},"image":{"@id":"https:\/\/www.fcbarcelonanoticias.com\/en\/fc-barcelona\/the-salary-that-wojciech-szcz-sny-will-receive-as-barca-player_307673_102.html#primaryimage"},"thumbnailUrl":"https:\/\/www.fcbarcelonanoticias.com\/en\/wp-content\/uploads\/sites\/2\/2024\/10\/wojciech-szczesny-vistiendo-la-camiseta-del-fc-barcelona.jpeg","datePublished":"2024-10-02T20:16:00+00:00","dateModified":"2025-04-12T06:09:00+00:00","author":{"@id":"https:\/\/www.fcbarcelonanoticias.com\/en\/#\/schema\/person\/991443f134df9a64c6874f96ff984c9d"},"description":"FC Barcelona seems to have found a bargain in the market in Wojciech Szcz\u0119sny, signing an experienced goalkeeper without incurring a particularly high salary","breadcrumb":{"@id":"https:\/\/www.fcbarcelonanoticias.com\/en\/fc-barcelona\/the-salary-that-wojciech-szcz-sny-will-receive-as-barca-player_307673_102.html#breadcrumb"},"inLanguage":"en-US","potentialAction":[{"@type":"ReadAction","target":["https:\/\/www.fcbarcelonanoticias.com\/en\/fc-barcelona\/the-salary-that-wojciech-szcz-sny-will-receive-as-barca-player_307673_102.html"]}]},{"@type":"ImageObject","inLanguage":"en-US","@id":"https:\/\/www.fcbarcelonanoticias.com\/en\/fc-barcelona\/the-salary-that-wojciech-szcz-sny-will-receive-as-barca-player_307673_102.html#primaryimage","url":"https:\/\/www.fcbarcelonanoticias.com\/en\/wp-content\/uploads\/sites\/2\/2024\/10\/wojciech-szczesny-vistiendo-la-camiseta-del-fc-barcelona.jpeg","contentUrl":"https:\/\/www.fcbarcelonanoticias.com\/en\/wp-content\/uploads\/sites\/2\/2024\/10\/wojciech-szczesny-vistiendo-la-camiseta-del-fc-barcelona.jpeg","width":1250,"height":730},{"@type":"BreadcrumbList","@id":"https:\/\/www.fcbarcelonanoticias.com\/en\/fc-barcelona\/the-salary-that-wojciech-szcz-sny-will-receive-as-barca-player_307673_102.html#breadcrumb","itemListElement":[{"@type":"ListItem","position":1,"name":"Portada","item":"https:\/\/www.fcbarcelonanoticias.com\/en\/"},{"@type":"ListItem","position":2,"name":"The salary that Wojciech Szcz\u0119sny will receive as a Bar\u00e7a player"}]},{"@type":"WebSite","@id":"https:\/\/www.fcbarcelonanoticias.com\/en\/#website","url":"https:\/\/www.fcbarcelonanoticias.com\/en\/","name":"EN - FC Barcelona Noticias","description":"","potentialAction":[{"@type":"SearchAction","target":{"@type":"EntryPoint","urlTemplate":"https:\/\/www.fcbarcelonanoticias.com\/en\/?s={search_term_string}"},"query-input":{"@type":"PropertyValueSpecification","valueRequired":true,"valueName":"search_term_string"}}],"inLanguage":"en-US"},{"@type":"Person","@id":"https:\/\/www.fcbarcelonanoticias.com\/en\/#\/schema\/person\/991443f134df9a64c6874f96ff984c9d","name":"Kevin G\u00f3mez","image":{"@type":"ImageObject","inLanguage":"en-US","@id":"https:\/\/secure.gravatar.com\/avatar\/?s=96&d=mm&r=g","url":"https:\/\/secure.gravatar.com\/avatar\/?s=96&d=mm&r=g","contentUrl":"https:\/\/secure.gravatar.com\/avatar\/?s=96&d=mm&r=g","caption":"Kevin G\u00f3mez"},"description":"Licenciado\u00a0en Periodismo y Comunicaci\u00f3n Audiovisual. Redactor en FCBN responsable de cubrir toda\u00a0la informaci\u00f3n del FC Barcelona y las principales competiciones de\u00a0f\u00fatbol.","url":"https:\/\/www.fcbarcelonanoticias.com\/en\/jugadores\/kevin-gomez_23_115.html"}]}},"_links":{"self":[{"href":"https:\/\/www.fcbarcelonanoticias.com\/en\/wp-json\/wp\/v2\/posts\/33552","targetHints":{"allow":["GET"]}}],"collection":[{"href":"https:\/\/www.fcbarcelonanoticias.com\/en\/wp-json\/wp\/v2\/posts"}],"about":[{"href":"https:\/\/www.fcbarcelonanoticias.com\/en\/wp-json\/wp\/v2\/types\/post"}],"author":[{"embeddable":true,"href":"https:\/\/www.fcbarcelonanoticias.com\/en\/wp-json\/wp\/v2\/users\/355"}],"replies":[{"embeddable":true,"href":"https:\/\/www.fcbarcelonanoticias.com\/en\/wp-json\/wp\/v2\/comments?post=33552"}],"version-history":[{"count":1,"href":"https:\/\/www.fcbarcelonanoticias.com\/en\/wp-json\/wp\/v2\/posts\/33552\/revisions"}],"predecessor-version":[{"id":109919,"href":"https:\/\/www.fcbarcelonanoticias.com\/en\/wp-json\/wp\/v2\/posts\/33552\/revisions\/109919"}],"wp:featuredmedia":[{"embeddable":true,"href":"https:\/\/www.fcbarcelonanoticias.com\/en\/wp-json\/wp\/v2\/media\/33553"}],"wp:attachment":[{"href":"https:\/\/www.fcbarcelonanoticias.com\/en\/wp-json\/wp\/v2\/media?parent=33552"}],"wp:term":[{"taxonomy":"category","embeddable":true,"href":"https:\/\/www.fcbarcelonanoticias.com\/en\/wp-json\/wp\/v2\/categories?post=33552"},{"taxonomy":"post_tag","embeddable":true,"href":"https:\/\/www.fcbarcelonanoticias.com\/en\/wp-json\/wp\/v2\/tags?post=33552"}],"curies":[{"name":"wp","href":"https:\/\/api.w.org\/{rel}","templated":true}]}}