{"id":3358,"date":"2024-01-13T22:40:00","date_gmt":"2024-01-13T21:40:00","guid":{"rendered":"https:\/\/weisetech.dev\/fc-barcelona-noticias\/en\/barca-atletic-does-not-raise-its-head-and-sinks-against-arenteiro_299887_102\/"},"modified":"2024-01-13T22:40:00","modified_gmt":"2024-01-13T21:40:00","slug":"barca-atletic-does-not-raise-its-head-and-sinks-against-arenteiro_299887_102","status":"publish","type":"post","link":"https:\/\/www.fcbarcelonanoticias.com\/en\/barca-atletic-does-not-raise-its-head-and-sinks-against-arenteiro_299887_102.html","title":{"rendered":"Bar\u00e7a Atl\u00e8tic does not raise its head and &#8216;sinks&#8217; against Arenteiro"},"content":{"rendered":"<h2 class=\"wp-block-heading\">Rafa M\u00e1rquez&#8217;s team has also failed to overcome Arenteiro (2-0), thus accumulating five days without knowing victory. The Bar\u00e7a subsidiary closes the first round at its worst moment and needs to react to avoid falling out of the promotion positions<\/h2>  \r\n<div class=\"article-addons\">\r\n    <a href=\"https:\/\/www.fcbarcelonanoticias.com\/en\/calendar-fc-barcelona.html\"\r\n       target=\"_self\"\r\n       title=\"Calendar of FC Barcelona\"\r\n       class=\"blue-gredient-btn\">\r\n       \r\n        Calendar of FC Barcelona    <\/a>\r\n<\/div>   <p><strong>The Bar\u00e7a Atl\u00e8tic continues without raising head and concludes the first turn &#8220;costs down and without brakes&#8221; with a new defeat in front of the Arenteiro by 2-0.<\/strong><a data-external=\"0\" data-intl-links-en=\"https:\/\/www.fcbarcelonanoticias.com\/en\/transfers\/juliano-belletti-signing-crashes-for-the-barca-atletic_299808_102.html\" data-intl-links-es=\"https:\/\/www.fcbarcelonanoticias.com\/fichajes\/juliano-belletti-fichaje-estrella-barca-atletic_299808_102.html\" href=\"https:\/\/www.fcbarcelonanoticias.com\/en\/transfers\/juliano-belletti-signing-crashes-for-the-barca-atletic_299808_102.html\" rel=\"follow\" target=\"_self\" title=\"Juliano Belletti, fichaje estrella para el Bar\u00e7a Atl\u00e8tic\"> The directed by Rafa M\u00e1rquez accumulate five parties without knowing the victory<\/a>, with two ties and three defeats. The start of year has been complicated for the Barcelona subsidiary, <a data-external=\"0\" data-intl-links-en=\"https:\/\/www.fcbarcelonanoticias.com\/en\/the-evolution-of-barca-atletic-since-rafa-marquez-took-the-reins_299347_102.html\" data-intl-links-es=\"https:\/\/www.fcbarcelonanoticias.com\/evolucion-barca-atletic-rafa-marquez-cogio-riendas_299347_102.html\" href=\"https:\/\/www.fcbarcelonanoticias.com\/en\/the-evolution-of-barca-atletic-since-rafa-marquez-took-the-reins_299347_102.html\" rel=\"follow\" target=\"_self\" title=\"La evoluci\u00f3n del Bar\u00e7a Atl\u00e8tic desde que Rafa M\u00e1rquez cogi\u00f3 las riendas\">that was very positioned in the high part of the competition<\/a> to aspire to the promotion and now finds to 5 points of distance.<\/p>  <p>Although the cul\u00e9s did not make a bad party, did not attain to concretise the task completely.<strong> The team faced the meeting with some sensitive drops like Marc Casad\u00f3, Mika Faye or Alarc\u00f3n<\/strong>, and in spite of beginning being dominadores clear of the balloon with an intense pressure, the fault of efficiency in the goal happened bill. Percan And Pau V\u00edctor had two very clear occasions in the first compasses of the party, but any resulted successful.<\/p>  <p>Instead, the venues took advantage of the opportunities that had, and after testing the goal of Marc Vidal in two occasions, <strong>a &#8216;misili&#8217; of Chac\u00f3n removed the &#8216;cobwebs&#8217; of the Barcelona goal, advancing to the just venues before the end of the first-half. <\/strong>In spite of this, the Bar\u00e7a followed dominating the game and seemed able of revertir the situation.<\/p>  <h2>The drop that satisfied the glass<\/h2>  <p>In the second half, went out of the changing room decided to empatar the party, and in the first minutes, <strong>Unai Hern\u00e1ndez was near to do it after a big pass of Aleix Garrido. <\/strong>In spite of continuing arriving with strength to the rival area, a misfortune asest\u00f3 the definite hit for the blaugranas. The Juvenile Joan Anaya lesion\u00f3 during an offensive prolongation, and before the trainer could do the change, the Galicians annotated the 2-0.<\/p>  <p>This hard hit left to the Catalans &#8216;touched and sunk&#8217;.<strong> The meeting concluded with a 2-0 in favour of the venues, reflecting the &#8216;crisis&#8217; that crosses the Barcelona subsidiary to the closing of the first turn.<\/strong> The ones of Rafa M\u00e1rquez will have to revertir the situation in front of the Real Sociedad B in a crucial party against a direct rival to go back to struggle by the promotion. Nevertheless, for this meeting, the cul\u00e9s will be able to have three important incorporations: Marc Casad\u00f3, H\u00e9ctor Fort and Mika Faye.<\/p> ","protected":false},"excerpt":{"rendered":"<p>Rafa M\u00e1rquez&#8217;s team has also failed to overcome Arenteiro (2-0), thus accumulating five days without knowing victory. The Bar\u00e7a subsidiary closes the first round at its worst moment and needs to react to avoid falling out of the promotion positions The Bar\u00e7a Atl\u00e8tic continues without raising head and concludes the first turn &#8220;costs down and [&hellip;]<\/p>\n","protected":false},"author":344,"featured_media":792,"comment_status":"closed","ping_status":"open","sticky":false,"template":"","format":"standard","meta":{"_acf_changed":false,"inline_featured_image":false,"_nextfly_llmd_date_locked":false,"footnotes":""},"categories":[1],"tags":[181],"class_list":["post-3358","post","type-post","status-publish","format-standard","has-post-thumbnail","hentry","category-sin-categoria","tag-the-masia"],"acf":[],"yoast_head":"<!-- This site is optimized with the Yoast SEO plugin v27.3 - https:\/\/yoast.com\/product\/yoast-seo-wordpress\/ -->\n<title>Bar\u00e7a Atl\u00e8tic does not raise its head and &#039;sinks&#039; against Arenteiro<\/title>\n<meta name=\"description\" content=\"Rafa M\u00e1rquez&#039;s team has also failed to overcome Arenteiro (2-0), thus accumulating five days without knowing victory. The Bar\u00e7a subsidiary closes the first round at its worst moment and needs to react to avoid falling out of the promotion positions\" \/>\n<meta name=\"robots\" content=\"index, follow, max-snippet:-1, max-image-preview:large, max-video-preview:-1\" \/>\n<link rel=\"canonical\" href=\"https:\/\/www.fcbarcelonanoticias.com\/en\/barca-atletic-does-not-raise-its-head-and-sinks-against-arenteiro_299887_102.html\" \/>\n<meta property=\"og:locale\" content=\"en_US\" \/>\n<meta property=\"og:type\" content=\"article\" \/>\n<meta property=\"og:title\" content=\"Bar\u00e7a Atl\u00e8tic does not raise its head and &#039;sinks&#039; against Arenteiro\" \/>\n<meta property=\"og:description\" content=\"Rafa M\u00e1rquez&#039;s team has also failed to overcome Arenteiro (2-0), thus accumulating five days without knowing victory. The Bar\u00e7a subsidiary closes the first round at its worst moment and needs to react to avoid falling out of the promotion positions\" \/>\n<meta property=\"og:url\" content=\"https:\/\/www.fcbarcelonanoticias.com\/en\/barca-atletic-does-not-raise-its-head-and-sinks-against-arenteiro_299887_102.html\" \/>\n<meta property=\"og:site_name\" content=\"EN - FC Barcelona Noticias\" \/>\n<meta property=\"article:published_time\" content=\"2024-01-13T21:40:00+00:00\" \/>\n<meta property=\"og:image\" content=\"https:\/\/www.fcbarcelonanoticias.com\/en\/wp-content\/uploads\/sites\/2\/2024\/01\/unai-hernandez-barca-atletic.jpeg\" \/>\n\t<meta property=\"og:image:width\" content=\"1300\" \/>\n\t<meta property=\"og:image:height\" content=\"732\" \/>\n\t<meta property=\"og:image:type\" content=\"image\/jpeg\" \/>\n<meta name=\"author\" content=\"Ariel Molina\" \/>\n<meta name=\"twitter:card\" content=\"summary_large_image\" \/>\n<meta name=\"twitter:label1\" content=\"Written by\" \/>\n\t<meta name=\"twitter:data1\" content=\"Ariel Molina\" \/>\n\t<meta name=\"twitter:label2\" content=\"Est. reading time\" \/>\n\t<meta name=\"twitter:data2\" content=\"2 minutes\" \/>\n<script type=\"application\/ld+json\" class=\"yoast-schema-graph\">{\"@context\":\"https:\\\/\\\/schema.org\",\"@graph\":[{\"@type\":\"Article\",\"@id\":\"https:\\\/\\\/www.fcbarcelonanoticias.com\\\/en\\\/barca-atletic-does-not-raise-its-head-and-sinks-against-arenteiro_299887_102.html#article\",\"isPartOf\":{\"@id\":\"https:\\\/\\\/www.fcbarcelonanoticias.com\\\/en\\\/barca-atletic-does-not-raise-its-head-and-sinks-against-arenteiro_299887_102.html\"},\"author\":{\"name\":\"Ariel Molina\",\"@id\":\"https:\\\/\\\/www.fcbarcelonanoticias.com\\\/en\\\/#\\\/schema\\\/person\\\/e9820ca62b3ab5d344366c282da4bce7\"},\"headline\":\"Bar\u00e7a Atl\u00e8tic does not raise its head and &#8216;sinks&#8217; against Arenteiro\",\"datePublished\":\"2024-01-13T21:40:00+00:00\",\"mainEntityOfPage\":{\"@id\":\"https:\\\/\\\/www.fcbarcelonanoticias.com\\\/en\\\/barca-atletic-does-not-raise-its-head-and-sinks-against-arenteiro_299887_102.html\"},\"wordCount\":458,\"image\":{\"@id\":\"https:\\\/\\\/www.fcbarcelonanoticias.com\\\/en\\\/barca-atletic-does-not-raise-its-head-and-sinks-against-arenteiro_299887_102.html#primaryimage\"},\"thumbnailUrl\":\"https:\\\/\\\/www.fcbarcelonanoticias.com\\\/en\\\/wp-content\\\/uploads\\\/sites\\\/2\\\/2024\\\/01\\\/unai-hernandez-barca-atletic.jpeg\",\"keywords\":[\"The Masia\"],\"articleSection\":[\"Sin categor\u00eda\"],\"inLanguage\":\"en-US\"},{\"@type\":\"WebPage\",\"@id\":\"https:\\\/\\\/www.fcbarcelonanoticias.com\\\/en\\\/barca-atletic-does-not-raise-its-head-and-sinks-against-arenteiro_299887_102.html\",\"url\":\"https:\\\/\\\/www.fcbarcelonanoticias.com\\\/en\\\/barca-atletic-does-not-raise-its-head-and-sinks-against-arenteiro_299887_102.html\",\"name\":\"Bar\u00e7a Atl\u00e8tic does not raise its head and 'sinks' against Arenteiro\",\"isPartOf\":{\"@id\":\"https:\\\/\\\/www.fcbarcelonanoticias.com\\\/en\\\/#website\"},\"primaryImageOfPage\":{\"@id\":\"https:\\\/\\\/www.fcbarcelonanoticias.com\\\/en\\\/barca-atletic-does-not-raise-its-head-and-sinks-against-arenteiro_299887_102.html#primaryimage\"},\"image\":{\"@id\":\"https:\\\/\\\/www.fcbarcelonanoticias.com\\\/en\\\/barca-atletic-does-not-raise-its-head-and-sinks-against-arenteiro_299887_102.html#primaryimage\"},\"thumbnailUrl\":\"https:\\\/\\\/www.fcbarcelonanoticias.com\\\/en\\\/wp-content\\\/uploads\\\/sites\\\/2\\\/2024\\\/01\\\/unai-hernandez-barca-atletic.jpeg\",\"datePublished\":\"2024-01-13T21:40:00+00:00\",\"author\":{\"@id\":\"https:\\\/\\\/www.fcbarcelonanoticias.com\\\/en\\\/#\\\/schema\\\/person\\\/e9820ca62b3ab5d344366c282da4bce7\"},\"description\":\"Rafa M\u00e1rquez's team has also failed to overcome Arenteiro (2-0), thus accumulating five days without knowing victory. The Bar\u00e7a subsidiary closes the first round at its worst moment and needs to react to avoid falling out of the promotion positions\",\"breadcrumb\":{\"@id\":\"https:\\\/\\\/www.fcbarcelonanoticias.com\\\/en\\\/barca-atletic-does-not-raise-its-head-and-sinks-against-arenteiro_299887_102.html#breadcrumb\"},\"inLanguage\":\"en-US\",\"potentialAction\":[{\"@type\":\"ReadAction\",\"target\":[\"https:\\\/\\\/www.fcbarcelonanoticias.com\\\/en\\\/barca-atletic-does-not-raise-its-head-and-sinks-against-arenteiro_299887_102.html\"]}]},{\"@type\":\"ImageObject\",\"inLanguage\":\"en-US\",\"@id\":\"https:\\\/\\\/www.fcbarcelonanoticias.com\\\/en\\\/barca-atletic-does-not-raise-its-head-and-sinks-against-arenteiro_299887_102.html#primaryimage\",\"url\":\"https:\\\/\\\/www.fcbarcelonanoticias.com\\\/en\\\/wp-content\\\/uploads\\\/sites\\\/2\\\/2024\\\/01\\\/unai-hernandez-barca-atletic.jpeg\",\"contentUrl\":\"https:\\\/\\\/www.fcbarcelonanoticias.com\\\/en\\\/wp-content\\\/uploads\\\/sites\\\/2\\\/2024\\\/01\\\/unai-hernandez-barca-atletic.jpeg\",\"width\":1300,\"height\":732},{\"@type\":\"BreadcrumbList\",\"@id\":\"https:\\\/\\\/www.fcbarcelonanoticias.com\\\/en\\\/barca-atletic-does-not-raise-its-head-and-sinks-against-arenteiro_299887_102.html#breadcrumb\",\"itemListElement\":[{\"@type\":\"ListItem\",\"position\":1,\"name\":\"Portada\",\"item\":\"https:\\\/\\\/www.fcbarcelonanoticias.com\\\/en\\\/\"},{\"@type\":\"ListItem\",\"position\":2,\"name\":\"Bar\u00e7a Atl\u00e8tic does not raise its head and &#8216;sinks&#8217; against Arenteiro\"}]},{\"@type\":\"WebSite\",\"@id\":\"https:\\\/\\\/www.fcbarcelonanoticias.com\\\/en\\\/#website\",\"url\":\"https:\\\/\\\/www.fcbarcelonanoticias.com\\\/en\\\/\",\"name\":\"EN - FC Barcelona Noticias\",\"description\":\"\",\"potentialAction\":[{\"@type\":\"SearchAction\",\"target\":{\"@type\":\"EntryPoint\",\"urlTemplate\":\"https:\\\/\\\/www.fcbarcelonanoticias.com\\\/en\\\/?s={search_term_string}\"},\"query-input\":{\"@type\":\"PropertyValueSpecification\",\"valueRequired\":true,\"valueName\":\"search_term_string\"}}],\"inLanguage\":\"en-US\"},{\"@type\":\"Person\",\"@id\":\"https:\\\/\\\/www.fcbarcelonanoticias.com\\\/en\\\/#\\\/schema\\\/person\\\/e9820ca62b3ab5d344366c282da4bce7\",\"name\":\"Ariel Molina\",\"image\":{\"@type\":\"ImageObject\",\"inLanguage\":\"en-US\",\"@id\":\"https:\\\/\\\/secure.gravatar.com\\\/avatar\\\/?s=96&d=mm&r=g\",\"url\":\"https:\\\/\\\/secure.gravatar.com\\\/avatar\\\/?s=96&d=mm&r=g\",\"contentUrl\":\"https:\\\/\\\/secure.gravatar.com\\\/avatar\\\/?s=96&d=mm&r=g\",\"caption\":\"Ariel Molina\"},\"url\":\"https:\\\/\\\/www.fcbarcelonanoticias.com\\\/en\\\/fc-barcelona\\\/ariel-molina_24_115.html\"}]}<\/script>\n<!-- \/ Yoast SEO plugin. -->","yoast_head_json":{"title":"Bar\u00e7a Atl\u00e8tic does not raise its head and 'sinks' against Arenteiro","description":"Rafa M\u00e1rquez's team has also failed to overcome Arenteiro (2-0), thus accumulating five days without knowing victory. The Bar\u00e7a subsidiary closes the first round at its worst moment and needs to react to avoid falling out of the promotion positions","robots":{"index":"index","follow":"follow","max-snippet":"max-snippet:-1","max-image-preview":"max-image-preview:large","max-video-preview":"max-video-preview:-1"},"canonical":"https:\/\/www.fcbarcelonanoticias.com\/en\/barca-atletic-does-not-raise-its-head-and-sinks-against-arenteiro_299887_102.html","og_locale":"en_US","og_type":"article","og_title":"Bar\u00e7a Atl\u00e8tic does not raise its head and 'sinks' against Arenteiro","og_description":"Rafa M\u00e1rquez's team has also failed to overcome Arenteiro (2-0), thus accumulating five days without knowing victory. The Bar\u00e7a subsidiary closes the first round at its worst moment and needs to react to avoid falling out of the promotion positions","og_url":"https:\/\/www.fcbarcelonanoticias.com\/en\/barca-atletic-does-not-raise-its-head-and-sinks-against-arenteiro_299887_102.html","og_site_name":"EN - FC Barcelona Noticias","article_published_time":"2024-01-13T21:40:00+00:00","og_image":[{"width":1300,"height":732,"url":"https:\/\/www.fcbarcelonanoticias.com\/en\/wp-content\/uploads\/sites\/2\/2024\/01\/unai-hernandez-barca-atletic.jpeg","type":"image\/jpeg"}],"author":"Ariel Molina","twitter_card":"summary_large_image","twitter_misc":{"Written by":"Ariel Molina","Est. reading time":"2 minutes"},"schema":{"@context":"https:\/\/schema.org","@graph":[{"@type":"Article","@id":"https:\/\/www.fcbarcelonanoticias.com\/en\/barca-atletic-does-not-raise-its-head-and-sinks-against-arenteiro_299887_102.html#article","isPartOf":{"@id":"https:\/\/www.fcbarcelonanoticias.com\/en\/barca-atletic-does-not-raise-its-head-and-sinks-against-arenteiro_299887_102.html"},"author":{"name":"Ariel Molina","@id":"https:\/\/www.fcbarcelonanoticias.com\/en\/#\/schema\/person\/e9820ca62b3ab5d344366c282da4bce7"},"headline":"Bar\u00e7a Atl\u00e8tic does not raise its head and &#8216;sinks&#8217; against Arenteiro","datePublished":"2024-01-13T21:40:00+00:00","mainEntityOfPage":{"@id":"https:\/\/www.fcbarcelonanoticias.com\/en\/barca-atletic-does-not-raise-its-head-and-sinks-against-arenteiro_299887_102.html"},"wordCount":458,"image":{"@id":"https:\/\/www.fcbarcelonanoticias.com\/en\/barca-atletic-does-not-raise-its-head-and-sinks-against-arenteiro_299887_102.html#primaryimage"},"thumbnailUrl":"https:\/\/www.fcbarcelonanoticias.com\/en\/wp-content\/uploads\/sites\/2\/2024\/01\/unai-hernandez-barca-atletic.jpeg","keywords":["The Masia"],"articleSection":["Sin categor\u00eda"],"inLanguage":"en-US"},{"@type":"WebPage","@id":"https:\/\/www.fcbarcelonanoticias.com\/en\/barca-atletic-does-not-raise-its-head-and-sinks-against-arenteiro_299887_102.html","url":"https:\/\/www.fcbarcelonanoticias.com\/en\/barca-atletic-does-not-raise-its-head-and-sinks-against-arenteiro_299887_102.html","name":"Bar\u00e7a Atl\u00e8tic does not raise its head and 'sinks' against Arenteiro","isPartOf":{"@id":"https:\/\/www.fcbarcelonanoticias.com\/en\/#website"},"primaryImageOfPage":{"@id":"https:\/\/www.fcbarcelonanoticias.com\/en\/barca-atletic-does-not-raise-its-head-and-sinks-against-arenteiro_299887_102.html#primaryimage"},"image":{"@id":"https:\/\/www.fcbarcelonanoticias.com\/en\/barca-atletic-does-not-raise-its-head-and-sinks-against-arenteiro_299887_102.html#primaryimage"},"thumbnailUrl":"https:\/\/www.fcbarcelonanoticias.com\/en\/wp-content\/uploads\/sites\/2\/2024\/01\/unai-hernandez-barca-atletic.jpeg","datePublished":"2024-01-13T21:40:00+00:00","author":{"@id":"https:\/\/www.fcbarcelonanoticias.com\/en\/#\/schema\/person\/e9820ca62b3ab5d344366c282da4bce7"},"description":"Rafa M\u00e1rquez's team has also failed to overcome Arenteiro (2-0), thus accumulating five days without knowing victory. The Bar\u00e7a subsidiary closes the first round at its worst moment and needs to react to avoid falling out of the promotion positions","breadcrumb":{"@id":"https:\/\/www.fcbarcelonanoticias.com\/en\/barca-atletic-does-not-raise-its-head-and-sinks-against-arenteiro_299887_102.html#breadcrumb"},"inLanguage":"en-US","potentialAction":[{"@type":"ReadAction","target":["https:\/\/www.fcbarcelonanoticias.com\/en\/barca-atletic-does-not-raise-its-head-and-sinks-against-arenteiro_299887_102.html"]}]},{"@type":"ImageObject","inLanguage":"en-US","@id":"https:\/\/www.fcbarcelonanoticias.com\/en\/barca-atletic-does-not-raise-its-head-and-sinks-against-arenteiro_299887_102.html#primaryimage","url":"https:\/\/www.fcbarcelonanoticias.com\/en\/wp-content\/uploads\/sites\/2\/2024\/01\/unai-hernandez-barca-atletic.jpeg","contentUrl":"https:\/\/www.fcbarcelonanoticias.com\/en\/wp-content\/uploads\/sites\/2\/2024\/01\/unai-hernandez-barca-atletic.jpeg","width":1300,"height":732},{"@type":"BreadcrumbList","@id":"https:\/\/www.fcbarcelonanoticias.com\/en\/barca-atletic-does-not-raise-its-head-and-sinks-against-arenteiro_299887_102.html#breadcrumb","itemListElement":[{"@type":"ListItem","position":1,"name":"Portada","item":"https:\/\/www.fcbarcelonanoticias.com\/en\/"},{"@type":"ListItem","position":2,"name":"Bar\u00e7a Atl\u00e8tic does not raise its head and &#8216;sinks&#8217; against Arenteiro"}]},{"@type":"WebSite","@id":"https:\/\/www.fcbarcelonanoticias.com\/en\/#website","url":"https:\/\/www.fcbarcelonanoticias.com\/en\/","name":"EN - FC Barcelona Noticias","description":"","potentialAction":[{"@type":"SearchAction","target":{"@type":"EntryPoint","urlTemplate":"https:\/\/www.fcbarcelonanoticias.com\/en\/?s={search_term_string}"},"query-input":{"@type":"PropertyValueSpecification","valueRequired":true,"valueName":"search_term_string"}}],"inLanguage":"en-US"},{"@type":"Person","@id":"https:\/\/www.fcbarcelonanoticias.com\/en\/#\/schema\/person\/e9820ca62b3ab5d344366c282da4bce7","name":"Ariel Molina","image":{"@type":"ImageObject","inLanguage":"en-US","@id":"https:\/\/secure.gravatar.com\/avatar\/?s=96&d=mm&r=g","url":"https:\/\/secure.gravatar.com\/avatar\/?s=96&d=mm&r=g","contentUrl":"https:\/\/secure.gravatar.com\/avatar\/?s=96&d=mm&r=g","caption":"Ariel Molina"},"url":"https:\/\/www.fcbarcelonanoticias.com\/en\/fc-barcelona\/ariel-molina_24_115.html"}]}},"_links":{"self":[{"href":"https:\/\/www.fcbarcelonanoticias.com\/en\/wp-json\/wp\/v2\/posts\/3358","targetHints":{"allow":["GET"]}}],"collection":[{"href":"https:\/\/www.fcbarcelonanoticias.com\/en\/wp-json\/wp\/v2\/posts"}],"about":[{"href":"https:\/\/www.fcbarcelonanoticias.com\/en\/wp-json\/wp\/v2\/types\/post"}],"author":[{"embeddable":true,"href":"https:\/\/www.fcbarcelonanoticias.com\/en\/wp-json\/wp\/v2\/users\/344"}],"replies":[{"embeddable":true,"href":"https:\/\/www.fcbarcelonanoticias.com\/en\/wp-json\/wp\/v2\/comments?post=3358"}],"version-history":[{"count":1,"href":"https:\/\/www.fcbarcelonanoticias.com\/en\/wp-json\/wp\/v2\/posts\/3358\/revisions"}],"predecessor-version":[{"id":100334,"href":"https:\/\/www.fcbarcelonanoticias.com\/en\/wp-json\/wp\/v2\/posts\/3358\/revisions\/100334"}],"wp:featuredmedia":[{"embeddable":true,"href":"https:\/\/www.fcbarcelonanoticias.com\/en\/wp-json\/wp\/v2\/media\/792"}],"wp:attachment":[{"href":"https:\/\/www.fcbarcelonanoticias.com\/en\/wp-json\/wp\/v2\/media?parent=3358"}],"wp:term":[{"taxonomy":"category","embeddable":true,"href":"https:\/\/www.fcbarcelonanoticias.com\/en\/wp-json\/wp\/v2\/categories?post=3358"},{"taxonomy":"post_tag","embeddable":true,"href":"https:\/\/www.fcbarcelonanoticias.com\/en\/wp-json\/wp\/v2\/tags?post=3358"}],"curies":[{"name":"wp","href":"https:\/\/api.w.org\/{rel}","templated":true}]}}