{"id":33799,"date":"2023-02-04T17:22:00","date_gmt":"2023-02-04T16:22:00","guid":{"rendered":"https:\/\/weisetech.dev\/fc-barcelona-noticias\/en\/the-seville-loads-against-the-barca-for-preventing-the-entry-to-his-fans_289299_102\/"},"modified":"2026-04-16T10:01:09","modified_gmt":"2026-04-16T08:01:09","slug":"the-seville-loads-against-the-barca-for-preventing-the-entry-to-his-fans_289299_102","status":"publish","type":"post","link":"https:\/\/www.fcbarcelonanoticias.com\/en\/fc-barcelona\/the-seville-loads-against-the-barca-for-preventing-the-entry-to-his-fans_289299_102.html","title":{"rendered":"Sevilla charges against Bar\u00e7a for preventing their fans from entering"},"content":{"rendered":"<h2 class=\"wp-block-heading\">Sevilla charges against Bar\u00e7a for preventing their fans from entering<\/h2>  \r\n<div class=\"article-addons\">\r\n    <a href=\"https:\/\/www.fcbarcelonanoticias.com\/en\/calendar-fc-barcelona.html\"\r\n       target=\"_self\"\r\n       title=\"Calendar of FC Barcelona\"\r\n       class=\"blue-gredient-btn\">\r\n       \r\n        Calendar of FC Barcelona    <\/a>\r\n<\/div>   <p>Every time it is  doing more common the measure to prevent the entry or the sale of entrances to the rival fans in several parties contested in Spain. In this occasion, again <strong>the <a data-external=\"0\" data-intl-links-en=\"https:\/\/www.fcbarcelonanoticias.com\/en\/copa-del-rey\/barca-confirms-there-will-not-be-any-impediment-for-real-fans_288965_102.html\" data-intl-links-es=\"https:\/\/www.fcbarcelonanoticias.com\/copa-del-rey\/barca-confirma-no-habra-ningun-impedimento-aficionados-real_288965_102.html\" href=\"https:\/\/www.fcbarcelonanoticias.com\/en\/copa-del-rey\/barca-confirms-there-will-not-be-any-impediment-for-real-fans_288965_102.html\" rel=\"follow\" target=\"_self\" title=\"El Bar\u00e7a confirma que no habr\u00e1 ning\u00fan impedimento para los aficionados de la Real\">FC Barcelona<\/a> has left clear that the entrances will not be available for the followers of the contrary team<\/strong>; in this case the team hispalense, that has left of self-evident his rejection to this measure through an official communiqu\u00e9 spread in his platforms.<\/p> <p>Like this it has informed it the <a data-external=\"0\" data-intl-links-es=\"https:\/\/www.fcbarcelonanoticias.com\/laliga\/fc-barcelona-vs-sevilla-en-tv-cuando-donde-ver-partido-laliga_289297_102.html\" href=\"https:\/\/www.fcbarcelonanoticias.com\/laliga\/fc-barcelona-vs-sevilla-en-tv-cuando-donde-ver-partido-laliga_289297_102.html\" rel=\"follow\" target=\"_self\" title=\"FC Barcelona vs Sevilla en TV: Cu\u00e1ndo y d\u00f3nde ver el partido de LaLiga\">Seville<\/a>, signalling which have been specifically the measures that have them incomodado, indicating that no only have directed  to the team azulgrama but this case also has been remitted in front of the patronal: &#8220;The Seville FC has presented a formal complaint to the FC Barcelona <strong>in front of the measure of the Barcelona club to prevent the sale of entrances to sevillistas<\/strong>, as well as to prevent them his access with emblems of the team, to the time that has done to arrive this same complaint to LaLiga for his knowledge.<\/p> <p>For the Andalusian team, treats  of a regrettable and disappointing act in front of what would have to be a party of the football, in which the followers hispalenses that have travelled until the City Condal will not be able to encourage to his players: &#8220;<strong>The Seville FC wants to show his surprise and disagreement in front of the warning<\/strong> that moves  to the fan interested in purchasing an entrance in the official channels of the Football Club Barcelona for the meeting that will contest  this Sunday in the Nou Camp to the 21:00 hours&#8221;:.<\/p> <p>Through his official portal, have indicated that this information was published, as it already is habit, in the official web of the Barcelona and his section devoted to the sales, where already is common to observe a notification warning that the entrances will not be available for fans identified with the rival team: &#8220;This warning literally expresses: <strong>&#8216;Forbidden the purchase for fans of the Seville Football Club<\/strong>.  denegar\u00e1 The access to the stadium to fans with clothes or emblems of the Seville Football Club'&#8221;.<\/p> <h4>They report disproportionate measures<\/h4> <p>For the Andalusian directive does not exist any valid reason as to consider that this commitment could suppose a high risk to take a measure that could be being disproportionate: &#8220;<strong>The club does not understand provided the message neither adjusted to the rule, although the party have declared  of high risk<\/strong>, that a fan of the Seville Football Club can not access to the stadium carrying or dressing a T-shirt or scarf of his team&#8221;.<\/p> ","protected":false},"excerpt":{"rendered":"<p>Sevilla charges against Bar\u00e7a for preventing their fans from entering Every time it is doing more common the measure to prevent the entry or the sale of entrances to the rival fans in several parties contested in Spain. In this occasion, again the FC Barcelona has left clear that the entrances will not be available [&hellip;]<\/p>\n","protected":false},"author":363,"featured_media":33800,"comment_status":"closed","ping_status":"open","sticky":false,"template":"","format":"standard","meta":{"_acf_changed":false,"inline_featured_image":false,"_nextfly_llmd_date_locked":false,"footnotes":""},"categories":[111],"tags":[74],"class_list":["post-33799","post","type-post","status-publish","format-standard","has-post-thumbnail","hentry","category-fc-barcelona","tag-sevilla-fc"],"acf":[],"yoast_head":"<!-- This site is optimized with the Yoast SEO plugin v27.3 - https:\/\/yoast.com\/product\/yoast-seo-wordpress\/ -->\n<title>The Seville loads against the Bar\u00e7a for preventing the entry to his fans<\/title>\n<meta name=\"description\" content=\"The directive of the Seville has manifested by means of a formal complaint after the Bar\u00e7a announced that it will not be allowed the entry of fans sevillistas to the Camp Nou\" \/>\n<meta name=\"robots\" content=\"index, follow, max-snippet:-1, max-image-preview:large, max-video-preview:-1\" \/>\n<link rel=\"canonical\" href=\"https:\/\/www.fcbarcelonanoticias.com\/en\/fc-barcelona\/the-seville-loads-against-the-barca-for-preventing-the-entry-to-his-fans_289299_102.html\" \/>\n<meta property=\"og:locale\" content=\"en_US\" \/>\n<meta property=\"og:type\" content=\"article\" \/>\n<meta property=\"og:title\" content=\"The Seville loads against the Bar\u00e7a for preventing the entry to his fans\" \/>\n<meta property=\"og:description\" content=\"The directive of the Seville has manifested by means of a formal complaint after the Bar\u00e7a announced that it will not be allowed the entry of fans sevillistas to the Camp Nou\" \/>\n<meta property=\"og:url\" content=\"https:\/\/www.fcbarcelonanoticias.com\/en\/fc-barcelona\/the-seville-loads-against-the-barca-for-preventing-the-entry-to-his-fans_289299_102.html\" \/>\n<meta property=\"og:site_name\" content=\"EN - FC Barcelona Noticias\" \/>\n<meta property=\"article:published_time\" content=\"2023-02-04T16:22:00+00:00\" \/>\n<meta property=\"article:modified_time\" content=\"2026-04-16T08:01:09+00:00\" \/>\n<meta property=\"og:image\" content=\"https:\/\/www.fcbarcelonanoticias.com\/en\/wp-content\/uploads\/sites\/2\/2023\/02\/fc-barcelona-v-getafe-cf-laliga-santander-4-1.jpeg\" \/>\n\t<meta property=\"og:image:width\" content=\"1200\" \/>\n\t<meta property=\"og:image:height\" content=\"716\" \/>\n\t<meta property=\"og:image:type\" content=\"image\/jpeg\" \/>\n<meta name=\"author\" content=\"Claudio Betancourt\" \/>\n<meta name=\"twitter:card\" content=\"summary_large_image\" \/>\n<meta name=\"twitter:label1\" content=\"Written by\" \/>\n\t<meta name=\"twitter:data1\" content=\"Claudio Betancourt\" \/>\n\t<meta name=\"twitter:label2\" content=\"Est. reading time\" \/>\n\t<meta name=\"twitter:data2\" content=\"2 minutes\" \/>\n<script type=\"application\/ld+json\" class=\"yoast-schema-graph\">{\"@context\":\"https:\\\/\\\/schema.org\",\"@graph\":[{\"@type\":\"Article\",\"@id\":\"https:\\\/\\\/www.fcbarcelonanoticias.com\\\/en\\\/fc-barcelona\\\/the-seville-loads-against-the-barca-for-preventing-the-entry-to-his-fans_289299_102.html#article\",\"isPartOf\":{\"@id\":\"https:\\\/\\\/www.fcbarcelonanoticias.com\\\/en\\\/fc-barcelona\\\/the-seville-loads-against-the-barca-for-preventing-the-entry-to-his-fans_289299_102.html\"},\"author\":{\"name\":\"Claudio Betancourt\",\"@id\":\"https:\\\/\\\/www.fcbarcelonanoticias.com\\\/en\\\/#\\\/schema\\\/person\\\/76c77917e39f918eb1604c571055386e\"},\"headline\":\"Sevilla charges against Bar\u00e7a for preventing their fans from entering\",\"datePublished\":\"2023-02-04T16:22:00+00:00\",\"dateModified\":\"2026-04-16T08:01:09+00:00\",\"mainEntityOfPage\":{\"@id\":\"https:\\\/\\\/www.fcbarcelonanoticias.com\\\/en\\\/fc-barcelona\\\/the-seville-loads-against-the-barca-for-preventing-the-entry-to-his-fans_289299_102.html\"},\"wordCount\":454,\"image\":{\"@id\":\"https:\\\/\\\/www.fcbarcelonanoticias.com\\\/en\\\/fc-barcelona\\\/the-seville-loads-against-the-barca-for-preventing-the-entry-to-his-fans_289299_102.html#primaryimage\"},\"thumbnailUrl\":\"https:\\\/\\\/www.fcbarcelonanoticias.com\\\/en\\\/wp-content\\\/uploads\\\/sites\\\/2\\\/2023\\\/02\\\/fc-barcelona-v-getafe-cf-laliga-santander-4-1.jpeg\",\"keywords\":[\"Sevilla FC\"],\"articleSection\":[\"FC Barcelona\"],\"inLanguage\":\"en-US\"},{\"@type\":\"WebPage\",\"@id\":\"https:\\\/\\\/www.fcbarcelonanoticias.com\\\/en\\\/fc-barcelona\\\/the-seville-loads-against-the-barca-for-preventing-the-entry-to-his-fans_289299_102.html\",\"url\":\"https:\\\/\\\/www.fcbarcelonanoticias.com\\\/en\\\/fc-barcelona\\\/the-seville-loads-against-the-barca-for-preventing-the-entry-to-his-fans_289299_102.html\",\"name\":\"The Seville loads against the Bar\u00e7a for preventing the entry to his fans\",\"isPartOf\":{\"@id\":\"https:\\\/\\\/www.fcbarcelonanoticias.com\\\/en\\\/#website\"},\"primaryImageOfPage\":{\"@id\":\"https:\\\/\\\/www.fcbarcelonanoticias.com\\\/en\\\/fc-barcelona\\\/the-seville-loads-against-the-barca-for-preventing-the-entry-to-his-fans_289299_102.html#primaryimage\"},\"image\":{\"@id\":\"https:\\\/\\\/www.fcbarcelonanoticias.com\\\/en\\\/fc-barcelona\\\/the-seville-loads-against-the-barca-for-preventing-the-entry-to-his-fans_289299_102.html#primaryimage\"},\"thumbnailUrl\":\"https:\\\/\\\/www.fcbarcelonanoticias.com\\\/en\\\/wp-content\\\/uploads\\\/sites\\\/2\\\/2023\\\/02\\\/fc-barcelona-v-getafe-cf-laliga-santander-4-1.jpeg\",\"datePublished\":\"2023-02-04T16:22:00+00:00\",\"dateModified\":\"2026-04-16T08:01:09+00:00\",\"author\":{\"@id\":\"https:\\\/\\\/www.fcbarcelonanoticias.com\\\/en\\\/#\\\/schema\\\/person\\\/76c77917e39f918eb1604c571055386e\"},\"description\":\"The directive of the Seville has manifested by means of a formal complaint after the Bar\u00e7a announced that it will not be allowed the entry of fans sevillistas to the Camp Nou\",\"breadcrumb\":{\"@id\":\"https:\\\/\\\/www.fcbarcelonanoticias.com\\\/en\\\/fc-barcelona\\\/the-seville-loads-against-the-barca-for-preventing-the-entry-to-his-fans_289299_102.html#breadcrumb\"},\"inLanguage\":\"en-US\",\"potentialAction\":[{\"@type\":\"ReadAction\",\"target\":[\"https:\\\/\\\/www.fcbarcelonanoticias.com\\\/en\\\/fc-barcelona\\\/the-seville-loads-against-the-barca-for-preventing-the-entry-to-his-fans_289299_102.html\"]}]},{\"@type\":\"ImageObject\",\"inLanguage\":\"en-US\",\"@id\":\"https:\\\/\\\/www.fcbarcelonanoticias.com\\\/en\\\/fc-barcelona\\\/the-seville-loads-against-the-barca-for-preventing-the-entry-to-his-fans_289299_102.html#primaryimage\",\"url\":\"https:\\\/\\\/www.fcbarcelonanoticias.com\\\/en\\\/wp-content\\\/uploads\\\/sites\\\/2\\\/2023\\\/02\\\/fc-barcelona-v-getafe-cf-laliga-santander-4-1.jpeg\",\"contentUrl\":\"https:\\\/\\\/www.fcbarcelonanoticias.com\\\/en\\\/wp-content\\\/uploads\\\/sites\\\/2\\\/2023\\\/02\\\/fc-barcelona-v-getafe-cf-laliga-santander-4-1.jpeg\",\"width\":1200,\"height\":716},{\"@type\":\"BreadcrumbList\",\"@id\":\"https:\\\/\\\/www.fcbarcelonanoticias.com\\\/en\\\/fc-barcelona\\\/the-seville-loads-against-the-barca-for-preventing-the-entry-to-his-fans_289299_102.html#breadcrumb\",\"itemListElement\":[{\"@type\":\"ListItem\",\"position\":1,\"name\":\"Portada\",\"item\":\"https:\\\/\\\/www.fcbarcelonanoticias.com\\\/en\\\/\"},{\"@type\":\"ListItem\",\"position\":2,\"name\":\"Sevilla charges against Bar\u00e7a for preventing their fans from entering\"}]},{\"@type\":\"WebSite\",\"@id\":\"https:\\\/\\\/www.fcbarcelonanoticias.com\\\/en\\\/#website\",\"url\":\"https:\\\/\\\/www.fcbarcelonanoticias.com\\\/en\\\/\",\"name\":\"EN - FC Barcelona Noticias\",\"description\":\"\",\"potentialAction\":[{\"@type\":\"SearchAction\",\"target\":{\"@type\":\"EntryPoint\",\"urlTemplate\":\"https:\\\/\\\/www.fcbarcelonanoticias.com\\\/en\\\/?s={search_term_string}\"},\"query-input\":{\"@type\":\"PropertyValueSpecification\",\"valueRequired\":true,\"valueName\":\"search_term_string\"}}],\"inLanguage\":\"en-US\"},{\"@type\":\"Person\",\"@id\":\"https:\\\/\\\/www.fcbarcelonanoticias.com\\\/en\\\/#\\\/schema\\\/person\\\/76c77917e39f918eb1604c571055386e\",\"name\":\"Claudio Betancourt\",\"image\":{\"@type\":\"ImageObject\",\"inLanguage\":\"en-US\",\"@id\":\"https:\\\/\\\/secure.gravatar.com\\\/avatar\\\/?s=96&d=mm&r=g\",\"url\":\"https:\\\/\\\/secure.gravatar.com\\\/avatar\\\/?s=96&d=mm&r=g\",\"contentUrl\":\"https:\\\/\\\/secure.gravatar.com\\\/avatar\\\/?s=96&d=mm&r=g\",\"caption\":\"Claudio Betancourt\"},\"url\":\"https:\\\/\\\/www.fcbarcelonanoticias.com\\\/en\\\/claudio-betancourt_14_115.html\"}]}<\/script>\n<!-- \/ Yoast SEO plugin. -->","yoast_head_json":{"title":"The Seville loads against the Bar\u00e7a for preventing the entry to his fans","description":"The directive of the Seville has manifested by means of a formal complaint after the Bar\u00e7a announced that it will not be allowed the entry of fans sevillistas to the Camp Nou","robots":{"index":"index","follow":"follow","max-snippet":"max-snippet:-1","max-image-preview":"max-image-preview:large","max-video-preview":"max-video-preview:-1"},"canonical":"https:\/\/www.fcbarcelonanoticias.com\/en\/fc-barcelona\/the-seville-loads-against-the-barca-for-preventing-the-entry-to-his-fans_289299_102.html","og_locale":"en_US","og_type":"article","og_title":"The Seville loads against the Bar\u00e7a for preventing the entry to his fans","og_description":"The directive of the Seville has manifested by means of a formal complaint after the Bar\u00e7a announced that it will not be allowed the entry of fans sevillistas to the Camp Nou","og_url":"https:\/\/www.fcbarcelonanoticias.com\/en\/fc-barcelona\/the-seville-loads-against-the-barca-for-preventing-the-entry-to-his-fans_289299_102.html","og_site_name":"EN - FC Barcelona Noticias","article_published_time":"2023-02-04T16:22:00+00:00","article_modified_time":"2026-04-16T08:01:09+00:00","og_image":[{"width":1200,"height":716,"url":"https:\/\/www.fcbarcelonanoticias.com\/en\/wp-content\/uploads\/sites\/2\/2023\/02\/fc-barcelona-v-getafe-cf-laliga-santander-4-1.jpeg","type":"image\/jpeg"}],"author":"Claudio Betancourt","twitter_card":"summary_large_image","twitter_misc":{"Written by":"Claudio Betancourt","Est. reading time":"2 minutes"},"schema":{"@context":"https:\/\/schema.org","@graph":[{"@type":"Article","@id":"https:\/\/www.fcbarcelonanoticias.com\/en\/fc-barcelona\/the-seville-loads-against-the-barca-for-preventing-the-entry-to-his-fans_289299_102.html#article","isPartOf":{"@id":"https:\/\/www.fcbarcelonanoticias.com\/en\/fc-barcelona\/the-seville-loads-against-the-barca-for-preventing-the-entry-to-his-fans_289299_102.html"},"author":{"name":"Claudio Betancourt","@id":"https:\/\/www.fcbarcelonanoticias.com\/en\/#\/schema\/person\/76c77917e39f918eb1604c571055386e"},"headline":"Sevilla charges against Bar\u00e7a for preventing their fans from entering","datePublished":"2023-02-04T16:22:00+00:00","dateModified":"2026-04-16T08:01:09+00:00","mainEntityOfPage":{"@id":"https:\/\/www.fcbarcelonanoticias.com\/en\/fc-barcelona\/the-seville-loads-against-the-barca-for-preventing-the-entry-to-his-fans_289299_102.html"},"wordCount":454,"image":{"@id":"https:\/\/www.fcbarcelonanoticias.com\/en\/fc-barcelona\/the-seville-loads-against-the-barca-for-preventing-the-entry-to-his-fans_289299_102.html#primaryimage"},"thumbnailUrl":"https:\/\/www.fcbarcelonanoticias.com\/en\/wp-content\/uploads\/sites\/2\/2023\/02\/fc-barcelona-v-getafe-cf-laliga-santander-4-1.jpeg","keywords":["Sevilla FC"],"articleSection":["FC Barcelona"],"inLanguage":"en-US"},{"@type":"WebPage","@id":"https:\/\/www.fcbarcelonanoticias.com\/en\/fc-barcelona\/the-seville-loads-against-the-barca-for-preventing-the-entry-to-his-fans_289299_102.html","url":"https:\/\/www.fcbarcelonanoticias.com\/en\/fc-barcelona\/the-seville-loads-against-the-barca-for-preventing-the-entry-to-his-fans_289299_102.html","name":"The Seville loads against the Bar\u00e7a for preventing the entry to his fans","isPartOf":{"@id":"https:\/\/www.fcbarcelonanoticias.com\/en\/#website"},"primaryImageOfPage":{"@id":"https:\/\/www.fcbarcelonanoticias.com\/en\/fc-barcelona\/the-seville-loads-against-the-barca-for-preventing-the-entry-to-his-fans_289299_102.html#primaryimage"},"image":{"@id":"https:\/\/www.fcbarcelonanoticias.com\/en\/fc-barcelona\/the-seville-loads-against-the-barca-for-preventing-the-entry-to-his-fans_289299_102.html#primaryimage"},"thumbnailUrl":"https:\/\/www.fcbarcelonanoticias.com\/en\/wp-content\/uploads\/sites\/2\/2023\/02\/fc-barcelona-v-getafe-cf-laliga-santander-4-1.jpeg","datePublished":"2023-02-04T16:22:00+00:00","dateModified":"2026-04-16T08:01:09+00:00","author":{"@id":"https:\/\/www.fcbarcelonanoticias.com\/en\/#\/schema\/person\/76c77917e39f918eb1604c571055386e"},"description":"The directive of the Seville has manifested by means of a formal complaint after the Bar\u00e7a announced that it will not be allowed the entry of fans sevillistas to the Camp Nou","breadcrumb":{"@id":"https:\/\/www.fcbarcelonanoticias.com\/en\/fc-barcelona\/the-seville-loads-against-the-barca-for-preventing-the-entry-to-his-fans_289299_102.html#breadcrumb"},"inLanguage":"en-US","potentialAction":[{"@type":"ReadAction","target":["https:\/\/www.fcbarcelonanoticias.com\/en\/fc-barcelona\/the-seville-loads-against-the-barca-for-preventing-the-entry-to-his-fans_289299_102.html"]}]},{"@type":"ImageObject","inLanguage":"en-US","@id":"https:\/\/www.fcbarcelonanoticias.com\/en\/fc-barcelona\/the-seville-loads-against-the-barca-for-preventing-the-entry-to-his-fans_289299_102.html#primaryimage","url":"https:\/\/www.fcbarcelonanoticias.com\/en\/wp-content\/uploads\/sites\/2\/2023\/02\/fc-barcelona-v-getafe-cf-laliga-santander-4-1.jpeg","contentUrl":"https:\/\/www.fcbarcelonanoticias.com\/en\/wp-content\/uploads\/sites\/2\/2023\/02\/fc-barcelona-v-getafe-cf-laliga-santander-4-1.jpeg","width":1200,"height":716},{"@type":"BreadcrumbList","@id":"https:\/\/www.fcbarcelonanoticias.com\/en\/fc-barcelona\/the-seville-loads-against-the-barca-for-preventing-the-entry-to-his-fans_289299_102.html#breadcrumb","itemListElement":[{"@type":"ListItem","position":1,"name":"Portada","item":"https:\/\/www.fcbarcelonanoticias.com\/en\/"},{"@type":"ListItem","position":2,"name":"Sevilla charges against Bar\u00e7a for preventing their fans from entering"}]},{"@type":"WebSite","@id":"https:\/\/www.fcbarcelonanoticias.com\/en\/#website","url":"https:\/\/www.fcbarcelonanoticias.com\/en\/","name":"EN - FC Barcelona Noticias","description":"","potentialAction":[{"@type":"SearchAction","target":{"@type":"EntryPoint","urlTemplate":"https:\/\/www.fcbarcelonanoticias.com\/en\/?s={search_term_string}"},"query-input":{"@type":"PropertyValueSpecification","valueRequired":true,"valueName":"search_term_string"}}],"inLanguage":"en-US"},{"@type":"Person","@id":"https:\/\/www.fcbarcelonanoticias.com\/en\/#\/schema\/person\/76c77917e39f918eb1604c571055386e","name":"Claudio Betancourt","image":{"@type":"ImageObject","inLanguage":"en-US","@id":"https:\/\/secure.gravatar.com\/avatar\/?s=96&d=mm&r=g","url":"https:\/\/secure.gravatar.com\/avatar\/?s=96&d=mm&r=g","contentUrl":"https:\/\/secure.gravatar.com\/avatar\/?s=96&d=mm&r=g","caption":"Claudio Betancourt"},"url":"https:\/\/www.fcbarcelonanoticias.com\/en\/claudio-betancourt_14_115.html"}]}},"_links":{"self":[{"href":"https:\/\/www.fcbarcelonanoticias.com\/en\/wp-json\/wp\/v2\/posts\/33799","targetHints":{"allow":["GET"]}}],"collection":[{"href":"https:\/\/www.fcbarcelonanoticias.com\/en\/wp-json\/wp\/v2\/posts"}],"about":[{"href":"https:\/\/www.fcbarcelonanoticias.com\/en\/wp-json\/wp\/v2\/types\/post"}],"author":[{"embeddable":true,"href":"https:\/\/www.fcbarcelonanoticias.com\/en\/wp-json\/wp\/v2\/users\/363"}],"replies":[{"embeddable":true,"href":"https:\/\/www.fcbarcelonanoticias.com\/en\/wp-json\/wp\/v2\/comments?post=33799"}],"version-history":[{"count":2,"href":"https:\/\/www.fcbarcelonanoticias.com\/en\/wp-json\/wp\/v2\/posts\/33799\/revisions"}],"predecessor-version":[{"id":183737,"href":"https:\/\/www.fcbarcelonanoticias.com\/en\/wp-json\/wp\/v2\/posts\/33799\/revisions\/183737"}],"wp:featuredmedia":[{"embeddable":true,"href":"https:\/\/www.fcbarcelonanoticias.com\/en\/wp-json\/wp\/v2\/media\/33800"}],"wp:attachment":[{"href":"https:\/\/www.fcbarcelonanoticias.com\/en\/wp-json\/wp\/v2\/media?parent=33799"}],"wp:term":[{"taxonomy":"category","embeddable":true,"href":"https:\/\/www.fcbarcelonanoticias.com\/en\/wp-json\/wp\/v2\/categories?post=33799"},{"taxonomy":"post_tag","embeddable":true,"href":"https:\/\/www.fcbarcelonanoticias.com\/en\/wp-json\/wp\/v2\/tags?post=33799"}],"curies":[{"name":"wp","href":"https:\/\/api.w.org\/{rel}","templated":true}]}}