{"id":33922,"date":"2024-07-12T19:11:00","date_gmt":"2024-07-12T17:11:00","guid":{"rendered":"https:\/\/weisetech.dev\/fc-barcelona-noticias\/en\/the-spotify-camp-nou-already-has-his-first-seats_305380_102\/"},"modified":"2024-07-12T19:11:00","modified_gmt":"2024-07-12T17:11:00","slug":"the-spotify-camp-nou-already-has-his-first-seats_305380_102","status":"publish","type":"post","link":"https:\/\/www.fcbarcelonanoticias.com\/en\/fc-barcelona\/the-spotify-camp-nou-already-has-his-first-seats_305380_102.html","title":{"rendered":"The Spotify Camp Nou already has its first seats"},"content":{"rendered":"<h2 class=\"wp-block-heading\">The first seats in the Spotify Camp Nou stands have already been placed. Most of the seats will be red. So far, the reopening of the stadium is scheduled for the end of this year<\/h2>  \r\n<div class=\"article-addons\">\r\n    <a href=\"https:\/\/www.fcbarcelonanoticias.com\/en\/calendar-fc-barcelona.html\"\r\n       target=\"_self\"\r\n       title=\"Calendar of FC Barcelona\"\r\n       class=\"blue-gredient-btn\">\r\n       \r\n        Calendar of FC Barcelona    <\/a>\r\n<\/div>   <p>In the Spotify Camp Nou continue the works to good rhythm, all this with the end to finish an innovative stadium that will house to some 65.000 fans. <strong>The reform of the installations began does more than a year and at present the zone of Goal South with Side is the one who presents more advances<\/strong>. In this sense, follow planting the beams and the pillars with the intention to surround all the installations.<\/p>  <p>The advances leave to glimpse that<a data-external=\"0\" data-intl-links-en=\"https:\/\/www.fcbarcelonanoticias.com\/en\/fc-barcelona\/fc-barcelona-will-close-briefly-new-lever-with-spotify-camp-nou_305261_102.html\" data-intl-links-es=\"https:\/\/www.fcbarcelonanoticias.com\/fc-barcelona\/fc-barcelona-cerrara-breve-nueva-palanca-con-spotify-camp-nou_305261_102.html\" href=\"https:\/\/www.fcbarcelonanoticias.com\/en\/club\/fc-barcelona-will-close-briefly-new-lever-with-spotify-camp-nou_305261_102.html\" rel=\"follow\" target=\"_self\" title=\"El FC Barcelona cerrar\u00e1 una nueva 'palanca' con el Spotify Camp Nou\"> probably the works finalise to finals of this year, such as it would be foreseen in the directive of the FC Barcelona<\/a>. Recently, <strong>Dani Pardo public a video in Youtube in which they can visualise the first seats that correspond to the second grader\u00eda<\/strong>. Many of the seats are covered by some protective of black colour. However, can see that some of them are red, a colour that when seeming goes to predominate in the new installations.<\/p>  <h2>The location of the 111 seats<\/h2>  <p>As it has trascended, <strong>the 111 seats find in the second grader\u00eda and form part of the ancient Goal Nord<\/strong>. In this context,<a data-external=\"0\" data-intl-links-en=\"https:\/\/www.fcbarcelonanoticias.com\/en\/fc-barcelona\/the-fc-barcelona-signs-an-agreement-for-the-seats-vip-of-the-spotify-camp-nou_305354_102.html\" data-intl-links-es=\"https:\/\/www.fcbarcelonanoticias.com\/fc-barcelona\/fc-barcelona-firma-acuerdo-asientos-vip-spotify-camp-nou_305354_102.html\" href=\"https:\/\/www.fcbarcelonanoticias.com\/en\/fc-barcelona\/the-fc-barcelona-signs-an-agreement-for-the-seats-vip-of-the-spotify-camp-nou_305354_102.html\" rel=\"follow\" target=\"_self\" title=\"El FC Barcelona firma un acuerdo para los asientos VIP del Spotify Camp Nou\"> the FC Barcelona recently signed an agreement with Figueras Seating to put innovative seats in the Spotify Camp Nou<\/a>. The cul\u00e9s agreed with the company, the incorporation of 4.000 seats and loges Premium, that will be installed in between the places and available spaces.<\/p>  <p>It fits to stand out that Limak, <strong>the Turkish company attendant of the works, is centred in finish in the agreed terms<\/strong>. The company works with a lot of planning afterwards that the City council forbade them work from the 22 until the 00 hours, because of the complaints of the neighbours. At present, the club chaired by Joan Laporta is slope of several things, one of them is the remodeling of his stadium, and the another is his manoeuvre to recover the rule of the 1-1 with look in new incorporations to the Barcelona entity.<\/p> ","protected":false},"excerpt":{"rendered":"<p>The first seats in the Spotify Camp Nou stands have already been placed. Most of the seats will be red. So far, the reopening of the stadium is scheduled for the end of this year In the Spotify Camp Nou continue the works to good rhythm, all this with the end to finish an innovative [&hellip;]<\/p>\n","protected":false},"author":350,"featured_media":4622,"comment_status":"closed","ping_status":"open","sticky":false,"template":"","format":"standard","meta":{"_acf_changed":false,"inline_featured_image":false,"_nextfly_llmd_date_locked":false,"footnotes":""},"categories":[111],"tags":[82,158],"class_list":["post-33922","post","type-post","status-publish","format-standard","has-post-thumbnail","hentry","category-fc-barcelona","tag-camp-nou","tag-joan-laporta"],"acf":[],"yoast_head":"<!-- This site is optimized with the Yoast SEO plugin v27.3 - https:\/\/yoast.com\/product\/yoast-seo-wordpress\/ -->\n<title>The Spotify Camp Nou already has his first seats<\/title>\n<meta name=\"description\" content=\"The first seats in the terracings of the Spotify Camp Nou already have been planted. The majority of the seats will be red. Up to now, the reinauguraci\u00f3n of the stadium is foreseen for finals of this year\" \/>\n<meta name=\"robots\" content=\"index, follow, max-snippet:-1, max-image-preview:large, max-video-preview:-1\" \/>\n<link rel=\"canonical\" href=\"https:\/\/www.fcbarcelonanoticias.com\/en\/fc-barcelona\/the-spotify-camp-nou-already-has-his-first-seats_305380_102.html\" \/>\n<meta property=\"og:locale\" content=\"en_US\" \/>\n<meta property=\"og:type\" content=\"article\" \/>\n<meta property=\"og:title\" content=\"The Spotify Camp Nou already has his first seats\" \/>\n<meta property=\"og:description\" content=\"The first seats in the terracings of the Spotify Camp Nou already have been planted. The majority of the seats will be red. Up to now, the reinauguraci\u00f3n of the stadium is foreseen for finals of this year\" \/>\n<meta property=\"og:url\" content=\"https:\/\/www.fcbarcelonanoticias.com\/en\/fc-barcelona\/the-spotify-camp-nou-already-has-his-first-seats_305380_102.html\" \/>\n<meta property=\"og:site_name\" content=\"EN - FC Barcelona Noticias\" \/>\n<meta property=\"article:published_time\" content=\"2024-07-12T17:11:00+00:00\" \/>\n<meta property=\"og:image\" content=\"https:\/\/www.fcbarcelonanoticias.com\/en\/wp-content\/uploads\/sites\/2\/2024\/06\/spotify-camp-nou.jpeg\" \/>\n\t<meta property=\"og:image:width\" content=\"1300\" \/>\n\t<meta property=\"og:image:height\" content=\"731\" \/>\n\t<meta property=\"og:image:type\" content=\"image\/jpeg\" \/>\n<meta name=\"author\" content=\"Jes\u00fas Bol\u00edvar\" \/>\n<meta name=\"twitter:card\" content=\"summary_large_image\" \/>\n<meta name=\"twitter:label1\" content=\"Written by\" \/>\n\t<meta name=\"twitter:data1\" content=\"Jes\u00fas Bol\u00edvar\" \/>\n\t<meta name=\"twitter:label2\" content=\"Est. reading time\" \/>\n\t<meta name=\"twitter:data2\" content=\"2 minutes\" \/>\n<script type=\"application\/ld+json\" class=\"yoast-schema-graph\">{\"@context\":\"https:\\\/\\\/schema.org\",\"@graph\":[{\"@type\":\"Article\",\"@id\":\"https:\\\/\\\/www.fcbarcelonanoticias.com\\\/en\\\/fc-barcelona\\\/the-spotify-camp-nou-already-has-his-first-seats_305380_102.html#article\",\"isPartOf\":{\"@id\":\"https:\\\/\\\/www.fcbarcelonanoticias.com\\\/en\\\/fc-barcelona\\\/the-spotify-camp-nou-already-has-his-first-seats_305380_102.html\"},\"author\":{\"name\":\"Jes\u00fas Bol\u00edvar\",\"@id\":\"https:\\\/\\\/www.fcbarcelonanoticias.com\\\/en\\\/#\\\/schema\\\/person\\\/5dbbcfa0643340852c9294383c353679\"},\"headline\":\"The Spotify Camp Nou already has its first seats\",\"datePublished\":\"2024-07-12T17:11:00+00:00\",\"mainEntityOfPage\":{\"@id\":\"https:\\\/\\\/www.fcbarcelonanoticias.com\\\/en\\\/fc-barcelona\\\/the-spotify-camp-nou-already-has-his-first-seats_305380_102.html\"},\"wordCount\":367,\"image\":{\"@id\":\"https:\\\/\\\/www.fcbarcelonanoticias.com\\\/en\\\/fc-barcelona\\\/the-spotify-camp-nou-already-has-his-first-seats_305380_102.html#primaryimage\"},\"thumbnailUrl\":\"https:\\\/\\\/www.fcbarcelonanoticias.com\\\/en\\\/wp-content\\\/uploads\\\/sites\\\/2\\\/2024\\\/06\\\/spotify-camp-nou.jpeg\",\"keywords\":[\"Camp Nou\",\"Joan Laporta\"],\"articleSection\":[\"FC Barcelona\"],\"inLanguage\":\"en-US\"},{\"@type\":\"WebPage\",\"@id\":\"https:\\\/\\\/www.fcbarcelonanoticias.com\\\/en\\\/fc-barcelona\\\/the-spotify-camp-nou-already-has-his-first-seats_305380_102.html\",\"url\":\"https:\\\/\\\/www.fcbarcelonanoticias.com\\\/en\\\/fc-barcelona\\\/the-spotify-camp-nou-already-has-his-first-seats_305380_102.html\",\"name\":\"The Spotify Camp Nou already has his first seats\",\"isPartOf\":{\"@id\":\"https:\\\/\\\/www.fcbarcelonanoticias.com\\\/en\\\/#website\"},\"primaryImageOfPage\":{\"@id\":\"https:\\\/\\\/www.fcbarcelonanoticias.com\\\/en\\\/fc-barcelona\\\/the-spotify-camp-nou-already-has-his-first-seats_305380_102.html#primaryimage\"},\"image\":{\"@id\":\"https:\\\/\\\/www.fcbarcelonanoticias.com\\\/en\\\/fc-barcelona\\\/the-spotify-camp-nou-already-has-his-first-seats_305380_102.html#primaryimage\"},\"thumbnailUrl\":\"https:\\\/\\\/www.fcbarcelonanoticias.com\\\/en\\\/wp-content\\\/uploads\\\/sites\\\/2\\\/2024\\\/06\\\/spotify-camp-nou.jpeg\",\"datePublished\":\"2024-07-12T17:11:00+00:00\",\"author\":{\"@id\":\"https:\\\/\\\/www.fcbarcelonanoticias.com\\\/en\\\/#\\\/schema\\\/person\\\/5dbbcfa0643340852c9294383c353679\"},\"description\":\"The first seats in the terracings of the Spotify Camp Nou already have been planted. The majority of the seats will be red. Up to now, the reinauguraci\u00f3n of the stadium is foreseen for finals of this year\",\"breadcrumb\":{\"@id\":\"https:\\\/\\\/www.fcbarcelonanoticias.com\\\/en\\\/fc-barcelona\\\/the-spotify-camp-nou-already-has-his-first-seats_305380_102.html#breadcrumb\"},\"inLanguage\":\"en-US\",\"potentialAction\":[{\"@type\":\"ReadAction\",\"target\":[\"https:\\\/\\\/www.fcbarcelonanoticias.com\\\/en\\\/fc-barcelona\\\/the-spotify-camp-nou-already-has-his-first-seats_305380_102.html\"]}]},{\"@type\":\"ImageObject\",\"inLanguage\":\"en-US\",\"@id\":\"https:\\\/\\\/www.fcbarcelonanoticias.com\\\/en\\\/fc-barcelona\\\/the-spotify-camp-nou-already-has-his-first-seats_305380_102.html#primaryimage\",\"url\":\"https:\\\/\\\/www.fcbarcelonanoticias.com\\\/en\\\/wp-content\\\/uploads\\\/sites\\\/2\\\/2024\\\/06\\\/spotify-camp-nou.jpeg\",\"contentUrl\":\"https:\\\/\\\/www.fcbarcelonanoticias.com\\\/en\\\/wp-content\\\/uploads\\\/sites\\\/2\\\/2024\\\/06\\\/spotify-camp-nou.jpeg\",\"width\":1300,\"height\":731},{\"@type\":\"BreadcrumbList\",\"@id\":\"https:\\\/\\\/www.fcbarcelonanoticias.com\\\/en\\\/fc-barcelona\\\/the-spotify-camp-nou-already-has-his-first-seats_305380_102.html#breadcrumb\",\"itemListElement\":[{\"@type\":\"ListItem\",\"position\":1,\"name\":\"Portada\",\"item\":\"https:\\\/\\\/www.fcbarcelonanoticias.com\\\/en\\\/\"},{\"@type\":\"ListItem\",\"position\":2,\"name\":\"The Spotify Camp Nou already has its first seats\"}]},{\"@type\":\"WebSite\",\"@id\":\"https:\\\/\\\/www.fcbarcelonanoticias.com\\\/en\\\/#website\",\"url\":\"https:\\\/\\\/www.fcbarcelonanoticias.com\\\/en\\\/\",\"name\":\"EN - FC Barcelona Noticias\",\"description\":\"\",\"potentialAction\":[{\"@type\":\"SearchAction\",\"target\":{\"@type\":\"EntryPoint\",\"urlTemplate\":\"https:\\\/\\\/www.fcbarcelonanoticias.com\\\/en\\\/?s={search_term_string}\"},\"query-input\":{\"@type\":\"PropertyValueSpecification\",\"valueRequired\":true,\"valueName\":\"search_term_string\"}}],\"inLanguage\":\"en-US\"},{\"@type\":\"Person\",\"@id\":\"https:\\\/\\\/www.fcbarcelonanoticias.com\\\/en\\\/#\\\/schema\\\/person\\\/5dbbcfa0643340852c9294383c353679\",\"name\":\"Jes\u00fas Bol\u00edvar\",\"image\":{\"@type\":\"ImageObject\",\"inLanguage\":\"en-US\",\"@id\":\"https:\\\/\\\/secure.gravatar.com\\\/avatar\\\/?s=96&d=mm&r=g\",\"url\":\"https:\\\/\\\/secure.gravatar.com\\\/avatar\\\/?s=96&d=mm&r=g\",\"contentUrl\":\"https:\\\/\\\/secure.gravatar.com\\\/avatar\\\/?s=96&d=mm&r=g\",\"caption\":\"Jes\u00fas Bol\u00edvar\"},\"url\":\"https:\\\/\\\/www.fcbarcelonanoticias.com\\\/en\\\/jesus-bolivar_28_115.html\"}]}<\/script>\n<!-- \/ Yoast SEO plugin. -->","yoast_head_json":{"title":"The Spotify Camp Nou already has his first seats","description":"The first seats in the terracings of the Spotify Camp Nou already have been planted. The majority of the seats will be red. Up to now, the reinauguraci\u00f3n of the stadium is foreseen for finals of this year","robots":{"index":"index","follow":"follow","max-snippet":"max-snippet:-1","max-image-preview":"max-image-preview:large","max-video-preview":"max-video-preview:-1"},"canonical":"https:\/\/www.fcbarcelonanoticias.com\/en\/fc-barcelona\/the-spotify-camp-nou-already-has-his-first-seats_305380_102.html","og_locale":"en_US","og_type":"article","og_title":"The Spotify Camp Nou already has his first seats","og_description":"The first seats in the terracings of the Spotify Camp Nou already have been planted. The majority of the seats will be red. Up to now, the reinauguraci\u00f3n of the stadium is foreseen for finals of this year","og_url":"https:\/\/www.fcbarcelonanoticias.com\/en\/fc-barcelona\/the-spotify-camp-nou-already-has-his-first-seats_305380_102.html","og_site_name":"EN - FC Barcelona Noticias","article_published_time":"2024-07-12T17:11:00+00:00","og_image":[{"width":1300,"height":731,"url":"https:\/\/www.fcbarcelonanoticias.com\/en\/wp-content\/uploads\/sites\/2\/2024\/06\/spotify-camp-nou.jpeg","type":"image\/jpeg"}],"author":"Jes\u00fas Bol\u00edvar","twitter_card":"summary_large_image","twitter_misc":{"Written by":"Jes\u00fas Bol\u00edvar","Est. reading time":"2 minutes"},"schema":{"@context":"https:\/\/schema.org","@graph":[{"@type":"Article","@id":"https:\/\/www.fcbarcelonanoticias.com\/en\/fc-barcelona\/the-spotify-camp-nou-already-has-his-first-seats_305380_102.html#article","isPartOf":{"@id":"https:\/\/www.fcbarcelonanoticias.com\/en\/fc-barcelona\/the-spotify-camp-nou-already-has-his-first-seats_305380_102.html"},"author":{"name":"Jes\u00fas Bol\u00edvar","@id":"https:\/\/www.fcbarcelonanoticias.com\/en\/#\/schema\/person\/5dbbcfa0643340852c9294383c353679"},"headline":"The Spotify Camp Nou already has its first seats","datePublished":"2024-07-12T17:11:00+00:00","mainEntityOfPage":{"@id":"https:\/\/www.fcbarcelonanoticias.com\/en\/fc-barcelona\/the-spotify-camp-nou-already-has-his-first-seats_305380_102.html"},"wordCount":367,"image":{"@id":"https:\/\/www.fcbarcelonanoticias.com\/en\/fc-barcelona\/the-spotify-camp-nou-already-has-his-first-seats_305380_102.html#primaryimage"},"thumbnailUrl":"https:\/\/www.fcbarcelonanoticias.com\/en\/wp-content\/uploads\/sites\/2\/2024\/06\/spotify-camp-nou.jpeg","keywords":["Camp Nou","Joan Laporta"],"articleSection":["FC Barcelona"],"inLanguage":"en-US"},{"@type":"WebPage","@id":"https:\/\/www.fcbarcelonanoticias.com\/en\/fc-barcelona\/the-spotify-camp-nou-already-has-his-first-seats_305380_102.html","url":"https:\/\/www.fcbarcelonanoticias.com\/en\/fc-barcelona\/the-spotify-camp-nou-already-has-his-first-seats_305380_102.html","name":"The Spotify Camp Nou already has his first seats","isPartOf":{"@id":"https:\/\/www.fcbarcelonanoticias.com\/en\/#website"},"primaryImageOfPage":{"@id":"https:\/\/www.fcbarcelonanoticias.com\/en\/fc-barcelona\/the-spotify-camp-nou-already-has-his-first-seats_305380_102.html#primaryimage"},"image":{"@id":"https:\/\/www.fcbarcelonanoticias.com\/en\/fc-barcelona\/the-spotify-camp-nou-already-has-his-first-seats_305380_102.html#primaryimage"},"thumbnailUrl":"https:\/\/www.fcbarcelonanoticias.com\/en\/wp-content\/uploads\/sites\/2\/2024\/06\/spotify-camp-nou.jpeg","datePublished":"2024-07-12T17:11:00+00:00","author":{"@id":"https:\/\/www.fcbarcelonanoticias.com\/en\/#\/schema\/person\/5dbbcfa0643340852c9294383c353679"},"description":"The first seats in the terracings of the Spotify Camp Nou already have been planted. The majority of the seats will be red. Up to now, the reinauguraci\u00f3n of the stadium is foreseen for finals of this year","breadcrumb":{"@id":"https:\/\/www.fcbarcelonanoticias.com\/en\/fc-barcelona\/the-spotify-camp-nou-already-has-his-first-seats_305380_102.html#breadcrumb"},"inLanguage":"en-US","potentialAction":[{"@type":"ReadAction","target":["https:\/\/www.fcbarcelonanoticias.com\/en\/fc-barcelona\/the-spotify-camp-nou-already-has-his-first-seats_305380_102.html"]}]},{"@type":"ImageObject","inLanguage":"en-US","@id":"https:\/\/www.fcbarcelonanoticias.com\/en\/fc-barcelona\/the-spotify-camp-nou-already-has-his-first-seats_305380_102.html#primaryimage","url":"https:\/\/www.fcbarcelonanoticias.com\/en\/wp-content\/uploads\/sites\/2\/2024\/06\/spotify-camp-nou.jpeg","contentUrl":"https:\/\/www.fcbarcelonanoticias.com\/en\/wp-content\/uploads\/sites\/2\/2024\/06\/spotify-camp-nou.jpeg","width":1300,"height":731},{"@type":"BreadcrumbList","@id":"https:\/\/www.fcbarcelonanoticias.com\/en\/fc-barcelona\/the-spotify-camp-nou-already-has-his-first-seats_305380_102.html#breadcrumb","itemListElement":[{"@type":"ListItem","position":1,"name":"Portada","item":"https:\/\/www.fcbarcelonanoticias.com\/en\/"},{"@type":"ListItem","position":2,"name":"The Spotify Camp Nou already has its first seats"}]},{"@type":"WebSite","@id":"https:\/\/www.fcbarcelonanoticias.com\/en\/#website","url":"https:\/\/www.fcbarcelonanoticias.com\/en\/","name":"EN - FC Barcelona Noticias","description":"","potentialAction":[{"@type":"SearchAction","target":{"@type":"EntryPoint","urlTemplate":"https:\/\/www.fcbarcelonanoticias.com\/en\/?s={search_term_string}"},"query-input":{"@type":"PropertyValueSpecification","valueRequired":true,"valueName":"search_term_string"}}],"inLanguage":"en-US"},{"@type":"Person","@id":"https:\/\/www.fcbarcelonanoticias.com\/en\/#\/schema\/person\/5dbbcfa0643340852c9294383c353679","name":"Jes\u00fas Bol\u00edvar","image":{"@type":"ImageObject","inLanguage":"en-US","@id":"https:\/\/secure.gravatar.com\/avatar\/?s=96&d=mm&r=g","url":"https:\/\/secure.gravatar.com\/avatar\/?s=96&d=mm&r=g","contentUrl":"https:\/\/secure.gravatar.com\/avatar\/?s=96&d=mm&r=g","caption":"Jes\u00fas Bol\u00edvar"},"url":"https:\/\/www.fcbarcelonanoticias.com\/en\/jesus-bolivar_28_115.html"}]}},"_links":{"self":[{"href":"https:\/\/www.fcbarcelonanoticias.com\/en\/wp-json\/wp\/v2\/posts\/33922","targetHints":{"allow":["GET"]}}],"collection":[{"href":"https:\/\/www.fcbarcelonanoticias.com\/en\/wp-json\/wp\/v2\/posts"}],"about":[{"href":"https:\/\/www.fcbarcelonanoticias.com\/en\/wp-json\/wp\/v2\/types\/post"}],"author":[{"embeddable":true,"href":"https:\/\/www.fcbarcelonanoticias.com\/en\/wp-json\/wp\/v2\/users\/350"}],"replies":[{"embeddable":true,"href":"https:\/\/www.fcbarcelonanoticias.com\/en\/wp-json\/wp\/v2\/comments?post=33922"}],"version-history":[{"count":1,"href":"https:\/\/www.fcbarcelonanoticias.com\/en\/wp-json\/wp\/v2\/posts\/33922\/revisions"}],"predecessor-version":[{"id":110299,"href":"https:\/\/www.fcbarcelonanoticias.com\/en\/wp-json\/wp\/v2\/posts\/33922\/revisions\/110299"}],"wp:featuredmedia":[{"embeddable":true,"href":"https:\/\/www.fcbarcelonanoticias.com\/en\/wp-json\/wp\/v2\/media\/4622"}],"wp:attachment":[{"href":"https:\/\/www.fcbarcelonanoticias.com\/en\/wp-json\/wp\/v2\/media?parent=33922"}],"wp:term":[{"taxonomy":"category","embeddable":true,"href":"https:\/\/www.fcbarcelonanoticias.com\/en\/wp-json\/wp\/v2\/categories?post=33922"},{"taxonomy":"post_tag","embeddable":true,"href":"https:\/\/www.fcbarcelonanoticias.com\/en\/wp-json\/wp\/v2\/tags?post=33922"}],"curies":[{"name":"wp","href":"https:\/\/api.w.org\/{rel}","templated":true}]}}