{"id":34006,"date":"2018-11-07T18:35:00","date_gmt":"2018-11-07T17:35:00","guid":{"rendered":"https:\/\/weisetech.dev\/fc-barcelona-noticias\/en\/the-third-equipacion-of-the-barca-was-ridiculed-in-italy_218247_102\/"},"modified":"2026-04-16T09:19:13","modified_gmt":"2026-04-16T07:19:13","slug":"the-third-equipacion-of-the-barca-was-ridiculed-in-italy_218247_102","status":"publish","type":"post","link":"https:\/\/www.fcbarcelonanoticias.com\/en\/fc-barcelona\/the-third-equipacion-of-the-barca-was-ridiculed-in-italy_218247_102.html","title":{"rendered":"The third equipaci\u00f3n of the Bar\u00e7a was ridiculed in Italy"},"content":{"rendered":"<h2 class=\"wp-block-heading\">The FC Barcelona premi\u00e8red this Tuesday his third equipaci\u00f3n against the Inter of Milan, in Giuseppe Meazza, and the elastic Barcelona was received with sorna and mofas by part of some sectors of the Italian press, that tricked  of her<\/h2>  \r\n<div class=\"article-addons\">\r\n    <a href=\"https:\/\/www.fcbarcelonanoticias.com\/en\/calendar-fc-barcelona.html\"\r\n       target=\"_self\"\r\n       title=\"Calendar of FC Barcelona\"\r\n       class=\"blue-gredient-btn\">\r\n       \r\n        Calendar of FC Barcelona    <\/a>\r\n<\/div>   <p>After practically <a href=\"https:\/\/www.fcbarcelonanoticias.com\/resultados-fcbarcelona.html\"><strong>three months of season 2018-19<\/strong><\/a>, the FC Barcelona dressed this Tuesday for the first time the third equipaci\u00f3n, of tones salmon and reddish, that generated discord between the fans cul\u00e9 through the social networks, with some fans that showed  excited with the beauty of the equipaci\u00f3n, and others to those who <strong>did not like them the colours ros\u00e1ceos dresses by the Bar\u00e7a<\/strong>.<\/p> <p>In this second group could find to part of the Italian press, that <strong>rushed forward in mockeries to the third equipaci\u00f3n of the FC Barcelona<\/strong> to the hour to analyse all it sucedido in the party. &#8216;Il Ran Della Sera&#8217; described the elastic Barcelona like&nbsp;<strong>&#8220;the hideous T-shirt of the Catalans&#8221;<\/strong>, and remained  to taste in his criticisms to the zamarra alternative of the FC Barcelona.<\/p> <p>&#8220;In Saint Siro, the Catalans went back to strike before touching the first ball, by the appearance. <strong>The team trained by Valverde went out to the field with a pink T-shirt very ugly&#8221;<\/strong>, could read in the quoted publication. We remember that the third equipaci\u00f3n of the Barcelona, in spite of being of tone salmon, from the television perceived  more than pink colour, with some reddish tones to describe the forms of the Eixample of Barcelona in the centre of the T-shirt.<\/p> <p>The FC Barcelona and Nike have wanted to promote&nbsp;this season 2018-19 <strong>a campaign that serve to give tribute to the Diagonal Avenue<\/strong> of the Catalan capital, and in the third T-shirt can see a photo difuminada of the zone of l&#8217;Eixample, designed by Ildefons Cerd\u00e0.<\/p> <h2>The Italian press diverts the attention of the Inter-Bar\u00e7a<\/h2> <p><strong>The design has not liked to all the cul\u00e9s<\/strong>, as it happens almost always with all the equipaciones, but has been unfairly ridiculed by part of some sectors of the Italian press, that perhaps have preferred to speak of this before that of the poor game of the Inter of Milan, that<strong> was to favour of the FC Barcelona<\/strong> during almost all the party, and could carry a goleada in Giuseppe Meazza.<\/p> <p>At the end, <strong>the result was of 1-1 for a FC Barcelona that did not know to define his a lot of opportunities of<\/strong>goal . In this point, it is necessary focalizar in <a href=\"https:\/\/www.fcbarcelonanoticias.com\/en\/tags\/luis-suarez.html\"><strong>Luis Su\u00e1rez<\/strong><\/a> that shot until five occasions in the first-half, and some more in the second, and in spite of this did not attain to send the spherical at the end of the meshes, losing an opportunity after another.<\/p> ","protected":false},"excerpt":{"rendered":"<p>The FC Barcelona premi\u00e8red this Tuesday his third equipaci\u00f3n against the Inter of Milan, in Giuseppe Meazza, and the elastic Barcelona was received with sorna and mofas by part of some sectors of the Italian press, that tricked of her After practically three months of season 2018-19, the FC Barcelona dressed this Tuesday for the [&hellip;]<\/p>\n","protected":false},"author":366,"featured_media":34008,"comment_status":"closed","ping_status":"open","sticky":false,"template":"","format":"standard","meta":{"_acf_changed":false,"inline_featured_image":false,"_nextfly_llmd_date_locked":false,"footnotes":""},"categories":[111],"tags":[100,167,251],"class_list":["post-34006","post","type-post","status-publish","format-standard","has-post-thumbnail","hentry","category-fc-barcelona","tag-inter-milan","tag-press-magazine","tag-t-shirt-fc-barcelona"],"acf":[],"yoast_head":"<!-- This site is optimized with the Yoast SEO plugin v27.3 - https:\/\/yoast.com\/product\/yoast-seo-wordpress\/ -->\n<title>The third equipaci\u00f3n of the FC Barcelona was ridiculed in Italy<\/title>\n<meta name=\"description\" content=\"The FC Barcelona premi\u00e8red this Tuesday his third equipaci\u00f3n against the Inter of Milan, in Giuseppe Meazza, and the elastic Barcelona was received...\" \/>\n<meta name=\"robots\" content=\"index, follow, max-snippet:-1, max-image-preview:large, max-video-preview:-1\" \/>\n<link rel=\"canonical\" href=\"https:\/\/www.fcbarcelonanoticias.com\/en\/fc-barcelona\/the-third-equipacion-of-the-barca-was-ridiculed-in-italy_218247_102.html\" \/>\n<meta property=\"og:locale\" content=\"en_US\" \/>\n<meta property=\"og:type\" content=\"article\" \/>\n<meta property=\"og:title\" content=\"The third equipaci\u00f3n of the FC Barcelona was ridiculed in Italy\" \/>\n<meta property=\"og:description\" content=\"The FC Barcelona premi\u00e8red this Tuesday his third equipaci\u00f3n against the Inter of Milan, in Giuseppe Meazza, and the elastic Barcelona was received...\" \/>\n<meta property=\"og:url\" content=\"https:\/\/www.fcbarcelonanoticias.com\/en\/fc-barcelona\/the-third-equipacion-of-the-barca-was-ridiculed-in-italy_218247_102.html\" \/>\n<meta property=\"og:site_name\" content=\"EN - FC Barcelona Noticias\" \/>\n<meta property=\"article:published_time\" content=\"2018-11-07T17:35:00+00:00\" \/>\n<meta property=\"article:modified_time\" content=\"2026-04-16T07:19:13+00:00\" \/>\n<meta property=\"og:image\" content=\"https:\/\/www.fcbarcelonanoticias.com\/en\/wp-content\/uploads\/sites\/2\/2018\/11\/luis-suarez-champions-league-271091.jpeg\" \/>\n\t<meta property=\"og:image:width\" content=\"760\" \/>\n\t<meta property=\"og:image:height\" content=\"428\" \/>\n\t<meta property=\"og:image:type\" content=\"image\/jpeg\" \/>\n<meta name=\"author\" content=\"Carlos Dom\u00ednguez\" \/>\n<meta name=\"twitter:card\" content=\"summary_large_image\" \/>\n<meta name=\"twitter:label1\" content=\"Written by\" \/>\n\t<meta name=\"twitter:data1\" content=\"Carlos Dom\u00ednguez\" \/>\n\t<meta name=\"twitter:label2\" content=\"Est. reading time\" \/>\n\t<meta name=\"twitter:data2\" content=\"2 minutes\" \/>\n<script type=\"application\/ld+json\" class=\"yoast-schema-graph\">{\"@context\":\"https:\\\/\\\/schema.org\",\"@graph\":[{\"@type\":\"Article\",\"@id\":\"https:\\\/\\\/www.fcbarcelonanoticias.com\\\/en\\\/fc-barcelona\\\/the-third-equipacion-of-the-barca-was-ridiculed-in-italy_218247_102.html#article\",\"isPartOf\":{\"@id\":\"https:\\\/\\\/www.fcbarcelonanoticias.com\\\/en\\\/fc-barcelona\\\/the-third-equipacion-of-the-barca-was-ridiculed-in-italy_218247_102.html\"},\"author\":{\"name\":\"Carlos Dom\u00ednguez\",\"@id\":\"https:\\\/\\\/www.fcbarcelonanoticias.com\\\/en\\\/#\\\/schema\\\/person\\\/888e29b17b79c70d1c617d8a7bc9b8c6\"},\"headline\":\"The third equipaci\u00f3n of the Bar\u00e7a was ridiculed in Italy\",\"datePublished\":\"2018-11-07T17:35:00+00:00\",\"dateModified\":\"2026-04-16T07:19:13+00:00\",\"mainEntityOfPage\":{\"@id\":\"https:\\\/\\\/www.fcbarcelonanoticias.com\\\/en\\\/fc-barcelona\\\/the-third-equipacion-of-the-barca-was-ridiculed-in-italy_218247_102.html\"},\"wordCount\":476,\"image\":{\"@id\":\"https:\\\/\\\/www.fcbarcelonanoticias.com\\\/en\\\/fc-barcelona\\\/the-third-equipacion-of-the-barca-was-ridiculed-in-italy_218247_102.html#primaryimage\"},\"thumbnailUrl\":\"https:\\\/\\\/www.fcbarcelonanoticias.com\\\/en\\\/wp-content\\\/uploads\\\/sites\\\/2\\\/2018\\\/11\\\/luis-suarez-champions-league-271091.jpeg\",\"keywords\":[\"Inter Milan\",\"Press magazine\",\"T-shirt FC Barcelona\"],\"articleSection\":[\"FC Barcelona\"],\"inLanguage\":\"en-US\"},{\"@type\":\"WebPage\",\"@id\":\"https:\\\/\\\/www.fcbarcelonanoticias.com\\\/en\\\/fc-barcelona\\\/the-third-equipacion-of-the-barca-was-ridiculed-in-italy_218247_102.html\",\"url\":\"https:\\\/\\\/www.fcbarcelonanoticias.com\\\/en\\\/fc-barcelona\\\/the-third-equipacion-of-the-barca-was-ridiculed-in-italy_218247_102.html\",\"name\":\"The third equipaci\u00f3n of the FC Barcelona was ridiculed in Italy\",\"isPartOf\":{\"@id\":\"https:\\\/\\\/www.fcbarcelonanoticias.com\\\/en\\\/#website\"},\"primaryImageOfPage\":{\"@id\":\"https:\\\/\\\/www.fcbarcelonanoticias.com\\\/en\\\/fc-barcelona\\\/the-third-equipacion-of-the-barca-was-ridiculed-in-italy_218247_102.html#primaryimage\"},\"image\":{\"@id\":\"https:\\\/\\\/www.fcbarcelonanoticias.com\\\/en\\\/fc-barcelona\\\/the-third-equipacion-of-the-barca-was-ridiculed-in-italy_218247_102.html#primaryimage\"},\"thumbnailUrl\":\"https:\\\/\\\/www.fcbarcelonanoticias.com\\\/en\\\/wp-content\\\/uploads\\\/sites\\\/2\\\/2018\\\/11\\\/luis-suarez-champions-league-271091.jpeg\",\"datePublished\":\"2018-11-07T17:35:00+00:00\",\"dateModified\":\"2026-04-16T07:19:13+00:00\",\"author\":{\"@id\":\"https:\\\/\\\/www.fcbarcelonanoticias.com\\\/en\\\/#\\\/schema\\\/person\\\/888e29b17b79c70d1c617d8a7bc9b8c6\"},\"description\":\"The FC Barcelona premi\u00e8red this Tuesday his third equipaci\u00f3n against the Inter of Milan, in Giuseppe Meazza, and the elastic Barcelona was received...\",\"breadcrumb\":{\"@id\":\"https:\\\/\\\/www.fcbarcelonanoticias.com\\\/en\\\/fc-barcelona\\\/the-third-equipacion-of-the-barca-was-ridiculed-in-italy_218247_102.html#breadcrumb\"},\"inLanguage\":\"en-US\",\"potentialAction\":[{\"@type\":\"ReadAction\",\"target\":[\"https:\\\/\\\/www.fcbarcelonanoticias.com\\\/en\\\/fc-barcelona\\\/the-third-equipacion-of-the-barca-was-ridiculed-in-italy_218247_102.html\"]}]},{\"@type\":\"ImageObject\",\"inLanguage\":\"en-US\",\"@id\":\"https:\\\/\\\/www.fcbarcelonanoticias.com\\\/en\\\/fc-barcelona\\\/the-third-equipacion-of-the-barca-was-ridiculed-in-italy_218247_102.html#primaryimage\",\"url\":\"https:\\\/\\\/www.fcbarcelonanoticias.com\\\/en\\\/wp-content\\\/uploads\\\/sites\\\/2\\\/2018\\\/11\\\/luis-suarez-champions-league-271091.jpeg\",\"contentUrl\":\"https:\\\/\\\/www.fcbarcelonanoticias.com\\\/en\\\/wp-content\\\/uploads\\\/sites\\\/2\\\/2018\\\/11\\\/luis-suarez-champions-league-271091.jpeg\",\"width\":760,\"height\":428},{\"@type\":\"BreadcrumbList\",\"@id\":\"https:\\\/\\\/www.fcbarcelonanoticias.com\\\/en\\\/fc-barcelona\\\/the-third-equipacion-of-the-barca-was-ridiculed-in-italy_218247_102.html#breadcrumb\",\"itemListElement\":[{\"@type\":\"ListItem\",\"position\":1,\"name\":\"Portada\",\"item\":\"https:\\\/\\\/www.fcbarcelonanoticias.com\\\/en\\\/\"},{\"@type\":\"ListItem\",\"position\":2,\"name\":\"The third equipaci\u00f3n of the Bar\u00e7a was ridiculed in Italy\"}]},{\"@type\":\"WebSite\",\"@id\":\"https:\\\/\\\/www.fcbarcelonanoticias.com\\\/en\\\/#website\",\"url\":\"https:\\\/\\\/www.fcbarcelonanoticias.com\\\/en\\\/\",\"name\":\"EN - FC Barcelona Noticias\",\"description\":\"\",\"potentialAction\":[{\"@type\":\"SearchAction\",\"target\":{\"@type\":\"EntryPoint\",\"urlTemplate\":\"https:\\\/\\\/www.fcbarcelonanoticias.com\\\/en\\\/?s={search_term_string}\"},\"query-input\":{\"@type\":\"PropertyValueSpecification\",\"valueRequired\":true,\"valueName\":\"search_term_string\"}}],\"inLanguage\":\"en-US\"},{\"@type\":\"Person\",\"@id\":\"https:\\\/\\\/www.fcbarcelonanoticias.com\\\/en\\\/#\\\/schema\\\/person\\\/888e29b17b79c70d1c617d8a7bc9b8c6\",\"name\":\"Carlos Dom\u00ednguez\",\"image\":{\"@type\":\"ImageObject\",\"inLanguage\":\"en-US\",\"@id\":\"https:\\\/\\\/secure.gravatar.com\\\/avatar\\\/?s=96&d=mm&r=g\",\"url\":\"https:\\\/\\\/secure.gravatar.com\\\/avatar\\\/?s=96&d=mm&r=g\",\"contentUrl\":\"https:\\\/\\\/secure.gravatar.com\\\/avatar\\\/?s=96&d=mm&r=g\",\"caption\":\"Carlos Dom\u00ednguez\"},\"url\":\"https:\\\/\\\/www.fcbarcelonanoticias.com\\\/en\\\/carlos-dominguez_2_115.html\"}]}<\/script>\n<!-- \/ Yoast SEO plugin. -->","yoast_head_json":{"title":"The third equipaci\u00f3n of the FC Barcelona was ridiculed in Italy","description":"The FC Barcelona premi\u00e8red this Tuesday his third equipaci\u00f3n against the Inter of Milan, in Giuseppe Meazza, and the elastic Barcelona was received...","robots":{"index":"index","follow":"follow","max-snippet":"max-snippet:-1","max-image-preview":"max-image-preview:large","max-video-preview":"max-video-preview:-1"},"canonical":"https:\/\/www.fcbarcelonanoticias.com\/en\/fc-barcelona\/the-third-equipacion-of-the-barca-was-ridiculed-in-italy_218247_102.html","og_locale":"en_US","og_type":"article","og_title":"The third equipaci\u00f3n of the FC Barcelona was ridiculed in Italy","og_description":"The FC Barcelona premi\u00e8red this Tuesday his third equipaci\u00f3n against the Inter of Milan, in Giuseppe Meazza, and the elastic Barcelona was received...","og_url":"https:\/\/www.fcbarcelonanoticias.com\/en\/fc-barcelona\/the-third-equipacion-of-the-barca-was-ridiculed-in-italy_218247_102.html","og_site_name":"EN - FC Barcelona Noticias","article_published_time":"2018-11-07T17:35:00+00:00","article_modified_time":"2026-04-16T07:19:13+00:00","og_image":[{"width":760,"height":428,"url":"https:\/\/www.fcbarcelonanoticias.com\/en\/wp-content\/uploads\/sites\/2\/2018\/11\/luis-suarez-champions-league-271091.jpeg","type":"image\/jpeg"}],"author":"Carlos Dom\u00ednguez","twitter_card":"summary_large_image","twitter_misc":{"Written by":"Carlos Dom\u00ednguez","Est. reading time":"2 minutes"},"schema":{"@context":"https:\/\/schema.org","@graph":[{"@type":"Article","@id":"https:\/\/www.fcbarcelonanoticias.com\/en\/fc-barcelona\/the-third-equipacion-of-the-barca-was-ridiculed-in-italy_218247_102.html#article","isPartOf":{"@id":"https:\/\/www.fcbarcelonanoticias.com\/en\/fc-barcelona\/the-third-equipacion-of-the-barca-was-ridiculed-in-italy_218247_102.html"},"author":{"name":"Carlos Dom\u00ednguez","@id":"https:\/\/www.fcbarcelonanoticias.com\/en\/#\/schema\/person\/888e29b17b79c70d1c617d8a7bc9b8c6"},"headline":"The third equipaci\u00f3n of the Bar\u00e7a was ridiculed in Italy","datePublished":"2018-11-07T17:35:00+00:00","dateModified":"2026-04-16T07:19:13+00:00","mainEntityOfPage":{"@id":"https:\/\/www.fcbarcelonanoticias.com\/en\/fc-barcelona\/the-third-equipacion-of-the-barca-was-ridiculed-in-italy_218247_102.html"},"wordCount":476,"image":{"@id":"https:\/\/www.fcbarcelonanoticias.com\/en\/fc-barcelona\/the-third-equipacion-of-the-barca-was-ridiculed-in-italy_218247_102.html#primaryimage"},"thumbnailUrl":"https:\/\/www.fcbarcelonanoticias.com\/en\/wp-content\/uploads\/sites\/2\/2018\/11\/luis-suarez-champions-league-271091.jpeg","keywords":["Inter Milan","Press magazine","T-shirt FC Barcelona"],"articleSection":["FC Barcelona"],"inLanguage":"en-US"},{"@type":"WebPage","@id":"https:\/\/www.fcbarcelonanoticias.com\/en\/fc-barcelona\/the-third-equipacion-of-the-barca-was-ridiculed-in-italy_218247_102.html","url":"https:\/\/www.fcbarcelonanoticias.com\/en\/fc-barcelona\/the-third-equipacion-of-the-barca-was-ridiculed-in-italy_218247_102.html","name":"The third equipaci\u00f3n of the FC Barcelona was ridiculed in Italy","isPartOf":{"@id":"https:\/\/www.fcbarcelonanoticias.com\/en\/#website"},"primaryImageOfPage":{"@id":"https:\/\/www.fcbarcelonanoticias.com\/en\/fc-barcelona\/the-third-equipacion-of-the-barca-was-ridiculed-in-italy_218247_102.html#primaryimage"},"image":{"@id":"https:\/\/www.fcbarcelonanoticias.com\/en\/fc-barcelona\/the-third-equipacion-of-the-barca-was-ridiculed-in-italy_218247_102.html#primaryimage"},"thumbnailUrl":"https:\/\/www.fcbarcelonanoticias.com\/en\/wp-content\/uploads\/sites\/2\/2018\/11\/luis-suarez-champions-league-271091.jpeg","datePublished":"2018-11-07T17:35:00+00:00","dateModified":"2026-04-16T07:19:13+00:00","author":{"@id":"https:\/\/www.fcbarcelonanoticias.com\/en\/#\/schema\/person\/888e29b17b79c70d1c617d8a7bc9b8c6"},"description":"The FC Barcelona premi\u00e8red this Tuesday his third equipaci\u00f3n against the Inter of Milan, in Giuseppe Meazza, and the elastic Barcelona was received...","breadcrumb":{"@id":"https:\/\/www.fcbarcelonanoticias.com\/en\/fc-barcelona\/the-third-equipacion-of-the-barca-was-ridiculed-in-italy_218247_102.html#breadcrumb"},"inLanguage":"en-US","potentialAction":[{"@type":"ReadAction","target":["https:\/\/www.fcbarcelonanoticias.com\/en\/fc-barcelona\/the-third-equipacion-of-the-barca-was-ridiculed-in-italy_218247_102.html"]}]},{"@type":"ImageObject","inLanguage":"en-US","@id":"https:\/\/www.fcbarcelonanoticias.com\/en\/fc-barcelona\/the-third-equipacion-of-the-barca-was-ridiculed-in-italy_218247_102.html#primaryimage","url":"https:\/\/www.fcbarcelonanoticias.com\/en\/wp-content\/uploads\/sites\/2\/2018\/11\/luis-suarez-champions-league-271091.jpeg","contentUrl":"https:\/\/www.fcbarcelonanoticias.com\/en\/wp-content\/uploads\/sites\/2\/2018\/11\/luis-suarez-champions-league-271091.jpeg","width":760,"height":428},{"@type":"BreadcrumbList","@id":"https:\/\/www.fcbarcelonanoticias.com\/en\/fc-barcelona\/the-third-equipacion-of-the-barca-was-ridiculed-in-italy_218247_102.html#breadcrumb","itemListElement":[{"@type":"ListItem","position":1,"name":"Portada","item":"https:\/\/www.fcbarcelonanoticias.com\/en\/"},{"@type":"ListItem","position":2,"name":"The third equipaci\u00f3n of the Bar\u00e7a was ridiculed in Italy"}]},{"@type":"WebSite","@id":"https:\/\/www.fcbarcelonanoticias.com\/en\/#website","url":"https:\/\/www.fcbarcelonanoticias.com\/en\/","name":"EN - FC Barcelona Noticias","description":"","potentialAction":[{"@type":"SearchAction","target":{"@type":"EntryPoint","urlTemplate":"https:\/\/www.fcbarcelonanoticias.com\/en\/?s={search_term_string}"},"query-input":{"@type":"PropertyValueSpecification","valueRequired":true,"valueName":"search_term_string"}}],"inLanguage":"en-US"},{"@type":"Person","@id":"https:\/\/www.fcbarcelonanoticias.com\/en\/#\/schema\/person\/888e29b17b79c70d1c617d8a7bc9b8c6","name":"Carlos Dom\u00ednguez","image":{"@type":"ImageObject","inLanguage":"en-US","@id":"https:\/\/secure.gravatar.com\/avatar\/?s=96&d=mm&r=g","url":"https:\/\/secure.gravatar.com\/avatar\/?s=96&d=mm&r=g","contentUrl":"https:\/\/secure.gravatar.com\/avatar\/?s=96&d=mm&r=g","caption":"Carlos Dom\u00ednguez"},"url":"https:\/\/www.fcbarcelonanoticias.com\/en\/carlos-dominguez_2_115.html"}]}},"_links":{"self":[{"href":"https:\/\/www.fcbarcelonanoticias.com\/en\/wp-json\/wp\/v2\/posts\/34006","targetHints":{"allow":["GET"]}}],"collection":[{"href":"https:\/\/www.fcbarcelonanoticias.com\/en\/wp-json\/wp\/v2\/posts"}],"about":[{"href":"https:\/\/www.fcbarcelonanoticias.com\/en\/wp-json\/wp\/v2\/types\/post"}],"author":[{"embeddable":true,"href":"https:\/\/www.fcbarcelonanoticias.com\/en\/wp-json\/wp\/v2\/users\/366"}],"replies":[{"embeddable":true,"href":"https:\/\/www.fcbarcelonanoticias.com\/en\/wp-json\/wp\/v2\/comments?post=34006"}],"version-history":[{"count":2,"href":"https:\/\/www.fcbarcelonanoticias.com\/en\/wp-json\/wp\/v2\/posts\/34006\/revisions"}],"predecessor-version":[{"id":171915,"href":"https:\/\/www.fcbarcelonanoticias.com\/en\/wp-json\/wp\/v2\/posts\/34006\/revisions\/171915"}],"wp:featuredmedia":[{"embeddable":true,"href":"https:\/\/www.fcbarcelonanoticias.com\/en\/wp-json\/wp\/v2\/media\/34008"}],"wp:attachment":[{"href":"https:\/\/www.fcbarcelonanoticias.com\/en\/wp-json\/wp\/v2\/media?parent=34006"}],"wp:term":[{"taxonomy":"category","embeddable":true,"href":"https:\/\/www.fcbarcelonanoticias.com\/en\/wp-json\/wp\/v2\/categories?post=34006"},{"taxonomy":"post_tag","embeddable":true,"href":"https:\/\/www.fcbarcelonanoticias.com\/en\/wp-json\/wp\/v2\/tags?post=34006"}],"curies":[{"name":"wp","href":"https:\/\/api.w.org\/{rel}","templated":true}]}}