{"id":34020,"date":"2018-07-19T01:04:00","date_gmt":"2018-07-18T23:04:00","guid":{"rendered":"https:\/\/weisetech.dev\/fc-barcelona-noticias\/en\/the-surprising-alternative-to-griezmann-that-the-barca-poses-in-the-forward_214706_102\/"},"modified":"2026-04-16T09:42:41","modified_gmt":"2026-04-16T07:42:41","slug":"the-surprising-alternative-to-griezmann-that-the-barca-poses-in-the-forward_214706_102","status":"publish","type":"post","link":"https:\/\/www.fcbarcelonanoticias.com\/en\/fc-barcelona\/the-surprising-alternative-to-griezmann-that-the-barca-poses-in-the-forward_214706_102.html","title":{"rendered":"The surprising alternative to Griezmann that the Bar\u00e7a poses  in the forward"},"content":{"rendered":"<h2 class=\"wp-block-heading\">The FC Barcelona had planned the incorporation of Antoine Griezmann of face to this season, but the French forward surprised with a &#8216;scared&#8217; that enturbi\u00f3 the plans cul\u00e9s. However, there is a new alternative in the forward<\/h2>  \r\n<div class=\"article-addons\">\r\n    <a href=\"https:\/\/www.fcbarcelonanoticias.com\/en\/calendar-fc-barcelona.html\"\r\n       target=\"_self\"\r\n       title=\"Calendar of FC Barcelona\"\r\n       class=\"blue-gredient-btn\">\r\n       \r\n        Calendar of FC Barcelona    <\/a>\r\n<\/div>   <p>The situation of <strong>Paco Alc\u00e1cer<\/strong>&nbsp;or of <strong>Munir the Haddadi<\/strong> in <strong>the FC Barcelona<\/strong> can give a dump total after <a href=\"https:\/\/www.fcbarcelonanoticias.com\/fc-barcelona\/la-exigencia-de-antoine-griezmann-que-rompio-las-negociaciones-con-el-barca_213982_102.html\"><strong>Antoine Griezmann refused the offer of the club cul\u00e9.<\/strong><\/a> Any of the two players is a fixed for <strong>Ernesto Valverde<\/strong>, but still had had fewer opportunities to play if the French had arrived to the Bar\u00e7a. To the not to do it, the situation has given a twist.<\/p> <p>Right now, the FC Barcelona only has five forwards:<strong> Luis Su\u00e1rez, Leo Messi, Ousmane Demb\u00e9l\u00e9 <\/strong>and the already mentioned Paco Alc\u00e1cer and Munir The Haddadi. The Catalan club pretended that the French arrived <strong>to the Camp Nou<\/strong>, something that had supposed the exit ensured of the Valencian and of the Madrilenian.<\/p> <p>Nevertheless, <strong>the Bar\u00e7a no longer is in conditions to leave escape to both<\/strong>, but one of the two will remain  in the first staff like fourth forward. That Paco Alc\u00e1cer remained  in the Camp Nou was something that seemed evident from the moment in which Griezmann turned away to the club cul\u00e9.<\/p> <p>However, the situation of Munir was totally distinct, since the Bar\u00e7a pretended to sell him at all costs. Now, the thing has changed. If the Catalan entity receives a good offer by Alc\u00e1cer and the player accepts to leave,<strong> Munir will remain  with all security in the first team<\/strong> to occupy the place of the Valencian.<\/p> <p>In this way, the Madrilenian forward could be the &#8216;signing&#8217; for the forward of face to the season that comes. His good season in <strong>the Alav\u00e9s<\/strong> so much to level of performance as to level goleador could give him an important opportunity s finally Alc\u00e1cer finish leaving by an acceptable quantity.<\/p> <p>It is necessary to take into account that the forward of Torrent has not had too many minutes in the present season, but that has taken advantage of them to turn into  one of the players with better average goleador of <strong>Europe<\/strong> with a goal each 141 minutes contested. An <strong>upper average to the of <a href=\"https:\/\/www.fcbarcelonanoticias.com\/en\/tags\/luis-suarez.html\">Luis Su\u00e1rez<\/a> in the present campaign,<\/strong> that has been of a so much each 143. All this could contribute to receive a good offer by him.<\/p> <h2>Complicated contractual situation of Munir<\/h2> <p>The <strong>problem that the FC Barcelona has with Munir is that the player finishes agreement in summer of 2019<\/strong> and is not by the work to renew his links with the Barcelona club, by what would be free to negotiate his signing with another team to cost zero from January of the next year.<\/p> <p>The situation is alarming for a FC Barcelona that sees complicated to find buyer for the Madrilenian forward if have to it &#8216;give&#8217;. The c\u00fapula of the entity had scheduled an<strong> injection of some 15 million euros by his sale<\/strong>, but seems that the pretences will have to reduce.<\/p> <p>To his 22 years, Munir still has potential to keep growing and turn into an important forward. The problem of his contractual links  asemeja to the situation of<strong> Sandro Ram\u00edrez<\/strong> does some seasons: if it finish leaving free and triumphs in his new team, the Bar\u00e7a will lose millions, something that has to avoid .<\/p> ","protected":false},"excerpt":{"rendered":"<p>The FC Barcelona had planned the incorporation of Antoine Griezmann of face to this season, but the French forward surprised with a &#8216;scared&#8217; that enturbi\u00f3 the plans cul\u00e9s. However, there is a new alternative in the forward The situation of Paco Alc\u00e1cer&nbsp;or of Munir the Haddadi in the FC Barcelona can give a dump total [&hellip;]<\/p>\n","protected":false},"author":385,"featured_media":34021,"comment_status":"closed","ping_status":"open","sticky":false,"template":"","format":"standard","meta":{"_acf_changed":false,"inline_featured_image":false,"_nextfly_llmd_date_locked":false,"footnotes":""},"categories":[111],"tags":[145,350,179],"class_list":["post-34020","post","type-post","status-publish","format-standard","has-post-thumbnail","hentry","category-fc-barcelona","tag-griezmann","tag-munir-the-haddadi","tag-paco-alcacer"],"acf":[],"yoast_head":"<!-- This site is optimized with the Yoast SEO plugin v27.3 - https:\/\/yoast.com\/product\/yoast-seo-wordpress\/ -->\n<title>The surprising alternative to Griezmann that the Bar\u00e7a poses in the forward<\/title>\n<meta name=\"description\" content=\"The FC Barcelona had planned the incorporation of Antoine Griezmann of face to this season, but the French forward surprised with one...\" \/>\n<meta name=\"robots\" content=\"index, follow, max-snippet:-1, max-image-preview:large, max-video-preview:-1\" \/>\n<link rel=\"canonical\" href=\"https:\/\/www.fcbarcelonanoticias.com\/en\/fc-barcelona\/the-surprising-alternative-to-griezmann-that-the-barca-poses-in-the-forward_214706_102.html\" \/>\n<meta property=\"og:locale\" content=\"en_US\" \/>\n<meta property=\"og:type\" content=\"article\" \/>\n<meta property=\"og:title\" content=\"The surprising alternative to Griezmann that the Bar\u00e7a poses in the forward\" \/>\n<meta property=\"og:description\" content=\"The FC Barcelona had planned the incorporation of Antoine Griezmann of face to this season, but the French forward surprised with one...\" \/>\n<meta property=\"og:url\" content=\"https:\/\/www.fcbarcelonanoticias.com\/en\/fc-barcelona\/the-surprising-alternative-to-griezmann-that-the-barca-poses-in-the-forward_214706_102.html\" \/>\n<meta property=\"og:site_name\" content=\"EN - FC Barcelona Noticias\" \/>\n<meta property=\"article:published_time\" content=\"2018-07-18T23:04:00+00:00\" \/>\n<meta property=\"article:modified_time\" content=\"2026-04-16T07:42:41+00:00\" \/>\n<meta property=\"og:image\" content=\"https:\/\/www.fcbarcelonanoticias.com\/en\/wp-content\/uploads\/sites\/2\/2018\/07\/valverdebanquillo-259985.jpeg\" \/>\n\t<meta property=\"og:image:width\" content=\"760\" \/>\n\t<meta property=\"og:image:height\" content=\"428\" \/>\n\t<meta property=\"og:image:type\" content=\"image\/jpeg\" \/>\n<meta name=\"author\" content=\"user_4041\" \/>\n<meta name=\"twitter:card\" content=\"summary_large_image\" \/>\n<meta name=\"twitter:label1\" content=\"Written by\" \/>\n\t<meta name=\"twitter:data1\" content=\"user_4041\" \/>\n\t<meta name=\"twitter:label2\" content=\"Est. reading time\" \/>\n\t<meta name=\"twitter:data2\" content=\"3 minutes\" \/>\n<script type=\"application\/ld+json\" class=\"yoast-schema-graph\">{\"@context\":\"https:\\\/\\\/schema.org\",\"@graph\":[{\"@type\":\"Article\",\"@id\":\"https:\\\/\\\/www.fcbarcelonanoticias.com\\\/en\\\/fc-barcelona\\\/the-surprising-alternative-to-griezmann-that-the-barca-poses-in-the-forward_214706_102.html#article\",\"isPartOf\":{\"@id\":\"https:\\\/\\\/www.fcbarcelonanoticias.com\\\/en\\\/fc-barcelona\\\/the-surprising-alternative-to-griezmann-that-the-barca-poses-in-the-forward_214706_102.html\"},\"author\":{\"name\":\"user_4041\",\"@id\":\"https:\\\/\\\/www.fcbarcelonanoticias.com\\\/en\\\/#\\\/schema\\\/person\\\/a75c18b43668de76e928e367eceb271c\"},\"headline\":\"The surprising alternative to Griezmann that the Bar\u00e7a poses in the forward\",\"datePublished\":\"2018-07-18T23:04:00+00:00\",\"dateModified\":\"2026-04-16T07:42:41+00:00\",\"mainEntityOfPage\":{\"@id\":\"https:\\\/\\\/www.fcbarcelonanoticias.com\\\/en\\\/fc-barcelona\\\/the-surprising-alternative-to-griezmann-that-the-barca-poses-in-the-forward_214706_102.html\"},\"wordCount\":583,\"image\":{\"@id\":\"https:\\\/\\\/www.fcbarcelonanoticias.com\\\/en\\\/fc-barcelona\\\/the-surprising-alternative-to-griezmann-that-the-barca-poses-in-the-forward_214706_102.html#primaryimage\"},\"thumbnailUrl\":\"https:\\\/\\\/www.fcbarcelonanoticias.com\\\/en\\\/wp-content\\\/uploads\\\/sites\\\/2\\\/2018\\\/07\\\/valverdebanquillo-259985.jpeg\",\"keywords\":[\"Griezmann\",\"Munir The Haddadi\",\"Paco Alc\u00e1cer\"],\"articleSection\":[\"FC Barcelona\"],\"inLanguage\":\"en-US\"},{\"@type\":\"WebPage\",\"@id\":\"https:\\\/\\\/www.fcbarcelonanoticias.com\\\/en\\\/fc-barcelona\\\/the-surprising-alternative-to-griezmann-that-the-barca-poses-in-the-forward_214706_102.html\",\"url\":\"https:\\\/\\\/www.fcbarcelonanoticias.com\\\/en\\\/fc-barcelona\\\/the-surprising-alternative-to-griezmann-that-the-barca-poses-in-the-forward_214706_102.html\",\"name\":\"The surprising alternative to Griezmann that the Bar\u00e7a poses in the forward\",\"isPartOf\":{\"@id\":\"https:\\\/\\\/www.fcbarcelonanoticias.com\\\/en\\\/#website\"},\"primaryImageOfPage\":{\"@id\":\"https:\\\/\\\/www.fcbarcelonanoticias.com\\\/en\\\/fc-barcelona\\\/the-surprising-alternative-to-griezmann-that-the-barca-poses-in-the-forward_214706_102.html#primaryimage\"},\"image\":{\"@id\":\"https:\\\/\\\/www.fcbarcelonanoticias.com\\\/en\\\/fc-barcelona\\\/the-surprising-alternative-to-griezmann-that-the-barca-poses-in-the-forward_214706_102.html#primaryimage\"},\"thumbnailUrl\":\"https:\\\/\\\/www.fcbarcelonanoticias.com\\\/en\\\/wp-content\\\/uploads\\\/sites\\\/2\\\/2018\\\/07\\\/valverdebanquillo-259985.jpeg\",\"datePublished\":\"2018-07-18T23:04:00+00:00\",\"dateModified\":\"2026-04-16T07:42:41+00:00\",\"author\":{\"@id\":\"https:\\\/\\\/www.fcbarcelonanoticias.com\\\/en\\\/#\\\/schema\\\/person\\\/a75c18b43668de76e928e367eceb271c\"},\"description\":\"The FC Barcelona had planned the incorporation of Antoine Griezmann of face to this season, but the French forward surprised with one...\",\"breadcrumb\":{\"@id\":\"https:\\\/\\\/www.fcbarcelonanoticias.com\\\/en\\\/fc-barcelona\\\/the-surprising-alternative-to-griezmann-that-the-barca-poses-in-the-forward_214706_102.html#breadcrumb\"},\"inLanguage\":\"en-US\",\"potentialAction\":[{\"@type\":\"ReadAction\",\"target\":[\"https:\\\/\\\/www.fcbarcelonanoticias.com\\\/en\\\/fc-barcelona\\\/the-surprising-alternative-to-griezmann-that-the-barca-poses-in-the-forward_214706_102.html\"]}]},{\"@type\":\"ImageObject\",\"inLanguage\":\"en-US\",\"@id\":\"https:\\\/\\\/www.fcbarcelonanoticias.com\\\/en\\\/fc-barcelona\\\/the-surprising-alternative-to-griezmann-that-the-barca-poses-in-the-forward_214706_102.html#primaryimage\",\"url\":\"https:\\\/\\\/www.fcbarcelonanoticias.com\\\/en\\\/wp-content\\\/uploads\\\/sites\\\/2\\\/2018\\\/07\\\/valverdebanquillo-259985.jpeg\",\"contentUrl\":\"https:\\\/\\\/www.fcbarcelonanoticias.com\\\/en\\\/wp-content\\\/uploads\\\/sites\\\/2\\\/2018\\\/07\\\/valverdebanquillo-259985.jpeg\",\"width\":760,\"height\":428},{\"@type\":\"BreadcrumbList\",\"@id\":\"https:\\\/\\\/www.fcbarcelonanoticias.com\\\/en\\\/fc-barcelona\\\/the-surprising-alternative-to-griezmann-that-the-barca-poses-in-the-forward_214706_102.html#breadcrumb\",\"itemListElement\":[{\"@type\":\"ListItem\",\"position\":1,\"name\":\"Portada\",\"item\":\"https:\\\/\\\/www.fcbarcelonanoticias.com\\\/en\\\/\"},{\"@type\":\"ListItem\",\"position\":2,\"name\":\"The surprising alternative to Griezmann that the Bar\u00e7a poses in the forward\"}]},{\"@type\":\"WebSite\",\"@id\":\"https:\\\/\\\/www.fcbarcelonanoticias.com\\\/en\\\/#website\",\"url\":\"https:\\\/\\\/www.fcbarcelonanoticias.com\\\/en\\\/\",\"name\":\"EN - FC Barcelona Noticias\",\"description\":\"\",\"potentialAction\":[{\"@type\":\"SearchAction\",\"target\":{\"@type\":\"EntryPoint\",\"urlTemplate\":\"https:\\\/\\\/www.fcbarcelonanoticias.com\\\/en\\\/?s={search_term_string}\"},\"query-input\":{\"@type\":\"PropertyValueSpecification\",\"valueRequired\":true,\"valueName\":\"search_term_string\"}}],\"inLanguage\":\"en-US\"},{\"@type\":\"Person\",\"@id\":\"https:\\\/\\\/www.fcbarcelonanoticias.com\\\/en\\\/#\\\/schema\\\/person\\\/a75c18b43668de76e928e367eceb271c\",\"name\":\"user_4041\",\"image\":{\"@type\":\"ImageObject\",\"inLanguage\":\"en-US\",\"@id\":\"https:\\\/\\\/secure.gravatar.com\\\/avatar\\\/?s=96&d=mm&r=g\",\"url\":\"https:\\\/\\\/secure.gravatar.com\\\/avatar\\\/?s=96&d=mm&r=g\",\"contentUrl\":\"https:\\\/\\\/secure.gravatar.com\\\/avatar\\\/?s=96&d=mm&r=g\",\"caption\":\"user_4041\"},\"url\":\"https:\\\/\\\/www.fcbarcelonanoticias.com\\\/en\\\/user_4041.html\"}]}<\/script>\n<!-- \/ Yoast SEO plugin. -->","yoast_head_json":{"title":"The surprising alternative to Griezmann that the Bar\u00e7a poses in the forward","description":"The FC Barcelona had planned the incorporation of Antoine Griezmann of face to this season, but the French forward surprised with one...","robots":{"index":"index","follow":"follow","max-snippet":"max-snippet:-1","max-image-preview":"max-image-preview:large","max-video-preview":"max-video-preview:-1"},"canonical":"https:\/\/www.fcbarcelonanoticias.com\/en\/fc-barcelona\/the-surprising-alternative-to-griezmann-that-the-barca-poses-in-the-forward_214706_102.html","og_locale":"en_US","og_type":"article","og_title":"The surprising alternative to Griezmann that the Bar\u00e7a poses in the forward","og_description":"The FC Barcelona had planned the incorporation of Antoine Griezmann of face to this season, but the French forward surprised with one...","og_url":"https:\/\/www.fcbarcelonanoticias.com\/en\/fc-barcelona\/the-surprising-alternative-to-griezmann-that-the-barca-poses-in-the-forward_214706_102.html","og_site_name":"EN - FC Barcelona Noticias","article_published_time":"2018-07-18T23:04:00+00:00","article_modified_time":"2026-04-16T07:42:41+00:00","og_image":[{"width":760,"height":428,"url":"https:\/\/www.fcbarcelonanoticias.com\/en\/wp-content\/uploads\/sites\/2\/2018\/07\/valverdebanquillo-259985.jpeg","type":"image\/jpeg"}],"author":"user_4041","twitter_card":"summary_large_image","twitter_misc":{"Written by":"user_4041","Est. reading time":"3 minutes"},"schema":{"@context":"https:\/\/schema.org","@graph":[{"@type":"Article","@id":"https:\/\/www.fcbarcelonanoticias.com\/en\/fc-barcelona\/the-surprising-alternative-to-griezmann-that-the-barca-poses-in-the-forward_214706_102.html#article","isPartOf":{"@id":"https:\/\/www.fcbarcelonanoticias.com\/en\/fc-barcelona\/the-surprising-alternative-to-griezmann-that-the-barca-poses-in-the-forward_214706_102.html"},"author":{"name":"user_4041","@id":"https:\/\/www.fcbarcelonanoticias.com\/en\/#\/schema\/person\/a75c18b43668de76e928e367eceb271c"},"headline":"The surprising alternative to Griezmann that the Bar\u00e7a poses in the forward","datePublished":"2018-07-18T23:04:00+00:00","dateModified":"2026-04-16T07:42:41+00:00","mainEntityOfPage":{"@id":"https:\/\/www.fcbarcelonanoticias.com\/en\/fc-barcelona\/the-surprising-alternative-to-griezmann-that-the-barca-poses-in-the-forward_214706_102.html"},"wordCount":583,"image":{"@id":"https:\/\/www.fcbarcelonanoticias.com\/en\/fc-barcelona\/the-surprising-alternative-to-griezmann-that-the-barca-poses-in-the-forward_214706_102.html#primaryimage"},"thumbnailUrl":"https:\/\/www.fcbarcelonanoticias.com\/en\/wp-content\/uploads\/sites\/2\/2018\/07\/valverdebanquillo-259985.jpeg","keywords":["Griezmann","Munir The Haddadi","Paco Alc\u00e1cer"],"articleSection":["FC Barcelona"],"inLanguage":"en-US"},{"@type":"WebPage","@id":"https:\/\/www.fcbarcelonanoticias.com\/en\/fc-barcelona\/the-surprising-alternative-to-griezmann-that-the-barca-poses-in-the-forward_214706_102.html","url":"https:\/\/www.fcbarcelonanoticias.com\/en\/fc-barcelona\/the-surprising-alternative-to-griezmann-that-the-barca-poses-in-the-forward_214706_102.html","name":"The surprising alternative to Griezmann that the Bar\u00e7a poses in the forward","isPartOf":{"@id":"https:\/\/www.fcbarcelonanoticias.com\/en\/#website"},"primaryImageOfPage":{"@id":"https:\/\/www.fcbarcelonanoticias.com\/en\/fc-barcelona\/the-surprising-alternative-to-griezmann-that-the-barca-poses-in-the-forward_214706_102.html#primaryimage"},"image":{"@id":"https:\/\/www.fcbarcelonanoticias.com\/en\/fc-barcelona\/the-surprising-alternative-to-griezmann-that-the-barca-poses-in-the-forward_214706_102.html#primaryimage"},"thumbnailUrl":"https:\/\/www.fcbarcelonanoticias.com\/en\/wp-content\/uploads\/sites\/2\/2018\/07\/valverdebanquillo-259985.jpeg","datePublished":"2018-07-18T23:04:00+00:00","dateModified":"2026-04-16T07:42:41+00:00","author":{"@id":"https:\/\/www.fcbarcelonanoticias.com\/en\/#\/schema\/person\/a75c18b43668de76e928e367eceb271c"},"description":"The FC Barcelona had planned the incorporation of Antoine Griezmann of face to this season, but the French forward surprised with one...","breadcrumb":{"@id":"https:\/\/www.fcbarcelonanoticias.com\/en\/fc-barcelona\/the-surprising-alternative-to-griezmann-that-the-barca-poses-in-the-forward_214706_102.html#breadcrumb"},"inLanguage":"en-US","potentialAction":[{"@type":"ReadAction","target":["https:\/\/www.fcbarcelonanoticias.com\/en\/fc-barcelona\/the-surprising-alternative-to-griezmann-that-the-barca-poses-in-the-forward_214706_102.html"]}]},{"@type":"ImageObject","inLanguage":"en-US","@id":"https:\/\/www.fcbarcelonanoticias.com\/en\/fc-barcelona\/the-surprising-alternative-to-griezmann-that-the-barca-poses-in-the-forward_214706_102.html#primaryimage","url":"https:\/\/www.fcbarcelonanoticias.com\/en\/wp-content\/uploads\/sites\/2\/2018\/07\/valverdebanquillo-259985.jpeg","contentUrl":"https:\/\/www.fcbarcelonanoticias.com\/en\/wp-content\/uploads\/sites\/2\/2018\/07\/valverdebanquillo-259985.jpeg","width":760,"height":428},{"@type":"BreadcrumbList","@id":"https:\/\/www.fcbarcelonanoticias.com\/en\/fc-barcelona\/the-surprising-alternative-to-griezmann-that-the-barca-poses-in-the-forward_214706_102.html#breadcrumb","itemListElement":[{"@type":"ListItem","position":1,"name":"Portada","item":"https:\/\/www.fcbarcelonanoticias.com\/en\/"},{"@type":"ListItem","position":2,"name":"The surprising alternative to Griezmann that the Bar\u00e7a poses in the forward"}]},{"@type":"WebSite","@id":"https:\/\/www.fcbarcelonanoticias.com\/en\/#website","url":"https:\/\/www.fcbarcelonanoticias.com\/en\/","name":"EN - FC Barcelona Noticias","description":"","potentialAction":[{"@type":"SearchAction","target":{"@type":"EntryPoint","urlTemplate":"https:\/\/www.fcbarcelonanoticias.com\/en\/?s={search_term_string}"},"query-input":{"@type":"PropertyValueSpecification","valueRequired":true,"valueName":"search_term_string"}}],"inLanguage":"en-US"},{"@type":"Person","@id":"https:\/\/www.fcbarcelonanoticias.com\/en\/#\/schema\/person\/a75c18b43668de76e928e367eceb271c","name":"user_4041","image":{"@type":"ImageObject","inLanguage":"en-US","@id":"https:\/\/secure.gravatar.com\/avatar\/?s=96&d=mm&r=g","url":"https:\/\/secure.gravatar.com\/avatar\/?s=96&d=mm&r=g","contentUrl":"https:\/\/secure.gravatar.com\/avatar\/?s=96&d=mm&r=g","caption":"user_4041"},"url":"https:\/\/www.fcbarcelonanoticias.com\/en\/user_4041.html"}]}},"_links":{"self":[{"href":"https:\/\/www.fcbarcelonanoticias.com\/en\/wp-json\/wp\/v2\/posts\/34020","targetHints":{"allow":["GET"]}}],"collection":[{"href":"https:\/\/www.fcbarcelonanoticias.com\/en\/wp-json\/wp\/v2\/posts"}],"about":[{"href":"https:\/\/www.fcbarcelonanoticias.com\/en\/wp-json\/wp\/v2\/types\/post"}],"author":[{"embeddable":true,"href":"https:\/\/www.fcbarcelonanoticias.com\/en\/wp-json\/wp\/v2\/users\/385"}],"replies":[{"embeddable":true,"href":"https:\/\/www.fcbarcelonanoticias.com\/en\/wp-json\/wp\/v2\/comments?post=34020"}],"version-history":[{"count":2,"href":"https:\/\/www.fcbarcelonanoticias.com\/en\/wp-json\/wp\/v2\/posts\/34020\/revisions"}],"predecessor-version":[{"id":178913,"href":"https:\/\/www.fcbarcelonanoticias.com\/en\/wp-json\/wp\/v2\/posts\/34020\/revisions\/178913"}],"wp:featuredmedia":[{"embeddable":true,"href":"https:\/\/www.fcbarcelonanoticias.com\/en\/wp-json\/wp\/v2\/media\/34021"}],"wp:attachment":[{"href":"https:\/\/www.fcbarcelonanoticias.com\/en\/wp-json\/wp\/v2\/media?parent=34020"}],"wp:term":[{"taxonomy":"category","embeddable":true,"href":"https:\/\/www.fcbarcelonanoticias.com\/en\/wp-json\/wp\/v2\/categories?post=34020"},{"taxonomy":"post_tag","embeddable":true,"href":"https:\/\/www.fcbarcelonanoticias.com\/en\/wp-json\/wp\/v2\/tags?post=34020"}],"curies":[{"name":"wp","href":"https:\/\/api.w.org\/{rel}","templated":true}]}}