{"id":34156,"date":"2017-11-19T13:22:00","date_gmt":"2017-11-19T12:22:00","guid":{"rendered":"https:\/\/weisetech.dev\/fc-barcelona-noticias\/en\/the-three-options-of-valverde-for-suplir-to-hammered-in-mestalla_206712_102\/"},"modified":"2026-04-16T09:40:21","modified_gmt":"2026-04-16T07:40:21","slug":"the-three-options-of-valverde-for-suplir-to-hammered-in-mestalla_206712_102","status":"publish","type":"post","link":"https:\/\/www.fcbarcelonanoticias.com\/en\/fc-barcelona\/the-three-options-of-valverde-for-suplir-to-hammered-in-mestalla_206712_102.html","title":{"rendered":"The three options of Valverde for suplir to Hammered in Mestalla"},"content":{"rendered":"<h2 class=\"wp-block-heading\">Gerard Hammered saw the fifth yellow of the championship in Butarque in front of the Legan\u00e9s and will lose  the duel that the FC Barcelona contests in Mestalla in front of Valencia. Ernesto Valverde has three options for suplirle<\/h2>  \r\n<div class=\"article-addons\">\r\n    <a href=\"https:\/\/www.fcbarcelonanoticias.com\/en\/calendar-fc-barcelona.html\"\r\n       target=\"_self\"\r\n       title=\"Calendar of FC Barcelona\"\r\n       class=\"blue-gredient-btn\">\r\n       \r\n        Calendar of FC Barcelona    <\/a>\r\n<\/div>   <p>The FC Barcelona <strong>faces next Saturday one of the most important parties, by not saying the one who more, in what it goes of season<\/strong>. It will be in Mestalla in front of Valencia, second in the table clasificatoria of <a href=\"https:\/\/www.fcbarcelonanoticias.com\/en\/laliga-calendario.html\"><strong>LaLiga Santander<\/strong><\/a> and maximum perseguidor and threat for the leadership of the Barcelona team.<\/p> <p>To Ernesto Valverde has presented him  an important problem: <a href=\"https:\/\/www.fcbarcelonanoticias.com\/fc-barcelona\/amarilla-injusta-para-pique-y-no-jugara-contra-el-valencia_206686_102.html\"><strong>I Hammered it saw the fifth yellow in Butarque<\/strong><\/a> in front of the Legan\u00e9s and will not be able to play next Saturday. <strong>The &#8216;Txingurri&#8217; pretend to find him a spare of guarantees<\/strong> to accompany to Samuel Umtiti, taking into account that Mascherano, the third head office of the team, is lesionado and neither will be able to be available.<\/p> <h2>The three options of Valverde for suplir to Hammered<\/h2> <h3>Thomas Vermaelen<\/h3> <p>The Belgian head office seems the <strong>most coherent option and less risked<\/strong> to give the relief to Gerard Hammered. Thomas Vermaelen has not had continuity in any moment of his go through the FC Barcelona because of the injuries. However, it is the only central available beside Umtiti that Valverde has available for the party of Mestalla. In spite of that practically it has not played with the Bar\u00e7a,<strong> the 180 minutes that contested in the stop of selections with Belgium would have to have him given rhythm of competition<\/strong>.<\/p> <h3>Lucas Digne<\/h3> <p>Ernesto Valverde has left clear in several occasions that does not trust too much in Thomas Vermaelen. Nevertheless, yes that it does it in Lucas Digne, to the that<strong> has given him quite a lot of minutes in front of the drop of Jordi Alba<\/strong> and that has answered with a performance of less to more. In spite of not being natural head office,<strong> Digne played in this position the past season with Luis Enrique<\/strong>, although it was in a line of three head offices.<\/p> <h3>Throw of quarry<\/h3> <p>It seems the <strong>less likely option to contemplate for Ernesto Valverde<\/strong>, that only has given opportunities to Arn\u00e1iz, Carles Ale\u00f1\u00e1 and Cucurella. David Coasts and Jorge Cuenca have numbers to go in in the announcement of Mestalla, but seeing the form to act of the &#8216;Txingurri&#8217;, seems complicated that they can have minutes.<\/p> ","protected":false},"excerpt":{"rendered":"<p>Gerard Hammered saw the fifth yellow of the championship in Butarque in front of the Legan\u00e9s and will lose the duel that the FC Barcelona contests in Mestalla in front of Valencia. Ernesto Valverde has three options for suplirle The FC Barcelona faces next Saturday one of the most important parties, by not saying the [&hellip;]<\/p>\n","protected":false},"author":364,"featured_media":34157,"comment_status":"closed","ping_status":"open","sticky":false,"template":"","format":"standard","meta":{"_acf_changed":false,"inline_featured_image":false,"_nextfly_llmd_date_locked":false,"footnotes":""},"categories":[111],"tags":[218,163,377,317,80],"class_list":["post-34156","post","type-post","status-publish","format-standard","has-post-thumbnail","hentry","category-fc-barcelona","tag-ernesto-valverde","tag-gerard-pique","tag-lucas-digne","tag-thomas-vermaelen","tag-valencia-cf"],"acf":[],"yoast_head":"<!-- This site is optimized with the Yoast SEO plugin v27.3 - https:\/\/yoast.com\/product\/yoast-seo-wordpress\/ -->\n<title>The three options of Valverde for suplir to Hammered in Mestalla<\/title>\n<meta name=\"description\" content=\"Gerard Hammered saw the fifth yellow of the championship in Butarque in front of the Legan\u00e9s and will lose the duel that the FC Barcelona contests in Mestalla...\" \/>\n<meta name=\"robots\" content=\"index, follow, max-snippet:-1, max-image-preview:large, max-video-preview:-1\" \/>\n<link rel=\"canonical\" href=\"https:\/\/www.fcbarcelonanoticias.com\/en\/fc-barcelona\/the-three-options-of-valverde-for-suplir-to-hammered-in-mestalla_206712_102.html\" \/>\n<meta property=\"og:locale\" content=\"en_US\" \/>\n<meta property=\"og:type\" content=\"article\" \/>\n<meta property=\"og:title\" content=\"The three options of Valverde for suplir to Hammered in Mestalla\" \/>\n<meta property=\"og:description\" content=\"Gerard Hammered saw the fifth yellow of the championship in Butarque in front of the Legan\u00e9s and will lose the duel that the FC Barcelona contests in Mestalla...\" \/>\n<meta property=\"og:url\" content=\"https:\/\/www.fcbarcelonanoticias.com\/en\/fc-barcelona\/the-three-options-of-valverde-for-suplir-to-hammered-in-mestalla_206712_102.html\" \/>\n<meta property=\"og:site_name\" content=\"EN - FC Barcelona Noticias\" \/>\n<meta property=\"article:published_time\" content=\"2017-11-19T12:22:00+00:00\" \/>\n<meta property=\"article:modified_time\" content=\"2026-04-16T07:40:21+00:00\" \/>\n<meta property=\"og:image\" content=\"https:\/\/www.fcbarcelonanoticias.com\/en\/wp-content\/uploads\/sites\/2\/2017\/11\/piquemestalla-234538.jpeg\" \/>\n\t<meta property=\"og:image:width\" content=\"761\" \/>\n\t<meta property=\"og:image:height\" content=\"428\" \/>\n\t<meta property=\"og:image:type\" content=\"image\/jpeg\" \/>\n<meta name=\"author\" content=\"Albert Ram\u00edrez\" \/>\n<meta name=\"twitter:card\" content=\"summary_large_image\" \/>\n<meta name=\"twitter:label1\" content=\"Written by\" \/>\n\t<meta name=\"twitter:data1\" content=\"Albert Ram\u00edrez\" \/>\n\t<meta name=\"twitter:label2\" content=\"Est. reading time\" \/>\n\t<meta name=\"twitter:data2\" content=\"2 minutes\" \/>\n<script type=\"application\/ld+json\" class=\"yoast-schema-graph\">{\"@context\":\"https:\\\/\\\/schema.org\",\"@graph\":[{\"@type\":\"Article\",\"@id\":\"https:\\\/\\\/www.fcbarcelonanoticias.com\\\/en\\\/fc-barcelona\\\/the-three-options-of-valverde-for-suplir-to-hammered-in-mestalla_206712_102.html#article\",\"isPartOf\":{\"@id\":\"https:\\\/\\\/www.fcbarcelonanoticias.com\\\/en\\\/fc-barcelona\\\/the-three-options-of-valverde-for-suplir-to-hammered-in-mestalla_206712_102.html\"},\"author\":{\"name\":\"Albert Ram\u00edrez\",\"@id\":\"https:\\\/\\\/www.fcbarcelonanoticias.com\\\/en\\\/#\\\/schema\\\/person\\\/1d0eb8457abc625a793c7a9f8f67612d\"},\"headline\":\"The three options of Valverde for suplir to Hammered in Mestalla\",\"datePublished\":\"2017-11-19T12:22:00+00:00\",\"dateModified\":\"2026-04-16T07:40:21+00:00\",\"mainEntityOfPage\":{\"@id\":\"https:\\\/\\\/www.fcbarcelonanoticias.com\\\/en\\\/fc-barcelona\\\/the-three-options-of-valverde-for-suplir-to-hammered-in-mestalla_206712_102.html\"},\"wordCount\":420,\"image\":{\"@id\":\"https:\\\/\\\/www.fcbarcelonanoticias.com\\\/en\\\/fc-barcelona\\\/the-three-options-of-valverde-for-suplir-to-hammered-in-mestalla_206712_102.html#primaryimage\"},\"thumbnailUrl\":\"https:\\\/\\\/www.fcbarcelonanoticias.com\\\/en\\\/wp-content\\\/uploads\\\/sites\\\/2\\\/2017\\\/11\\\/piquemestalla-234538.jpeg\",\"keywords\":[\"Ernesto Valverde\",\"Gerard Piqu\u00e9\",\"Lucas Digne\",\"Thomas Vermaelen\",\"Valencia CF\"],\"articleSection\":[\"FC Barcelona\"],\"inLanguage\":\"en-US\"},{\"@type\":\"WebPage\",\"@id\":\"https:\\\/\\\/www.fcbarcelonanoticias.com\\\/en\\\/fc-barcelona\\\/the-three-options-of-valverde-for-suplir-to-hammered-in-mestalla_206712_102.html\",\"url\":\"https:\\\/\\\/www.fcbarcelonanoticias.com\\\/en\\\/fc-barcelona\\\/the-three-options-of-valverde-for-suplir-to-hammered-in-mestalla_206712_102.html\",\"name\":\"The three options of Valverde for suplir to Hammered in Mestalla\",\"isPartOf\":{\"@id\":\"https:\\\/\\\/www.fcbarcelonanoticias.com\\\/en\\\/#website\"},\"primaryImageOfPage\":{\"@id\":\"https:\\\/\\\/www.fcbarcelonanoticias.com\\\/en\\\/fc-barcelona\\\/the-three-options-of-valverde-for-suplir-to-hammered-in-mestalla_206712_102.html#primaryimage\"},\"image\":{\"@id\":\"https:\\\/\\\/www.fcbarcelonanoticias.com\\\/en\\\/fc-barcelona\\\/the-three-options-of-valverde-for-suplir-to-hammered-in-mestalla_206712_102.html#primaryimage\"},\"thumbnailUrl\":\"https:\\\/\\\/www.fcbarcelonanoticias.com\\\/en\\\/wp-content\\\/uploads\\\/sites\\\/2\\\/2017\\\/11\\\/piquemestalla-234538.jpeg\",\"datePublished\":\"2017-11-19T12:22:00+00:00\",\"dateModified\":\"2026-04-16T07:40:21+00:00\",\"author\":{\"@id\":\"https:\\\/\\\/www.fcbarcelonanoticias.com\\\/en\\\/#\\\/schema\\\/person\\\/1d0eb8457abc625a793c7a9f8f67612d\"},\"description\":\"Gerard Hammered saw the fifth yellow of the championship in Butarque in front of the Legan\u00e9s and will lose the duel that the FC Barcelona contests in Mestalla...\",\"breadcrumb\":{\"@id\":\"https:\\\/\\\/www.fcbarcelonanoticias.com\\\/en\\\/fc-barcelona\\\/the-three-options-of-valverde-for-suplir-to-hammered-in-mestalla_206712_102.html#breadcrumb\"},\"inLanguage\":\"en-US\",\"potentialAction\":[{\"@type\":\"ReadAction\",\"target\":[\"https:\\\/\\\/www.fcbarcelonanoticias.com\\\/en\\\/fc-barcelona\\\/the-three-options-of-valverde-for-suplir-to-hammered-in-mestalla_206712_102.html\"]}]},{\"@type\":\"ImageObject\",\"inLanguage\":\"en-US\",\"@id\":\"https:\\\/\\\/www.fcbarcelonanoticias.com\\\/en\\\/fc-barcelona\\\/the-three-options-of-valverde-for-suplir-to-hammered-in-mestalla_206712_102.html#primaryimage\",\"url\":\"https:\\\/\\\/www.fcbarcelonanoticias.com\\\/en\\\/wp-content\\\/uploads\\\/sites\\\/2\\\/2017\\\/11\\\/piquemestalla-234538.jpeg\",\"contentUrl\":\"https:\\\/\\\/www.fcbarcelonanoticias.com\\\/en\\\/wp-content\\\/uploads\\\/sites\\\/2\\\/2017\\\/11\\\/piquemestalla-234538.jpeg\",\"width\":761,\"height\":428},{\"@type\":\"BreadcrumbList\",\"@id\":\"https:\\\/\\\/www.fcbarcelonanoticias.com\\\/en\\\/fc-barcelona\\\/the-three-options-of-valverde-for-suplir-to-hammered-in-mestalla_206712_102.html#breadcrumb\",\"itemListElement\":[{\"@type\":\"ListItem\",\"position\":1,\"name\":\"Portada\",\"item\":\"https:\\\/\\\/www.fcbarcelonanoticias.com\\\/en\\\/\"},{\"@type\":\"ListItem\",\"position\":2,\"name\":\"The three options of Valverde for suplir to Hammered in Mestalla\"}]},{\"@type\":\"WebSite\",\"@id\":\"https:\\\/\\\/www.fcbarcelonanoticias.com\\\/en\\\/#website\",\"url\":\"https:\\\/\\\/www.fcbarcelonanoticias.com\\\/en\\\/\",\"name\":\"EN - FC Barcelona Noticias\",\"description\":\"\",\"potentialAction\":[{\"@type\":\"SearchAction\",\"target\":{\"@type\":\"EntryPoint\",\"urlTemplate\":\"https:\\\/\\\/www.fcbarcelonanoticias.com\\\/en\\\/?s={search_term_string}\"},\"query-input\":{\"@type\":\"PropertyValueSpecification\",\"valueRequired\":true,\"valueName\":\"search_term_string\"}}],\"inLanguage\":\"en-US\"},{\"@type\":\"Person\",\"@id\":\"https:\\\/\\\/www.fcbarcelonanoticias.com\\\/en\\\/#\\\/schema\\\/person\\\/1d0eb8457abc625a793c7a9f8f67612d\",\"name\":\"Albert Ram\u00edrez\",\"image\":{\"@type\":\"ImageObject\",\"inLanguage\":\"en-US\",\"@id\":\"https:\\\/\\\/secure.gravatar.com\\\/avatar\\\/?s=96&d=mm&r=g\",\"url\":\"https:\\\/\\\/secure.gravatar.com\\\/avatar\\\/?s=96&d=mm&r=g\",\"contentUrl\":\"https:\\\/\\\/secure.gravatar.com\\\/avatar\\\/?s=96&d=mm&r=g\",\"caption\":\"Albert Ram\u00edrez\"},\"url\":\"https:\\\/\\\/www.fcbarcelonanoticias.com\\\/en\\\/albert-ramirez_5_115.html\"}]}<\/script>\n<!-- \/ Yoast SEO plugin. -->","yoast_head_json":{"title":"The three options of Valverde for suplir to Hammered in Mestalla","description":"Gerard Hammered saw the fifth yellow of the championship in Butarque in front of the Legan\u00e9s and will lose the duel that the FC Barcelona contests in Mestalla...","robots":{"index":"index","follow":"follow","max-snippet":"max-snippet:-1","max-image-preview":"max-image-preview:large","max-video-preview":"max-video-preview:-1"},"canonical":"https:\/\/www.fcbarcelonanoticias.com\/en\/fc-barcelona\/the-three-options-of-valverde-for-suplir-to-hammered-in-mestalla_206712_102.html","og_locale":"en_US","og_type":"article","og_title":"The three options of Valverde for suplir to Hammered in Mestalla","og_description":"Gerard Hammered saw the fifth yellow of the championship in Butarque in front of the Legan\u00e9s and will lose the duel that the FC Barcelona contests in Mestalla...","og_url":"https:\/\/www.fcbarcelonanoticias.com\/en\/fc-barcelona\/the-three-options-of-valverde-for-suplir-to-hammered-in-mestalla_206712_102.html","og_site_name":"EN - FC Barcelona Noticias","article_published_time":"2017-11-19T12:22:00+00:00","article_modified_time":"2026-04-16T07:40:21+00:00","og_image":[{"width":761,"height":428,"url":"https:\/\/www.fcbarcelonanoticias.com\/en\/wp-content\/uploads\/sites\/2\/2017\/11\/piquemestalla-234538.jpeg","type":"image\/jpeg"}],"author":"Albert Ram\u00edrez","twitter_card":"summary_large_image","twitter_misc":{"Written by":"Albert Ram\u00edrez","Est. reading time":"2 minutes"},"schema":{"@context":"https:\/\/schema.org","@graph":[{"@type":"Article","@id":"https:\/\/www.fcbarcelonanoticias.com\/en\/fc-barcelona\/the-three-options-of-valverde-for-suplir-to-hammered-in-mestalla_206712_102.html#article","isPartOf":{"@id":"https:\/\/www.fcbarcelonanoticias.com\/en\/fc-barcelona\/the-three-options-of-valverde-for-suplir-to-hammered-in-mestalla_206712_102.html"},"author":{"name":"Albert Ram\u00edrez","@id":"https:\/\/www.fcbarcelonanoticias.com\/en\/#\/schema\/person\/1d0eb8457abc625a793c7a9f8f67612d"},"headline":"The three options of Valverde for suplir to Hammered in Mestalla","datePublished":"2017-11-19T12:22:00+00:00","dateModified":"2026-04-16T07:40:21+00:00","mainEntityOfPage":{"@id":"https:\/\/www.fcbarcelonanoticias.com\/en\/fc-barcelona\/the-three-options-of-valverde-for-suplir-to-hammered-in-mestalla_206712_102.html"},"wordCount":420,"image":{"@id":"https:\/\/www.fcbarcelonanoticias.com\/en\/fc-barcelona\/the-three-options-of-valverde-for-suplir-to-hammered-in-mestalla_206712_102.html#primaryimage"},"thumbnailUrl":"https:\/\/www.fcbarcelonanoticias.com\/en\/wp-content\/uploads\/sites\/2\/2017\/11\/piquemestalla-234538.jpeg","keywords":["Ernesto Valverde","Gerard Piqu\u00e9","Lucas Digne","Thomas Vermaelen","Valencia CF"],"articleSection":["FC Barcelona"],"inLanguage":"en-US"},{"@type":"WebPage","@id":"https:\/\/www.fcbarcelonanoticias.com\/en\/fc-barcelona\/the-three-options-of-valverde-for-suplir-to-hammered-in-mestalla_206712_102.html","url":"https:\/\/www.fcbarcelonanoticias.com\/en\/fc-barcelona\/the-three-options-of-valverde-for-suplir-to-hammered-in-mestalla_206712_102.html","name":"The three options of Valverde for suplir to Hammered in Mestalla","isPartOf":{"@id":"https:\/\/www.fcbarcelonanoticias.com\/en\/#website"},"primaryImageOfPage":{"@id":"https:\/\/www.fcbarcelonanoticias.com\/en\/fc-barcelona\/the-three-options-of-valverde-for-suplir-to-hammered-in-mestalla_206712_102.html#primaryimage"},"image":{"@id":"https:\/\/www.fcbarcelonanoticias.com\/en\/fc-barcelona\/the-three-options-of-valverde-for-suplir-to-hammered-in-mestalla_206712_102.html#primaryimage"},"thumbnailUrl":"https:\/\/www.fcbarcelonanoticias.com\/en\/wp-content\/uploads\/sites\/2\/2017\/11\/piquemestalla-234538.jpeg","datePublished":"2017-11-19T12:22:00+00:00","dateModified":"2026-04-16T07:40:21+00:00","author":{"@id":"https:\/\/www.fcbarcelonanoticias.com\/en\/#\/schema\/person\/1d0eb8457abc625a793c7a9f8f67612d"},"description":"Gerard Hammered saw the fifth yellow of the championship in Butarque in front of the Legan\u00e9s and will lose the duel that the FC Barcelona contests in Mestalla...","breadcrumb":{"@id":"https:\/\/www.fcbarcelonanoticias.com\/en\/fc-barcelona\/the-three-options-of-valverde-for-suplir-to-hammered-in-mestalla_206712_102.html#breadcrumb"},"inLanguage":"en-US","potentialAction":[{"@type":"ReadAction","target":["https:\/\/www.fcbarcelonanoticias.com\/en\/fc-barcelona\/the-three-options-of-valverde-for-suplir-to-hammered-in-mestalla_206712_102.html"]}]},{"@type":"ImageObject","inLanguage":"en-US","@id":"https:\/\/www.fcbarcelonanoticias.com\/en\/fc-barcelona\/the-three-options-of-valverde-for-suplir-to-hammered-in-mestalla_206712_102.html#primaryimage","url":"https:\/\/www.fcbarcelonanoticias.com\/en\/wp-content\/uploads\/sites\/2\/2017\/11\/piquemestalla-234538.jpeg","contentUrl":"https:\/\/www.fcbarcelonanoticias.com\/en\/wp-content\/uploads\/sites\/2\/2017\/11\/piquemestalla-234538.jpeg","width":761,"height":428},{"@type":"BreadcrumbList","@id":"https:\/\/www.fcbarcelonanoticias.com\/en\/fc-barcelona\/the-three-options-of-valverde-for-suplir-to-hammered-in-mestalla_206712_102.html#breadcrumb","itemListElement":[{"@type":"ListItem","position":1,"name":"Portada","item":"https:\/\/www.fcbarcelonanoticias.com\/en\/"},{"@type":"ListItem","position":2,"name":"The three options of Valverde for suplir to Hammered in Mestalla"}]},{"@type":"WebSite","@id":"https:\/\/www.fcbarcelonanoticias.com\/en\/#website","url":"https:\/\/www.fcbarcelonanoticias.com\/en\/","name":"EN - FC Barcelona Noticias","description":"","potentialAction":[{"@type":"SearchAction","target":{"@type":"EntryPoint","urlTemplate":"https:\/\/www.fcbarcelonanoticias.com\/en\/?s={search_term_string}"},"query-input":{"@type":"PropertyValueSpecification","valueRequired":true,"valueName":"search_term_string"}}],"inLanguage":"en-US"},{"@type":"Person","@id":"https:\/\/www.fcbarcelonanoticias.com\/en\/#\/schema\/person\/1d0eb8457abc625a793c7a9f8f67612d","name":"Albert Ram\u00edrez","image":{"@type":"ImageObject","inLanguage":"en-US","@id":"https:\/\/secure.gravatar.com\/avatar\/?s=96&d=mm&r=g","url":"https:\/\/secure.gravatar.com\/avatar\/?s=96&d=mm&r=g","contentUrl":"https:\/\/secure.gravatar.com\/avatar\/?s=96&d=mm&r=g","caption":"Albert Ram\u00edrez"},"url":"https:\/\/www.fcbarcelonanoticias.com\/en\/albert-ramirez_5_115.html"}]}},"_links":{"self":[{"href":"https:\/\/www.fcbarcelonanoticias.com\/en\/wp-json\/wp\/v2\/posts\/34156","targetHints":{"allow":["GET"]}}],"collection":[{"href":"https:\/\/www.fcbarcelonanoticias.com\/en\/wp-json\/wp\/v2\/posts"}],"about":[{"href":"https:\/\/www.fcbarcelonanoticias.com\/en\/wp-json\/wp\/v2\/types\/post"}],"author":[{"embeddable":true,"href":"https:\/\/www.fcbarcelonanoticias.com\/en\/wp-json\/wp\/v2\/users\/364"}],"replies":[{"embeddable":true,"href":"https:\/\/www.fcbarcelonanoticias.com\/en\/wp-json\/wp\/v2\/comments?post=34156"}],"version-history":[{"count":2,"href":"https:\/\/www.fcbarcelonanoticias.com\/en\/wp-json\/wp\/v2\/posts\/34156\/revisions"}],"predecessor-version":[{"id":178263,"href":"https:\/\/www.fcbarcelonanoticias.com\/en\/wp-json\/wp\/v2\/posts\/34156\/revisions\/178263"}],"wp:featuredmedia":[{"embeddable":true,"href":"https:\/\/www.fcbarcelonanoticias.com\/en\/wp-json\/wp\/v2\/media\/34157"}],"wp:attachment":[{"href":"https:\/\/www.fcbarcelonanoticias.com\/en\/wp-json\/wp\/v2\/media?parent=34156"}],"wp:term":[{"taxonomy":"category","embeddable":true,"href":"https:\/\/www.fcbarcelonanoticias.com\/en\/wp-json\/wp\/v2\/categories?post=34156"},{"taxonomy":"post_tag","embeddable":true,"href":"https:\/\/www.fcbarcelonanoticias.com\/en\/wp-json\/wp\/v2\/tags?post=34156"}],"curies":[{"name":"wp","href":"https:\/\/api.w.org\/{rel}","templated":true}]}}