{"id":34373,"date":"2025-03-12T07:41:00","date_gmt":"2025-03-12T06:41:00","guid":{"rendered":"https:\/\/weisetech.dev\/fc-barcelona-noticias\/en\/the-two-youngest-goalscorers-in-champions-knockout-match_311431_102\/"},"modified":"2025-03-13T17:34:00","modified_gmt":"2025-03-13T16:34:00","slug":"the-two-youngest-goalscorers-in-champions-knockout-match_311431_102","status":"publish","type":"post","link":"https:\/\/www.fcbarcelonanoticias.com\/en\/fc-barcelona\/the-two-youngest-goalscorers-in-champions-knockout-match_311431_102.html","title":{"rendered":"The two youngest goalscorers in a Champions knockout match are from Barcelona"},"content":{"rendered":"<h2 class=\"wp-block-heading\">Lamine Yamal is the second youngest player to score a goal in a knockout match of the Champions League. The winger is behind another Bar\u00e7a academy product, Bojan Krkic.<\/h2>  \r\n<div class=\"article-addons\">\r\n    <a href=\"https:\/\/www.fcbarcelonanoticias.com\/en\/calendar-fc-barcelona.html\"\r\n       target=\"_self\"\r\n       title=\"Calendar of FC Barcelona\"\r\n       class=\"blue-gredient-btn\">\r\n       \r\n        Calendar of FC Barcelona    <\/a>\r\n<\/div>   <p><strong>Lamine Yamal<\/strong> was one of the main protagonists, if not the main one, of <strong>FC Barcelona<\/strong>&#8216;s victory against <strong>Benfica<\/strong> (3-1) to secure a ticket to the quarter-finals of the Champions League. The star from Matar\u00f3 assisted Raphinha in the goal that opened the scoring, but also <a data-external=\"0\" data-intl-links-en=\"https:\/\/www.fcbarcelonanoticias.com\/en\/champions-league\/stunning-goal-by-lamine-yamal-in-champions-league_311422_102.html\" data-intl-links-es=\"https:\/\/www.fcbarcelonanoticias.com\/champions-league\/obra-maestra-fue-golazo-lamine-yamal-contra-benfica_311422_102.html\" href=\"https:\/\/www.fcbarcelonanoticias.com\/en\/champions-league\/stunning-goal-by-lamine-yamal-in-champions-league_311422_102.html\" rel=\"follow\" target=\"_self\" title=\"A masterpiece: this was Lamine Yamal's stunning goal against Benfica\">scored a stunning goal to remember<\/a> to give the Catalans the lead after Otamendi had temporarily equalized the score.<\/p>  <p>With this goal, <a data-external=\"0\" data-intl-links-en=\"https:\/\/www.fcbarcelonanoticias.com\/en\/champions-league\/record-lamine-yamal-youngest-scoring-attending-same-champions-match_311408_102.html\" data-intl-links-es=\"https:\/\/www.fcbarcelonanoticias.com\/champions-league\/record-lamine-yamal-mas-joven-marcar-asistir-mismo-partido-champions_311408_102.html\" href=\"https:\/\/www.fcbarcelonanoticias.com\/en\/champions-league\/record-lamine-yamal-youngest-scoring-attending-same-champions-match_311408_102.html\" rel=\"follow\" target=\"_self\" title=\"RECORD: Lamine Yamal, the youngest to score and assist in the same Champions match\">the &#8217;19&#8217; blaugrana broke a couple of precocity records<\/a>. The forward became the youngest player with a goal and an assist in a match of the top club competition in Europe. <strong>At 17 years and 241 days, the Catalan winger surpassed Breel Embolo<\/strong>, who had done the same with Basel against Ludogorets (4-0).<\/p>  <p>To top it off, Lamine is now the second youngest player to celebrate a goal in a knockout match of the Champions League, only behind fellow La Masia product Bojan Krkic, who at 17 years and 217 days scored the winning goal for Bar\u00e7a against Schalke 04 in the first leg of the quarter-finals of that edition of the tournament.<\/p>  <h2>La Masia makes history in the Champions League<\/h2>  <p>With his goal against <strong>Benfica<\/strong>, <strong>Yamal<\/strong> surpassed <strong>Jude Bellingham<\/strong> and <strong>Jamal Musiala<\/strong> in the ranking of the youngest goalscorers in the Champions League knockout phase. The first goal of the Englishman from Real Madrid in the competition, with Dortmund against Manchester City in the quarter-finals, made him the second youngest goalscorer in the knockout phase of the competition and came shortly after the German scored with Bayern Munich against Lazio in the round of 16. Now, both have been surpassed by Bar\u00e7a&#8217;s &#8217;19&#8217;.<\/p>  <p><strong>\u26bdYoungest goalscorers in the UEFA Champions League knockout phase<\/strong><\/p>  <ol> <li>17 years and 217 days: <strong>Bojan Krki\u0107<\/strong> (Schalke &#8211; <strong>Barcelona<\/strong> 0-1, 01\/04\/08)<\/li> \t<li>17 years and 241 days: <b>Lamine Yamal<\/b> (<b>Barcelona<\/b> &#8211; Benfica 3-1, 11\/03\/25)<\/li> \t<li>17 years and 289 days: Jude Bellingham (B. Dortmund &#8211; Manchester City 1-2, 14\/04\/21)<\/li> \t<li>17 years and 348 days<strong>: <\/strong>Ethan Nwaneri (PSV &#8211; Arsenal, 1-7, 04\/03\/2025)<\/li> \t<li>17 years and 362 days: Jamal Musiala (Lazio &#8211; Bayern Munich, 1-4, 23\/02\/2021)<\/li> <\/ol> <p>Previously, <strong>Lamine<\/strong> had also established himself as the second youngest player to score a goal in the championship, scoring in the cul\u00e9s&#8217; defeat in Monaco on the opening day of the current edition. <strong>The record, however, belongs to Ansu Fati<\/strong>, who was only 17 years and 40 days old when he scored against Inter in the sixth matchday of the 2019\/20 group stage.<\/p>  <p><strong>\u26bdYoungest goalscorers in the UEFA Champions League<\/strong><\/p>  <ol> <li>17 years and 40 days: <strong>Ansu Fati<\/strong> (Inter &#8211; <strong>Barcelona<\/strong> 1-2, 10\/12\/19)<\/li> \t<li>17 years and 68 days: <b>Lamine Yamal<\/b> (Monaco &#8211; <b>Barcelona<\/b>, 19\/09\/24)<\/li> \t<li>17 years and 119 days: George Ilenikhena (Antwerp &#8211; Barcelona 3-2, 13\/12\/23)<\/li> \t<li>17 years and 149 days: Antonio Nusa (Porto &#8211; Club Brugge 0-4, 13\/09\/22)<\/li> \t<li>17 years and 194 days: Peter Ofori-Quaye (Rosenborg &#8211; Olympiacos 5-1, 01\/10\/97)<\/li> \t<li>17 years and 215 days: Mateo Kova\u010di\u0107 (GNK Dinamo &#8211; Lyon 1-7, 07\/12\/11)<\/li> \t<li>17 years and 217 days: Cesc F\u00e0bregas (Arsenal &#8211; Rosenborg 5-1, 07\/12\/04)<\/li> \t<li>17 years and 217 days: <strong>Bojan Krki\u0107<\/strong> (Schalke &#8211; <strong>Barcelona<\/strong> 0-1, 01\/04\/08)<\/li> \t<li>17 years and 240 days: Martin Klein (Panathinaikos &#8211; Sparta Prague 2-1, 27\/02\/02)<\/li> \t<li>17 years and 263 days: Breel Embolo (Basel &#8211; Ludogorets 4-0, 04\/11\/14)<\/li> <\/ol> <p>In total, <strong>Yamal has recorded 3 goals and 3 assists in 9 matches so far in the Champions League<\/strong>, a tournament where, in addition to scoring in the visit to the Principality, he also found the net against Atalanta (2-2) in the league phase. Likewise, the &#8217;19&#8217; provided two assists against Bayern Munich (4-1) and Borussia Dortmund (2-3).<\/p> ","protected":false},"excerpt":{"rendered":"<p>Lamine Yamal is the second youngest player to score a goal in a knockout match of the Champions League. The winger is behind another Bar\u00e7a academy product, Bojan Krkic. Lamine Yamal was one of the main protagonists, if not the main one, of FC Barcelona&#8216;s victory against Benfica (3-1) to secure a ticket to the [&hellip;]<\/p>\n","protected":false},"author":358,"featured_media":34376,"comment_status":"closed","ping_status":"open","sticky":false,"template":"","format":"standard","meta":{"_acf_changed":false,"inline_featured_image":false,"_nextfly_llmd_date_locked":false,"footnotes":""},"categories":[111],"tags":[241],"class_list":["post-34373","post","type-post","status-publish","format-standard","has-post-thumbnail","hentry","category-fc-barcelona","tag-fc-barcelona-vs-benfica-latest-match-news"],"acf":[],"yoast_head":"<!-- This site is optimized with the Yoast SEO plugin v27.3 - https:\/\/yoast.com\/product\/yoast-seo-wordpress\/ -->\n<title>The two youngest goalscorers in a Champions knockout match...<\/title>\n<meta name=\"description\" content=\"Lamine Yamal is the second youngest player to score a goal in a knockout match of the Champions League. The winger is behind...\" \/>\n<meta name=\"robots\" content=\"index, follow, max-snippet:-1, max-image-preview:large, max-video-preview:-1\" \/>\n<link rel=\"canonical\" href=\"https:\/\/www.fcbarcelonanoticias.com\/en\/fc-barcelona\/the-two-youngest-goalscorers-in-champions-knockout-match_311431_102.html\" \/>\n<meta property=\"og:locale\" content=\"en_US\" \/>\n<meta property=\"og:type\" content=\"article\" \/>\n<meta property=\"og:title\" content=\"The two youngest goalscorers in a Champions knockout match...\" \/>\n<meta property=\"og:description\" content=\"Lamine Yamal is the second youngest player to score a goal in a knockout match of the Champions League. The winger is behind...\" \/>\n<meta property=\"og:url\" content=\"https:\/\/www.fcbarcelonanoticias.com\/en\/fc-barcelona\/the-two-youngest-goalscorers-in-champions-knockout-match_311431_102.html\" \/>\n<meta property=\"og:site_name\" content=\"EN - FC Barcelona Noticias\" \/>\n<meta property=\"article:published_time\" content=\"2025-03-12T06:41:00+00:00\" \/>\n<meta property=\"article:modified_time\" content=\"2025-03-13T16:34:00+00:00\" \/>\n<meta property=\"og:image\" content=\"https:\/\/www.fcbarcelonanoticias.com\/en\/wp-content\/uploads\/sites\/2\/2025\/03\/fc-barcelona-v-sl-benfica-uefa-champions-league-2024-25-round-of-16-second-leg-7-1-1.jpeg\" \/>\n\t<meta property=\"og:image:width\" content=\"1200\" \/>\n\t<meta property=\"og:image:height\" content=\"675\" \/>\n\t<meta property=\"og:image:type\" content=\"image\/jpeg\" \/>\n<meta name=\"author\" content=\"Juan Pablo Berdugo\" \/>\n<meta name=\"twitter:card\" content=\"summary_large_image\" \/>\n<meta name=\"twitter:label1\" content=\"Written by\" \/>\n\t<meta name=\"twitter:data1\" content=\"Juan Pablo Berdugo\" \/>\n\t<meta name=\"twitter:label2\" content=\"Est. reading time\" \/>\n\t<meta name=\"twitter:data2\" content=\"3 minutes\" \/>\n<script type=\"application\/ld+json\" class=\"yoast-schema-graph\">{\"@context\":\"https:\\\/\\\/schema.org\",\"@graph\":[{\"@type\":\"Article\",\"@id\":\"https:\\\/\\\/www.fcbarcelonanoticias.com\\\/en\\\/fc-barcelona\\\/the-two-youngest-goalscorers-in-champions-knockout-match_311431_102.html#article\",\"isPartOf\":{\"@id\":\"https:\\\/\\\/www.fcbarcelonanoticias.com\\\/en\\\/fc-barcelona\\\/the-two-youngest-goalscorers-in-champions-knockout-match_311431_102.html\"},\"author\":{\"name\":\"Juan Pablo Berdugo\",\"@id\":\"https:\\\/\\\/www.fcbarcelonanoticias.com\\\/en\\\/#\\\/schema\\\/person\\\/88d756918a0a1ae9fa593b5edddd1815\"},\"headline\":\"The two youngest goalscorers in a Champions knockout match are from Barcelona\",\"datePublished\":\"2025-03-12T06:41:00+00:00\",\"dateModified\":\"2025-03-13T16:34:00+00:00\",\"mainEntityOfPage\":{\"@id\":\"https:\\\/\\\/www.fcbarcelonanoticias.com\\\/en\\\/fc-barcelona\\\/the-two-youngest-goalscorers-in-champions-knockout-match_311431_102.html\"},\"wordCount\":583,\"image\":{\"@id\":\"https:\\\/\\\/www.fcbarcelonanoticias.com\\\/en\\\/fc-barcelona\\\/the-two-youngest-goalscorers-in-champions-knockout-match_311431_102.html#primaryimage\"},\"thumbnailUrl\":\"https:\\\/\\\/www.fcbarcelonanoticias.com\\\/en\\\/wp-content\\\/uploads\\\/sites\\\/2\\\/2025\\\/03\\\/fc-barcelona-v-sl-benfica-uefa-champions-league-2024-25-round-of-16-second-leg-7-1-1.jpeg\",\"keywords\":[\"FC Barcelona vs Benfica\"],\"articleSection\":[\"FC Barcelona\"],\"inLanguage\":\"en-US\"},{\"@type\":\"WebPage\",\"@id\":\"https:\\\/\\\/www.fcbarcelonanoticias.com\\\/en\\\/fc-barcelona\\\/the-two-youngest-goalscorers-in-champions-knockout-match_311431_102.html\",\"url\":\"https:\\\/\\\/www.fcbarcelonanoticias.com\\\/en\\\/fc-barcelona\\\/the-two-youngest-goalscorers-in-champions-knockout-match_311431_102.html\",\"name\":\"The two youngest goalscorers in a Champions knockout match...\",\"isPartOf\":{\"@id\":\"https:\\\/\\\/www.fcbarcelonanoticias.com\\\/en\\\/#website\"},\"primaryImageOfPage\":{\"@id\":\"https:\\\/\\\/www.fcbarcelonanoticias.com\\\/en\\\/fc-barcelona\\\/the-two-youngest-goalscorers-in-champions-knockout-match_311431_102.html#primaryimage\"},\"image\":{\"@id\":\"https:\\\/\\\/www.fcbarcelonanoticias.com\\\/en\\\/fc-barcelona\\\/the-two-youngest-goalscorers-in-champions-knockout-match_311431_102.html#primaryimage\"},\"thumbnailUrl\":\"https:\\\/\\\/www.fcbarcelonanoticias.com\\\/en\\\/wp-content\\\/uploads\\\/sites\\\/2\\\/2025\\\/03\\\/fc-barcelona-v-sl-benfica-uefa-champions-league-2024-25-round-of-16-second-leg-7-1-1.jpeg\",\"datePublished\":\"2025-03-12T06:41:00+00:00\",\"dateModified\":\"2025-03-13T16:34:00+00:00\",\"author\":{\"@id\":\"https:\\\/\\\/www.fcbarcelonanoticias.com\\\/en\\\/#\\\/schema\\\/person\\\/88d756918a0a1ae9fa593b5edddd1815\"},\"description\":\"Lamine Yamal is the second youngest player to score a goal in a knockout match of the Champions League. The winger is behind...\",\"breadcrumb\":{\"@id\":\"https:\\\/\\\/www.fcbarcelonanoticias.com\\\/en\\\/fc-barcelona\\\/the-two-youngest-goalscorers-in-champions-knockout-match_311431_102.html#breadcrumb\"},\"inLanguage\":\"en-US\",\"potentialAction\":[{\"@type\":\"ReadAction\",\"target\":[\"https:\\\/\\\/www.fcbarcelonanoticias.com\\\/en\\\/fc-barcelona\\\/the-two-youngest-goalscorers-in-champions-knockout-match_311431_102.html\"]}]},{\"@type\":\"ImageObject\",\"inLanguage\":\"en-US\",\"@id\":\"https:\\\/\\\/www.fcbarcelonanoticias.com\\\/en\\\/fc-barcelona\\\/the-two-youngest-goalscorers-in-champions-knockout-match_311431_102.html#primaryimage\",\"url\":\"https:\\\/\\\/www.fcbarcelonanoticias.com\\\/en\\\/wp-content\\\/uploads\\\/sites\\\/2\\\/2025\\\/03\\\/fc-barcelona-v-sl-benfica-uefa-champions-league-2024-25-round-of-16-second-leg-7-1-1.jpeg\",\"contentUrl\":\"https:\\\/\\\/www.fcbarcelonanoticias.com\\\/en\\\/wp-content\\\/uploads\\\/sites\\\/2\\\/2025\\\/03\\\/fc-barcelona-v-sl-benfica-uefa-champions-league-2024-25-round-of-16-second-leg-7-1-1.jpeg\",\"width\":1200,\"height\":675},{\"@type\":\"BreadcrumbList\",\"@id\":\"https:\\\/\\\/www.fcbarcelonanoticias.com\\\/en\\\/fc-barcelona\\\/the-two-youngest-goalscorers-in-champions-knockout-match_311431_102.html#breadcrumb\",\"itemListElement\":[{\"@type\":\"ListItem\",\"position\":1,\"name\":\"Portada\",\"item\":\"https:\\\/\\\/www.fcbarcelonanoticias.com\\\/en\\\/\"},{\"@type\":\"ListItem\",\"position\":2,\"name\":\"The two youngest goalscorers in a Champions knockout match are from Barcelona\"}]},{\"@type\":\"WebSite\",\"@id\":\"https:\\\/\\\/www.fcbarcelonanoticias.com\\\/en\\\/#website\",\"url\":\"https:\\\/\\\/www.fcbarcelonanoticias.com\\\/en\\\/\",\"name\":\"EN - FC Barcelona Noticias\",\"description\":\"\",\"potentialAction\":[{\"@type\":\"SearchAction\",\"target\":{\"@type\":\"EntryPoint\",\"urlTemplate\":\"https:\\\/\\\/www.fcbarcelonanoticias.com\\\/en\\\/?s={search_term_string}\"},\"query-input\":{\"@type\":\"PropertyValueSpecification\",\"valueRequired\":true,\"valueName\":\"search_term_string\"}}],\"inLanguage\":\"en-US\"},{\"@type\":\"Person\",\"@id\":\"https:\\\/\\\/www.fcbarcelonanoticias.com\\\/en\\\/#\\\/schema\\\/person\\\/88d756918a0a1ae9fa593b5edddd1815\",\"name\":\"Juan Pablo Berdugo\",\"image\":{\"@type\":\"ImageObject\",\"inLanguage\":\"en-US\",\"@id\":\"https:\\\/\\\/secure.gravatar.com\\\/avatar\\\/?s=96&d=mm&r=g\",\"url\":\"https:\\\/\\\/secure.gravatar.com\\\/avatar\\\/?s=96&d=mm&r=g\",\"contentUrl\":\"https:\\\/\\\/secure.gravatar.com\\\/avatar\\\/?s=96&d=mm&r=g\",\"caption\":\"Juan Pablo Berdugo\"},\"description\":\"Juan Pablo Berdugo es graduado en Periodismo. Colabora con FCBN como especialista en informaci\u00f3n del primer equipo del FC Barcelona, f\u00fatbol internacional y mercado de fichajes. Destaca por su enfoque anal\u00edtico, su rigor informativo y su capacidad para detectar tendencias emergentes en el f\u00fatbol global.\",\"url\":\"https:\\\/\\\/www.fcbarcelonanoticias.com\\\/en\\\/fc-barcelona\\\/juan-pablo-berdugo_18_115.html\"}]}<\/script>\n<!-- \/ Yoast SEO plugin. -->","yoast_head_json":{"title":"The two youngest goalscorers in a Champions knockout match...","description":"Lamine Yamal is the second youngest player to score a goal in a knockout match of the Champions League. The winger is behind...","robots":{"index":"index","follow":"follow","max-snippet":"max-snippet:-1","max-image-preview":"max-image-preview:large","max-video-preview":"max-video-preview:-1"},"canonical":"https:\/\/www.fcbarcelonanoticias.com\/en\/fc-barcelona\/the-two-youngest-goalscorers-in-champions-knockout-match_311431_102.html","og_locale":"en_US","og_type":"article","og_title":"The two youngest goalscorers in a Champions knockout match...","og_description":"Lamine Yamal is the second youngest player to score a goal in a knockout match of the Champions League. The winger is behind...","og_url":"https:\/\/www.fcbarcelonanoticias.com\/en\/fc-barcelona\/the-two-youngest-goalscorers-in-champions-knockout-match_311431_102.html","og_site_name":"EN - FC Barcelona Noticias","article_published_time":"2025-03-12T06:41:00+00:00","article_modified_time":"2025-03-13T16:34:00+00:00","og_image":[{"width":1200,"height":675,"url":"https:\/\/www.fcbarcelonanoticias.com\/en\/wp-content\/uploads\/sites\/2\/2025\/03\/fc-barcelona-v-sl-benfica-uefa-champions-league-2024-25-round-of-16-second-leg-7-1-1.jpeg","type":"image\/jpeg"}],"author":"Juan Pablo Berdugo","twitter_card":"summary_large_image","twitter_misc":{"Written by":"Juan Pablo Berdugo","Est. reading time":"3 minutes"},"schema":{"@context":"https:\/\/schema.org","@graph":[{"@type":"Article","@id":"https:\/\/www.fcbarcelonanoticias.com\/en\/fc-barcelona\/the-two-youngest-goalscorers-in-champions-knockout-match_311431_102.html#article","isPartOf":{"@id":"https:\/\/www.fcbarcelonanoticias.com\/en\/fc-barcelona\/the-two-youngest-goalscorers-in-champions-knockout-match_311431_102.html"},"author":{"name":"Juan Pablo Berdugo","@id":"https:\/\/www.fcbarcelonanoticias.com\/en\/#\/schema\/person\/88d756918a0a1ae9fa593b5edddd1815"},"headline":"The two youngest goalscorers in a Champions knockout match are from Barcelona","datePublished":"2025-03-12T06:41:00+00:00","dateModified":"2025-03-13T16:34:00+00:00","mainEntityOfPage":{"@id":"https:\/\/www.fcbarcelonanoticias.com\/en\/fc-barcelona\/the-two-youngest-goalscorers-in-champions-knockout-match_311431_102.html"},"wordCount":583,"image":{"@id":"https:\/\/www.fcbarcelonanoticias.com\/en\/fc-barcelona\/the-two-youngest-goalscorers-in-champions-knockout-match_311431_102.html#primaryimage"},"thumbnailUrl":"https:\/\/www.fcbarcelonanoticias.com\/en\/wp-content\/uploads\/sites\/2\/2025\/03\/fc-barcelona-v-sl-benfica-uefa-champions-league-2024-25-round-of-16-second-leg-7-1-1.jpeg","keywords":["FC Barcelona vs Benfica"],"articleSection":["FC Barcelona"],"inLanguage":"en-US"},{"@type":"WebPage","@id":"https:\/\/www.fcbarcelonanoticias.com\/en\/fc-barcelona\/the-two-youngest-goalscorers-in-champions-knockout-match_311431_102.html","url":"https:\/\/www.fcbarcelonanoticias.com\/en\/fc-barcelona\/the-two-youngest-goalscorers-in-champions-knockout-match_311431_102.html","name":"The two youngest goalscorers in a Champions knockout match...","isPartOf":{"@id":"https:\/\/www.fcbarcelonanoticias.com\/en\/#website"},"primaryImageOfPage":{"@id":"https:\/\/www.fcbarcelonanoticias.com\/en\/fc-barcelona\/the-two-youngest-goalscorers-in-champions-knockout-match_311431_102.html#primaryimage"},"image":{"@id":"https:\/\/www.fcbarcelonanoticias.com\/en\/fc-barcelona\/the-two-youngest-goalscorers-in-champions-knockout-match_311431_102.html#primaryimage"},"thumbnailUrl":"https:\/\/www.fcbarcelonanoticias.com\/en\/wp-content\/uploads\/sites\/2\/2025\/03\/fc-barcelona-v-sl-benfica-uefa-champions-league-2024-25-round-of-16-second-leg-7-1-1.jpeg","datePublished":"2025-03-12T06:41:00+00:00","dateModified":"2025-03-13T16:34:00+00:00","author":{"@id":"https:\/\/www.fcbarcelonanoticias.com\/en\/#\/schema\/person\/88d756918a0a1ae9fa593b5edddd1815"},"description":"Lamine Yamal is the second youngest player to score a goal in a knockout match of the Champions League. The winger is behind...","breadcrumb":{"@id":"https:\/\/www.fcbarcelonanoticias.com\/en\/fc-barcelona\/the-two-youngest-goalscorers-in-champions-knockout-match_311431_102.html#breadcrumb"},"inLanguage":"en-US","potentialAction":[{"@type":"ReadAction","target":["https:\/\/www.fcbarcelonanoticias.com\/en\/fc-barcelona\/the-two-youngest-goalscorers-in-champions-knockout-match_311431_102.html"]}]},{"@type":"ImageObject","inLanguage":"en-US","@id":"https:\/\/www.fcbarcelonanoticias.com\/en\/fc-barcelona\/the-two-youngest-goalscorers-in-champions-knockout-match_311431_102.html#primaryimage","url":"https:\/\/www.fcbarcelonanoticias.com\/en\/wp-content\/uploads\/sites\/2\/2025\/03\/fc-barcelona-v-sl-benfica-uefa-champions-league-2024-25-round-of-16-second-leg-7-1-1.jpeg","contentUrl":"https:\/\/www.fcbarcelonanoticias.com\/en\/wp-content\/uploads\/sites\/2\/2025\/03\/fc-barcelona-v-sl-benfica-uefa-champions-league-2024-25-round-of-16-second-leg-7-1-1.jpeg","width":1200,"height":675},{"@type":"BreadcrumbList","@id":"https:\/\/www.fcbarcelonanoticias.com\/en\/fc-barcelona\/the-two-youngest-goalscorers-in-champions-knockout-match_311431_102.html#breadcrumb","itemListElement":[{"@type":"ListItem","position":1,"name":"Portada","item":"https:\/\/www.fcbarcelonanoticias.com\/en\/"},{"@type":"ListItem","position":2,"name":"The two youngest goalscorers in a Champions knockout match are from Barcelona"}]},{"@type":"WebSite","@id":"https:\/\/www.fcbarcelonanoticias.com\/en\/#website","url":"https:\/\/www.fcbarcelonanoticias.com\/en\/","name":"EN - FC Barcelona Noticias","description":"","potentialAction":[{"@type":"SearchAction","target":{"@type":"EntryPoint","urlTemplate":"https:\/\/www.fcbarcelonanoticias.com\/en\/?s={search_term_string}"},"query-input":{"@type":"PropertyValueSpecification","valueRequired":true,"valueName":"search_term_string"}}],"inLanguage":"en-US"},{"@type":"Person","@id":"https:\/\/www.fcbarcelonanoticias.com\/en\/#\/schema\/person\/88d756918a0a1ae9fa593b5edddd1815","name":"Juan Pablo Berdugo","image":{"@type":"ImageObject","inLanguage":"en-US","@id":"https:\/\/secure.gravatar.com\/avatar\/?s=96&d=mm&r=g","url":"https:\/\/secure.gravatar.com\/avatar\/?s=96&d=mm&r=g","contentUrl":"https:\/\/secure.gravatar.com\/avatar\/?s=96&d=mm&r=g","caption":"Juan Pablo Berdugo"},"description":"Juan Pablo Berdugo es graduado en Periodismo. Colabora con FCBN como especialista en informaci\u00f3n del primer equipo del FC Barcelona, f\u00fatbol internacional y mercado de fichajes. Destaca por su enfoque anal\u00edtico, su rigor informativo y su capacidad para detectar tendencias emergentes en el f\u00fatbol global.","url":"https:\/\/www.fcbarcelonanoticias.com\/en\/fc-barcelona\/juan-pablo-berdugo_18_115.html"}]}},"_links":{"self":[{"href":"https:\/\/www.fcbarcelonanoticias.com\/en\/wp-json\/wp\/v2\/posts\/34373","targetHints":{"allow":["GET"]}}],"collection":[{"href":"https:\/\/www.fcbarcelonanoticias.com\/en\/wp-json\/wp\/v2\/posts"}],"about":[{"href":"https:\/\/www.fcbarcelonanoticias.com\/en\/wp-json\/wp\/v2\/types\/post"}],"author":[{"embeddable":true,"href":"https:\/\/www.fcbarcelonanoticias.com\/en\/wp-json\/wp\/v2\/users\/358"}],"replies":[{"embeddable":true,"href":"https:\/\/www.fcbarcelonanoticias.com\/en\/wp-json\/wp\/v2\/comments?post=34373"}],"version-history":[{"count":1,"href":"https:\/\/www.fcbarcelonanoticias.com\/en\/wp-json\/wp\/v2\/posts\/34373\/revisions"}],"predecessor-version":[{"id":34374,"href":"https:\/\/www.fcbarcelonanoticias.com\/en\/wp-json\/wp\/v2\/posts\/34373\/revisions\/34374"}],"wp:featuredmedia":[{"embeddable":true,"href":"https:\/\/www.fcbarcelonanoticias.com\/en\/wp-json\/wp\/v2\/media\/34376"}],"wp:attachment":[{"href":"https:\/\/www.fcbarcelonanoticias.com\/en\/wp-json\/wp\/v2\/media?parent=34373"}],"wp:term":[{"taxonomy":"category","embeddable":true,"href":"https:\/\/www.fcbarcelonanoticias.com\/en\/wp-json\/wp\/v2\/categories?post=34373"},{"taxonomy":"post_tag","embeddable":true,"href":"https:\/\/www.fcbarcelonanoticias.com\/en\/wp-json\/wp\/v2\/tags?post=34373"}],"curies":[{"name":"wp","href":"https:\/\/api.w.org\/{rel}","templated":true}]}}