{"id":3469,"date":"2026-01-21T22:47:00","date_gmt":"2026-01-21T21:47:00","guid":{"rendered":"https:\/\/weisetech.dev\/fc-barcelona-noticias\/en\/alarm-in-barcelona-pedri-leaves-injured-in-prague_315817_102\/"},"modified":"2026-01-21T23:42:00","modified_gmt":"2026-01-21T22:42:00","slug":"alarm-in-barcelona-pedri-leaves-injured-in-prague_315817_102","status":"publish","type":"post","link":"https:\/\/www.fcbarcelonanoticias.com\/en\/champions-league\/alarm-in-barcelona-pedri-leaves-injured-in-prague_315817_102.html","title":{"rendered":"Alarm in Barcelona: Pedri Gonz\u00e1lez leaves injured against Slavia"},"content":{"rendered":"<h2 class=\"wp-block-heading\">Pedri Gonz\u00e1lez raised alarms at Bar\u00e7a during the visit to Slavia Prague. Before the 60th minute, the midfielder requested to be substituted due to a right thigh injury<\/h2>  \r\n<div class=\"article-addons\">\r\n    <a href=\"https:\/\/www.fcbarcelonanoticias.com\/en\/calendar-fc-barcelona.html\"\r\n       target=\"_self\"\r\n       title=\"Calendar of FC Barcelona\"\r\n       class=\"blue-gredient-btn\">\r\n       \r\n        Calendar of FC Barcelona    <\/a>\r\n<\/div>   <p><strong>FC Barcelona<\/strong> could lose <strong>Pedri Gonz\u00e1lez<\/strong> for the upcoming League, Cup, and Champions League matches. The 22-year-old midfielder arrived at the match against <strong>Slavia Prague<\/strong> without any ankle discomfort, despite the hard foul that <strong>Carlos Soler<\/strong> inflicted on him last Sunday at Anoeta, but he has suffered another twinge in his right thigh during matchday 7 of the Champions League.<\/p>  <p>Before the 60th minute of the match, the &#8216;8&#8217; fell to the ground due to **an apparent injury to his right adductor**. The Bar\u00e7a doctors immediately entered the field, and the Canary Islander signaled to the bench about a possible tear, with which **Hansi Flick** brought on **Dani Olmo** in his place<\/p>  <h2>Second muscle injury for Pedri in 25\/26<\/h2>  <p>The manager&#8217;s concerned gesture matched the pained expression of <strong>a Pedri who left limping straight for the locker room<\/strong>. In principle, the injury looks bad, but we&#8217;ll have to wait for the usual tests on Thursday in Catalonia.<\/p>  <p>The midfielder suffered <a data-external=\"0\" data-intl-links-en=\"https:\/\/www.fcbarcelonanoticias.com\/en\/fc-barcelona\/pedri-breaks-down-barcelona-confirms-midfielder-injury_315145_102.html\" data-intl-links-es=\"https:\/\/www.fcbarcelonanoticias.com\/fc-barcelona\/pedri-gonzalez-ko-comunicado-medico-barcelona-confirma-su-lesion_315145_102.html\" href=\"https:\/\/www.fcbarcelonanoticias.com\/en\/fc-barcelona\/pedri-breaks-down-barcelona-confirms-midfielder-injury_315145_102.html\" rel=\"follow\" target=\"_self\" title=\"Pedri Gonz\u00e1lez KO: Comunicado m\u00e9dico del Barcelona confirma su lesi\u00f3n\">an injury to his left leg (femoral biceps)<\/a> at the end of October that kept him sidelined for almost a month. For this reason, he missed four Bar\u00e7a matches in November. Now, with no FIFA break in between, the Tegueste native could be absent for a higher number of games due to the tight Bar\u00e7a schedule<\/p>  <h2>Upcoming FC Barcelona Matches<\/h2>  <ol> <li>January 25: vs&nbsp;<strong>Real Oviedo<\/strong>&nbsp;at Camp Nou, LaLiga matchday 21.<\/li> \t<li>January 28: vs&nbsp;<strong>Copenhagen&nbsp;<\/strong>at Camp Nou, Champions League matchday 8.<\/li> \t<li>January 31: vs&nbsp;<strong>Elche&nbsp;<\/strong>in Alicante, LaLiga matchday 22.<\/li> \t<li>February 03: vs&nbsp;<strong>Albacete&nbsp;<\/strong>in Castilla-La Mancha, Copa del Rey quarter-finals.<\/li> <\/ol> ","protected":false},"excerpt":{"rendered":"<p>Pedri Gonz\u00e1lez raised alarms at Bar\u00e7a during the visit to Slavia Prague. Before the 60th minute, the midfielder requested to be substituted due to a right thigh injury FC Barcelona could lose Pedri Gonz\u00e1lez for the upcoming League, Cup, and Champions League matches. The 22-year-old midfielder arrived at the match against Slavia Prague without any [&hellip;]<\/p>\n","protected":false},"author":347,"featured_media":1010,"comment_status":"closed","ping_status":"open","sticky":false,"template":"","format":"standard","meta":{"_acf_changed":false,"inline_featured_image":false,"_nextfly_llmd_date_locked":false,"footnotes":""},"categories":[447,112],"tags":[136,149,464,205],"class_list":["post-3469","post","type-post","status-publish","format-standard","has-post-thumbnail","hentry","category-champions-league-2","category-champions-league","tag-injured","tag-pedri","tag-pedri-2","tag-slavia-prague"],"acf":[],"yoast_head":"<!-- This site is optimized with the Yoast SEO plugin v27.3 - https:\/\/yoast.com\/product\/yoast-seo-wordpress\/ -->\n<title>Alarm in Barcelona: Pedri leaves injured in Prague<\/title>\n<meta name=\"description\" content=\"Pedri Gonz\u00e1lez raised alarms at Bar\u00e7a during the visit to Slavia Prague. The midfielder asked to be substituted due to a right thigh injury\" \/>\n<meta name=\"robots\" content=\"index, follow, max-snippet:-1, max-image-preview:large, max-video-preview:-1\" \/>\n<link rel=\"canonical\" href=\"https:\/\/www.fcbarcelonanoticias.com\/en\/champions-league\/alarm-in-barcelona-pedri-leaves-injured-in-prague_315817_102.html\" \/>\n<meta property=\"og:locale\" content=\"en_US\" \/>\n<meta property=\"og:type\" content=\"article\" \/>\n<meta property=\"og:title\" content=\"Alarm in Barcelona: Pedri leaves injured in Prague\" \/>\n<meta property=\"og:description\" content=\"Pedri Gonz\u00e1lez raised alarms at Bar\u00e7a during the visit to Slavia Prague. The midfielder asked to be substituted due to a right thigh injury\" \/>\n<meta property=\"og:url\" content=\"https:\/\/www.fcbarcelonanoticias.com\/en\/champions-league\/alarm-in-barcelona-pedri-leaves-injured-in-prague_315817_102.html\" \/>\n<meta property=\"og:site_name\" content=\"EN - FC Barcelona Noticias\" \/>\n<meta property=\"article:published_time\" content=\"2026-01-21T21:47:00+00:00\" \/>\n<meta property=\"article:modified_time\" content=\"2026-01-21T22:42:00+00:00\" \/>\n<meta property=\"og:image\" content=\"https:\/\/www.fcbarcelonanoticias.com\/en\/wp-content\/uploads\/sites\/2\/2026\/01\/pedri-lesionado-barcelona-v-slavia-praga.jpeg\" \/>\n\t<meta property=\"og:image:width\" content=\"1300\" \/>\n\t<meta property=\"og:image:height\" content=\"732\" \/>\n\t<meta property=\"og:image:type\" content=\"image\/jpeg\" \/>\n<meta name=\"author\" content=\"Andr\u00e9s Quiroz\" \/>\n<meta name=\"twitter:card\" content=\"summary_large_image\" \/>\n<meta name=\"twitter:label1\" content=\"Written by\" \/>\n\t<meta name=\"twitter:data1\" content=\"Andr\u00e9s Quiroz\" \/>\n\t<meta name=\"twitter:label2\" content=\"Est. reading time\" \/>\n\t<meta name=\"twitter:data2\" content=\"1 minute\" \/>\n<script type=\"application\/ld+json\" class=\"yoast-schema-graph\">{\"@context\":\"https:\\\/\\\/schema.org\",\"@graph\":[{\"@type\":\"Article\",\"@id\":\"https:\\\/\\\/www.fcbarcelonanoticias.com\\\/en\\\/champions-league\\\/alarm-in-barcelona-pedri-leaves-injured-in-prague_315817_102.html#article\",\"isPartOf\":{\"@id\":\"https:\\\/\\\/www.fcbarcelonanoticias.com\\\/en\\\/champions-league\\\/alarm-in-barcelona-pedri-leaves-injured-in-prague_315817_102.html\"},\"author\":{\"name\":\"Andr\u00e9s Quiroz\",\"@id\":\"https:\\\/\\\/www.fcbarcelonanoticias.com\\\/en\\\/#\\\/schema\\\/person\\\/c2cd9f6fa1af5c0d0eccd0fefa575c88\"},\"headline\":\"Alarm in Barcelona: Pedri Gonz\u00e1lez leaves injured against Slavia\",\"datePublished\":\"2026-01-21T21:47:00+00:00\",\"dateModified\":\"2026-01-21T22:42:00+00:00\",\"mainEntityOfPage\":{\"@id\":\"https:\\\/\\\/www.fcbarcelonanoticias.com\\\/en\\\/champions-league\\\/alarm-in-barcelona-pedri-leaves-injured-in-prague_315817_102.html\"},\"wordCount\":306,\"image\":{\"@id\":\"https:\\\/\\\/www.fcbarcelonanoticias.com\\\/en\\\/champions-league\\\/alarm-in-barcelona-pedri-leaves-injured-in-prague_315817_102.html#primaryimage\"},\"thumbnailUrl\":\"https:\\\/\\\/www.fcbarcelonanoticias.com\\\/en\\\/wp-content\\\/uploads\\\/sites\\\/2\\\/2026\\\/01\\\/pedri-lesionado-barcelona-v-slavia-praga.jpeg\",\"keywords\":[\"injured\",\"Pedri\",\"Pedri\",\"Slavia Prague\"],\"articleSection\":[\"Champions League\",\"Champions League\"],\"inLanguage\":\"en-US\"},{\"@type\":\"WebPage\",\"@id\":\"https:\\\/\\\/www.fcbarcelonanoticias.com\\\/en\\\/champions-league\\\/alarm-in-barcelona-pedri-leaves-injured-in-prague_315817_102.html\",\"url\":\"https:\\\/\\\/www.fcbarcelonanoticias.com\\\/en\\\/champions-league\\\/alarm-in-barcelona-pedri-leaves-injured-in-prague_315817_102.html\",\"name\":\"Alarm in Barcelona: Pedri leaves injured in Prague\",\"isPartOf\":{\"@id\":\"https:\\\/\\\/www.fcbarcelonanoticias.com\\\/en\\\/#website\"},\"primaryImageOfPage\":{\"@id\":\"https:\\\/\\\/www.fcbarcelonanoticias.com\\\/en\\\/champions-league\\\/alarm-in-barcelona-pedri-leaves-injured-in-prague_315817_102.html#primaryimage\"},\"image\":{\"@id\":\"https:\\\/\\\/www.fcbarcelonanoticias.com\\\/en\\\/champions-league\\\/alarm-in-barcelona-pedri-leaves-injured-in-prague_315817_102.html#primaryimage\"},\"thumbnailUrl\":\"https:\\\/\\\/www.fcbarcelonanoticias.com\\\/en\\\/wp-content\\\/uploads\\\/sites\\\/2\\\/2026\\\/01\\\/pedri-lesionado-barcelona-v-slavia-praga.jpeg\",\"datePublished\":\"2026-01-21T21:47:00+00:00\",\"dateModified\":\"2026-01-21T22:42:00+00:00\",\"author\":{\"@id\":\"https:\\\/\\\/www.fcbarcelonanoticias.com\\\/en\\\/#\\\/schema\\\/person\\\/c2cd9f6fa1af5c0d0eccd0fefa575c88\"},\"description\":\"Pedri Gonz\u00e1lez raised alarms at Bar\u00e7a during the visit to Slavia Prague. The midfielder asked to be substituted due to a right thigh injury\",\"breadcrumb\":{\"@id\":\"https:\\\/\\\/www.fcbarcelonanoticias.com\\\/en\\\/champions-league\\\/alarm-in-barcelona-pedri-leaves-injured-in-prague_315817_102.html#breadcrumb\"},\"inLanguage\":\"en-US\",\"potentialAction\":[{\"@type\":\"ReadAction\",\"target\":[\"https:\\\/\\\/www.fcbarcelonanoticias.com\\\/en\\\/champions-league\\\/alarm-in-barcelona-pedri-leaves-injured-in-prague_315817_102.html\"]}]},{\"@type\":\"ImageObject\",\"inLanguage\":\"en-US\",\"@id\":\"https:\\\/\\\/www.fcbarcelonanoticias.com\\\/en\\\/champions-league\\\/alarm-in-barcelona-pedri-leaves-injured-in-prague_315817_102.html#primaryimage\",\"url\":\"https:\\\/\\\/www.fcbarcelonanoticias.com\\\/en\\\/wp-content\\\/uploads\\\/sites\\\/2\\\/2026\\\/01\\\/pedri-lesionado-barcelona-v-slavia-praga.jpeg\",\"contentUrl\":\"https:\\\/\\\/www.fcbarcelonanoticias.com\\\/en\\\/wp-content\\\/uploads\\\/sites\\\/2\\\/2026\\\/01\\\/pedri-lesionado-barcelona-v-slavia-praga.jpeg\",\"width\":1300,\"height\":732},{\"@type\":\"BreadcrumbList\",\"@id\":\"https:\\\/\\\/www.fcbarcelonanoticias.com\\\/en\\\/champions-league\\\/alarm-in-barcelona-pedri-leaves-injured-in-prague_315817_102.html#breadcrumb\",\"itemListElement\":[{\"@type\":\"ListItem\",\"position\":1,\"name\":\"Portada\",\"item\":\"https:\\\/\\\/www.fcbarcelonanoticias.com\\\/en\\\/\"},{\"@type\":\"ListItem\",\"position\":2,\"name\":\"Alarm in Barcelona: Pedri Gonz\u00e1lez leaves injured against Slavia\"}]},{\"@type\":\"WebSite\",\"@id\":\"https:\\\/\\\/www.fcbarcelonanoticias.com\\\/en\\\/#website\",\"url\":\"https:\\\/\\\/www.fcbarcelonanoticias.com\\\/en\\\/\",\"name\":\"EN - FC Barcelona Noticias\",\"description\":\"\",\"potentialAction\":[{\"@type\":\"SearchAction\",\"target\":{\"@type\":\"EntryPoint\",\"urlTemplate\":\"https:\\\/\\\/www.fcbarcelonanoticias.com\\\/en\\\/?s={search_term_string}\"},\"query-input\":{\"@type\":\"PropertyValueSpecification\",\"valueRequired\":true,\"valueName\":\"search_term_string\"}}],\"inLanguage\":\"en-US\"},{\"@type\":\"Person\",\"@id\":\"https:\\\/\\\/www.fcbarcelonanoticias.com\\\/en\\\/#\\\/schema\\\/person\\\/c2cd9f6fa1af5c0d0eccd0fefa575c88\",\"name\":\"Andr\u00e9s Quiroz\",\"image\":{\"@type\":\"ImageObject\",\"inLanguage\":\"en-US\",\"@id\":\"https:\\\/\\\/secure.gravatar.com\\\/avatar\\\/?s=96&d=mm&r=g\",\"url\":\"https:\\\/\\\/secure.gravatar.com\\\/avatar\\\/?s=96&d=mm&r=g\",\"contentUrl\":\"https:\\\/\\\/secure.gravatar.com\\\/avatar\\\/?s=96&d=mm&r=g\",\"caption\":\"Andr\u00e9s Quiroz\"},\"description\":\"Licenciado en Periodismo por la Universidad de los Andes. Me encargo de analizar y compartir los contenidos m\u00e1s destacados de la\u00a0actualidad del F\u00fatbol Club Barcelona, Mercado de Fichajes y F\u00fatbol Internacional en FCBN. La informaci\u00f3n es poder, pero tambi\u00e9n conocimiento.\",\"url\":\"https:\\\/\\\/www.fcbarcelonanoticias.com\\\/en\\\/fc-barcelona\\\/andres-quiroz_17_115.html\"}]}<\/script>\n<!-- \/ Yoast SEO plugin. -->","yoast_head_json":{"title":"Alarm in Barcelona: Pedri leaves injured in Prague","description":"Pedri Gonz\u00e1lez raised alarms at Bar\u00e7a during the visit to Slavia Prague. The midfielder asked to be substituted due to a right thigh injury","robots":{"index":"index","follow":"follow","max-snippet":"max-snippet:-1","max-image-preview":"max-image-preview:large","max-video-preview":"max-video-preview:-1"},"canonical":"https:\/\/www.fcbarcelonanoticias.com\/en\/champions-league\/alarm-in-barcelona-pedri-leaves-injured-in-prague_315817_102.html","og_locale":"en_US","og_type":"article","og_title":"Alarm in Barcelona: Pedri leaves injured in Prague","og_description":"Pedri Gonz\u00e1lez raised alarms at Bar\u00e7a during the visit to Slavia Prague. The midfielder asked to be substituted due to a right thigh injury","og_url":"https:\/\/www.fcbarcelonanoticias.com\/en\/champions-league\/alarm-in-barcelona-pedri-leaves-injured-in-prague_315817_102.html","og_site_name":"EN - FC Barcelona Noticias","article_published_time":"2026-01-21T21:47:00+00:00","article_modified_time":"2026-01-21T22:42:00+00:00","og_image":[{"width":1300,"height":732,"url":"https:\/\/www.fcbarcelonanoticias.com\/en\/wp-content\/uploads\/sites\/2\/2026\/01\/pedri-lesionado-barcelona-v-slavia-praga.jpeg","type":"image\/jpeg"}],"author":"Andr\u00e9s Quiroz","twitter_card":"summary_large_image","twitter_misc":{"Written by":"Andr\u00e9s Quiroz","Est. reading time":"1 minute"},"schema":{"@context":"https:\/\/schema.org","@graph":[{"@type":"Article","@id":"https:\/\/www.fcbarcelonanoticias.com\/en\/champions-league\/alarm-in-barcelona-pedri-leaves-injured-in-prague_315817_102.html#article","isPartOf":{"@id":"https:\/\/www.fcbarcelonanoticias.com\/en\/champions-league\/alarm-in-barcelona-pedri-leaves-injured-in-prague_315817_102.html"},"author":{"name":"Andr\u00e9s Quiroz","@id":"https:\/\/www.fcbarcelonanoticias.com\/en\/#\/schema\/person\/c2cd9f6fa1af5c0d0eccd0fefa575c88"},"headline":"Alarm in Barcelona: Pedri Gonz\u00e1lez leaves injured against Slavia","datePublished":"2026-01-21T21:47:00+00:00","dateModified":"2026-01-21T22:42:00+00:00","mainEntityOfPage":{"@id":"https:\/\/www.fcbarcelonanoticias.com\/en\/champions-league\/alarm-in-barcelona-pedri-leaves-injured-in-prague_315817_102.html"},"wordCount":306,"image":{"@id":"https:\/\/www.fcbarcelonanoticias.com\/en\/champions-league\/alarm-in-barcelona-pedri-leaves-injured-in-prague_315817_102.html#primaryimage"},"thumbnailUrl":"https:\/\/www.fcbarcelonanoticias.com\/en\/wp-content\/uploads\/sites\/2\/2026\/01\/pedri-lesionado-barcelona-v-slavia-praga.jpeg","keywords":["injured","Pedri","Pedri","Slavia Prague"],"articleSection":["Champions League","Champions League"],"inLanguage":"en-US"},{"@type":"WebPage","@id":"https:\/\/www.fcbarcelonanoticias.com\/en\/champions-league\/alarm-in-barcelona-pedri-leaves-injured-in-prague_315817_102.html","url":"https:\/\/www.fcbarcelonanoticias.com\/en\/champions-league\/alarm-in-barcelona-pedri-leaves-injured-in-prague_315817_102.html","name":"Alarm in Barcelona: Pedri leaves injured in Prague","isPartOf":{"@id":"https:\/\/www.fcbarcelonanoticias.com\/en\/#website"},"primaryImageOfPage":{"@id":"https:\/\/www.fcbarcelonanoticias.com\/en\/champions-league\/alarm-in-barcelona-pedri-leaves-injured-in-prague_315817_102.html#primaryimage"},"image":{"@id":"https:\/\/www.fcbarcelonanoticias.com\/en\/champions-league\/alarm-in-barcelona-pedri-leaves-injured-in-prague_315817_102.html#primaryimage"},"thumbnailUrl":"https:\/\/www.fcbarcelonanoticias.com\/en\/wp-content\/uploads\/sites\/2\/2026\/01\/pedri-lesionado-barcelona-v-slavia-praga.jpeg","datePublished":"2026-01-21T21:47:00+00:00","dateModified":"2026-01-21T22:42:00+00:00","author":{"@id":"https:\/\/www.fcbarcelonanoticias.com\/en\/#\/schema\/person\/c2cd9f6fa1af5c0d0eccd0fefa575c88"},"description":"Pedri Gonz\u00e1lez raised alarms at Bar\u00e7a during the visit to Slavia Prague. The midfielder asked to be substituted due to a right thigh injury","breadcrumb":{"@id":"https:\/\/www.fcbarcelonanoticias.com\/en\/champions-league\/alarm-in-barcelona-pedri-leaves-injured-in-prague_315817_102.html#breadcrumb"},"inLanguage":"en-US","potentialAction":[{"@type":"ReadAction","target":["https:\/\/www.fcbarcelonanoticias.com\/en\/champions-league\/alarm-in-barcelona-pedri-leaves-injured-in-prague_315817_102.html"]}]},{"@type":"ImageObject","inLanguage":"en-US","@id":"https:\/\/www.fcbarcelonanoticias.com\/en\/champions-league\/alarm-in-barcelona-pedri-leaves-injured-in-prague_315817_102.html#primaryimage","url":"https:\/\/www.fcbarcelonanoticias.com\/en\/wp-content\/uploads\/sites\/2\/2026\/01\/pedri-lesionado-barcelona-v-slavia-praga.jpeg","contentUrl":"https:\/\/www.fcbarcelonanoticias.com\/en\/wp-content\/uploads\/sites\/2\/2026\/01\/pedri-lesionado-barcelona-v-slavia-praga.jpeg","width":1300,"height":732},{"@type":"BreadcrumbList","@id":"https:\/\/www.fcbarcelonanoticias.com\/en\/champions-league\/alarm-in-barcelona-pedri-leaves-injured-in-prague_315817_102.html#breadcrumb","itemListElement":[{"@type":"ListItem","position":1,"name":"Portada","item":"https:\/\/www.fcbarcelonanoticias.com\/en\/"},{"@type":"ListItem","position":2,"name":"Alarm in Barcelona: Pedri Gonz\u00e1lez leaves injured against Slavia"}]},{"@type":"WebSite","@id":"https:\/\/www.fcbarcelonanoticias.com\/en\/#website","url":"https:\/\/www.fcbarcelonanoticias.com\/en\/","name":"EN - FC Barcelona Noticias","description":"","potentialAction":[{"@type":"SearchAction","target":{"@type":"EntryPoint","urlTemplate":"https:\/\/www.fcbarcelonanoticias.com\/en\/?s={search_term_string}"},"query-input":{"@type":"PropertyValueSpecification","valueRequired":true,"valueName":"search_term_string"}}],"inLanguage":"en-US"},{"@type":"Person","@id":"https:\/\/www.fcbarcelonanoticias.com\/en\/#\/schema\/person\/c2cd9f6fa1af5c0d0eccd0fefa575c88","name":"Andr\u00e9s Quiroz","image":{"@type":"ImageObject","inLanguage":"en-US","@id":"https:\/\/secure.gravatar.com\/avatar\/?s=96&d=mm&r=g","url":"https:\/\/secure.gravatar.com\/avatar\/?s=96&d=mm&r=g","contentUrl":"https:\/\/secure.gravatar.com\/avatar\/?s=96&d=mm&r=g","caption":"Andr\u00e9s Quiroz"},"description":"Licenciado en Periodismo por la Universidad de los Andes. Me encargo de analizar y compartir los contenidos m\u00e1s destacados de la\u00a0actualidad del F\u00fatbol Club Barcelona, Mercado de Fichajes y F\u00fatbol Internacional en FCBN. La informaci\u00f3n es poder, pero tambi\u00e9n conocimiento.","url":"https:\/\/www.fcbarcelonanoticias.com\/en\/fc-barcelona\/andres-quiroz_17_115.html"}]}},"_links":{"self":[{"href":"https:\/\/www.fcbarcelonanoticias.com\/en\/wp-json\/wp\/v2\/posts\/3469","targetHints":{"allow":["GET"]}}],"collection":[{"href":"https:\/\/www.fcbarcelonanoticias.com\/en\/wp-json\/wp\/v2\/posts"}],"about":[{"href":"https:\/\/www.fcbarcelonanoticias.com\/en\/wp-json\/wp\/v2\/types\/post"}],"author":[{"embeddable":true,"href":"https:\/\/www.fcbarcelonanoticias.com\/en\/wp-json\/wp\/v2\/users\/347"}],"replies":[{"embeddable":true,"href":"https:\/\/www.fcbarcelonanoticias.com\/en\/wp-json\/wp\/v2\/comments?post=3469"}],"version-history":[{"count":1,"href":"https:\/\/www.fcbarcelonanoticias.com\/en\/wp-json\/wp\/v2\/posts\/3469\/revisions"}],"predecessor-version":[{"id":100458,"href":"https:\/\/www.fcbarcelonanoticias.com\/en\/wp-json\/wp\/v2\/posts\/3469\/revisions\/100458"}],"wp:featuredmedia":[{"embeddable":true,"href":"https:\/\/www.fcbarcelonanoticias.com\/en\/wp-json\/wp\/v2\/media\/1010"}],"wp:attachment":[{"href":"https:\/\/www.fcbarcelonanoticias.com\/en\/wp-json\/wp\/v2\/media?parent=3469"}],"wp:term":[{"taxonomy":"category","embeddable":true,"href":"https:\/\/www.fcbarcelonanoticias.com\/en\/wp-json\/wp\/v2\/categories?post=3469"},{"taxonomy":"post_tag","embeddable":true,"href":"https:\/\/www.fcbarcelonanoticias.com\/en\/wp-json\/wp\/v2\/tags?post=3469"}],"curies":[{"name":"wp","href":"https:\/\/api.w.org\/{rel}","templated":true}]}}