{"id":34695,"date":"2024-08-10T17:41:00","date_gmt":"2024-08-10T15:41:00","guid":{"rendered":"https:\/\/weisetech.dev\/fc-barcelona-noticias\/en\/the-way-in-which-barca-will-recognise-the-season-and-the-spectacular-fermin-games_306331_102\/"},"modified":"2024-08-10T23:47:00","modified_gmt":"2024-08-10T21:47:00","slug":"the-way-in-which-barca-will-recognise-the-season-and-the-spectacular-fermin-games_306331_102","status":"publish","type":"post","link":"https:\/\/www.fcbarcelonanoticias.com\/en\/fc-barcelona\/the-way-in-which-barca-will-recognise-the-season-and-the-spectacular-fermin-games_306331_102.html","title":{"rendered":"The way in which Bar\u00e7a will recognise the season and the spectacular Ferm\u00edn Games"},"content":{"rendered":"<h2 class=\"wp-block-heading\">After a good season with Xavi Hern\u00e1ndez and an excellent summer playing at the highest level in the Olympic Games with Spain, Ferm\u00edn L\u00f3pez has earned all the applause from the board and coaching staff of FC Barcelona<\/h2>  \r\n<div class=\"article-addons\">\r\n    <a href=\"https:\/\/www.fcbarcelonanoticias.com\/en\/calendar-fc-barcelona.html\"\r\n       target=\"_self\"\r\n       title=\"Calendar of FC Barcelona\"\r\n       class=\"blue-gredient-btn\">\r\n       \r\n        Calendar of FC Barcelona    <\/a>\r\n<\/div>   <p>Fermin Lopez is the sensation of the summer. <strong>The Andalusian was crowned champion of Euro 2024 with the Spanish national team and then joined Santi Denia&#8217;s Olympic team, where he won gold at the Paris 2024 Olympic Games. <\/strong>The FC Barcelona player became the best player of the tournament, being a key piece in &#8216;La Rojita&#8217; with six goals, two of them in the final, and an assist.<\/p>  <p><strong>The 21-year-old will have a week&#8217;s holiday and will miss the league winger of Hansi Flick&#8217;s Bar\u00e7a. <\/strong>He will not be at Mestalla, but the German will be able to count on him for the second LaLiga match, where the Blaugrana team will play in Montju\u00efc against Athletic. Fermin has made it clear that he wants few holidays, as he wants to earn a starting place in the team, where he will have to compete with his teammates in a squad full of attacking midfielders.<\/p>  <p>Although the youth player does not have to worry too much. <strong>Flick has closely followed everything he has done at the Olympic Games and knows that he will be important for the Catalan club this season.<\/strong> The coach knows that he has to have a midfielder who contributes goals, something that the Bar\u00e7a sporting management also knows, which wants to get in touch with the player&#8217;s agent to improve his contract.<\/p>  <h2>New contract for Ferm\u00edn at Barcelona<\/h2>  <p>The Catalan club is calm, because despite the fact that his value and attractiveness rose this summer, the Andalusian has a clause of 400 million euros. In addition, <strong>the footballer only thinks about Bar\u00e7a, but they know that after everything he has achieved in the last year, he deserves an improvement in his contract<\/strong>, which he signed at the end of last August and tied him to the team until June 30, 2027.<\/p>  <p><strong>Ferm\u00edn came to the first team thanks to Xavi Hern\u00e1ndez, who took him on the tour of the United States last season.<\/strong> At that time, he was aiming for a new loan, but the Spanish coach believed in him and the player was the star of the Dallas Classic with a goal and an assist. This performance earned him a stay in Barcelona with the first team.<\/p>  <p>Last season he played 42 games and scored 11 goals. His good performances caught the attention of Luis de la Fuente, who included him in his final list for the European Championship. <strong>Although he was not decisive in Germany, he was proclaimed European champion and on August 9 he won gold in Paris 2024.<\/strong> At Barcelona they are aware that he deserves an improved contract, since he has one of the lowest salaries in the first team and his value continues to rise.<\/p>  <p>His valuation is already 30 million euros according to Transfermarkt, but in its next update it could go up much more. <strong>Bar\u00e7a had already decided to reward him after a good season, although after his performance at the Olympic Games the improvement is clear. The idea is to increase his salary and the years of his contract. <\/strong>As for his release clause, it could also be increased and he could join the ranks of players who have 1 billion euros to escape from, such as Pedri, Balde, Ronald Ara\u00fajo, Lamine Yamal, Ferran Torres or Gavi.<\/p> ","protected":false},"excerpt":{"rendered":"<p>After a good season with Xavi Hern\u00e1ndez and an excellent summer playing at the highest level in the Olympic Games with Spain, Ferm\u00edn L\u00f3pez has earned all the applause from the board and coaching staff of FC Barcelona Fermin Lopez is the sensation of the summer. The Andalusian was crowned champion of Euro 2024 with [&hellip;]<\/p>\n","protected":false},"author":357,"featured_media":34696,"comment_status":"closed","ping_status":"open","sticky":false,"template":"","format":"standard","meta":{"_acf_changed":false,"inline_featured_image":false,"_nextfly_llmd_date_locked":false,"footnotes":""},"categories":[111],"tags":[87,158],"class_list":["post-34695","post","type-post","status-publish","format-standard","has-post-thumbnail","hentry","category-fc-barcelona","tag-hansi-flick","tag-joan-laporta"],"acf":[],"yoast_head":"<!-- This site is optimized with the Yoast SEO plugin v27.3 - https:\/\/yoast.com\/product\/yoast-seo-wordpress\/ -->\n<title>The way in which Bar\u00e7a will recognise the season and the spectacular Ferm\u00edn Games<\/title>\n<meta name=\"description\" content=\"After a good season with Xavi Hern\u00e1ndez and an excellent summer playing at the highest level in the Olympic Games with Spain, Ferm\u00edn L\u00f3pez has earned all the applause from the board and coaching staff of FC Barcelona\" \/>\n<meta name=\"robots\" content=\"index, follow, max-snippet:-1, max-image-preview:large, max-video-preview:-1\" \/>\n<link rel=\"canonical\" href=\"https:\/\/www.fcbarcelonanoticias.com\/en\/fc-barcelona\/the-way-in-which-barca-will-recognise-the-season-and-the-spectacular-fermin-games_306331_102.html\" \/>\n<meta property=\"og:locale\" content=\"en_US\" \/>\n<meta property=\"og:type\" content=\"article\" \/>\n<meta property=\"og:title\" content=\"The way in which Bar\u00e7a will recognise the season and the spectacular Ferm\u00edn Games\" \/>\n<meta property=\"og:description\" content=\"After a good season with Xavi Hern\u00e1ndez and an excellent summer playing at the highest level in the Olympic Games with Spain, Ferm\u00edn L\u00f3pez has earned all the applause from the board and coaching staff of FC Barcelona\" \/>\n<meta property=\"og:url\" content=\"https:\/\/www.fcbarcelonanoticias.com\/en\/fc-barcelona\/the-way-in-which-barca-will-recognise-the-season-and-the-spectacular-fermin-games_306331_102.html\" \/>\n<meta property=\"og:site_name\" content=\"EN - FC Barcelona Noticias\" \/>\n<meta property=\"article:published_time\" content=\"2024-08-10T15:41:00+00:00\" \/>\n<meta property=\"article:modified_time\" content=\"2024-08-10T21:47:00+00:00\" \/>\n<meta property=\"og:image\" content=\"https:\/\/www.fcbarcelonanoticias.com\/en\/wp-content\/uploads\/sites\/2\/2024\/08\/fermin-lopez-en-la-final-del-futbol-en-los-juegos-olimpicos-paris-202-scaled.jpeg\" \/>\n\t<meta property=\"og:image:width\" content=\"2560\" \/>\n\t<meta property=\"og:image:height\" content=\"1441\" \/>\n\t<meta property=\"og:image:type\" content=\"image\/jpeg\" \/>\n<meta name=\"author\" content=\"Erika Moya\" \/>\n<meta name=\"twitter:card\" content=\"summary_large_image\" \/>\n<meta name=\"twitter:label1\" content=\"Written by\" \/>\n\t<meta name=\"twitter:data1\" content=\"Erika Moya\" \/>\n\t<meta name=\"twitter:label2\" content=\"Est. reading time\" \/>\n\t<meta name=\"twitter:data2\" content=\"3 minutes\" \/>\n<script type=\"application\/ld+json\" class=\"yoast-schema-graph\">{\"@context\":\"https:\\\/\\\/schema.org\",\"@graph\":[{\"@type\":\"Article\",\"@id\":\"https:\\\/\\\/www.fcbarcelonanoticias.com\\\/en\\\/fc-barcelona\\\/the-way-in-which-barca-will-recognise-the-season-and-the-spectacular-fermin-games_306331_102.html#article\",\"isPartOf\":{\"@id\":\"https:\\\/\\\/www.fcbarcelonanoticias.com\\\/en\\\/fc-barcelona\\\/the-way-in-which-barca-will-recognise-the-season-and-the-spectacular-fermin-games_306331_102.html\"},\"author\":{\"name\":\"Erika Moya\",\"@id\":\"https:\\\/\\\/www.fcbarcelonanoticias.com\\\/en\\\/#\\\/schema\\\/person\\\/5dc3a41c52ab542cf24a2fbe3489c561\"},\"headline\":\"The way in which Bar\u00e7a will recognise the season and the spectacular Ferm\u00edn Games\",\"datePublished\":\"2024-08-10T15:41:00+00:00\",\"dateModified\":\"2024-08-10T21:47:00+00:00\",\"mainEntityOfPage\":{\"@id\":\"https:\\\/\\\/www.fcbarcelonanoticias.com\\\/en\\\/fc-barcelona\\\/the-way-in-which-barca-will-recognise-the-season-and-the-spectacular-fermin-games_306331_102.html\"},\"wordCount\":607,\"image\":{\"@id\":\"https:\\\/\\\/www.fcbarcelonanoticias.com\\\/en\\\/fc-barcelona\\\/the-way-in-which-barca-will-recognise-the-season-and-the-spectacular-fermin-games_306331_102.html#primaryimage\"},\"thumbnailUrl\":\"https:\\\/\\\/www.fcbarcelonanoticias.com\\\/en\\\/wp-content\\\/uploads\\\/sites\\\/2\\\/2024\\\/08\\\/fermin-lopez-en-la-final-del-futbol-en-los-juegos-olimpicos-paris-202-scaled.jpeg\",\"keywords\":[\"Hansi Flick\",\"Joan Laporta\"],\"articleSection\":[\"FC Barcelona\"],\"inLanguage\":\"en-US\"},{\"@type\":\"WebPage\",\"@id\":\"https:\\\/\\\/www.fcbarcelonanoticias.com\\\/en\\\/fc-barcelona\\\/the-way-in-which-barca-will-recognise-the-season-and-the-spectacular-fermin-games_306331_102.html\",\"url\":\"https:\\\/\\\/www.fcbarcelonanoticias.com\\\/en\\\/fc-barcelona\\\/the-way-in-which-barca-will-recognise-the-season-and-the-spectacular-fermin-games_306331_102.html\",\"name\":\"The way in which Bar\u00e7a will recognise the season and the spectacular Ferm\u00edn Games\",\"isPartOf\":{\"@id\":\"https:\\\/\\\/www.fcbarcelonanoticias.com\\\/en\\\/#website\"},\"primaryImageOfPage\":{\"@id\":\"https:\\\/\\\/www.fcbarcelonanoticias.com\\\/en\\\/fc-barcelona\\\/the-way-in-which-barca-will-recognise-the-season-and-the-spectacular-fermin-games_306331_102.html#primaryimage\"},\"image\":{\"@id\":\"https:\\\/\\\/www.fcbarcelonanoticias.com\\\/en\\\/fc-barcelona\\\/the-way-in-which-barca-will-recognise-the-season-and-the-spectacular-fermin-games_306331_102.html#primaryimage\"},\"thumbnailUrl\":\"https:\\\/\\\/www.fcbarcelonanoticias.com\\\/en\\\/wp-content\\\/uploads\\\/sites\\\/2\\\/2024\\\/08\\\/fermin-lopez-en-la-final-del-futbol-en-los-juegos-olimpicos-paris-202-scaled.jpeg\",\"datePublished\":\"2024-08-10T15:41:00+00:00\",\"dateModified\":\"2024-08-10T21:47:00+00:00\",\"author\":{\"@id\":\"https:\\\/\\\/www.fcbarcelonanoticias.com\\\/en\\\/#\\\/schema\\\/person\\\/5dc3a41c52ab542cf24a2fbe3489c561\"},\"description\":\"After a good season with Xavi Hern\u00e1ndez and an excellent summer playing at the highest level in the Olympic Games with Spain, Ferm\u00edn L\u00f3pez has earned all the applause from the board and coaching staff of FC Barcelona\",\"breadcrumb\":{\"@id\":\"https:\\\/\\\/www.fcbarcelonanoticias.com\\\/en\\\/fc-barcelona\\\/the-way-in-which-barca-will-recognise-the-season-and-the-spectacular-fermin-games_306331_102.html#breadcrumb\"},\"inLanguage\":\"en-US\",\"potentialAction\":[{\"@type\":\"ReadAction\",\"target\":[\"https:\\\/\\\/www.fcbarcelonanoticias.com\\\/en\\\/fc-barcelona\\\/the-way-in-which-barca-will-recognise-the-season-and-the-spectacular-fermin-games_306331_102.html\"]}]},{\"@type\":\"ImageObject\",\"inLanguage\":\"en-US\",\"@id\":\"https:\\\/\\\/www.fcbarcelonanoticias.com\\\/en\\\/fc-barcelona\\\/the-way-in-which-barca-will-recognise-the-season-and-the-spectacular-fermin-games_306331_102.html#primaryimage\",\"url\":\"https:\\\/\\\/www.fcbarcelonanoticias.com\\\/en\\\/wp-content\\\/uploads\\\/sites\\\/2\\\/2024\\\/08\\\/fermin-lopez-en-la-final-del-futbol-en-los-juegos-olimpicos-paris-202-scaled.jpeg\",\"contentUrl\":\"https:\\\/\\\/www.fcbarcelonanoticias.com\\\/en\\\/wp-content\\\/uploads\\\/sites\\\/2\\\/2024\\\/08\\\/fermin-lopez-en-la-final-del-futbol-en-los-juegos-olimpicos-paris-202-scaled.jpeg\",\"width\":2560,\"height\":1441},{\"@type\":\"BreadcrumbList\",\"@id\":\"https:\\\/\\\/www.fcbarcelonanoticias.com\\\/en\\\/fc-barcelona\\\/the-way-in-which-barca-will-recognise-the-season-and-the-spectacular-fermin-games_306331_102.html#breadcrumb\",\"itemListElement\":[{\"@type\":\"ListItem\",\"position\":1,\"name\":\"Portada\",\"item\":\"https:\\\/\\\/www.fcbarcelonanoticias.com\\\/en\\\/\"},{\"@type\":\"ListItem\",\"position\":2,\"name\":\"The way in which Bar\u00e7a will recognise the season and the spectacular Ferm\u00edn Games\"}]},{\"@type\":\"WebSite\",\"@id\":\"https:\\\/\\\/www.fcbarcelonanoticias.com\\\/en\\\/#website\",\"url\":\"https:\\\/\\\/www.fcbarcelonanoticias.com\\\/en\\\/\",\"name\":\"EN - FC Barcelona Noticias\",\"description\":\"\",\"potentialAction\":[{\"@type\":\"SearchAction\",\"target\":{\"@type\":\"EntryPoint\",\"urlTemplate\":\"https:\\\/\\\/www.fcbarcelonanoticias.com\\\/en\\\/?s={search_term_string}\"},\"query-input\":{\"@type\":\"PropertyValueSpecification\",\"valueRequired\":true,\"valueName\":\"search_term_string\"}}],\"inLanguage\":\"en-US\"},{\"@type\":\"Person\",\"@id\":\"https:\\\/\\\/www.fcbarcelonanoticias.com\\\/en\\\/#\\\/schema\\\/person\\\/5dc3a41c52ab542cf24a2fbe3489c561\",\"name\":\"Erika Moya\",\"image\":{\"@type\":\"ImageObject\",\"inLanguage\":\"en-US\",\"@id\":\"https:\\\/\\\/secure.gravatar.com\\\/avatar\\\/?s=96&d=mm&r=g\",\"url\":\"https:\\\/\\\/secure.gravatar.com\\\/avatar\\\/?s=96&d=mm&r=g\",\"contentUrl\":\"https:\\\/\\\/secure.gravatar.com\\\/avatar\\\/?s=96&d=mm&r=g\",\"caption\":\"Erika Moya\"},\"description\":\"Erika est\u00e1 estudiando Periodismo y llega a FCBN con el objetivo de cubrir la actualidad del F\u00fatbol Femenino, con especial cari\u00f1o\u00a0a todo lo que rodea al Bar\u00e7a Femenino. Apasionada del deporte, combina su formaci\u00f3n acad\u00e9mica con su labor divulgativa.\",\"url\":\"https:\\\/\\\/www.fcbarcelonanoticias.com\\\/en\\\/fc-barcelona\\\/erika-moya_29_115.html\"}]}<\/script>\n<!-- \/ Yoast SEO plugin. -->","yoast_head_json":{"title":"The way in which Bar\u00e7a will recognise the season and the spectacular Ferm\u00edn Games","description":"After a good season with Xavi Hern\u00e1ndez and an excellent summer playing at the highest level in the Olympic Games with Spain, Ferm\u00edn L\u00f3pez has earned all the applause from the board and coaching staff of FC Barcelona","robots":{"index":"index","follow":"follow","max-snippet":"max-snippet:-1","max-image-preview":"max-image-preview:large","max-video-preview":"max-video-preview:-1"},"canonical":"https:\/\/www.fcbarcelonanoticias.com\/en\/fc-barcelona\/the-way-in-which-barca-will-recognise-the-season-and-the-spectacular-fermin-games_306331_102.html","og_locale":"en_US","og_type":"article","og_title":"The way in which Bar\u00e7a will recognise the season and the spectacular Ferm\u00edn Games","og_description":"After a good season with Xavi Hern\u00e1ndez and an excellent summer playing at the highest level in the Olympic Games with Spain, Ferm\u00edn L\u00f3pez has earned all the applause from the board and coaching staff of FC Barcelona","og_url":"https:\/\/www.fcbarcelonanoticias.com\/en\/fc-barcelona\/the-way-in-which-barca-will-recognise-the-season-and-the-spectacular-fermin-games_306331_102.html","og_site_name":"EN - FC Barcelona Noticias","article_published_time":"2024-08-10T15:41:00+00:00","article_modified_time":"2024-08-10T21:47:00+00:00","og_image":[{"width":2560,"height":1441,"url":"https:\/\/www.fcbarcelonanoticias.com\/en\/wp-content\/uploads\/sites\/2\/2024\/08\/fermin-lopez-en-la-final-del-futbol-en-los-juegos-olimpicos-paris-202-scaled.jpeg","type":"image\/jpeg"}],"author":"Erika Moya","twitter_card":"summary_large_image","twitter_misc":{"Written by":"Erika Moya","Est. reading time":"3 minutes"},"schema":{"@context":"https:\/\/schema.org","@graph":[{"@type":"Article","@id":"https:\/\/www.fcbarcelonanoticias.com\/en\/fc-barcelona\/the-way-in-which-barca-will-recognise-the-season-and-the-spectacular-fermin-games_306331_102.html#article","isPartOf":{"@id":"https:\/\/www.fcbarcelonanoticias.com\/en\/fc-barcelona\/the-way-in-which-barca-will-recognise-the-season-and-the-spectacular-fermin-games_306331_102.html"},"author":{"name":"Erika Moya","@id":"https:\/\/www.fcbarcelonanoticias.com\/en\/#\/schema\/person\/5dc3a41c52ab542cf24a2fbe3489c561"},"headline":"The way in which Bar\u00e7a will recognise the season and the spectacular Ferm\u00edn Games","datePublished":"2024-08-10T15:41:00+00:00","dateModified":"2024-08-10T21:47:00+00:00","mainEntityOfPage":{"@id":"https:\/\/www.fcbarcelonanoticias.com\/en\/fc-barcelona\/the-way-in-which-barca-will-recognise-the-season-and-the-spectacular-fermin-games_306331_102.html"},"wordCount":607,"image":{"@id":"https:\/\/www.fcbarcelonanoticias.com\/en\/fc-barcelona\/the-way-in-which-barca-will-recognise-the-season-and-the-spectacular-fermin-games_306331_102.html#primaryimage"},"thumbnailUrl":"https:\/\/www.fcbarcelonanoticias.com\/en\/wp-content\/uploads\/sites\/2\/2024\/08\/fermin-lopez-en-la-final-del-futbol-en-los-juegos-olimpicos-paris-202-scaled.jpeg","keywords":["Hansi Flick","Joan Laporta"],"articleSection":["FC Barcelona"],"inLanguage":"en-US"},{"@type":"WebPage","@id":"https:\/\/www.fcbarcelonanoticias.com\/en\/fc-barcelona\/the-way-in-which-barca-will-recognise-the-season-and-the-spectacular-fermin-games_306331_102.html","url":"https:\/\/www.fcbarcelonanoticias.com\/en\/fc-barcelona\/the-way-in-which-barca-will-recognise-the-season-and-the-spectacular-fermin-games_306331_102.html","name":"The way in which Bar\u00e7a will recognise the season and the spectacular Ferm\u00edn Games","isPartOf":{"@id":"https:\/\/www.fcbarcelonanoticias.com\/en\/#website"},"primaryImageOfPage":{"@id":"https:\/\/www.fcbarcelonanoticias.com\/en\/fc-barcelona\/the-way-in-which-barca-will-recognise-the-season-and-the-spectacular-fermin-games_306331_102.html#primaryimage"},"image":{"@id":"https:\/\/www.fcbarcelonanoticias.com\/en\/fc-barcelona\/the-way-in-which-barca-will-recognise-the-season-and-the-spectacular-fermin-games_306331_102.html#primaryimage"},"thumbnailUrl":"https:\/\/www.fcbarcelonanoticias.com\/en\/wp-content\/uploads\/sites\/2\/2024\/08\/fermin-lopez-en-la-final-del-futbol-en-los-juegos-olimpicos-paris-202-scaled.jpeg","datePublished":"2024-08-10T15:41:00+00:00","dateModified":"2024-08-10T21:47:00+00:00","author":{"@id":"https:\/\/www.fcbarcelonanoticias.com\/en\/#\/schema\/person\/5dc3a41c52ab542cf24a2fbe3489c561"},"description":"After a good season with Xavi Hern\u00e1ndez and an excellent summer playing at the highest level in the Olympic Games with Spain, Ferm\u00edn L\u00f3pez has earned all the applause from the board and coaching staff of FC Barcelona","breadcrumb":{"@id":"https:\/\/www.fcbarcelonanoticias.com\/en\/fc-barcelona\/the-way-in-which-barca-will-recognise-the-season-and-the-spectacular-fermin-games_306331_102.html#breadcrumb"},"inLanguage":"en-US","potentialAction":[{"@type":"ReadAction","target":["https:\/\/www.fcbarcelonanoticias.com\/en\/fc-barcelona\/the-way-in-which-barca-will-recognise-the-season-and-the-spectacular-fermin-games_306331_102.html"]}]},{"@type":"ImageObject","inLanguage":"en-US","@id":"https:\/\/www.fcbarcelonanoticias.com\/en\/fc-barcelona\/the-way-in-which-barca-will-recognise-the-season-and-the-spectacular-fermin-games_306331_102.html#primaryimage","url":"https:\/\/www.fcbarcelonanoticias.com\/en\/wp-content\/uploads\/sites\/2\/2024\/08\/fermin-lopez-en-la-final-del-futbol-en-los-juegos-olimpicos-paris-202-scaled.jpeg","contentUrl":"https:\/\/www.fcbarcelonanoticias.com\/en\/wp-content\/uploads\/sites\/2\/2024\/08\/fermin-lopez-en-la-final-del-futbol-en-los-juegos-olimpicos-paris-202-scaled.jpeg","width":2560,"height":1441},{"@type":"BreadcrumbList","@id":"https:\/\/www.fcbarcelonanoticias.com\/en\/fc-barcelona\/the-way-in-which-barca-will-recognise-the-season-and-the-spectacular-fermin-games_306331_102.html#breadcrumb","itemListElement":[{"@type":"ListItem","position":1,"name":"Portada","item":"https:\/\/www.fcbarcelonanoticias.com\/en\/"},{"@type":"ListItem","position":2,"name":"The way in which Bar\u00e7a will recognise the season and the spectacular Ferm\u00edn Games"}]},{"@type":"WebSite","@id":"https:\/\/www.fcbarcelonanoticias.com\/en\/#website","url":"https:\/\/www.fcbarcelonanoticias.com\/en\/","name":"EN - FC Barcelona Noticias","description":"","potentialAction":[{"@type":"SearchAction","target":{"@type":"EntryPoint","urlTemplate":"https:\/\/www.fcbarcelonanoticias.com\/en\/?s={search_term_string}"},"query-input":{"@type":"PropertyValueSpecification","valueRequired":true,"valueName":"search_term_string"}}],"inLanguage":"en-US"},{"@type":"Person","@id":"https:\/\/www.fcbarcelonanoticias.com\/en\/#\/schema\/person\/5dc3a41c52ab542cf24a2fbe3489c561","name":"Erika Moya","image":{"@type":"ImageObject","inLanguage":"en-US","@id":"https:\/\/secure.gravatar.com\/avatar\/?s=96&d=mm&r=g","url":"https:\/\/secure.gravatar.com\/avatar\/?s=96&d=mm&r=g","contentUrl":"https:\/\/secure.gravatar.com\/avatar\/?s=96&d=mm&r=g","caption":"Erika Moya"},"description":"Erika est\u00e1 estudiando Periodismo y llega a FCBN con el objetivo de cubrir la actualidad del F\u00fatbol Femenino, con especial cari\u00f1o\u00a0a todo lo que rodea al Bar\u00e7a Femenino. Apasionada del deporte, combina su formaci\u00f3n acad\u00e9mica con su labor divulgativa.","url":"https:\/\/www.fcbarcelonanoticias.com\/en\/fc-barcelona\/erika-moya_29_115.html"}]}},"_links":{"self":[{"href":"https:\/\/www.fcbarcelonanoticias.com\/en\/wp-json\/wp\/v2\/posts\/34695","targetHints":{"allow":["GET"]}}],"collection":[{"href":"https:\/\/www.fcbarcelonanoticias.com\/en\/wp-json\/wp\/v2\/posts"}],"about":[{"href":"https:\/\/www.fcbarcelonanoticias.com\/en\/wp-json\/wp\/v2\/types\/post"}],"author":[{"embeddable":true,"href":"https:\/\/www.fcbarcelonanoticias.com\/en\/wp-json\/wp\/v2\/users\/357"}],"replies":[{"embeddable":true,"href":"https:\/\/www.fcbarcelonanoticias.com\/en\/wp-json\/wp\/v2\/comments?post=34695"}],"version-history":[{"count":1,"href":"https:\/\/www.fcbarcelonanoticias.com\/en\/wp-json\/wp\/v2\/posts\/34695\/revisions"}],"predecessor-version":[{"id":110667,"href":"https:\/\/www.fcbarcelonanoticias.com\/en\/wp-json\/wp\/v2\/posts\/34695\/revisions\/110667"}],"wp:featuredmedia":[{"embeddable":true,"href":"https:\/\/www.fcbarcelonanoticias.com\/en\/wp-json\/wp\/v2\/media\/34696"}],"wp:attachment":[{"href":"https:\/\/www.fcbarcelonanoticias.com\/en\/wp-json\/wp\/v2\/media?parent=34695"}],"wp:term":[{"taxonomy":"category","embeddable":true,"href":"https:\/\/www.fcbarcelonanoticias.com\/en\/wp-json\/wp\/v2\/categories?post=34695"},{"taxonomy":"post_tag","embeddable":true,"href":"https:\/\/www.fcbarcelonanoticias.com\/en\/wp-json\/wp\/v2\/tags?post=34695"}],"curies":[{"name":"wp","href":"https:\/\/api.w.org\/{rel}","templated":true}]}}