{"id":34729,"date":"2020-02-03T12:48:00","date_gmt":"2020-02-03T11:48:00","guid":{"rendered":"https:\/\/weisetech.dev\/fc-barcelona-noticias\/en\/there-was-summit-between-abidal-and-bartomeu-after-the-closing-of-the-me_255157_102\/"},"modified":"2020-02-03T12:48:00","modified_gmt":"2020-02-03T11:48:00","slug":"there-was-summit-between-abidal-and-bartomeu-after-the-closing-of-the-me_255157_102","status":"publish","type":"post","link":"https:\/\/www.fcbarcelonanoticias.com\/en\/fc-barcelona\/there-was-summit-between-abidal-and-bartomeu-after-the-closing-of-the-me_255157_102.html","title":{"rendered":"There was a summit between Abidal and Bartomeu after the market closed"},"content":{"rendered":"<h2 class=\"wp-block-heading\">After the transfer market this January, \u00c9ric Abidal and Josep Maria Bartomeu have met with \u00d2scar Grau and Ramon Planes also present<\/h2>  \r\n<div class=\"article-addons\">\r\n    <a href=\"https:\/\/www.fcbarcelonanoticias.com\/en\/calendar-fc-barcelona.html\"\r\n       target=\"_self\"\r\n       title=\"Calendar of FC Barcelona\"\r\n       class=\"blue-gredient-btn\">\r\n       \r\n        Calendar of FC Barcelona    <\/a>\r\n<\/div>   <p>In the market of traspasos of the past month of January, the technical office of the <strong>FC Barcelona<\/strong> moved actively to find to a leading centre that could relieve to <strong>Luis Su\u00e1rez<\/strong> -lesionado for the next four months- until final of season. Of course, the fault of economic resources joined to the needs of the next summer influenced in what sucedi\u00f3 finally: the &#8216;9&#8217; did not arrive.<\/p>  <p>However, yes they closed two incorporations in seen to the future: in the first place, it closed <a data-external=\"0\" data-intl-links-en=\"https:\/\/www.fcbarcelonanoticias.com\/en\/international-football\/like-this-it-answers-trincao-when-they-ask-after-him-the-barca_255154_102.html\" data-intl-links-es=\"https:\/\/www.fcbarcelonanoticias.com\/futbol-internacional\/asi-responde-trincao-cuando-preguntan-barca_255154_102.html\" href=\"https:\/\/www.fcbarcelonanoticias.com\/en\/international-football\/like-this-it-answers-trincao-when-they-ask-after-him-the-barca_255154_102.html\" rel=\"follow\" target=\"_self\" title=\"As\u00ed responde Trincao cuando le preguntan por el Bar\u00e7a\">the signing of Francisco Trincao<\/a> of face to the season that comes; second, it announced the agreement with <strong>Matheus Fernandes<\/strong> for later yield it to the Real Valladolid. These two movements joined to the exits of <strong>Moussa Wagu\u00e9, Carles Ale\u00f1\u00e1, Jean-Clair Todibo<\/strong> and <strong>Carles P\u00e9rez<\/strong>.<\/p>  <p>Like this it arrived to the conclusion of the window of traspasos wintry. Later, <strong>\u00c9ric Abidal,<\/strong> technical secretary of the FC Barcelona, and <strong>Josep Maria Bartomeu,<\/strong> president of the Catalan entity, programmed a previous meeting to the party <a data-external=\"0\" data-intl-links-en=\"https:\/\/www.fcbarcelonanoticias.com\/en\/laliga-classification.html\" data-intl-links-es=\"https:\/\/www.fcbarcelonanoticias.com\/laliga-clasificacion.html\" href=\"https:\/\/www.fcbarcelonanoticias.com\/en\/laliga-classification.html\" rel=\"follow\" target=\"_self\" title=\"LaLiga - Clasificaci\u00f3n\">of LaLiga Santander<\/a> contested this Sunday against the Raise with the aim to treat especially the lines of future work of the ex French player.<\/p>  <p>According to the informations published by Sportive World, <strong>in the meeting also were present the CEO \u00d2scar Grau and the attach of Abidal, Ramon Plans.<\/strong> The technical secretary cul\u00e9 would not have remained too satisfied with it sucedido during the present season and wanted to tantear the situation to decide if be still in the charge.<\/p>  <p>When seeming, Abidal would be contrariado by the lines of work that have marked him lately. <strong>The fault of a clear criterion to define the reinforcements and the external influences of the market &#8220;have caused a lot of tightnesses\/tightnesss inside the area and of the club&#8221;,<\/strong> according to the previously quoted media.<\/p>  <h3>Abidal Went out reinforced<\/h3>  <p>In the meeting, <strong>Bartomeu would have backed entirely to Abidal<\/strong> so that this was still in his charge of technical secretary in seen to the planning of the future staff. It expects that, pr\u00f3ximamente, the French pronounce publicly to speak about the work made during the window of traspasos wintry.<\/p> ","protected":false},"excerpt":{"rendered":"<p>After the transfer market this January, \u00c9ric Abidal and Josep Maria Bartomeu have met with \u00d2scar Grau and Ramon Planes also present In the market of traspasos of the past month of January, the technical office of the FC Barcelona moved actively to find to a leading centre that could relieve to Luis Su\u00e1rez -lesionado [&hellip;]<\/p>\n","protected":false},"author":392,"featured_media":11762,"comment_status":"closed","ping_status":"open","sticky":false,"template":"","format":"standard","meta":{"_acf_changed":false,"inline_featured_image":false,"_nextfly_llmd_date_locked":false,"footnotes":""},"categories":[111],"tags":[360,468,333],"class_list":["post-34729","post","type-post","status-publish","format-standard","has-post-thumbnail","hentry","category-fc-barcelona","tag-abidal","tag-abidal-2","tag-josep-maria-bartomeu"],"acf":[],"yoast_head":"<!-- This site is optimized with the Yoast SEO plugin v27.3 - https:\/\/yoast.com\/product\/yoast-seo-wordpress\/ -->\n<title>There was a summit between Abidal and Bartomeu after the market closed<\/title>\n<meta name=\"description\" content=\"After the transfer market this January, \u00c9ric Abidal and Josep Maria Bartomeu have met with \u00d2scar Grau and Ramon Planes also present\" \/>\n<meta name=\"robots\" content=\"index, follow, max-snippet:-1, max-image-preview:large, max-video-preview:-1\" \/>\n<link rel=\"canonical\" href=\"https:\/\/www.fcbarcelonanoticias.com\/en\/fc-barcelona\/there-was-summit-between-abidal-and-bartomeu-after-the-closing-of-the-me_255157_102.html\" \/>\n<meta property=\"og:locale\" content=\"en_US\" \/>\n<meta property=\"og:type\" content=\"article\" \/>\n<meta property=\"og:title\" content=\"There was a summit between Abidal and Bartomeu after the market closed\" \/>\n<meta property=\"og:description\" content=\"After the transfer market this January, \u00c9ric Abidal and Josep Maria Bartomeu have met with \u00d2scar Grau and Ramon Planes also present\" \/>\n<meta property=\"og:url\" content=\"https:\/\/www.fcbarcelonanoticias.com\/en\/fc-barcelona\/there-was-summit-between-abidal-and-bartomeu-after-the-closing-of-the-me_255157_102.html\" \/>\n<meta property=\"og:site_name\" content=\"EN - FC Barcelona Noticias\" \/>\n<meta property=\"article:published_time\" content=\"2020-02-03T11:48:00+00:00\" \/>\n<meta property=\"og:image\" content=\"https:\/\/www.fcbarcelonanoticias.com\/en\/wp-content\/uploads\/sites\/2\/2020\/02\/bartomeu-abidal.jpeg\" \/>\n\t<meta property=\"og:image:width\" content=\"1200\" \/>\n\t<meta property=\"og:image:height\" content=\"675\" \/>\n\t<meta property=\"og:image:type\" content=\"image\/jpeg\" \/>\n<meta name=\"author\" content=\"user_4048\" \/>\n<meta name=\"twitter:card\" content=\"summary_large_image\" \/>\n<meta name=\"twitter:label1\" content=\"Written by\" \/>\n\t<meta name=\"twitter:data1\" content=\"user_4048\" \/>\n\t<meta name=\"twitter:label2\" content=\"Est. reading time\" \/>\n\t<meta name=\"twitter:data2\" content=\"2 minutes\" \/>\n<script type=\"application\/ld+json\" class=\"yoast-schema-graph\">{\"@context\":\"https:\\\/\\\/schema.org\",\"@graph\":[{\"@type\":\"Article\",\"@id\":\"https:\\\/\\\/www.fcbarcelonanoticias.com\\\/en\\\/fc-barcelona\\\/there-was-summit-between-abidal-and-bartomeu-after-the-closing-of-the-me_255157_102.html#article\",\"isPartOf\":{\"@id\":\"https:\\\/\\\/www.fcbarcelonanoticias.com\\\/en\\\/fc-barcelona\\\/there-was-summit-between-abidal-and-bartomeu-after-the-closing-of-the-me_255157_102.html\"},\"author\":{\"name\":\"user_4048\",\"@id\":\"https:\\\/\\\/www.fcbarcelonanoticias.com\\\/en\\\/#\\\/schema\\\/person\\\/fcdad55cab72b8d0e106d75506783b6d\"},\"headline\":\"There was a summit between Abidal and Bartomeu after the market closed\",\"datePublished\":\"2020-02-03T11:48:00+00:00\",\"mainEntityOfPage\":{\"@id\":\"https:\\\/\\\/www.fcbarcelonanoticias.com\\\/en\\\/fc-barcelona\\\/there-was-summit-between-abidal-and-bartomeu-after-the-closing-of-the-me_255157_102.html\"},\"wordCount\":391,\"image\":{\"@id\":\"https:\\\/\\\/www.fcbarcelonanoticias.com\\\/en\\\/fc-barcelona\\\/there-was-summit-between-abidal-and-bartomeu-after-the-closing-of-the-me_255157_102.html#primaryimage\"},\"thumbnailUrl\":\"https:\\\/\\\/www.fcbarcelonanoticias.com\\\/en\\\/wp-content\\\/uploads\\\/sites\\\/2\\\/2020\\\/02\\\/bartomeu-abidal.jpeg\",\"keywords\":[\"Abidal\",\"Abidal\",\"Josep Maria Bartomeu\"],\"articleSection\":[\"FC Barcelona\"],\"inLanguage\":\"en-US\"},{\"@type\":\"WebPage\",\"@id\":\"https:\\\/\\\/www.fcbarcelonanoticias.com\\\/en\\\/fc-barcelona\\\/there-was-summit-between-abidal-and-bartomeu-after-the-closing-of-the-me_255157_102.html\",\"url\":\"https:\\\/\\\/www.fcbarcelonanoticias.com\\\/en\\\/fc-barcelona\\\/there-was-summit-between-abidal-and-bartomeu-after-the-closing-of-the-me_255157_102.html\",\"name\":\"There was a summit between Abidal and Bartomeu after the market closed\",\"isPartOf\":{\"@id\":\"https:\\\/\\\/www.fcbarcelonanoticias.com\\\/en\\\/#website\"},\"primaryImageOfPage\":{\"@id\":\"https:\\\/\\\/www.fcbarcelonanoticias.com\\\/en\\\/fc-barcelona\\\/there-was-summit-between-abidal-and-bartomeu-after-the-closing-of-the-me_255157_102.html#primaryimage\"},\"image\":{\"@id\":\"https:\\\/\\\/www.fcbarcelonanoticias.com\\\/en\\\/fc-barcelona\\\/there-was-summit-between-abidal-and-bartomeu-after-the-closing-of-the-me_255157_102.html#primaryimage\"},\"thumbnailUrl\":\"https:\\\/\\\/www.fcbarcelonanoticias.com\\\/en\\\/wp-content\\\/uploads\\\/sites\\\/2\\\/2020\\\/02\\\/bartomeu-abidal.jpeg\",\"datePublished\":\"2020-02-03T11:48:00+00:00\",\"author\":{\"@id\":\"https:\\\/\\\/www.fcbarcelonanoticias.com\\\/en\\\/#\\\/schema\\\/person\\\/fcdad55cab72b8d0e106d75506783b6d\"},\"description\":\"After the transfer market this January, \u00c9ric Abidal and Josep Maria Bartomeu have met with \u00d2scar Grau and Ramon Planes also present\",\"breadcrumb\":{\"@id\":\"https:\\\/\\\/www.fcbarcelonanoticias.com\\\/en\\\/fc-barcelona\\\/there-was-summit-between-abidal-and-bartomeu-after-the-closing-of-the-me_255157_102.html#breadcrumb\"},\"inLanguage\":\"en-US\",\"potentialAction\":[{\"@type\":\"ReadAction\",\"target\":[\"https:\\\/\\\/www.fcbarcelonanoticias.com\\\/en\\\/fc-barcelona\\\/there-was-summit-between-abidal-and-bartomeu-after-the-closing-of-the-me_255157_102.html\"]}]},{\"@type\":\"ImageObject\",\"inLanguage\":\"en-US\",\"@id\":\"https:\\\/\\\/www.fcbarcelonanoticias.com\\\/en\\\/fc-barcelona\\\/there-was-summit-between-abidal-and-bartomeu-after-the-closing-of-the-me_255157_102.html#primaryimage\",\"url\":\"https:\\\/\\\/www.fcbarcelonanoticias.com\\\/en\\\/wp-content\\\/uploads\\\/sites\\\/2\\\/2020\\\/02\\\/bartomeu-abidal.jpeg\",\"contentUrl\":\"https:\\\/\\\/www.fcbarcelonanoticias.com\\\/en\\\/wp-content\\\/uploads\\\/sites\\\/2\\\/2020\\\/02\\\/bartomeu-abidal.jpeg\",\"width\":1200,\"height\":675},{\"@type\":\"BreadcrumbList\",\"@id\":\"https:\\\/\\\/www.fcbarcelonanoticias.com\\\/en\\\/fc-barcelona\\\/there-was-summit-between-abidal-and-bartomeu-after-the-closing-of-the-me_255157_102.html#breadcrumb\",\"itemListElement\":[{\"@type\":\"ListItem\",\"position\":1,\"name\":\"Portada\",\"item\":\"https:\\\/\\\/www.fcbarcelonanoticias.com\\\/en\\\/\"},{\"@type\":\"ListItem\",\"position\":2,\"name\":\"There was a summit between Abidal and Bartomeu after the market closed\"}]},{\"@type\":\"WebSite\",\"@id\":\"https:\\\/\\\/www.fcbarcelonanoticias.com\\\/en\\\/#website\",\"url\":\"https:\\\/\\\/www.fcbarcelonanoticias.com\\\/en\\\/\",\"name\":\"EN - FC Barcelona Noticias\",\"description\":\"\",\"potentialAction\":[{\"@type\":\"SearchAction\",\"target\":{\"@type\":\"EntryPoint\",\"urlTemplate\":\"https:\\\/\\\/www.fcbarcelonanoticias.com\\\/en\\\/?s={search_term_string}\"},\"query-input\":{\"@type\":\"PropertyValueSpecification\",\"valueRequired\":true,\"valueName\":\"search_term_string\"}}],\"inLanguage\":\"en-US\"},{\"@type\":\"Person\",\"@id\":\"https:\\\/\\\/www.fcbarcelonanoticias.com\\\/en\\\/#\\\/schema\\\/person\\\/fcdad55cab72b8d0e106d75506783b6d\",\"name\":\"user_4048\",\"image\":{\"@type\":\"ImageObject\",\"inLanguage\":\"en-US\",\"@id\":\"https:\\\/\\\/secure.gravatar.com\\\/avatar\\\/?s=96&d=mm&r=g\",\"url\":\"https:\\\/\\\/secure.gravatar.com\\\/avatar\\\/?s=96&d=mm&r=g\",\"contentUrl\":\"https:\\\/\\\/secure.gravatar.com\\\/avatar\\\/?s=96&d=mm&r=g\",\"caption\":\"user_4048\"},\"url\":\"https:\\\/\\\/www.fcbarcelonanoticias.com\\\/en\\\/user_4048.html\"}]}<\/script>\n<!-- \/ Yoast SEO plugin. -->","yoast_head_json":{"title":"There was a summit between Abidal and Bartomeu after the market closed","description":"After the transfer market this January, \u00c9ric Abidal and Josep Maria Bartomeu have met with \u00d2scar Grau and Ramon Planes also present","robots":{"index":"index","follow":"follow","max-snippet":"max-snippet:-1","max-image-preview":"max-image-preview:large","max-video-preview":"max-video-preview:-1"},"canonical":"https:\/\/www.fcbarcelonanoticias.com\/en\/fc-barcelona\/there-was-summit-between-abidal-and-bartomeu-after-the-closing-of-the-me_255157_102.html","og_locale":"en_US","og_type":"article","og_title":"There was a summit between Abidal and Bartomeu after the market closed","og_description":"After the transfer market this January, \u00c9ric Abidal and Josep Maria Bartomeu have met with \u00d2scar Grau and Ramon Planes also present","og_url":"https:\/\/www.fcbarcelonanoticias.com\/en\/fc-barcelona\/there-was-summit-between-abidal-and-bartomeu-after-the-closing-of-the-me_255157_102.html","og_site_name":"EN - FC Barcelona Noticias","article_published_time":"2020-02-03T11:48:00+00:00","og_image":[{"width":1200,"height":675,"url":"https:\/\/www.fcbarcelonanoticias.com\/en\/wp-content\/uploads\/sites\/2\/2020\/02\/bartomeu-abidal.jpeg","type":"image\/jpeg"}],"author":"user_4048","twitter_card":"summary_large_image","twitter_misc":{"Written by":"user_4048","Est. reading time":"2 minutes"},"schema":{"@context":"https:\/\/schema.org","@graph":[{"@type":"Article","@id":"https:\/\/www.fcbarcelonanoticias.com\/en\/fc-barcelona\/there-was-summit-between-abidal-and-bartomeu-after-the-closing-of-the-me_255157_102.html#article","isPartOf":{"@id":"https:\/\/www.fcbarcelonanoticias.com\/en\/fc-barcelona\/there-was-summit-between-abidal-and-bartomeu-after-the-closing-of-the-me_255157_102.html"},"author":{"name":"user_4048","@id":"https:\/\/www.fcbarcelonanoticias.com\/en\/#\/schema\/person\/fcdad55cab72b8d0e106d75506783b6d"},"headline":"There was a summit between Abidal and Bartomeu after the market closed","datePublished":"2020-02-03T11:48:00+00:00","mainEntityOfPage":{"@id":"https:\/\/www.fcbarcelonanoticias.com\/en\/fc-barcelona\/there-was-summit-between-abidal-and-bartomeu-after-the-closing-of-the-me_255157_102.html"},"wordCount":391,"image":{"@id":"https:\/\/www.fcbarcelonanoticias.com\/en\/fc-barcelona\/there-was-summit-between-abidal-and-bartomeu-after-the-closing-of-the-me_255157_102.html#primaryimage"},"thumbnailUrl":"https:\/\/www.fcbarcelonanoticias.com\/en\/wp-content\/uploads\/sites\/2\/2020\/02\/bartomeu-abidal.jpeg","keywords":["Abidal","Abidal","Josep Maria Bartomeu"],"articleSection":["FC Barcelona"],"inLanguage":"en-US"},{"@type":"WebPage","@id":"https:\/\/www.fcbarcelonanoticias.com\/en\/fc-barcelona\/there-was-summit-between-abidal-and-bartomeu-after-the-closing-of-the-me_255157_102.html","url":"https:\/\/www.fcbarcelonanoticias.com\/en\/fc-barcelona\/there-was-summit-between-abidal-and-bartomeu-after-the-closing-of-the-me_255157_102.html","name":"There was a summit between Abidal and Bartomeu after the market closed","isPartOf":{"@id":"https:\/\/www.fcbarcelonanoticias.com\/en\/#website"},"primaryImageOfPage":{"@id":"https:\/\/www.fcbarcelonanoticias.com\/en\/fc-barcelona\/there-was-summit-between-abidal-and-bartomeu-after-the-closing-of-the-me_255157_102.html#primaryimage"},"image":{"@id":"https:\/\/www.fcbarcelonanoticias.com\/en\/fc-barcelona\/there-was-summit-between-abidal-and-bartomeu-after-the-closing-of-the-me_255157_102.html#primaryimage"},"thumbnailUrl":"https:\/\/www.fcbarcelonanoticias.com\/en\/wp-content\/uploads\/sites\/2\/2020\/02\/bartomeu-abidal.jpeg","datePublished":"2020-02-03T11:48:00+00:00","author":{"@id":"https:\/\/www.fcbarcelonanoticias.com\/en\/#\/schema\/person\/fcdad55cab72b8d0e106d75506783b6d"},"description":"After the transfer market this January, \u00c9ric Abidal and Josep Maria Bartomeu have met with \u00d2scar Grau and Ramon Planes also present","breadcrumb":{"@id":"https:\/\/www.fcbarcelonanoticias.com\/en\/fc-barcelona\/there-was-summit-between-abidal-and-bartomeu-after-the-closing-of-the-me_255157_102.html#breadcrumb"},"inLanguage":"en-US","potentialAction":[{"@type":"ReadAction","target":["https:\/\/www.fcbarcelonanoticias.com\/en\/fc-barcelona\/there-was-summit-between-abidal-and-bartomeu-after-the-closing-of-the-me_255157_102.html"]}]},{"@type":"ImageObject","inLanguage":"en-US","@id":"https:\/\/www.fcbarcelonanoticias.com\/en\/fc-barcelona\/there-was-summit-between-abidal-and-bartomeu-after-the-closing-of-the-me_255157_102.html#primaryimage","url":"https:\/\/www.fcbarcelonanoticias.com\/en\/wp-content\/uploads\/sites\/2\/2020\/02\/bartomeu-abidal.jpeg","contentUrl":"https:\/\/www.fcbarcelonanoticias.com\/en\/wp-content\/uploads\/sites\/2\/2020\/02\/bartomeu-abidal.jpeg","width":1200,"height":675},{"@type":"BreadcrumbList","@id":"https:\/\/www.fcbarcelonanoticias.com\/en\/fc-barcelona\/there-was-summit-between-abidal-and-bartomeu-after-the-closing-of-the-me_255157_102.html#breadcrumb","itemListElement":[{"@type":"ListItem","position":1,"name":"Portada","item":"https:\/\/www.fcbarcelonanoticias.com\/en\/"},{"@type":"ListItem","position":2,"name":"There was a summit between Abidal and Bartomeu after the market closed"}]},{"@type":"WebSite","@id":"https:\/\/www.fcbarcelonanoticias.com\/en\/#website","url":"https:\/\/www.fcbarcelonanoticias.com\/en\/","name":"EN - FC Barcelona Noticias","description":"","potentialAction":[{"@type":"SearchAction","target":{"@type":"EntryPoint","urlTemplate":"https:\/\/www.fcbarcelonanoticias.com\/en\/?s={search_term_string}"},"query-input":{"@type":"PropertyValueSpecification","valueRequired":true,"valueName":"search_term_string"}}],"inLanguage":"en-US"},{"@type":"Person","@id":"https:\/\/www.fcbarcelonanoticias.com\/en\/#\/schema\/person\/fcdad55cab72b8d0e106d75506783b6d","name":"user_4048","image":{"@type":"ImageObject","inLanguage":"en-US","@id":"https:\/\/secure.gravatar.com\/avatar\/?s=96&d=mm&r=g","url":"https:\/\/secure.gravatar.com\/avatar\/?s=96&d=mm&r=g","contentUrl":"https:\/\/secure.gravatar.com\/avatar\/?s=96&d=mm&r=g","caption":"user_4048"},"url":"https:\/\/www.fcbarcelonanoticias.com\/en\/user_4048.html"}]}},"_links":{"self":[{"href":"https:\/\/www.fcbarcelonanoticias.com\/en\/wp-json\/wp\/v2\/posts\/34729","targetHints":{"allow":["GET"]}}],"collection":[{"href":"https:\/\/www.fcbarcelonanoticias.com\/en\/wp-json\/wp\/v2\/posts"}],"about":[{"href":"https:\/\/www.fcbarcelonanoticias.com\/en\/wp-json\/wp\/v2\/types\/post"}],"author":[{"embeddable":true,"href":"https:\/\/www.fcbarcelonanoticias.com\/en\/wp-json\/wp\/v2\/users\/392"}],"replies":[{"embeddable":true,"href":"https:\/\/www.fcbarcelonanoticias.com\/en\/wp-json\/wp\/v2\/comments?post=34729"}],"version-history":[{"count":1,"href":"https:\/\/www.fcbarcelonanoticias.com\/en\/wp-json\/wp\/v2\/posts\/34729\/revisions"}],"predecessor-version":[{"id":110892,"href":"https:\/\/www.fcbarcelonanoticias.com\/en\/wp-json\/wp\/v2\/posts\/34729\/revisions\/110892"}],"wp:featuredmedia":[{"embeddable":true,"href":"https:\/\/www.fcbarcelonanoticias.com\/en\/wp-json\/wp\/v2\/media\/11762"}],"wp:attachment":[{"href":"https:\/\/www.fcbarcelonanoticias.com\/en\/wp-json\/wp\/v2\/media?parent=34729"}],"wp:term":[{"taxonomy":"category","embeddable":true,"href":"https:\/\/www.fcbarcelonanoticias.com\/en\/wp-json\/wp\/v2\/categories?post=34729"},{"taxonomy":"post_tag","embeddable":true,"href":"https:\/\/www.fcbarcelonanoticias.com\/en\/wp-json\/wp\/v2\/tags?post=34729"}],"curies":[{"name":"wp","href":"https:\/\/api.w.org\/{rel}","templated":true}]}}