{"id":3499,"date":"2021-02-16T19:40:00","date_gmt":"2021-02-16T18:40:00","guid":{"rendered":"https:\/\/weisetech.dev\/fc-barcelona-noticias\/en\/line-ups-of-the-fc-barcelona-psg-against-champions-league_265356_102\/"},"modified":"2026-04-16T09:13:59","modified_gmt":"2026-04-16T07:13:59","slug":"line-ups-of-the-fc-barcelona-psg-against-champions-league_265356_102","status":"publish","type":"post","link":"https:\/\/www.fcbarcelonanoticias.com\/en\/champions-league\/line-ups-of-the-fc-barcelona-psg-against-champions-league_265356_102.html","title":{"rendered":"Line-ups of the FC Barcelona-PSG of the Champions League 2020-21"},"content":{"rendered":"<h2 class=\"wp-block-heading\">Ronald Koeman has revealed the line-up with which the FC Barcelona will play against the PSG in the Camp Nou. This is the XI of the Bar\u00e7a: Ter Stegen; Dest, Piqu\u00e9, Lenglet, Jordi Alba; Busquets, De Jong, Pedri; Messi, Griezmann and Demb\u00e9l\u00e9<\/h2>  \r\n<div class=\"article-addons\">\r\n    <a href=\"https:\/\/www.fcbarcelonanoticias.com\/en\/calendar-fc-barcelona.html\"\r\n       target=\"_self\"\r\n       title=\"Calendar of FC Barcelona\"\r\n       class=\"blue-gredient-btn\">\r\n       \r\n        Calendar of FC Barcelona    <\/a>\r\n<\/div>   <p><b>The FC Barcelona measures his strengths this Tuesday 16 February against Paris Saint-Germain in the Camp Nou<\/b>, with reason of <b><a data-external=\"1\" href=\"https:\/\/www.fcbarcelonanoticias.com\/champions-league-calendario-y-resultados.html\" rel=\"follow\" target=\"_self\" title=\"ida de octavos de Champions League 2020-21\">a gone of eighth of Champions League 2020-21<\/a> <\/b>in which the cul\u00e9s will look for encarrilar, if possible, the pass to quarter-finals completing a good performance in front of the team trained by Mauritius Pochettino. The ones of Ronald Koeman chain several consecutive victories in LaLiga, practising a good game and showing a big state of form, image that want to reflect also in Europe.<\/p>  <p>The Bar\u00e7a, in this sense, will have by in front <strong>an opportunity of gold for ilusionar to his &#8216;fans&#8217;<\/strong> in front of one of the best teams of the world, independently that <strong><a data-external=\"0\" data-intl-links-en=\"https:\/\/www.fcbarcelonanoticias.com\/en\/tags\/neymar-jr\" data-intl-links-es=\"https:\/\/www.fcbarcelonanoticias.com\/tags\/neymar-jr\" href=\"https:\/\/www.fcbarcelonanoticias.com\/en\/tags\/neymar-jr.html\" rel=\"follow\" target=\"_self\" title=\"Neymar Jr\">Neymar Jr<\/a><\/strong> can not be present by injury. Although it is true that <b>the Barcelona has been irregular in what it goes of course<\/b>, in the last weeks seems to have heaved the flight and expects to give the surprise in Champions League, to the not splitting like favourite in the eliminatory.<\/p>  <p>In front it will have to a Parisian square that <strong>will not have it at all easy <\/strong>to take out a good result of the sanctuary cul\u00e9, where the Bar\u00e7a lost by goleada the last party contested in League of Champions to date: the 0-3 suffered in front of the Juventus. In spite of the absences of <strong>Coutinho, Ansu Fati and Sergi Roberto <\/strong>by injury, the FC Barcelona will be able to organise an eleven of full guarantees although with some surprises.<\/p>  <p>The paramount will be to ensure the triumph, but <strong>the Barcelona does not want to go down the foot of the accelerator if has the opportunity of golear<\/strong> to the that, for the time being, is one of the teams against which has greater rivalry. <strong>In the second part expect changes<\/strong> that will go in function of how pass the party, to end to keep the cool legs of the heavy weights and not going down the competitive level.<\/p>  <h3>The XI of FC Barcelona and Paris Saint-Germain:<\/h3>  <ul> <li> <strong>XI of the FC Barcelona: <\/strong>Ter Stegen; Dest, Hammered, Lenglet, Jordi Alba; Busquets, Of Jong, Pedri; Messi, Demb\u00e9l\u00e9 and Griezmann.<\/li> \t<li> <strong>Bench of the FC Barcelona: <\/strong>Net, Pjanic, Umtiti, Trincao, Junior, Riqui Puig, Mingueza, Braithwaite, I\u00f1aki Crag, Matheus.<\/li> \t<li> <strong>XI of Paris Saint-Germain: <\/strong>Keylor Navas; Florenzi, Marquinhos, Kimpembe, Kurzawa; Walls, Gueye, Verratti; Kean, Mbapp\u00e9, Icardi.<\/li> <\/ul> <p><strong>The eleven of the FC Barcelona presents some novelties regarding the last parties<\/strong>. In the defensive line, <b>Sergi\u00f1o Dest<\/b> will return to the right side, with<strong> Lenglet<\/strong> and<b> Hammered <\/b>in the axis of the defence and <strong>Jordi Alba <\/strong>in the left side. <strong>Busquets, Of Jong and Pedri <\/strong>will complete a centre of the field of gala, creation and balance, whereas the forward will be composed by <strong>Messi, Griezmann and Demb\u00e9l\u00e9<\/strong>, in a 4-3-3 system.<\/p>  <p>Paris Saint-Germain, by his part, will go out to play in the Camp Nou <strong>with the ambition to generate difficulties from the beginning and the clear will to dominate the game and the occasions of<\/strong>goal . The ones of Pochettino will not renounce to the balloon and will reflect an intense rhythm in all the zones of the field, especially with the ball in the feet. The Bar\u00e7a will have to watch especially to <strong>Kylian Mbapp\u00e9<\/strong>, the big Parisian star without Neymar Jr.<\/p> ","protected":false},"excerpt":{"rendered":"<p>Ronald Koeman has revealed the line-up with which the FC Barcelona will play against the PSG in the Camp Nou. This is the XI of the Bar\u00e7a: Ter Stegen; Dest, Piqu\u00e9, Lenglet, Jordi Alba; Busquets, De Jong, Pedri; Messi, Griezmann and Demb\u00e9l\u00e9 The FC Barcelona measures his strengths this Tuesday 16 February against Paris Saint-Germain [&hellip;]<\/p>\n","protected":false},"author":366,"featured_media":1070,"comment_status":"closed","ping_status":"open","sticky":false,"template":"","format":"standard","meta":{"_acf_changed":false,"inline_featured_image":false,"_nextfly_llmd_date_locked":false,"footnotes":""},"categories":[447,112],"tags":[201,88,209],"class_list":["post-3499","post","type-post","status-publish","format-standard","has-post-thumbnail","hentry","category-champions-league-2","category-champions-league","tag-lineups","tag-paris-saint-germain","tag-ronald-koeman"],"acf":[],"yoast_head":"<!-- This site is optimized with the Yoast SEO plugin v27.3 - https:\/\/yoast.com\/product\/yoast-seo-wordpress\/ -->\n<title>Line-ups of the FC Barcelona-PSG of the Champions League 2020-21<\/title>\n<meta name=\"description\" content=\"Ronald Koeman has revealed the line-up with which the FC Barcelona will play against the PSG in the Camp Nou. This is the XI of the Bar\u00e7a: Ter Stegen; Dest, Piqu\u00e9, Lenglet, Jordi Alba; Busquets, De Jong, Pedri; Messi, Griezmann and Demb\u00e9l\u00e9\" \/>\n<meta name=\"robots\" content=\"index, follow, max-snippet:-1, max-image-preview:large, max-video-preview:-1\" \/>\n<link rel=\"canonical\" href=\"https:\/\/www.fcbarcelonanoticias.com\/en\/champions-league\/line-ups-of-the-fc-barcelona-psg-against-champions-league_265356_102.html\" \/>\n<meta property=\"og:locale\" content=\"en_US\" \/>\n<meta property=\"og:type\" content=\"article\" \/>\n<meta property=\"og:title\" content=\"Line-ups of the FC Barcelona-PSG of the Champions League 2020-21\" \/>\n<meta property=\"og:description\" content=\"Ronald Koeman has revealed the line-up with which the FC Barcelona will play against the PSG in the Camp Nou. This is the XI of the Bar\u00e7a: Ter Stegen; Dest, Piqu\u00e9, Lenglet, Jordi Alba; Busquets, De Jong, Pedri; Messi, Griezmann and Demb\u00e9l\u00e9\" \/>\n<meta property=\"og:url\" content=\"https:\/\/www.fcbarcelonanoticias.com\/en\/champions-league\/line-ups-of-the-fc-barcelona-psg-against-champions-league_265356_102.html\" \/>\n<meta property=\"og:site_name\" content=\"EN - FC Barcelona Noticias\" \/>\n<meta property=\"article:published_time\" content=\"2021-02-16T18:40:00+00:00\" \/>\n<meta property=\"article:modified_time\" content=\"2026-04-16T07:13:59+00:00\" \/>\n<meta property=\"og:image\" content=\"https:\/\/www.fcbarcelonanoticias.com\/en\/wp-content\/uploads\/sites\/2\/2021\/02\/alineacion-barcelona-psg.jpeg\" \/>\n\t<meta property=\"og:image:width\" content=\"1200\" \/>\n\t<meta property=\"og:image:height\" content=\"675\" \/>\n\t<meta property=\"og:image:type\" content=\"image\/jpeg\" \/>\n<meta name=\"author\" content=\"Carlos Dom\u00ednguez\" \/>\n<meta name=\"twitter:card\" content=\"summary_large_image\" \/>\n<meta name=\"twitter:label1\" content=\"Written by\" \/>\n\t<meta name=\"twitter:data1\" content=\"Carlos Dom\u00ednguez\" \/>\n\t<meta name=\"twitter:label2\" content=\"Est. reading time\" \/>\n\t<meta name=\"twitter:data2\" content=\"3 minutes\" \/>\n<script type=\"application\/ld+json\" class=\"yoast-schema-graph\">{\"@context\":\"https:\\\/\\\/schema.org\",\"@graph\":[{\"@type\":\"Article\",\"@id\":\"https:\\\/\\\/www.fcbarcelonanoticias.com\\\/en\\\/champions-league\\\/line-ups-of-the-fc-barcelona-psg-against-champions-league_265356_102.html#article\",\"isPartOf\":{\"@id\":\"https:\\\/\\\/www.fcbarcelonanoticias.com\\\/en\\\/champions-league\\\/line-ups-of-the-fc-barcelona-psg-against-champions-league_265356_102.html\"},\"author\":{\"name\":\"Carlos Dom\u00ednguez\",\"@id\":\"https:\\\/\\\/www.fcbarcelonanoticias.com\\\/en\\\/#\\\/schema\\\/person\\\/888e29b17b79c70d1c617d8a7bc9b8c6\"},\"headline\":\"Line-ups of the FC Barcelona-PSG of the Champions League 2020-21\",\"datePublished\":\"2021-02-16T18:40:00+00:00\",\"dateModified\":\"2026-04-16T07:13:59+00:00\",\"mainEntityOfPage\":{\"@id\":\"https:\\\/\\\/www.fcbarcelonanoticias.com\\\/en\\\/champions-league\\\/line-ups-of-the-fc-barcelona-psg-against-champions-league_265356_102.html\"},\"wordCount\":609,\"image\":{\"@id\":\"https:\\\/\\\/www.fcbarcelonanoticias.com\\\/en\\\/champions-league\\\/line-ups-of-the-fc-barcelona-psg-against-champions-league_265356_102.html#primaryimage\"},\"thumbnailUrl\":\"https:\\\/\\\/www.fcbarcelonanoticias.com\\\/en\\\/wp-content\\\/uploads\\\/sites\\\/2\\\/2021\\\/02\\\/alineacion-barcelona-psg.jpeg\",\"keywords\":[\"FC Barcelona Lineups\",\"Paris Saint-Germain\",\"Ronald Koeman\"],\"articleSection\":[\"Champions League\",\"Champions League\"],\"inLanguage\":\"en-US\"},{\"@type\":\"WebPage\",\"@id\":\"https:\\\/\\\/www.fcbarcelonanoticias.com\\\/en\\\/champions-league\\\/line-ups-of-the-fc-barcelona-psg-against-champions-league_265356_102.html\",\"url\":\"https:\\\/\\\/www.fcbarcelonanoticias.com\\\/en\\\/champions-league\\\/line-ups-of-the-fc-barcelona-psg-against-champions-league_265356_102.html\",\"name\":\"Line-ups of the FC Barcelona-PSG of the Champions League 2020-21\",\"isPartOf\":{\"@id\":\"https:\\\/\\\/www.fcbarcelonanoticias.com\\\/en\\\/#website\"},\"primaryImageOfPage\":{\"@id\":\"https:\\\/\\\/www.fcbarcelonanoticias.com\\\/en\\\/champions-league\\\/line-ups-of-the-fc-barcelona-psg-against-champions-league_265356_102.html#primaryimage\"},\"image\":{\"@id\":\"https:\\\/\\\/www.fcbarcelonanoticias.com\\\/en\\\/champions-league\\\/line-ups-of-the-fc-barcelona-psg-against-champions-league_265356_102.html#primaryimage\"},\"thumbnailUrl\":\"https:\\\/\\\/www.fcbarcelonanoticias.com\\\/en\\\/wp-content\\\/uploads\\\/sites\\\/2\\\/2021\\\/02\\\/alineacion-barcelona-psg.jpeg\",\"datePublished\":\"2021-02-16T18:40:00+00:00\",\"dateModified\":\"2026-04-16T07:13:59+00:00\",\"author\":{\"@id\":\"https:\\\/\\\/www.fcbarcelonanoticias.com\\\/en\\\/#\\\/schema\\\/person\\\/888e29b17b79c70d1c617d8a7bc9b8c6\"},\"description\":\"Ronald Koeman has revealed the line-up with which the FC Barcelona will play against the PSG in the Camp Nou. This is the XI of the Bar\u00e7a: Ter Stegen; Dest, Piqu\u00e9, Lenglet, Jordi Alba; Busquets, De Jong, Pedri; Messi, Griezmann and Demb\u00e9l\u00e9\",\"breadcrumb\":{\"@id\":\"https:\\\/\\\/www.fcbarcelonanoticias.com\\\/en\\\/champions-league\\\/line-ups-of-the-fc-barcelona-psg-against-champions-league_265356_102.html#breadcrumb\"},\"inLanguage\":\"en-US\",\"potentialAction\":[{\"@type\":\"ReadAction\",\"target\":[\"https:\\\/\\\/www.fcbarcelonanoticias.com\\\/en\\\/champions-league\\\/line-ups-of-the-fc-barcelona-psg-against-champions-league_265356_102.html\"]}]},{\"@type\":\"ImageObject\",\"inLanguage\":\"en-US\",\"@id\":\"https:\\\/\\\/www.fcbarcelonanoticias.com\\\/en\\\/champions-league\\\/line-ups-of-the-fc-barcelona-psg-against-champions-league_265356_102.html#primaryimage\",\"url\":\"https:\\\/\\\/www.fcbarcelonanoticias.com\\\/en\\\/wp-content\\\/uploads\\\/sites\\\/2\\\/2021\\\/02\\\/alineacion-barcelona-psg.jpeg\",\"contentUrl\":\"https:\\\/\\\/www.fcbarcelonanoticias.com\\\/en\\\/wp-content\\\/uploads\\\/sites\\\/2\\\/2021\\\/02\\\/alineacion-barcelona-psg.jpeg\",\"width\":1200,\"height\":675},{\"@type\":\"BreadcrumbList\",\"@id\":\"https:\\\/\\\/www.fcbarcelonanoticias.com\\\/en\\\/champions-league\\\/line-ups-of-the-fc-barcelona-psg-against-champions-league_265356_102.html#breadcrumb\",\"itemListElement\":[{\"@type\":\"ListItem\",\"position\":1,\"name\":\"Portada\",\"item\":\"https:\\\/\\\/www.fcbarcelonanoticias.com\\\/en\\\/\"},{\"@type\":\"ListItem\",\"position\":2,\"name\":\"Line-ups of the FC Barcelona-PSG of the Champions League 2020-21\"}]},{\"@type\":\"WebSite\",\"@id\":\"https:\\\/\\\/www.fcbarcelonanoticias.com\\\/en\\\/#website\",\"url\":\"https:\\\/\\\/www.fcbarcelonanoticias.com\\\/en\\\/\",\"name\":\"EN - FC Barcelona Noticias\",\"description\":\"\",\"potentialAction\":[{\"@type\":\"SearchAction\",\"target\":{\"@type\":\"EntryPoint\",\"urlTemplate\":\"https:\\\/\\\/www.fcbarcelonanoticias.com\\\/en\\\/?s={search_term_string}\"},\"query-input\":{\"@type\":\"PropertyValueSpecification\",\"valueRequired\":true,\"valueName\":\"search_term_string\"}}],\"inLanguage\":\"en-US\"},{\"@type\":\"Person\",\"@id\":\"https:\\\/\\\/www.fcbarcelonanoticias.com\\\/en\\\/#\\\/schema\\\/person\\\/888e29b17b79c70d1c617d8a7bc9b8c6\",\"name\":\"Carlos Dom\u00ednguez\",\"image\":{\"@type\":\"ImageObject\",\"inLanguage\":\"en-US\",\"@id\":\"https:\\\/\\\/secure.gravatar.com\\\/avatar\\\/?s=96&d=mm&r=g\",\"url\":\"https:\\\/\\\/secure.gravatar.com\\\/avatar\\\/?s=96&d=mm&r=g\",\"contentUrl\":\"https:\\\/\\\/secure.gravatar.com\\\/avatar\\\/?s=96&d=mm&r=g\",\"caption\":\"Carlos Dom\u00ednguez\"},\"url\":\"https:\\\/\\\/www.fcbarcelonanoticias.com\\\/en\\\/carlos-dominguez_2_115.html\"}]}<\/script>\n<!-- \/ Yoast SEO plugin. -->","yoast_head_json":{"title":"Line-ups of the FC Barcelona-PSG of the Champions League 2020-21","description":"Ronald Koeman has revealed the line-up with which the FC Barcelona will play against the PSG in the Camp Nou. This is the XI of the Bar\u00e7a: Ter Stegen; Dest, Piqu\u00e9, Lenglet, Jordi Alba; Busquets, De Jong, Pedri; Messi, Griezmann and Demb\u00e9l\u00e9","robots":{"index":"index","follow":"follow","max-snippet":"max-snippet:-1","max-image-preview":"max-image-preview:large","max-video-preview":"max-video-preview:-1"},"canonical":"https:\/\/www.fcbarcelonanoticias.com\/en\/champions-league\/line-ups-of-the-fc-barcelona-psg-against-champions-league_265356_102.html","og_locale":"en_US","og_type":"article","og_title":"Line-ups of the FC Barcelona-PSG of the Champions League 2020-21","og_description":"Ronald Koeman has revealed the line-up with which the FC Barcelona will play against the PSG in the Camp Nou. This is the XI of the Bar\u00e7a: Ter Stegen; Dest, Piqu\u00e9, Lenglet, Jordi Alba; Busquets, De Jong, Pedri; Messi, Griezmann and Demb\u00e9l\u00e9","og_url":"https:\/\/www.fcbarcelonanoticias.com\/en\/champions-league\/line-ups-of-the-fc-barcelona-psg-against-champions-league_265356_102.html","og_site_name":"EN - FC Barcelona Noticias","article_published_time":"2021-02-16T18:40:00+00:00","article_modified_time":"2026-04-16T07:13:59+00:00","og_image":[{"width":1200,"height":675,"url":"https:\/\/www.fcbarcelonanoticias.com\/en\/wp-content\/uploads\/sites\/2\/2021\/02\/alineacion-barcelona-psg.jpeg","type":"image\/jpeg"}],"author":"Carlos Dom\u00ednguez","twitter_card":"summary_large_image","twitter_misc":{"Written by":"Carlos Dom\u00ednguez","Est. reading time":"3 minutes"},"schema":{"@context":"https:\/\/schema.org","@graph":[{"@type":"Article","@id":"https:\/\/www.fcbarcelonanoticias.com\/en\/champions-league\/line-ups-of-the-fc-barcelona-psg-against-champions-league_265356_102.html#article","isPartOf":{"@id":"https:\/\/www.fcbarcelonanoticias.com\/en\/champions-league\/line-ups-of-the-fc-barcelona-psg-against-champions-league_265356_102.html"},"author":{"name":"Carlos Dom\u00ednguez","@id":"https:\/\/www.fcbarcelonanoticias.com\/en\/#\/schema\/person\/888e29b17b79c70d1c617d8a7bc9b8c6"},"headline":"Line-ups of the FC Barcelona-PSG of the Champions League 2020-21","datePublished":"2021-02-16T18:40:00+00:00","dateModified":"2026-04-16T07:13:59+00:00","mainEntityOfPage":{"@id":"https:\/\/www.fcbarcelonanoticias.com\/en\/champions-league\/line-ups-of-the-fc-barcelona-psg-against-champions-league_265356_102.html"},"wordCount":609,"image":{"@id":"https:\/\/www.fcbarcelonanoticias.com\/en\/champions-league\/line-ups-of-the-fc-barcelona-psg-against-champions-league_265356_102.html#primaryimage"},"thumbnailUrl":"https:\/\/www.fcbarcelonanoticias.com\/en\/wp-content\/uploads\/sites\/2\/2021\/02\/alineacion-barcelona-psg.jpeg","keywords":["FC Barcelona Lineups","Paris Saint-Germain","Ronald Koeman"],"articleSection":["Champions League","Champions League"],"inLanguage":"en-US"},{"@type":"WebPage","@id":"https:\/\/www.fcbarcelonanoticias.com\/en\/champions-league\/line-ups-of-the-fc-barcelona-psg-against-champions-league_265356_102.html","url":"https:\/\/www.fcbarcelonanoticias.com\/en\/champions-league\/line-ups-of-the-fc-barcelona-psg-against-champions-league_265356_102.html","name":"Line-ups of the FC Barcelona-PSG of the Champions League 2020-21","isPartOf":{"@id":"https:\/\/www.fcbarcelonanoticias.com\/en\/#website"},"primaryImageOfPage":{"@id":"https:\/\/www.fcbarcelonanoticias.com\/en\/champions-league\/line-ups-of-the-fc-barcelona-psg-against-champions-league_265356_102.html#primaryimage"},"image":{"@id":"https:\/\/www.fcbarcelonanoticias.com\/en\/champions-league\/line-ups-of-the-fc-barcelona-psg-against-champions-league_265356_102.html#primaryimage"},"thumbnailUrl":"https:\/\/www.fcbarcelonanoticias.com\/en\/wp-content\/uploads\/sites\/2\/2021\/02\/alineacion-barcelona-psg.jpeg","datePublished":"2021-02-16T18:40:00+00:00","dateModified":"2026-04-16T07:13:59+00:00","author":{"@id":"https:\/\/www.fcbarcelonanoticias.com\/en\/#\/schema\/person\/888e29b17b79c70d1c617d8a7bc9b8c6"},"description":"Ronald Koeman has revealed the line-up with which the FC Barcelona will play against the PSG in the Camp Nou. This is the XI of the Bar\u00e7a: Ter Stegen; Dest, Piqu\u00e9, Lenglet, Jordi Alba; Busquets, De Jong, Pedri; Messi, Griezmann and Demb\u00e9l\u00e9","breadcrumb":{"@id":"https:\/\/www.fcbarcelonanoticias.com\/en\/champions-league\/line-ups-of-the-fc-barcelona-psg-against-champions-league_265356_102.html#breadcrumb"},"inLanguage":"en-US","potentialAction":[{"@type":"ReadAction","target":["https:\/\/www.fcbarcelonanoticias.com\/en\/champions-league\/line-ups-of-the-fc-barcelona-psg-against-champions-league_265356_102.html"]}]},{"@type":"ImageObject","inLanguage":"en-US","@id":"https:\/\/www.fcbarcelonanoticias.com\/en\/champions-league\/line-ups-of-the-fc-barcelona-psg-against-champions-league_265356_102.html#primaryimage","url":"https:\/\/www.fcbarcelonanoticias.com\/en\/wp-content\/uploads\/sites\/2\/2021\/02\/alineacion-barcelona-psg.jpeg","contentUrl":"https:\/\/www.fcbarcelonanoticias.com\/en\/wp-content\/uploads\/sites\/2\/2021\/02\/alineacion-barcelona-psg.jpeg","width":1200,"height":675},{"@type":"BreadcrumbList","@id":"https:\/\/www.fcbarcelonanoticias.com\/en\/champions-league\/line-ups-of-the-fc-barcelona-psg-against-champions-league_265356_102.html#breadcrumb","itemListElement":[{"@type":"ListItem","position":1,"name":"Portada","item":"https:\/\/www.fcbarcelonanoticias.com\/en\/"},{"@type":"ListItem","position":2,"name":"Line-ups of the FC Barcelona-PSG of the Champions League 2020-21"}]},{"@type":"WebSite","@id":"https:\/\/www.fcbarcelonanoticias.com\/en\/#website","url":"https:\/\/www.fcbarcelonanoticias.com\/en\/","name":"EN - FC Barcelona Noticias","description":"","potentialAction":[{"@type":"SearchAction","target":{"@type":"EntryPoint","urlTemplate":"https:\/\/www.fcbarcelonanoticias.com\/en\/?s={search_term_string}"},"query-input":{"@type":"PropertyValueSpecification","valueRequired":true,"valueName":"search_term_string"}}],"inLanguage":"en-US"},{"@type":"Person","@id":"https:\/\/www.fcbarcelonanoticias.com\/en\/#\/schema\/person\/888e29b17b79c70d1c617d8a7bc9b8c6","name":"Carlos Dom\u00ednguez","image":{"@type":"ImageObject","inLanguage":"en-US","@id":"https:\/\/secure.gravatar.com\/avatar\/?s=96&d=mm&r=g","url":"https:\/\/secure.gravatar.com\/avatar\/?s=96&d=mm&r=g","contentUrl":"https:\/\/secure.gravatar.com\/avatar\/?s=96&d=mm&r=g","caption":"Carlos Dom\u00ednguez"},"url":"https:\/\/www.fcbarcelonanoticias.com\/en\/carlos-dominguez_2_115.html"}]}},"_links":{"self":[{"href":"https:\/\/www.fcbarcelonanoticias.com\/en\/wp-json\/wp\/v2\/posts\/3499","targetHints":{"allow":["GET"]}}],"collection":[{"href":"https:\/\/www.fcbarcelonanoticias.com\/en\/wp-json\/wp\/v2\/posts"}],"about":[{"href":"https:\/\/www.fcbarcelonanoticias.com\/en\/wp-json\/wp\/v2\/types\/post"}],"author":[{"embeddable":true,"href":"https:\/\/www.fcbarcelonanoticias.com\/en\/wp-json\/wp\/v2\/users\/366"}],"replies":[{"embeddable":true,"href":"https:\/\/www.fcbarcelonanoticias.com\/en\/wp-json\/wp\/v2\/comments?post=3499"}],"version-history":[{"count":2,"href":"https:\/\/www.fcbarcelonanoticias.com\/en\/wp-json\/wp\/v2\/posts\/3499\/revisions"}],"predecessor-version":[{"id":169551,"href":"https:\/\/www.fcbarcelonanoticias.com\/en\/wp-json\/wp\/v2\/posts\/3499\/revisions\/169551"}],"wp:featuredmedia":[{"embeddable":true,"href":"https:\/\/www.fcbarcelonanoticias.com\/en\/wp-json\/wp\/v2\/media\/1070"}],"wp:attachment":[{"href":"https:\/\/www.fcbarcelonanoticias.com\/en\/wp-json\/wp\/v2\/media?parent=3499"}],"wp:term":[{"taxonomy":"category","embeddable":true,"href":"https:\/\/www.fcbarcelonanoticias.com\/en\/wp-json\/wp\/v2\/categories?post=3499"},{"taxonomy":"post_tag","embeddable":true,"href":"https:\/\/www.fcbarcelonanoticias.com\/en\/wp-json\/wp\/v2\/tags?post=3499"}],"curies":[{"name":"wp","href":"https:\/\/api.w.org\/{rel}","templated":true}]}}