{"id":3519,"date":"2017-11-21T09:23:00","date_gmt":"2017-11-21T08:23:00","guid":{"rendered":"https:\/\/weisetech.dev\/fc-barcelona-noticias\/en\/alignments-of-the-j5-of-champions-juventus-barcelona_206824_102\/"},"modified":"2026-04-16T09:29:07","modified_gmt":"2026-04-16T07:29:07","slug":"alignments-of-the-j5-of-champions-juventus-barcelona_206824_102","status":"publish","type":"post","link":"https:\/\/www.fcbarcelonanoticias.com\/en\/champions-league\/alignments-of-the-j5-of-champions-juventus-barcelona_206824_102.html","title":{"rendered":"Alignments of the J5 of Champions: Juventus-Barcelona"},"content":{"rendered":"<h2 class=\"wp-block-heading\">Sorpres\u00f3n In the alignment title of the FC Barcelona against the Juventus of Tur\u00edn. The trainer of the Bar\u00e7a, Ernesto Valverde, left in the bench to Leo Messi and Jordi Alba, indisputable headlines, to give entrance to Digne and Paulinho<\/h2>  \r\n<div class=\"article-addons\">\r\n    <a href=\"https:\/\/www.fcbarcelonanoticias.com\/en\/calendar-fc-barcelona.html\"\r\n       target=\"_self\"\r\n       title=\"Calendar of FC Barcelona\"\r\n       class=\"blue-gredient-btn\">\r\n       \r\n        Calendar of FC Barcelona    <\/a>\r\n<\/div>   <p><a href=\"https:\/\/www.fcbarcelonanoticias.com\/fc-barcelona\/luis-suarez-resurge-de-sus-cenizas-y-fulmina-al-leganes_206677_102.html\"><strong>After winning in Butarque to the Legan\u00e9s,<\/strong><\/a> the ones of <strong>Ernesto Valverde<\/strong> want to go on down the senda of the victory in Tur\u00edn in one of the big classical of the European football. In front, a Juventus of Tur\u00edn that will try  take the revancha of the party of the first turn, in which the group bianconero was arrollado by Leo Messi and the Barcelona.<\/p> <p><strong><\/strong>For the duel, the Catalans arrive with the <strong>drops of Ousmane Demb\u00e9l\u00e9, Rafinha Alc\u00e1ntara, Burn Turan, Mascherano, Andr\u00e9 Gomes and Sergi Roberto<\/strong>. A considerable number of lesionados that do that Ernesto Valverde do not have a lot by where choose.<\/p> <p>In spite of having an important commitment the weekend in <a href=\"https:\/\/www.fcbarcelonanoticias.com\/en\/laliga-calendario.html\"><strong>League<\/strong><\/a>, Valverde takes out an eleven competitive to win the three points -or at least mark- and<strong> <\/strong><a href=\"https:\/\/www.fcbarcelonanoticias.com\/fc-barcelona\/el-barca-a-por-la-clasificacion-matematica-en-champions_206022_102.html\"><strong>seal the pass to the eighth of final of the Champions<\/strong><\/a>, obviously the big aim of this phase of groups: sr first of group.<\/p> <p>The most surprising, however, is that in the eleven in question<strong> will not be two indisputable headlines in all the important<\/strong> parties of the FC Barcelona,<strong> Jordi Alba and Leo Messi<\/strong>, without that for the moment they know  the causes, although it aims to revolutionary rotations of Valverde. In any case, the show will be served equally in the Allianz Stadium, and foresees  that both finish having of minutes.<\/p> <p>The FC Barcelona faces the party with the need to add at least a point for, of mathematical form, certify the pass like first of the Group D course to<strong> the eighth of final of <a href=\"https:\/\/www.fcbarcelonanoticias.com\/champions-league-calendario-y-resultados.html\">the Champions League<\/a><\/strong>. They will not be able to trust the cul\u00e9s in front of the &#8216;Vecchia Signora&#8217;.<\/p> <h2><strong><span style=\"font-size: 1.5em;\">This is the XI of the Bar\u00e7a in front of the Juventus:<\/span><\/strong><\/h2> <p><strong>XI of the Juventus:&nbsp;<\/strong>Buffon; Barzagli, Benatia, Rugani, Sandro; Khedira, Pjanic, Squared; Douglas, Dybala and Higua\u00edn.<\/p> <p><strong>XI of the Barcelona:&nbsp;<\/strong>Ter Stegen; Semedo, Hammered, Umtiti, Digne; Busquets, Paulinho, Rakitic, Iniesta, Su\u00e1rez and Deulofeu.<\/p> <p><strong>Bench of the Bar\u00e7a:<\/strong>&nbsp;Cillessen, Vermaelen, Jordi Alba, Leo Messi, Alc\u00e1cer, Denis, Aleix Vidal.<\/p> ","protected":false},"excerpt":{"rendered":"<p>Sorpres\u00f3n In the alignment title of the FC Barcelona against the Juventus of Tur\u00edn. The trainer of the Bar\u00e7a, Ernesto Valverde, left in the bench to Leo Messi and Jordi Alba, indisputable headlines, to give entrance to Digne and Paulinho After winning in Butarque to the Legan\u00e9s, the ones of Ernesto Valverde want to go [&hellip;]<\/p>\n","protected":false},"author":364,"featured_media":1108,"comment_status":"closed","ping_status":"open","sticky":false,"template":"","format":"standard","meta":{"_acf_changed":false,"inline_featured_image":false,"_nextfly_llmd_date_locked":false,"footnotes":""},"categories":[112,447],"tags":[201,105],"class_list":["post-3519","post","type-post","status-publish","format-standard","has-post-thumbnail","hentry","category-champions-league","category-champions-league-2","tag-lineups","tag-juventus"],"acf":[],"yoast_head":"<!-- This site is optimized with the Yoast SEO plugin v27.3 - https:\/\/yoast.com\/product\/yoast-seo-wordpress\/ -->\n<title>Alignments of the J5 of Champions: Juventus-Barcelona<\/title>\n<meta name=\"description\" content=\"Sorpres\u00f3n In the alignment title of the FC Barcelona against the Juventus of Tur\u00edn. The trainer of the Bar\u00e7a, Ernesto Valverde, left in the bench...\" \/>\n<meta name=\"robots\" content=\"index, follow, max-snippet:-1, max-image-preview:large, max-video-preview:-1\" \/>\n<link rel=\"canonical\" href=\"https:\/\/www.fcbarcelonanoticias.com\/en\/champions-league\/alignments-of-the-j5-of-champions-juventus-barcelona_206824_102.html\" \/>\n<meta property=\"og:locale\" content=\"en_US\" \/>\n<meta property=\"og:type\" content=\"article\" \/>\n<meta property=\"og:title\" content=\"Alignments of the J5 of Champions: Juventus-Barcelona\" \/>\n<meta property=\"og:description\" content=\"Sorpres\u00f3n In the alignment title of the FC Barcelona against the Juventus of Tur\u00edn. The trainer of the Bar\u00e7a, Ernesto Valverde, left in the bench...\" \/>\n<meta property=\"og:url\" content=\"https:\/\/www.fcbarcelonanoticias.com\/en\/champions-league\/alignments-of-the-j5-of-champions-juventus-barcelona_206824_102.html\" \/>\n<meta property=\"og:site_name\" content=\"EN - FC Barcelona Noticias\" \/>\n<meta property=\"article:published_time\" content=\"2017-11-21T08:23:00+00:00\" \/>\n<meta property=\"article:modified_time\" content=\"2026-04-16T07:29:07+00:00\" \/>\n<meta property=\"og:image\" content=\"https:\/\/www.fcbarcelonanoticias.com\/en\/wp-content\/uploads\/sites\/2\/2017\/11\/alineacion-juventus-barcelona-234940.jpeg\" \/>\n\t<meta property=\"og:image:width\" content=\"761\" \/>\n\t<meta property=\"og:image:height\" content=\"428\" \/>\n\t<meta property=\"og:image:type\" content=\"image\/jpeg\" \/>\n<meta name=\"author\" content=\"Albert Ram\u00edrez\" \/>\n<meta name=\"twitter:card\" content=\"summary_large_image\" \/>\n<meta name=\"twitter:label1\" content=\"Written by\" \/>\n\t<meta name=\"twitter:data1\" content=\"Albert Ram\u00edrez\" \/>\n\t<meta name=\"twitter:label2\" content=\"Est. reading time\" \/>\n\t<meta name=\"twitter:data2\" content=\"2 minutes\" \/>\n<script type=\"application\/ld+json\" class=\"yoast-schema-graph\">{\"@context\":\"https:\\\/\\\/schema.org\",\"@graph\":[{\"@type\":\"Article\",\"@id\":\"https:\\\/\\\/www.fcbarcelonanoticias.com\\\/en\\\/champions-league\\\/alignments-of-the-j5-of-champions-juventus-barcelona_206824_102.html#article\",\"isPartOf\":{\"@id\":\"https:\\\/\\\/www.fcbarcelonanoticias.com\\\/en\\\/champions-league\\\/alignments-of-the-j5-of-champions-juventus-barcelona_206824_102.html\"},\"author\":{\"name\":\"Albert Ram\u00edrez\",\"@id\":\"https:\\\/\\\/www.fcbarcelonanoticias.com\\\/en\\\/#\\\/schema\\\/person\\\/1d0eb8457abc625a793c7a9f8f67612d\"},\"headline\":\"Alignments of the J5 of Champions: Juventus-Barcelona\",\"datePublished\":\"2017-11-21T08:23:00+00:00\",\"dateModified\":\"2026-04-16T07:29:07+00:00\",\"mainEntityOfPage\":{\"@id\":\"https:\\\/\\\/www.fcbarcelonanoticias.com\\\/en\\\/champions-league\\\/alignments-of-the-j5-of-champions-juventus-barcelona_206824_102.html\"},\"wordCount\":402,\"image\":{\"@id\":\"https:\\\/\\\/www.fcbarcelonanoticias.com\\\/en\\\/champions-league\\\/alignments-of-the-j5-of-champions-juventus-barcelona_206824_102.html#primaryimage\"},\"thumbnailUrl\":\"https:\\\/\\\/www.fcbarcelonanoticias.com\\\/en\\\/wp-content\\\/uploads\\\/sites\\\/2\\\/2017\\\/11\\\/alineacion-juventus-barcelona-234940.jpeg\",\"keywords\":[\"FC Barcelona Lineups\",\"Juventus\"],\"articleSection\":[\"Champions League\",\"Champions League\"],\"inLanguage\":\"en-US\"},{\"@type\":\"WebPage\",\"@id\":\"https:\\\/\\\/www.fcbarcelonanoticias.com\\\/en\\\/champions-league\\\/alignments-of-the-j5-of-champions-juventus-barcelona_206824_102.html\",\"url\":\"https:\\\/\\\/www.fcbarcelonanoticias.com\\\/en\\\/champions-league\\\/alignments-of-the-j5-of-champions-juventus-barcelona_206824_102.html\",\"name\":\"Alignments of the J5 of Champions: Juventus-Barcelona\",\"isPartOf\":{\"@id\":\"https:\\\/\\\/www.fcbarcelonanoticias.com\\\/en\\\/#website\"},\"primaryImageOfPage\":{\"@id\":\"https:\\\/\\\/www.fcbarcelonanoticias.com\\\/en\\\/champions-league\\\/alignments-of-the-j5-of-champions-juventus-barcelona_206824_102.html#primaryimage\"},\"image\":{\"@id\":\"https:\\\/\\\/www.fcbarcelonanoticias.com\\\/en\\\/champions-league\\\/alignments-of-the-j5-of-champions-juventus-barcelona_206824_102.html#primaryimage\"},\"thumbnailUrl\":\"https:\\\/\\\/www.fcbarcelonanoticias.com\\\/en\\\/wp-content\\\/uploads\\\/sites\\\/2\\\/2017\\\/11\\\/alineacion-juventus-barcelona-234940.jpeg\",\"datePublished\":\"2017-11-21T08:23:00+00:00\",\"dateModified\":\"2026-04-16T07:29:07+00:00\",\"author\":{\"@id\":\"https:\\\/\\\/www.fcbarcelonanoticias.com\\\/en\\\/#\\\/schema\\\/person\\\/1d0eb8457abc625a793c7a9f8f67612d\"},\"description\":\"Sorpres\u00f3n In the alignment title of the FC Barcelona against the Juventus of Tur\u00edn. The trainer of the Bar\u00e7a, Ernesto Valverde, left in the bench...\",\"breadcrumb\":{\"@id\":\"https:\\\/\\\/www.fcbarcelonanoticias.com\\\/en\\\/champions-league\\\/alignments-of-the-j5-of-champions-juventus-barcelona_206824_102.html#breadcrumb\"},\"inLanguage\":\"en-US\",\"potentialAction\":[{\"@type\":\"ReadAction\",\"target\":[\"https:\\\/\\\/www.fcbarcelonanoticias.com\\\/en\\\/champions-league\\\/alignments-of-the-j5-of-champions-juventus-barcelona_206824_102.html\"]}]},{\"@type\":\"ImageObject\",\"inLanguage\":\"en-US\",\"@id\":\"https:\\\/\\\/www.fcbarcelonanoticias.com\\\/en\\\/champions-league\\\/alignments-of-the-j5-of-champions-juventus-barcelona_206824_102.html#primaryimage\",\"url\":\"https:\\\/\\\/www.fcbarcelonanoticias.com\\\/en\\\/wp-content\\\/uploads\\\/sites\\\/2\\\/2017\\\/11\\\/alineacion-juventus-barcelona-234940.jpeg\",\"contentUrl\":\"https:\\\/\\\/www.fcbarcelonanoticias.com\\\/en\\\/wp-content\\\/uploads\\\/sites\\\/2\\\/2017\\\/11\\\/alineacion-juventus-barcelona-234940.jpeg\",\"width\":761,\"height\":428},{\"@type\":\"BreadcrumbList\",\"@id\":\"https:\\\/\\\/www.fcbarcelonanoticias.com\\\/en\\\/champions-league\\\/alignments-of-the-j5-of-champions-juventus-barcelona_206824_102.html#breadcrumb\",\"itemListElement\":[{\"@type\":\"ListItem\",\"position\":1,\"name\":\"Portada\",\"item\":\"https:\\\/\\\/www.fcbarcelonanoticias.com\\\/en\\\/\"},{\"@type\":\"ListItem\",\"position\":2,\"name\":\"Alignments of the J5 of Champions: Juventus-Barcelona\"}]},{\"@type\":\"WebSite\",\"@id\":\"https:\\\/\\\/www.fcbarcelonanoticias.com\\\/en\\\/#website\",\"url\":\"https:\\\/\\\/www.fcbarcelonanoticias.com\\\/en\\\/\",\"name\":\"EN - FC Barcelona Noticias\",\"description\":\"\",\"potentialAction\":[{\"@type\":\"SearchAction\",\"target\":{\"@type\":\"EntryPoint\",\"urlTemplate\":\"https:\\\/\\\/www.fcbarcelonanoticias.com\\\/en\\\/?s={search_term_string}\"},\"query-input\":{\"@type\":\"PropertyValueSpecification\",\"valueRequired\":true,\"valueName\":\"search_term_string\"}}],\"inLanguage\":\"en-US\"},{\"@type\":\"Person\",\"@id\":\"https:\\\/\\\/www.fcbarcelonanoticias.com\\\/en\\\/#\\\/schema\\\/person\\\/1d0eb8457abc625a793c7a9f8f67612d\",\"name\":\"Albert Ram\u00edrez\",\"image\":{\"@type\":\"ImageObject\",\"inLanguage\":\"en-US\",\"@id\":\"https:\\\/\\\/secure.gravatar.com\\\/avatar\\\/?s=96&d=mm&r=g\",\"url\":\"https:\\\/\\\/secure.gravatar.com\\\/avatar\\\/?s=96&d=mm&r=g\",\"contentUrl\":\"https:\\\/\\\/secure.gravatar.com\\\/avatar\\\/?s=96&d=mm&r=g\",\"caption\":\"Albert Ram\u00edrez\"},\"url\":\"https:\\\/\\\/www.fcbarcelonanoticias.com\\\/en\\\/albert-ramirez_5_115.html\"}]}<\/script>\n<!-- \/ Yoast SEO plugin. -->","yoast_head_json":{"title":"Alignments of the J5 of Champions: Juventus-Barcelona","description":"Sorpres\u00f3n In the alignment title of the FC Barcelona against the Juventus of Tur\u00edn. The trainer of the Bar\u00e7a, Ernesto Valverde, left in the bench...","robots":{"index":"index","follow":"follow","max-snippet":"max-snippet:-1","max-image-preview":"max-image-preview:large","max-video-preview":"max-video-preview:-1"},"canonical":"https:\/\/www.fcbarcelonanoticias.com\/en\/champions-league\/alignments-of-the-j5-of-champions-juventus-barcelona_206824_102.html","og_locale":"en_US","og_type":"article","og_title":"Alignments of the J5 of Champions: Juventus-Barcelona","og_description":"Sorpres\u00f3n In the alignment title of the FC Barcelona against the Juventus of Tur\u00edn. The trainer of the Bar\u00e7a, Ernesto Valverde, left in the bench...","og_url":"https:\/\/www.fcbarcelonanoticias.com\/en\/champions-league\/alignments-of-the-j5-of-champions-juventus-barcelona_206824_102.html","og_site_name":"EN - FC Barcelona Noticias","article_published_time":"2017-11-21T08:23:00+00:00","article_modified_time":"2026-04-16T07:29:07+00:00","og_image":[{"width":761,"height":428,"url":"https:\/\/www.fcbarcelonanoticias.com\/en\/wp-content\/uploads\/sites\/2\/2017\/11\/alineacion-juventus-barcelona-234940.jpeg","type":"image\/jpeg"}],"author":"Albert Ram\u00edrez","twitter_card":"summary_large_image","twitter_misc":{"Written by":"Albert Ram\u00edrez","Est. reading time":"2 minutes"},"schema":{"@context":"https:\/\/schema.org","@graph":[{"@type":"Article","@id":"https:\/\/www.fcbarcelonanoticias.com\/en\/champions-league\/alignments-of-the-j5-of-champions-juventus-barcelona_206824_102.html#article","isPartOf":{"@id":"https:\/\/www.fcbarcelonanoticias.com\/en\/champions-league\/alignments-of-the-j5-of-champions-juventus-barcelona_206824_102.html"},"author":{"name":"Albert Ram\u00edrez","@id":"https:\/\/www.fcbarcelonanoticias.com\/en\/#\/schema\/person\/1d0eb8457abc625a793c7a9f8f67612d"},"headline":"Alignments of the J5 of Champions: Juventus-Barcelona","datePublished":"2017-11-21T08:23:00+00:00","dateModified":"2026-04-16T07:29:07+00:00","mainEntityOfPage":{"@id":"https:\/\/www.fcbarcelonanoticias.com\/en\/champions-league\/alignments-of-the-j5-of-champions-juventus-barcelona_206824_102.html"},"wordCount":402,"image":{"@id":"https:\/\/www.fcbarcelonanoticias.com\/en\/champions-league\/alignments-of-the-j5-of-champions-juventus-barcelona_206824_102.html#primaryimage"},"thumbnailUrl":"https:\/\/www.fcbarcelonanoticias.com\/en\/wp-content\/uploads\/sites\/2\/2017\/11\/alineacion-juventus-barcelona-234940.jpeg","keywords":["FC Barcelona Lineups","Juventus"],"articleSection":["Champions League","Champions League"],"inLanguage":"en-US"},{"@type":"WebPage","@id":"https:\/\/www.fcbarcelonanoticias.com\/en\/champions-league\/alignments-of-the-j5-of-champions-juventus-barcelona_206824_102.html","url":"https:\/\/www.fcbarcelonanoticias.com\/en\/champions-league\/alignments-of-the-j5-of-champions-juventus-barcelona_206824_102.html","name":"Alignments of the J5 of Champions: Juventus-Barcelona","isPartOf":{"@id":"https:\/\/www.fcbarcelonanoticias.com\/en\/#website"},"primaryImageOfPage":{"@id":"https:\/\/www.fcbarcelonanoticias.com\/en\/champions-league\/alignments-of-the-j5-of-champions-juventus-barcelona_206824_102.html#primaryimage"},"image":{"@id":"https:\/\/www.fcbarcelonanoticias.com\/en\/champions-league\/alignments-of-the-j5-of-champions-juventus-barcelona_206824_102.html#primaryimage"},"thumbnailUrl":"https:\/\/www.fcbarcelonanoticias.com\/en\/wp-content\/uploads\/sites\/2\/2017\/11\/alineacion-juventus-barcelona-234940.jpeg","datePublished":"2017-11-21T08:23:00+00:00","dateModified":"2026-04-16T07:29:07+00:00","author":{"@id":"https:\/\/www.fcbarcelonanoticias.com\/en\/#\/schema\/person\/1d0eb8457abc625a793c7a9f8f67612d"},"description":"Sorpres\u00f3n In the alignment title of the FC Barcelona against the Juventus of Tur\u00edn. The trainer of the Bar\u00e7a, Ernesto Valverde, left in the bench...","breadcrumb":{"@id":"https:\/\/www.fcbarcelonanoticias.com\/en\/champions-league\/alignments-of-the-j5-of-champions-juventus-barcelona_206824_102.html#breadcrumb"},"inLanguage":"en-US","potentialAction":[{"@type":"ReadAction","target":["https:\/\/www.fcbarcelonanoticias.com\/en\/champions-league\/alignments-of-the-j5-of-champions-juventus-barcelona_206824_102.html"]}]},{"@type":"ImageObject","inLanguage":"en-US","@id":"https:\/\/www.fcbarcelonanoticias.com\/en\/champions-league\/alignments-of-the-j5-of-champions-juventus-barcelona_206824_102.html#primaryimage","url":"https:\/\/www.fcbarcelonanoticias.com\/en\/wp-content\/uploads\/sites\/2\/2017\/11\/alineacion-juventus-barcelona-234940.jpeg","contentUrl":"https:\/\/www.fcbarcelonanoticias.com\/en\/wp-content\/uploads\/sites\/2\/2017\/11\/alineacion-juventus-barcelona-234940.jpeg","width":761,"height":428},{"@type":"BreadcrumbList","@id":"https:\/\/www.fcbarcelonanoticias.com\/en\/champions-league\/alignments-of-the-j5-of-champions-juventus-barcelona_206824_102.html#breadcrumb","itemListElement":[{"@type":"ListItem","position":1,"name":"Portada","item":"https:\/\/www.fcbarcelonanoticias.com\/en\/"},{"@type":"ListItem","position":2,"name":"Alignments of the J5 of Champions: Juventus-Barcelona"}]},{"@type":"WebSite","@id":"https:\/\/www.fcbarcelonanoticias.com\/en\/#website","url":"https:\/\/www.fcbarcelonanoticias.com\/en\/","name":"EN - FC Barcelona Noticias","description":"","potentialAction":[{"@type":"SearchAction","target":{"@type":"EntryPoint","urlTemplate":"https:\/\/www.fcbarcelonanoticias.com\/en\/?s={search_term_string}"},"query-input":{"@type":"PropertyValueSpecification","valueRequired":true,"valueName":"search_term_string"}}],"inLanguage":"en-US"},{"@type":"Person","@id":"https:\/\/www.fcbarcelonanoticias.com\/en\/#\/schema\/person\/1d0eb8457abc625a793c7a9f8f67612d","name":"Albert Ram\u00edrez","image":{"@type":"ImageObject","inLanguage":"en-US","@id":"https:\/\/secure.gravatar.com\/avatar\/?s=96&d=mm&r=g","url":"https:\/\/secure.gravatar.com\/avatar\/?s=96&d=mm&r=g","contentUrl":"https:\/\/secure.gravatar.com\/avatar\/?s=96&d=mm&r=g","caption":"Albert Ram\u00edrez"},"url":"https:\/\/www.fcbarcelonanoticias.com\/en\/albert-ramirez_5_115.html"}]}},"_links":{"self":[{"href":"https:\/\/www.fcbarcelonanoticias.com\/en\/wp-json\/wp\/v2\/posts\/3519","targetHints":{"allow":["GET"]}}],"collection":[{"href":"https:\/\/www.fcbarcelonanoticias.com\/en\/wp-json\/wp\/v2\/posts"}],"about":[{"href":"https:\/\/www.fcbarcelonanoticias.com\/en\/wp-json\/wp\/v2\/types\/post"}],"author":[{"embeddable":true,"href":"https:\/\/www.fcbarcelonanoticias.com\/en\/wp-json\/wp\/v2\/users\/364"}],"replies":[{"embeddable":true,"href":"https:\/\/www.fcbarcelonanoticias.com\/en\/wp-json\/wp\/v2\/comments?post=3519"}],"version-history":[{"count":4,"href":"https:\/\/www.fcbarcelonanoticias.com\/en\/wp-json\/wp\/v2\/posts\/3519\/revisions"}],"predecessor-version":[{"id":175151,"href":"https:\/\/www.fcbarcelonanoticias.com\/en\/wp-json\/wp\/v2\/posts\/3519\/revisions\/175151"}],"wp:featuredmedia":[{"embeddable":true,"href":"https:\/\/www.fcbarcelonanoticias.com\/en\/wp-json\/wp\/v2\/media\/1108"}],"wp:attachment":[{"href":"https:\/\/www.fcbarcelonanoticias.com\/en\/wp-json\/wp\/v2\/media?parent=3519"}],"wp:term":[{"taxonomy":"category","embeddable":true,"href":"https:\/\/www.fcbarcelonanoticias.com\/en\/wp-json\/wp\/v2\/categories?post=3519"},{"taxonomy":"post_tag","embeddable":true,"href":"https:\/\/www.fcbarcelonanoticias.com\/en\/wp-json\/wp\/v2\/tags?post=3519"}],"curies":[{"name":"wp","href":"https:\/\/api.w.org\/{rel}","templated":true}]}}