{"id":35444,"date":"2017-12-23T21:01:00","date_gmt":"2017-12-23T20:01:00","guid":{"rendered":"https:\/\/weisetech.dev\/fc-barcelona-noticias\/en\/this-barca-works-and-still-they-are-missing-him-dembele-and-umtiti_207970_102\/"},"modified":"2026-04-16T10:05:47","modified_gmt":"2026-04-16T08:05:47","slug":"this-barca-works-and-still-they-are-missing-him-dembele-and-umtiti_207970_102","status":"publish","type":"post","link":"https:\/\/www.fcbarcelonanoticias.com\/en\/fc-barcelona\/this-barca-works-and-still-they-are-missing-him-dembele-and-umtiti_207970_102.html","title":{"rendered":"This Bar\u00e7a works&#8230; And still they are missing him Demb\u00e9l\u00e9 and Umtiti"},"content":{"rendered":"<h2 class=\"wp-block-heading\">All those that played the Classical interpreted his paper, and all those that did not do it are equally important, but between which were not stand out two. This FC Barcelona works without two big reinforcements, Samuel Umtiti and Ousmane Demb\u00e9l\u00e9<\/h2>  \r\n<div class=\"article-addons\">\r\n    <a href=\"https:\/\/www.fcbarcelonanoticias.com\/en\/calendar-fc-barcelona.html\"\r\n       target=\"_self\"\r\n       title=\"Calendar of FC Barcelona\"\r\n       class=\"blue-gredient-btn\">\r\n       \r\n        Calendar of FC Barcelona    <\/a>\r\n<\/div>   <p>It has had to row a lot to arrive until here, but while it looks for his best style, the <a href=\"https:\/\/www.fcbarcelonanoticias.com\/calendario-fcbarcelona.html\"><strong>FC Barcelona<\/strong><\/a> grows to base of results. Victories like the one of the <a href=\"https:\/\/www.fcbarcelonanoticias.com\/fc-barcelona\/el-barca-sufre-resiste-y-machaca-mas-lider-y-a-14-puntos_207928_102.html\"><strong>Classical <\/strong><\/a><strong><a href=\"https:\/\/www.fcbarcelonanoticias.com\/fc-barcelona\/el-barca-sufre-resiste-y-machaca-mas-lider-y-a-14-puntos_207928_102.html\"><strong> in the Bernab\u00e9u<\/strong><\/a> are the best guarantee for a project, and more when there are some nuances that give them even more merit. The Catalans conquered the house of his rival maximum, and did not go with the staff to the complete.<\/strong><\/p> <p><strong>Because it would be unfair to say that they did not play the best given the performance that have cuajado in the last weeks, but also is necessary to remember that <a href=\"https:\/\/www.fcbarcelonanoticias.com\/fc-barcelona\/las-grandes-bajas-del-clasico-un-barca-mermado-pero-capaz_207902_102.html\">the drops<\/a> mermaban<\/strong>&nbsp;<strong>the eleven presented by Ernesto Valverde.<\/strong> Of the six descartados there is one that does not explain, but four are important offensive reinforcements and the another a safe for the defence.<\/p> <p>With <strong>Gerard&nbsp;<\/strong><strong>Deulofeu<\/strong> trying show his cost and <strong>Rafinha<\/strong> recovering the efficiency that did him shine in the past, <strong>Paco Alc\u00e1cer has been the most recent pain for the cul\u00e9s<\/strong>. All the world asked  what did the Valencian in the Bar\u00e7a, and when it hit to <a href=\"https:\/\/www.fcbarcelonanoticias.com\/fc-barcelona\/paco-alcacer-encuentra-su-sitio-en-el-barca-de-valverde_207498_102.html\"><strong>answer to the big<\/strong><\/a>, the same of big was his defeat. Because there is not another way to call to the injustice that the football committed with the one of Torrent to the doors of the visit to the capital.<\/p> <h2>Without Umtiti neither Demb\u00e9l\u00e9<\/h2> <p>In addition to the badly called second unit, <strong>there is two of the absent in the Classical that they could be without problems in the first, and that to having been present probably would have enjoyed of a place in the eleven headline<\/strong>. It treats  of <strong>Samuel Umtiti and <a href=\"https:\/\/www.fcbarcelonanoticias.com\/en\/tags\/dembele-567\">Ousmane Demb\u00e9l\u00e9<\/a><\/strong>, whose injuries have discovered to the Bar\u00e7a that has a lot of more staff of which thought.<\/p> <p>Although rescue to the own Alc\u00e1cer or to Thomas Vermaelen is a big news for Ernesto Valverde, better would be to have to choose between all the footballers that has in <a href=\"https:\/\/www.fcbarcelonanoticias.com\/jugadores-fcbarcelona.html\"><strong>the changing room<\/strong><\/a>, especially with <strong>a central of the best of the planet and an extreme youngster with win to eat  the world<\/strong>.<\/p> <p><strong>All what already have conquered the Catalan have done it without two of his best men, and in the rest of the season has to notice that they will be the first reinforcements<\/strong>. There are a lot of hopes deposited in <a href=\"https:\/\/www.fcbarcelonanoticias.com\/fc-barcelona\/fichajes.html\"><strong>the market of signings<\/strong><\/a>, but after the holidays navide\u00f1as there will be more, and better, where choose.<\/p> ","protected":false},"excerpt":{"rendered":"<p>All those that played the Classical interpreted his paper, and all those that did not do it are equally important, but between which were not stand out two. This FC Barcelona works without two big reinforcements, Samuel Umtiti and Ousmane Demb\u00e9l\u00e9 It has had to row a lot to arrive until here, but while it [&hellip;]<\/p>\n","protected":false},"author":376,"featured_media":111233,"comment_status":"closed","ping_status":"open","sticky":false,"template":"","format":"standard","meta":{"_acf_changed":false,"inline_featured_image":false,"_nextfly_llmd_date_locked":false,"footnotes":""},"categories":[111],"tags":[146,53,218,136,309],"class_list":["post-35444","post","type-post","status-publish","format-standard","has-post-thumbnail","hentry","category-fc-barcelona","tag-dembele","tag-el-clasico","tag-ernesto-valverde","tag-injured","tag-samuel-umtiti"],"acf":[],"yoast_head":"<!-- This site is optimized with the Yoast SEO plugin v27.3 - https:\/\/yoast.com\/product\/yoast-seo-wordpress\/ -->\n<title>This Bar\u00e7a works... And still they are missing him Demb\u00e9l\u00e9 and Umtiti<\/title>\n<meta name=\"description\" content=\"All those that played the Classical interpreted his paper, and all those that did not do it are equally important, but between which were not...\" \/>\n<meta name=\"robots\" content=\"index, follow, max-snippet:-1, max-image-preview:large, max-video-preview:-1\" \/>\n<link rel=\"canonical\" href=\"https:\/\/www.fcbarcelonanoticias.com\/en\/fc-barcelona\/this-barca-works-and-still-they-are-missing-him-dembele-and-umtiti_207970_102.html\" \/>\n<meta property=\"og:locale\" content=\"en_US\" \/>\n<meta property=\"og:type\" content=\"article\" \/>\n<meta property=\"og:title\" content=\"This Bar\u00e7a works... And still they are missing him Demb\u00e9l\u00e9 and Umtiti\" \/>\n<meta property=\"og:description\" content=\"All those that played the Classical interpreted his paper, and all those that did not do it are equally important, but between which were not...\" \/>\n<meta property=\"og:url\" content=\"https:\/\/www.fcbarcelonanoticias.com\/en\/fc-barcelona\/this-barca-works-and-still-they-are-missing-him-dembele-and-umtiti_207970_102.html\" \/>\n<meta property=\"og:site_name\" content=\"EN - FC Barcelona Noticias\" \/>\n<meta property=\"article:published_time\" content=\"2017-12-23T20:01:00+00:00\" \/>\n<meta property=\"article:modified_time\" content=\"2026-04-16T08:05:47+00:00\" \/>\n<meta property=\"og:image\" content=\"https:\/\/www.fcbarcelonanoticias.com\/en\/wp-content\/uploads\/sites\/2\/2017\/12\/ousmanedembele-umtiti2-238640-1.jpeg\" \/>\n\t<meta property=\"og:image:width\" content=\"761\" \/>\n\t<meta property=\"og:image:height\" content=\"428\" \/>\n\t<meta property=\"og:image:type\" content=\"image\/jpeg\" \/>\n<meta name=\"author\" content=\"user_4032\" \/>\n<meta name=\"twitter:card\" content=\"summary_large_image\" \/>\n<meta name=\"twitter:label1\" content=\"Written by\" \/>\n\t<meta name=\"twitter:data1\" content=\"user_4032\" \/>\n\t<meta name=\"twitter:label2\" content=\"Est. reading time\" \/>\n\t<meta name=\"twitter:data2\" content=\"2 minutes\" \/>\n<script type=\"application\/ld+json\" class=\"yoast-schema-graph\">{\"@context\":\"https:\\\/\\\/schema.org\",\"@graph\":[{\"@type\":\"Article\",\"@id\":\"https:\\\/\\\/www.fcbarcelonanoticias.com\\\/en\\\/fc-barcelona\\\/this-barca-works-and-still-they-are-missing-him-dembele-and-umtiti_207970_102.html#article\",\"isPartOf\":{\"@id\":\"https:\\\/\\\/www.fcbarcelonanoticias.com\\\/en\\\/fc-barcelona\\\/this-barca-works-and-still-they-are-missing-him-dembele-and-umtiti_207970_102.html\"},\"author\":{\"name\":\"user_4032\",\"@id\":\"https:\\\/\\\/www.fcbarcelonanoticias.com\\\/en\\\/#\\\/schema\\\/person\\\/87b10dbddf72505d2eeba8aaa6c9ba14\"},\"headline\":\"This Bar\u00e7a works&#8230; And still they are missing him Demb\u00e9l\u00e9 and Umtiti\",\"datePublished\":\"2017-12-23T20:01:00+00:00\",\"dateModified\":\"2026-04-16T08:05:47+00:00\",\"mainEntityOfPage\":{\"@id\":\"https:\\\/\\\/www.fcbarcelonanoticias.com\\\/en\\\/fc-barcelona\\\/this-barca-works-and-still-they-are-missing-him-dembele-and-umtiti_207970_102.html\"},\"wordCount\":478,\"image\":{\"@id\":\"https:\\\/\\\/www.fcbarcelonanoticias.com\\\/en\\\/fc-barcelona\\\/this-barca-works-and-still-they-are-missing-him-dembele-and-umtiti_207970_102.html#primaryimage\"},\"thumbnailUrl\":\"https:\\\/\\\/www.fcbarcelonanoticias.com\\\/en\\\/wp-content\\\/uploads\\\/sites\\\/2\\\/2017\\\/12\\\/ousmanedembele-umtiti2-238640-1.jpeg\",\"keywords\":[\"Demb\u00e9l\u00e9\",\"El Cl\u00e1sico\",\"Ernesto Valverde\",\"injured\",\"Samuel Umtiti\"],\"articleSection\":[\"FC Barcelona\"],\"inLanguage\":\"en-US\"},{\"@type\":\"WebPage\",\"@id\":\"https:\\\/\\\/www.fcbarcelonanoticias.com\\\/en\\\/fc-barcelona\\\/this-barca-works-and-still-they-are-missing-him-dembele-and-umtiti_207970_102.html\",\"url\":\"https:\\\/\\\/www.fcbarcelonanoticias.com\\\/en\\\/fc-barcelona\\\/this-barca-works-and-still-they-are-missing-him-dembele-and-umtiti_207970_102.html\",\"name\":\"This Bar\u00e7a works... And still they are missing him Demb\u00e9l\u00e9 and Umtiti\",\"isPartOf\":{\"@id\":\"https:\\\/\\\/www.fcbarcelonanoticias.com\\\/en\\\/#website\"},\"primaryImageOfPage\":{\"@id\":\"https:\\\/\\\/www.fcbarcelonanoticias.com\\\/en\\\/fc-barcelona\\\/this-barca-works-and-still-they-are-missing-him-dembele-and-umtiti_207970_102.html#primaryimage\"},\"image\":{\"@id\":\"https:\\\/\\\/www.fcbarcelonanoticias.com\\\/en\\\/fc-barcelona\\\/this-barca-works-and-still-they-are-missing-him-dembele-and-umtiti_207970_102.html#primaryimage\"},\"thumbnailUrl\":\"https:\\\/\\\/www.fcbarcelonanoticias.com\\\/en\\\/wp-content\\\/uploads\\\/sites\\\/2\\\/2017\\\/12\\\/ousmanedembele-umtiti2-238640-1.jpeg\",\"datePublished\":\"2017-12-23T20:01:00+00:00\",\"dateModified\":\"2026-04-16T08:05:47+00:00\",\"author\":{\"@id\":\"https:\\\/\\\/www.fcbarcelonanoticias.com\\\/en\\\/#\\\/schema\\\/person\\\/87b10dbddf72505d2eeba8aaa6c9ba14\"},\"description\":\"All those that played the Classical interpreted his paper, and all those that did not do it are equally important, but between which were not...\",\"breadcrumb\":{\"@id\":\"https:\\\/\\\/www.fcbarcelonanoticias.com\\\/en\\\/fc-barcelona\\\/this-barca-works-and-still-they-are-missing-him-dembele-and-umtiti_207970_102.html#breadcrumb\"},\"inLanguage\":\"en-US\",\"potentialAction\":[{\"@type\":\"ReadAction\",\"target\":[\"https:\\\/\\\/www.fcbarcelonanoticias.com\\\/en\\\/fc-barcelona\\\/this-barca-works-and-still-they-are-missing-him-dembele-and-umtiti_207970_102.html\"]}]},{\"@type\":\"ImageObject\",\"inLanguage\":\"en-US\",\"@id\":\"https:\\\/\\\/www.fcbarcelonanoticias.com\\\/en\\\/fc-barcelona\\\/this-barca-works-and-still-they-are-missing-him-dembele-and-umtiti_207970_102.html#primaryimage\",\"url\":\"https:\\\/\\\/www.fcbarcelonanoticias.com\\\/en\\\/wp-content\\\/uploads\\\/sites\\\/2\\\/2017\\\/12\\\/ousmanedembele-umtiti2-238640-1.jpeg\",\"contentUrl\":\"https:\\\/\\\/www.fcbarcelonanoticias.com\\\/en\\\/wp-content\\\/uploads\\\/sites\\\/2\\\/2017\\\/12\\\/ousmanedembele-umtiti2-238640-1.jpeg\",\"width\":761,\"height\":428},{\"@type\":\"BreadcrumbList\",\"@id\":\"https:\\\/\\\/www.fcbarcelonanoticias.com\\\/en\\\/fc-barcelona\\\/this-barca-works-and-still-they-are-missing-him-dembele-and-umtiti_207970_102.html#breadcrumb\",\"itemListElement\":[{\"@type\":\"ListItem\",\"position\":1,\"name\":\"Portada\",\"item\":\"https:\\\/\\\/www.fcbarcelonanoticias.com\\\/en\\\/\"},{\"@type\":\"ListItem\",\"position\":2,\"name\":\"This Bar\u00e7a works&#8230; And still they are missing him Demb\u00e9l\u00e9 and Umtiti\"}]},{\"@type\":\"WebSite\",\"@id\":\"https:\\\/\\\/www.fcbarcelonanoticias.com\\\/en\\\/#website\",\"url\":\"https:\\\/\\\/www.fcbarcelonanoticias.com\\\/en\\\/\",\"name\":\"EN - FC Barcelona Noticias\",\"description\":\"\",\"potentialAction\":[{\"@type\":\"SearchAction\",\"target\":{\"@type\":\"EntryPoint\",\"urlTemplate\":\"https:\\\/\\\/www.fcbarcelonanoticias.com\\\/en\\\/?s={search_term_string}\"},\"query-input\":{\"@type\":\"PropertyValueSpecification\",\"valueRequired\":true,\"valueName\":\"search_term_string\"}}],\"inLanguage\":\"en-US\"},{\"@type\":\"Person\",\"@id\":\"https:\\\/\\\/www.fcbarcelonanoticias.com\\\/en\\\/#\\\/schema\\\/person\\\/87b10dbddf72505d2eeba8aaa6c9ba14\",\"name\":\"user_4032\",\"image\":{\"@type\":\"ImageObject\",\"inLanguage\":\"en-US\",\"@id\":\"https:\\\/\\\/secure.gravatar.com\\\/avatar\\\/?s=96&d=mm&r=g\",\"url\":\"https:\\\/\\\/secure.gravatar.com\\\/avatar\\\/?s=96&d=mm&r=g\",\"contentUrl\":\"https:\\\/\\\/secure.gravatar.com\\\/avatar\\\/?s=96&d=mm&r=g\",\"caption\":\"user_4032\"},\"url\":\"https:\\\/\\\/www.fcbarcelonanoticias.com\\\/en\\\/user_4032.html\"}]}<\/script>\n<!-- \/ Yoast SEO plugin. -->","yoast_head_json":{"title":"This Bar\u00e7a works... And still they are missing him Demb\u00e9l\u00e9 and Umtiti","description":"All those that played the Classical interpreted his paper, and all those that did not do it are equally important, but between which were not...","robots":{"index":"index","follow":"follow","max-snippet":"max-snippet:-1","max-image-preview":"max-image-preview:large","max-video-preview":"max-video-preview:-1"},"canonical":"https:\/\/www.fcbarcelonanoticias.com\/en\/fc-barcelona\/this-barca-works-and-still-they-are-missing-him-dembele-and-umtiti_207970_102.html","og_locale":"en_US","og_type":"article","og_title":"This Bar\u00e7a works... And still they are missing him Demb\u00e9l\u00e9 and Umtiti","og_description":"All those that played the Classical interpreted his paper, and all those that did not do it are equally important, but between which were not...","og_url":"https:\/\/www.fcbarcelonanoticias.com\/en\/fc-barcelona\/this-barca-works-and-still-they-are-missing-him-dembele-and-umtiti_207970_102.html","og_site_name":"EN - FC Barcelona Noticias","article_published_time":"2017-12-23T20:01:00+00:00","article_modified_time":"2026-04-16T08:05:47+00:00","og_image":[{"width":761,"height":428,"url":"https:\/\/www.fcbarcelonanoticias.com\/en\/wp-content\/uploads\/sites\/2\/2017\/12\/ousmanedembele-umtiti2-238640-1.jpeg","type":"image\/jpeg"}],"author":"user_4032","twitter_card":"summary_large_image","twitter_misc":{"Written by":"user_4032","Est. reading time":"2 minutes"},"schema":{"@context":"https:\/\/schema.org","@graph":[{"@type":"Article","@id":"https:\/\/www.fcbarcelonanoticias.com\/en\/fc-barcelona\/this-barca-works-and-still-they-are-missing-him-dembele-and-umtiti_207970_102.html#article","isPartOf":{"@id":"https:\/\/www.fcbarcelonanoticias.com\/en\/fc-barcelona\/this-barca-works-and-still-they-are-missing-him-dembele-and-umtiti_207970_102.html"},"author":{"name":"user_4032","@id":"https:\/\/www.fcbarcelonanoticias.com\/en\/#\/schema\/person\/87b10dbddf72505d2eeba8aaa6c9ba14"},"headline":"This Bar\u00e7a works&#8230; And still they are missing him Demb\u00e9l\u00e9 and Umtiti","datePublished":"2017-12-23T20:01:00+00:00","dateModified":"2026-04-16T08:05:47+00:00","mainEntityOfPage":{"@id":"https:\/\/www.fcbarcelonanoticias.com\/en\/fc-barcelona\/this-barca-works-and-still-they-are-missing-him-dembele-and-umtiti_207970_102.html"},"wordCount":478,"image":{"@id":"https:\/\/www.fcbarcelonanoticias.com\/en\/fc-barcelona\/this-barca-works-and-still-they-are-missing-him-dembele-and-umtiti_207970_102.html#primaryimage"},"thumbnailUrl":"https:\/\/www.fcbarcelonanoticias.com\/en\/wp-content\/uploads\/sites\/2\/2017\/12\/ousmanedembele-umtiti2-238640-1.jpeg","keywords":["Demb\u00e9l\u00e9","El Cl\u00e1sico","Ernesto Valverde","injured","Samuel Umtiti"],"articleSection":["FC Barcelona"],"inLanguage":"en-US"},{"@type":"WebPage","@id":"https:\/\/www.fcbarcelonanoticias.com\/en\/fc-barcelona\/this-barca-works-and-still-they-are-missing-him-dembele-and-umtiti_207970_102.html","url":"https:\/\/www.fcbarcelonanoticias.com\/en\/fc-barcelona\/this-barca-works-and-still-they-are-missing-him-dembele-and-umtiti_207970_102.html","name":"This Bar\u00e7a works... And still they are missing him Demb\u00e9l\u00e9 and Umtiti","isPartOf":{"@id":"https:\/\/www.fcbarcelonanoticias.com\/en\/#website"},"primaryImageOfPage":{"@id":"https:\/\/www.fcbarcelonanoticias.com\/en\/fc-barcelona\/this-barca-works-and-still-they-are-missing-him-dembele-and-umtiti_207970_102.html#primaryimage"},"image":{"@id":"https:\/\/www.fcbarcelonanoticias.com\/en\/fc-barcelona\/this-barca-works-and-still-they-are-missing-him-dembele-and-umtiti_207970_102.html#primaryimage"},"thumbnailUrl":"https:\/\/www.fcbarcelonanoticias.com\/en\/wp-content\/uploads\/sites\/2\/2017\/12\/ousmanedembele-umtiti2-238640-1.jpeg","datePublished":"2017-12-23T20:01:00+00:00","dateModified":"2026-04-16T08:05:47+00:00","author":{"@id":"https:\/\/www.fcbarcelonanoticias.com\/en\/#\/schema\/person\/87b10dbddf72505d2eeba8aaa6c9ba14"},"description":"All those that played the Classical interpreted his paper, and all those that did not do it are equally important, but between which were not...","breadcrumb":{"@id":"https:\/\/www.fcbarcelonanoticias.com\/en\/fc-barcelona\/this-barca-works-and-still-they-are-missing-him-dembele-and-umtiti_207970_102.html#breadcrumb"},"inLanguage":"en-US","potentialAction":[{"@type":"ReadAction","target":["https:\/\/www.fcbarcelonanoticias.com\/en\/fc-barcelona\/this-barca-works-and-still-they-are-missing-him-dembele-and-umtiti_207970_102.html"]}]},{"@type":"ImageObject","inLanguage":"en-US","@id":"https:\/\/www.fcbarcelonanoticias.com\/en\/fc-barcelona\/this-barca-works-and-still-they-are-missing-him-dembele-and-umtiti_207970_102.html#primaryimage","url":"https:\/\/www.fcbarcelonanoticias.com\/en\/wp-content\/uploads\/sites\/2\/2017\/12\/ousmanedembele-umtiti2-238640-1.jpeg","contentUrl":"https:\/\/www.fcbarcelonanoticias.com\/en\/wp-content\/uploads\/sites\/2\/2017\/12\/ousmanedembele-umtiti2-238640-1.jpeg","width":761,"height":428},{"@type":"BreadcrumbList","@id":"https:\/\/www.fcbarcelonanoticias.com\/en\/fc-barcelona\/this-barca-works-and-still-they-are-missing-him-dembele-and-umtiti_207970_102.html#breadcrumb","itemListElement":[{"@type":"ListItem","position":1,"name":"Portada","item":"https:\/\/www.fcbarcelonanoticias.com\/en\/"},{"@type":"ListItem","position":2,"name":"This Bar\u00e7a works&#8230; And still they are missing him Demb\u00e9l\u00e9 and Umtiti"}]},{"@type":"WebSite","@id":"https:\/\/www.fcbarcelonanoticias.com\/en\/#website","url":"https:\/\/www.fcbarcelonanoticias.com\/en\/","name":"EN - FC Barcelona Noticias","description":"","potentialAction":[{"@type":"SearchAction","target":{"@type":"EntryPoint","urlTemplate":"https:\/\/www.fcbarcelonanoticias.com\/en\/?s={search_term_string}"},"query-input":{"@type":"PropertyValueSpecification","valueRequired":true,"valueName":"search_term_string"}}],"inLanguage":"en-US"},{"@type":"Person","@id":"https:\/\/www.fcbarcelonanoticias.com\/en\/#\/schema\/person\/87b10dbddf72505d2eeba8aaa6c9ba14","name":"user_4032","image":{"@type":"ImageObject","inLanguage":"en-US","@id":"https:\/\/secure.gravatar.com\/avatar\/?s=96&d=mm&r=g","url":"https:\/\/secure.gravatar.com\/avatar\/?s=96&d=mm&r=g","contentUrl":"https:\/\/secure.gravatar.com\/avatar\/?s=96&d=mm&r=g","caption":"user_4032"},"url":"https:\/\/www.fcbarcelonanoticias.com\/en\/user_4032.html"}]}},"_links":{"self":[{"href":"https:\/\/www.fcbarcelonanoticias.com\/en\/wp-json\/wp\/v2\/posts\/35444","targetHints":{"allow":["GET"]}}],"collection":[{"href":"https:\/\/www.fcbarcelonanoticias.com\/en\/wp-json\/wp\/v2\/posts"}],"about":[{"href":"https:\/\/www.fcbarcelonanoticias.com\/en\/wp-json\/wp\/v2\/types\/post"}],"author":[{"embeddable":true,"href":"https:\/\/www.fcbarcelonanoticias.com\/en\/wp-json\/wp\/v2\/users\/376"}],"replies":[{"embeddable":true,"href":"https:\/\/www.fcbarcelonanoticias.com\/en\/wp-json\/wp\/v2\/comments?post=35444"}],"version-history":[{"count":7,"href":"https:\/\/www.fcbarcelonanoticias.com\/en\/wp-json\/wp\/v2\/posts\/35444\/revisions"}],"predecessor-version":[{"id":184851,"href":"https:\/\/www.fcbarcelonanoticias.com\/en\/wp-json\/wp\/v2\/posts\/35444\/revisions\/184851"}],"wp:featuredmedia":[{"embeddable":true,"href":"https:\/\/www.fcbarcelonanoticias.com\/en\/wp-json\/wp\/v2\/media\/111233"}],"wp:attachment":[{"href":"https:\/\/www.fcbarcelonanoticias.com\/en\/wp-json\/wp\/v2\/media?parent=35444"}],"wp:term":[{"taxonomy":"category","embeddable":true,"href":"https:\/\/www.fcbarcelonanoticias.com\/en\/wp-json\/wp\/v2\/categories?post=35444"},{"taxonomy":"post_tag","embeddable":true,"href":"https:\/\/www.fcbarcelonanoticias.com\/en\/wp-json\/wp\/v2\/tags?post=35444"}],"curies":[{"name":"wp","href":"https:\/\/api.w.org\/{rel}","templated":true}]}}