{"id":35463,"date":"2024-07-10T14:21:00","date_gmt":"2024-07-10T12:21:00","guid":{"rendered":"https:\/\/weisetech.dev\/fc-barcelona-noticias\/en\/thiago-alcantara-goes-back-to-the-ciutat-esportiva-and-is-bit-more-near-to-go-back-to-the-fc-barcelona_305309_102\/"},"modified":"2024-07-10T14:21:00","modified_gmt":"2024-07-10T12:21:00","slug":"thiago-alcantara-goes-back-to-the-ciutat-esportiva-and-is-bit-more-near-to-go-back-to-the-fc-barcelona_305309_102","status":"publish","type":"post","link":"https:\/\/www.fcbarcelonanoticias.com\/en\/fc-barcelona\/thiago-alcantara-goes-back-to-the-ciutat-esportiva-and-is-bit-more-near-to-go-back-to-the-fc-barcelona_305309_102.html","title":{"rendered":"Thiago Alc\u00e1ntara returns to the Ciutat Esportiva and is a little closer to returning to FC Barcelona"},"content":{"rendered":"<h2 class=\"wp-block-heading\">Thiago Alc\u00e1ntara was present for the second consecutive day at the Ciutat Esportiva Joan Gamper. The former midfielder witnessed the start of Bar\u00e7a&#8217;s preseason and is getting closer to joining Hansi Flick&#8217;s staff.<\/h2>  \r\n<div class=\"article-addons\">\r\n    <a href=\"https:\/\/www.fcbarcelonanoticias.com\/en\/calendar-fc-barcelona.html\"\r\n       target=\"_self\"\r\n       title=\"Calendar of FC Barcelona\"\r\n       class=\"blue-gredient-btn\">\r\n       \r\n        Calendar of FC Barcelona    <\/a>\r\n<\/div>   <p><strong>The season 2024\/25 of the FC Barcelona started this Wednesday 10 July in the morning in the Ciutat Esportiva Joan Gamper<\/strong>. Until 28 footballers, between effective of the first team and members of the quarry, <a data-external=\"0\" data-intl-links-en=\"https:\/\/www.fcbarcelonanoticias.com\/en\/fc-barcelona\/ansu-balde-lenglet-the-players-of-the-fc-barcelona-happen-the-traditional-medical-proofs_305307_102.html\" data-intl-links-es=\"https:\/\/www.fcbarcelonanoticias.com\/fc-barcelona\/ansu-balde-jugadores-fc-barcelona-pasan-tradicionales-pruebas-medicas_305307_102.html\" href=\"https:\/\/www.fcbarcelonanoticias.com\/en\/fc-barcelona\/ansu-balde-lenglet-the-players-of-the-fc-barcelona-happen-the-traditional-medical-proofs_305307_102.html\" rel=\"follow\" target=\"_self\" title=\"Ansu, Balde, Lenglet\u2026 Los jugadores del FC Barcelona pasan las tradicionales pruebas m\u00e9dicas\">presented in the installations of the Barcelona entity to subject to the traditional medical proofs and physical<\/a> before initiating the first trainings to the orders of Hansi Flick next Thursday.<\/p>  <p><strong>One of the big novelties in Sant Joan Desp\u00ed was the presence of Thiago Alc\u00e1ntara in the beginning of the pre-season<\/strong>. The ex midfield player &#8216;hanged&#8217; the boots&#8217; to his 33 years, as it announced in a communiqu\u00e9 through his social networks this week, and since his name began to sound in the City Condal like possible addition to the &#8216;staff&#8217; of Hansi Flick<\/p>  <p>The ex player of clubs like the Bayern Munich and Liverpool, in addition to the Bar\u00e7a, <a data-external=\"0\" data-intl-links-en=\"https:\/\/www.fcbarcelonanoticias.com\/en\/international-football\/thiago-alcantara-visit-sporting-city-boat-decide-if-he-accepts-to-be-aide-flick_305287_102.html\" data-intl-links-es=\"https:\/\/www.fcbarcelonanoticias.com\/futbol-internacional\/thiago-alcantara-visita-ciutat-esportiva-barca-decidir-si-acepta-ser-ayudante-flick_305287_102.html\" href=\"https:\/\/www.fcbarcelonanoticias.com\/en\/international-football\/thiago-alcantara-visit-sporting-city-boat-decide-if-he-accepts-to-be-aide-flick_305287_102.html\" rel=\"follow\" target=\"_self\" title=\"Thiago Alc\u00e1ntara visita la Ciutat Esportiva del Bar\u00e7a para decidir si acepta ser ayudante de Flick\">was present the past Tuesday in the Ciutat Esportiva, although without arriving to a definite agreement with the club<\/a>. This Wednesday went back to assist to the Barcelona installations and begins to win integers like new integral of the technical body of the German in his new stage in the Barcelonan bench.<\/p>  <h2>Flick Wants to somebody of the &#8216;house&#8217;<\/h2>  <p><strong>The trainer germano and Thiago know very well after coinciding in Munich, and Flick values his go through the Masia and the first Barcelona team<\/strong>. To concretise his return to the club, Alc\u00e1ntara would join to a &#8216;staff&#8217; conformed by big professionals like Marcus Sorg, Toni Tapalovic, Heiko Westermann and Jos\u00e9 Ram\u00f3n de la Fuente, among others.<\/p> ","protected":false},"excerpt":{"rendered":"<p>Thiago Alc\u00e1ntara was present for the second consecutive day at the Ciutat Esportiva Joan Gamper. The former midfielder witnessed the start of Bar\u00e7a&#8217;s preseason and is getting closer to joining Hansi Flick&#8217;s staff. The season 2024\/25 of the FC Barcelona started this Wednesday 10 July in the morning in the Ciutat Esportiva Joan Gamper. Until [&hellip;]<\/p>\n","protected":false},"author":358,"featured_media":7039,"comment_status":"closed","ping_status":"open","sticky":false,"template":"","format":"standard","meta":{"_acf_changed":false,"inline_featured_image":false,"_nextfly_llmd_date_locked":false,"footnotes":""},"categories":[111],"tags":[87],"class_list":["post-35463","post","type-post","status-publish","format-standard","has-post-thumbnail","hentry","category-fc-barcelona","tag-hansi-flick"],"acf":[],"yoast_head":"<!-- This site is optimized with the Yoast SEO plugin v27.3 - https:\/\/yoast.com\/product\/yoast-seo-wordpress\/ -->\n<title>Thiago Alc\u00e1ntara goes back to the Ciutat Esportiva and is a bit more near to go back to the FC Barcelona<\/title>\n<meta name=\"description\" content=\"Thiago Alc\u00e1ntara was present by second consecutive day in the Ciutat Esportiva Joan Gamper. The ex mediocampista witnessed the start of the pre-season of the Bar\u00e7a and is increasingly near to join to the &#039;staff&#039; of Hansi Flick\" \/>\n<meta name=\"robots\" content=\"index, follow, max-snippet:-1, max-image-preview:large, max-video-preview:-1\" \/>\n<link rel=\"canonical\" href=\"https:\/\/www.fcbarcelonanoticias.com\/en\/fc-barcelona\/thiago-alcantara-goes-back-to-the-ciutat-esportiva-and-is-bit-more-near-to-go-back-to-the-fc-barcelona_305309_102.html\" \/>\n<meta property=\"og:locale\" content=\"en_US\" \/>\n<meta property=\"og:type\" content=\"article\" \/>\n<meta property=\"og:title\" content=\"Thiago Alc\u00e1ntara goes back to the Ciutat Esportiva and is a bit more near to go back to the FC Barcelona\" \/>\n<meta property=\"og:description\" content=\"Thiago Alc\u00e1ntara was present by second consecutive day in the Ciutat Esportiva Joan Gamper. The ex mediocampista witnessed the start of the pre-season of the Bar\u00e7a and is increasingly near to join to the &#039;staff&#039; of Hansi Flick\" \/>\n<meta property=\"og:url\" content=\"https:\/\/www.fcbarcelonanoticias.com\/en\/fc-barcelona\/thiago-alcantara-goes-back-to-the-ciutat-esportiva-and-is-bit-more-near-to-go-back-to-the-fc-barcelona_305309_102.html\" \/>\n<meta property=\"og:site_name\" content=\"EN - FC Barcelona Noticias\" \/>\n<meta property=\"article:published_time\" content=\"2024-07-10T12:21:00+00:00\" \/>\n<meta property=\"og:image\" content=\"https:\/\/www.fcbarcelonanoticias.com\/en\/wp-content\/uploads\/sites\/2\/2024\/07\/thiago-alcantara-hansi-flick.jpeg\" \/>\n\t<meta property=\"og:image:width\" content=\"1300\" \/>\n\t<meta property=\"og:image:height\" content=\"732\" \/>\n\t<meta property=\"og:image:type\" content=\"image\/jpeg\" \/>\n<meta name=\"author\" content=\"Juan Pablo Berdugo\" \/>\n<meta name=\"twitter:card\" content=\"summary_large_image\" \/>\n<meta name=\"twitter:label1\" content=\"Written by\" \/>\n\t<meta name=\"twitter:data1\" content=\"Juan Pablo Berdugo\" \/>\n\t<meta name=\"twitter:label2\" content=\"Est. reading time\" \/>\n\t<meta name=\"twitter:data2\" content=\"1 minute\" \/>\n<script type=\"application\/ld+json\" class=\"yoast-schema-graph\">{\"@context\":\"https:\\\/\\\/schema.org\",\"@graph\":[{\"@type\":\"Article\",\"@id\":\"https:\\\/\\\/www.fcbarcelonanoticias.com\\\/en\\\/fc-barcelona\\\/thiago-alcantara-goes-back-to-the-ciutat-esportiva-and-is-bit-more-near-to-go-back-to-the-fc-barcelona_305309_102.html#article\",\"isPartOf\":{\"@id\":\"https:\\\/\\\/www.fcbarcelonanoticias.com\\\/en\\\/fc-barcelona\\\/thiago-alcantara-goes-back-to-the-ciutat-esportiva-and-is-bit-more-near-to-go-back-to-the-fc-barcelona_305309_102.html\"},\"author\":{\"name\":\"Juan Pablo Berdugo\",\"@id\":\"https:\\\/\\\/www.fcbarcelonanoticias.com\\\/en\\\/#\\\/schema\\\/person\\\/88d756918a0a1ae9fa593b5edddd1815\"},\"headline\":\"Thiago Alc\u00e1ntara returns to the Ciutat Esportiva and is a little closer to returning to FC Barcelona\",\"datePublished\":\"2024-07-10T12:21:00+00:00\",\"mainEntityOfPage\":{\"@id\":\"https:\\\/\\\/www.fcbarcelonanoticias.com\\\/en\\\/fc-barcelona\\\/thiago-alcantara-goes-back-to-the-ciutat-esportiva-and-is-bit-more-near-to-go-back-to-the-fc-barcelona_305309_102.html\"},\"wordCount\":316,\"image\":{\"@id\":\"https:\\\/\\\/www.fcbarcelonanoticias.com\\\/en\\\/fc-barcelona\\\/thiago-alcantara-goes-back-to-the-ciutat-esportiva-and-is-bit-more-near-to-go-back-to-the-fc-barcelona_305309_102.html#primaryimage\"},\"thumbnailUrl\":\"https:\\\/\\\/www.fcbarcelonanoticias.com\\\/en\\\/wp-content\\\/uploads\\\/sites\\\/2\\\/2024\\\/07\\\/thiago-alcantara-hansi-flick.jpeg\",\"keywords\":[\"Hansi Flick\"],\"articleSection\":[\"FC Barcelona\"],\"inLanguage\":\"en-US\"},{\"@type\":\"WebPage\",\"@id\":\"https:\\\/\\\/www.fcbarcelonanoticias.com\\\/en\\\/fc-barcelona\\\/thiago-alcantara-goes-back-to-the-ciutat-esportiva-and-is-bit-more-near-to-go-back-to-the-fc-barcelona_305309_102.html\",\"url\":\"https:\\\/\\\/www.fcbarcelonanoticias.com\\\/en\\\/fc-barcelona\\\/thiago-alcantara-goes-back-to-the-ciutat-esportiva-and-is-bit-more-near-to-go-back-to-the-fc-barcelona_305309_102.html\",\"name\":\"Thiago Alc\u00e1ntara goes back to the Ciutat Esportiva and is a bit more near to go back to the FC Barcelona\",\"isPartOf\":{\"@id\":\"https:\\\/\\\/www.fcbarcelonanoticias.com\\\/en\\\/#website\"},\"primaryImageOfPage\":{\"@id\":\"https:\\\/\\\/www.fcbarcelonanoticias.com\\\/en\\\/fc-barcelona\\\/thiago-alcantara-goes-back-to-the-ciutat-esportiva-and-is-bit-more-near-to-go-back-to-the-fc-barcelona_305309_102.html#primaryimage\"},\"image\":{\"@id\":\"https:\\\/\\\/www.fcbarcelonanoticias.com\\\/en\\\/fc-barcelona\\\/thiago-alcantara-goes-back-to-the-ciutat-esportiva-and-is-bit-more-near-to-go-back-to-the-fc-barcelona_305309_102.html#primaryimage\"},\"thumbnailUrl\":\"https:\\\/\\\/www.fcbarcelonanoticias.com\\\/en\\\/wp-content\\\/uploads\\\/sites\\\/2\\\/2024\\\/07\\\/thiago-alcantara-hansi-flick.jpeg\",\"datePublished\":\"2024-07-10T12:21:00+00:00\",\"author\":{\"@id\":\"https:\\\/\\\/www.fcbarcelonanoticias.com\\\/en\\\/#\\\/schema\\\/person\\\/88d756918a0a1ae9fa593b5edddd1815\"},\"description\":\"Thiago Alc\u00e1ntara was present by second consecutive day in the Ciutat Esportiva Joan Gamper. The ex mediocampista witnessed the start of the pre-season of the Bar\u00e7a and is increasingly near to join to the 'staff' of Hansi Flick\",\"breadcrumb\":{\"@id\":\"https:\\\/\\\/www.fcbarcelonanoticias.com\\\/en\\\/fc-barcelona\\\/thiago-alcantara-goes-back-to-the-ciutat-esportiva-and-is-bit-more-near-to-go-back-to-the-fc-barcelona_305309_102.html#breadcrumb\"},\"inLanguage\":\"en-US\",\"potentialAction\":[{\"@type\":\"ReadAction\",\"target\":[\"https:\\\/\\\/www.fcbarcelonanoticias.com\\\/en\\\/fc-barcelona\\\/thiago-alcantara-goes-back-to-the-ciutat-esportiva-and-is-bit-more-near-to-go-back-to-the-fc-barcelona_305309_102.html\"]}]},{\"@type\":\"ImageObject\",\"inLanguage\":\"en-US\",\"@id\":\"https:\\\/\\\/www.fcbarcelonanoticias.com\\\/en\\\/fc-barcelona\\\/thiago-alcantara-goes-back-to-the-ciutat-esportiva-and-is-bit-more-near-to-go-back-to-the-fc-barcelona_305309_102.html#primaryimage\",\"url\":\"https:\\\/\\\/www.fcbarcelonanoticias.com\\\/en\\\/wp-content\\\/uploads\\\/sites\\\/2\\\/2024\\\/07\\\/thiago-alcantara-hansi-flick.jpeg\",\"contentUrl\":\"https:\\\/\\\/www.fcbarcelonanoticias.com\\\/en\\\/wp-content\\\/uploads\\\/sites\\\/2\\\/2024\\\/07\\\/thiago-alcantara-hansi-flick.jpeg\",\"width\":1300,\"height\":732},{\"@type\":\"BreadcrumbList\",\"@id\":\"https:\\\/\\\/www.fcbarcelonanoticias.com\\\/en\\\/fc-barcelona\\\/thiago-alcantara-goes-back-to-the-ciutat-esportiva-and-is-bit-more-near-to-go-back-to-the-fc-barcelona_305309_102.html#breadcrumb\",\"itemListElement\":[{\"@type\":\"ListItem\",\"position\":1,\"name\":\"Portada\",\"item\":\"https:\\\/\\\/www.fcbarcelonanoticias.com\\\/en\\\/\"},{\"@type\":\"ListItem\",\"position\":2,\"name\":\"Thiago Alc\u00e1ntara returns to the Ciutat Esportiva and is a little closer to returning to FC Barcelona\"}]},{\"@type\":\"WebSite\",\"@id\":\"https:\\\/\\\/www.fcbarcelonanoticias.com\\\/en\\\/#website\",\"url\":\"https:\\\/\\\/www.fcbarcelonanoticias.com\\\/en\\\/\",\"name\":\"EN - FC Barcelona Noticias\",\"description\":\"\",\"potentialAction\":[{\"@type\":\"SearchAction\",\"target\":{\"@type\":\"EntryPoint\",\"urlTemplate\":\"https:\\\/\\\/www.fcbarcelonanoticias.com\\\/en\\\/?s={search_term_string}\"},\"query-input\":{\"@type\":\"PropertyValueSpecification\",\"valueRequired\":true,\"valueName\":\"search_term_string\"}}],\"inLanguage\":\"en-US\"},{\"@type\":\"Person\",\"@id\":\"https:\\\/\\\/www.fcbarcelonanoticias.com\\\/en\\\/#\\\/schema\\\/person\\\/88d756918a0a1ae9fa593b5edddd1815\",\"name\":\"Juan Pablo Berdugo\",\"image\":{\"@type\":\"ImageObject\",\"inLanguage\":\"en-US\",\"@id\":\"https:\\\/\\\/secure.gravatar.com\\\/avatar\\\/?s=96&d=mm&r=g\",\"url\":\"https:\\\/\\\/secure.gravatar.com\\\/avatar\\\/?s=96&d=mm&r=g\",\"contentUrl\":\"https:\\\/\\\/secure.gravatar.com\\\/avatar\\\/?s=96&d=mm&r=g\",\"caption\":\"Juan Pablo Berdugo\"},\"description\":\"Juan Pablo Berdugo es graduado en Periodismo. Colabora con FCBN como especialista en informaci\u00f3n del primer equipo del FC Barcelona, f\u00fatbol internacional y mercado de fichajes. Destaca por su enfoque anal\u00edtico, su rigor informativo y su capacidad para detectar tendencias emergentes en el f\u00fatbol global.\",\"url\":\"https:\\\/\\\/www.fcbarcelonanoticias.com\\\/en\\\/fc-barcelona\\\/juan-pablo-berdugo_18_115.html\"}]}<\/script>\n<!-- \/ Yoast SEO plugin. -->","yoast_head_json":{"title":"Thiago Alc\u00e1ntara goes back to the Ciutat Esportiva and is a bit more near to go back to the FC Barcelona","description":"Thiago Alc\u00e1ntara was present by second consecutive day in the Ciutat Esportiva Joan Gamper. The ex mediocampista witnessed the start of the pre-season of the Bar\u00e7a and is increasingly near to join to the 'staff' of Hansi Flick","robots":{"index":"index","follow":"follow","max-snippet":"max-snippet:-1","max-image-preview":"max-image-preview:large","max-video-preview":"max-video-preview:-1"},"canonical":"https:\/\/www.fcbarcelonanoticias.com\/en\/fc-barcelona\/thiago-alcantara-goes-back-to-the-ciutat-esportiva-and-is-bit-more-near-to-go-back-to-the-fc-barcelona_305309_102.html","og_locale":"en_US","og_type":"article","og_title":"Thiago Alc\u00e1ntara goes back to the Ciutat Esportiva and is a bit more near to go back to the FC Barcelona","og_description":"Thiago Alc\u00e1ntara was present by second consecutive day in the Ciutat Esportiva Joan Gamper. The ex mediocampista witnessed the start of the pre-season of the Bar\u00e7a and is increasingly near to join to the 'staff' of Hansi Flick","og_url":"https:\/\/www.fcbarcelonanoticias.com\/en\/fc-barcelona\/thiago-alcantara-goes-back-to-the-ciutat-esportiva-and-is-bit-more-near-to-go-back-to-the-fc-barcelona_305309_102.html","og_site_name":"EN - FC Barcelona Noticias","article_published_time":"2024-07-10T12:21:00+00:00","og_image":[{"width":1300,"height":732,"url":"https:\/\/www.fcbarcelonanoticias.com\/en\/wp-content\/uploads\/sites\/2\/2024\/07\/thiago-alcantara-hansi-flick.jpeg","type":"image\/jpeg"}],"author":"Juan Pablo Berdugo","twitter_card":"summary_large_image","twitter_misc":{"Written by":"Juan Pablo Berdugo","Est. reading time":"1 minute"},"schema":{"@context":"https:\/\/schema.org","@graph":[{"@type":"Article","@id":"https:\/\/www.fcbarcelonanoticias.com\/en\/fc-barcelona\/thiago-alcantara-goes-back-to-the-ciutat-esportiva-and-is-bit-more-near-to-go-back-to-the-fc-barcelona_305309_102.html#article","isPartOf":{"@id":"https:\/\/www.fcbarcelonanoticias.com\/en\/fc-barcelona\/thiago-alcantara-goes-back-to-the-ciutat-esportiva-and-is-bit-more-near-to-go-back-to-the-fc-barcelona_305309_102.html"},"author":{"name":"Juan Pablo Berdugo","@id":"https:\/\/www.fcbarcelonanoticias.com\/en\/#\/schema\/person\/88d756918a0a1ae9fa593b5edddd1815"},"headline":"Thiago Alc\u00e1ntara returns to the Ciutat Esportiva and is a little closer to returning to FC Barcelona","datePublished":"2024-07-10T12:21:00+00:00","mainEntityOfPage":{"@id":"https:\/\/www.fcbarcelonanoticias.com\/en\/fc-barcelona\/thiago-alcantara-goes-back-to-the-ciutat-esportiva-and-is-bit-more-near-to-go-back-to-the-fc-barcelona_305309_102.html"},"wordCount":316,"image":{"@id":"https:\/\/www.fcbarcelonanoticias.com\/en\/fc-barcelona\/thiago-alcantara-goes-back-to-the-ciutat-esportiva-and-is-bit-more-near-to-go-back-to-the-fc-barcelona_305309_102.html#primaryimage"},"thumbnailUrl":"https:\/\/www.fcbarcelonanoticias.com\/en\/wp-content\/uploads\/sites\/2\/2024\/07\/thiago-alcantara-hansi-flick.jpeg","keywords":["Hansi Flick"],"articleSection":["FC Barcelona"],"inLanguage":"en-US"},{"@type":"WebPage","@id":"https:\/\/www.fcbarcelonanoticias.com\/en\/fc-barcelona\/thiago-alcantara-goes-back-to-the-ciutat-esportiva-and-is-bit-more-near-to-go-back-to-the-fc-barcelona_305309_102.html","url":"https:\/\/www.fcbarcelonanoticias.com\/en\/fc-barcelona\/thiago-alcantara-goes-back-to-the-ciutat-esportiva-and-is-bit-more-near-to-go-back-to-the-fc-barcelona_305309_102.html","name":"Thiago Alc\u00e1ntara goes back to the Ciutat Esportiva and is a bit more near to go back to the FC Barcelona","isPartOf":{"@id":"https:\/\/www.fcbarcelonanoticias.com\/en\/#website"},"primaryImageOfPage":{"@id":"https:\/\/www.fcbarcelonanoticias.com\/en\/fc-barcelona\/thiago-alcantara-goes-back-to-the-ciutat-esportiva-and-is-bit-more-near-to-go-back-to-the-fc-barcelona_305309_102.html#primaryimage"},"image":{"@id":"https:\/\/www.fcbarcelonanoticias.com\/en\/fc-barcelona\/thiago-alcantara-goes-back-to-the-ciutat-esportiva-and-is-bit-more-near-to-go-back-to-the-fc-barcelona_305309_102.html#primaryimage"},"thumbnailUrl":"https:\/\/www.fcbarcelonanoticias.com\/en\/wp-content\/uploads\/sites\/2\/2024\/07\/thiago-alcantara-hansi-flick.jpeg","datePublished":"2024-07-10T12:21:00+00:00","author":{"@id":"https:\/\/www.fcbarcelonanoticias.com\/en\/#\/schema\/person\/88d756918a0a1ae9fa593b5edddd1815"},"description":"Thiago Alc\u00e1ntara was present by second consecutive day in the Ciutat Esportiva Joan Gamper. The ex mediocampista witnessed the start of the pre-season of the Bar\u00e7a and is increasingly near to join to the 'staff' of Hansi Flick","breadcrumb":{"@id":"https:\/\/www.fcbarcelonanoticias.com\/en\/fc-barcelona\/thiago-alcantara-goes-back-to-the-ciutat-esportiva-and-is-bit-more-near-to-go-back-to-the-fc-barcelona_305309_102.html#breadcrumb"},"inLanguage":"en-US","potentialAction":[{"@type":"ReadAction","target":["https:\/\/www.fcbarcelonanoticias.com\/en\/fc-barcelona\/thiago-alcantara-goes-back-to-the-ciutat-esportiva-and-is-bit-more-near-to-go-back-to-the-fc-barcelona_305309_102.html"]}]},{"@type":"ImageObject","inLanguage":"en-US","@id":"https:\/\/www.fcbarcelonanoticias.com\/en\/fc-barcelona\/thiago-alcantara-goes-back-to-the-ciutat-esportiva-and-is-bit-more-near-to-go-back-to-the-fc-barcelona_305309_102.html#primaryimage","url":"https:\/\/www.fcbarcelonanoticias.com\/en\/wp-content\/uploads\/sites\/2\/2024\/07\/thiago-alcantara-hansi-flick.jpeg","contentUrl":"https:\/\/www.fcbarcelonanoticias.com\/en\/wp-content\/uploads\/sites\/2\/2024\/07\/thiago-alcantara-hansi-flick.jpeg","width":1300,"height":732},{"@type":"BreadcrumbList","@id":"https:\/\/www.fcbarcelonanoticias.com\/en\/fc-barcelona\/thiago-alcantara-goes-back-to-the-ciutat-esportiva-and-is-bit-more-near-to-go-back-to-the-fc-barcelona_305309_102.html#breadcrumb","itemListElement":[{"@type":"ListItem","position":1,"name":"Portada","item":"https:\/\/www.fcbarcelonanoticias.com\/en\/"},{"@type":"ListItem","position":2,"name":"Thiago Alc\u00e1ntara returns to the Ciutat Esportiva and is a little closer to returning to FC Barcelona"}]},{"@type":"WebSite","@id":"https:\/\/www.fcbarcelonanoticias.com\/en\/#website","url":"https:\/\/www.fcbarcelonanoticias.com\/en\/","name":"EN - FC Barcelona Noticias","description":"","potentialAction":[{"@type":"SearchAction","target":{"@type":"EntryPoint","urlTemplate":"https:\/\/www.fcbarcelonanoticias.com\/en\/?s={search_term_string}"},"query-input":{"@type":"PropertyValueSpecification","valueRequired":true,"valueName":"search_term_string"}}],"inLanguage":"en-US"},{"@type":"Person","@id":"https:\/\/www.fcbarcelonanoticias.com\/en\/#\/schema\/person\/88d756918a0a1ae9fa593b5edddd1815","name":"Juan Pablo Berdugo","image":{"@type":"ImageObject","inLanguage":"en-US","@id":"https:\/\/secure.gravatar.com\/avatar\/?s=96&d=mm&r=g","url":"https:\/\/secure.gravatar.com\/avatar\/?s=96&d=mm&r=g","contentUrl":"https:\/\/secure.gravatar.com\/avatar\/?s=96&d=mm&r=g","caption":"Juan Pablo Berdugo"},"description":"Juan Pablo Berdugo es graduado en Periodismo. Colabora con FCBN como especialista en informaci\u00f3n del primer equipo del FC Barcelona, f\u00fatbol internacional y mercado de fichajes. Destaca por su enfoque anal\u00edtico, su rigor informativo y su capacidad para detectar tendencias emergentes en el f\u00fatbol global.","url":"https:\/\/www.fcbarcelonanoticias.com\/en\/fc-barcelona\/juan-pablo-berdugo_18_115.html"}]}},"_links":{"self":[{"href":"https:\/\/www.fcbarcelonanoticias.com\/en\/wp-json\/wp\/v2\/posts\/35463","targetHints":{"allow":["GET"]}}],"collection":[{"href":"https:\/\/www.fcbarcelonanoticias.com\/en\/wp-json\/wp\/v2\/posts"}],"about":[{"href":"https:\/\/www.fcbarcelonanoticias.com\/en\/wp-json\/wp\/v2\/types\/post"}],"author":[{"embeddable":true,"href":"https:\/\/www.fcbarcelonanoticias.com\/en\/wp-json\/wp\/v2\/users\/358"}],"replies":[{"embeddable":true,"href":"https:\/\/www.fcbarcelonanoticias.com\/en\/wp-json\/wp\/v2\/comments?post=35463"}],"version-history":[{"count":1,"href":"https:\/\/www.fcbarcelonanoticias.com\/en\/wp-json\/wp\/v2\/posts\/35463\/revisions"}],"predecessor-version":[{"id":111080,"href":"https:\/\/www.fcbarcelonanoticias.com\/en\/wp-json\/wp\/v2\/posts\/35463\/revisions\/111080"}],"wp:featuredmedia":[{"embeddable":true,"href":"https:\/\/www.fcbarcelonanoticias.com\/en\/wp-json\/wp\/v2\/media\/7039"}],"wp:attachment":[{"href":"https:\/\/www.fcbarcelonanoticias.com\/en\/wp-json\/wp\/v2\/media?parent=35463"}],"wp:term":[{"taxonomy":"category","embeddable":true,"href":"https:\/\/www.fcbarcelonanoticias.com\/en\/wp-json\/wp\/v2\/categories?post=35463"},{"taxonomy":"post_tag","embeddable":true,"href":"https:\/\/www.fcbarcelonanoticias.com\/en\/wp-json\/wp\/v2\/tags?post=35463"}],"curies":[{"name":"wp","href":"https:\/\/api.w.org\/{rel}","templated":true}]}}