{"id":35771,"date":"2024-04-24T00:13:00","date_gmt":"2024-04-23T22:13:00","guid":{"rendered":"https:\/\/weisetech.dev\/fc-barcelona-noticias\/en\/this-is-how-the-works-are-going-camp-nou-third-graderia-is-taking-shape_302902_102\/"},"modified":"2024-04-24T04:40:00","modified_gmt":"2024-04-24T02:40:00","slug":"this-is-how-the-works-are-going-camp-nou-third-graderia-is-taking-shape_302902_102","status":"publish","type":"post","link":"https:\/\/www.fcbarcelonanoticias.com\/en\/fc-barcelona\/this-is-how-the-works-are-going-camp-nou-third-graderia-is-taking-shape_302902_102.html","title":{"rendered":"This is how the Camp Nou works are going: The third tier is taking shape"},"content":{"rendered":"<h2 class=\"wp-block-heading\">The works at the Spotify Camp Nou are progressing as planned by the FC Barcelona board. One week before the end of April, the construction of the third tier surprises with its progress<\/h2>  \r\n<div class=\"article-addons\">\r\n    <a href=\"https:\/\/www.fcbarcelonanoticias.com\/en\/calendar-fc-barcelona.html\"\r\n       target=\"_self\"\r\n       title=\"Calendar of FC Barcelona\"\r\n       class=\"blue-gredient-btn\">\r\n       \r\n        Calendar of FC Barcelona    <\/a>\r\n<\/div>   <p>The directive of the FC Barcelona shows very satisfied by the advance of <a data-external=\"0\" data-intl-links-en=\"https:\/\/www.fcbarcelonanoticias.com\/en\/club\/the-last-and-important-advance-in-the-works-of-the-camp-nou_302409_102.html\" data-intl-links-es=\"https:\/\/www.fcbarcelonanoticias.com\/club\/ultimo-importante-avance-en-obras-camp-nou_302409_102.html\" href=\"https:\/\/www.fcbarcelonanoticias.com\/en\/club\/the-last-and-important-advance-in-the-works-of-the-camp-nou_302409_102.html\" rel=\"follow\" target=\"_self\" title=\"El \u00faltimo e importante avance en las obras del Camp Nou\">the works in the Spotify Camp Nou<\/a>.<strong> In total, 12 of the big pillars that conform the structure in the zone of the Goal South<\/strong> already have been planted in spite of the rains fallen in the last days, leaving fully visible the zone of forged of the structure of the third grader\u00eda of the new temple cul\u00e9.<\/p>  <p>In the case of the sector of the Goal North hardly are incorporating the smallest pillars, but in two or three weeks at most already would have to be erigidos the pillars of the structure that will surround to the Camp Nou. Besides, the club announced an agreement with the company TK Elevator valid by five years, until June of 2029,<strong> to incorporate to the future Estadi 69 elevators of last generation and 78 mechanical stairs<\/strong>.<\/p>  <blockquote class=\"twitter-tweet\"> <p dir=\"ltr\" lang=\"es\">The \ud835\uddd9\ud835\uddd6 \ud835\uddd5\ud835\uddee\ud835\uddff\ud835\uddf0\ud835\uddf2\ud835\uddf9\ud835\uddfc\ud835\uddfb\ud835\uddee \ud835\uddf6 \ud835\udde7\ud835\uddde \ud835\uddd8\ud835\uddf9\ud835\uddf2\ud835\ude03\ud835\uddee\ud835\ude01\ud835\uddfc\ud835\uddff join to create the best experience of mobility in the future Spotify Camp Nou<br><br> \ud83d\udd17 All the details: <a href=\"https:\/\/t.co\/en\/atNQr6fLAK\">https:\/\/t.co\/atnqr6flak<\/a> <a href=\"https:\/\/t.co\/en\/M68rbyZrZ9\">pic.twitter.com\/m68rbyzrz9<\/a><\/p> \u2014 FC Barcelona (@FCBarcelona_is) <a href=\"https:\/\/twitter.com\/en\/FCBarcelona_es\/status\/1782742016008331482?ref_src=twsrc%5Etfw\">April 23, 2024<\/a> <\/blockquote> <h2>The external structure of the Estadi also presents remarkable advances<\/h2>  <p>Of equal way, the works in the external structure of the stadium go by good way. <strong>The iconic fa\u00e7ade of 1957 keeps on being visible, but little by little goes giving step to the structure of the new grader\u00eda<\/strong>. According to the cronograma of works, in few weeks will begin also to see the forged of the low plant and also advances in the repairs of the first and second grader\u00eda.<\/p>  <p>In this sense, the club is optimistic of face to <a data-external=\"0\" data-intl-links-en=\"https:\/\/www.fcbarcelonanoticias.com\/en\/fc-barcelona\/the-date-barca-are-planning-for-the-return-to-the-new-camp-nou_302759_102.html\" data-intl-links-es=\"https:\/\/www.fcbarcelonanoticias.com\/fc-barcelona\/fecha-barca-planifica-vuelta-nuevo-camp-nou_302759_102.html\" href=\"https:\/\/www.fcbarcelonanoticias.com\/en\/fc-barcelona\/the-date-barca-are-planning-for-the-return-to-the-new-camp-nou_302759_102.html\" rel=\"follow\" target=\"_self\" title=\"La fecha que el Bar\u00e7a planifica para el regreso al nuevo&nbsp;Spotify Camp&nbsp;Nou\">be able to reinaugurar the temple cul\u00e9 the next 15 December<\/a>. The high influx of trucks to carry material sight in the last days gives samples of a more intense rhythm in the works<strong>. For the moment, near of the 70 % of the repair of the current structure has completed <\/strong>, giving start to the construction of the inner septums.<\/p>  <blockquote class=\"twitter-tweet\"> <p dir=\"ltr\" lang=\"es\">Like this they advance the works in the Spotify Camp Nou \ud83c\udfd7 <a href=\"https:\/\/t.co\/en\/aY5eTzAJyZ\">pic.twitter.com\/ay5etzajyz<\/a><\/p> \u2014 FC Barcelona (@FCBarcelona_is) <a href=\"https:\/\/twitter.com\/en\/FCBarcelona_es\/status\/1779510203655790651?ref_src=twsrc%5Etfw\">April 14, 2024<\/a> <\/blockquote> ","protected":false},"excerpt":{"rendered":"<p>The works at the Spotify Camp Nou are progressing as planned by the FC Barcelona board. One week before the end of April, the construction of the third tier surprises with its progress The directive of the FC Barcelona shows very satisfied by the advance of the works in the Spotify Camp Nou. In total, [&hellip;]<\/p>\n","protected":false},"author":347,"featured_media":7028,"comment_status":"closed","ping_status":"open","sticky":false,"template":"","format":"standard","meta":{"_acf_changed":false,"inline_featured_image":false,"_nextfly_llmd_date_locked":false,"footnotes":""},"categories":[111],"tags":[82],"class_list":["post-35771","post","type-post","status-publish","format-standard","has-post-thumbnail","hentry","category-fc-barcelona","tag-camp-nou"],"acf":[],"yoast_head":"<!-- This site is optimized with the Yoast SEO plugin v27.3 - https:\/\/yoast.com\/product\/yoast-seo-wordpress\/ -->\n<title>This is how the Camp Nou works are going: The third tier is taking shape<\/title>\n<meta name=\"description\" content=\"The works at the Spotify Camp Nou are progressing as planned by the FC Barcelona board. One week before the end of April, the construction of the third tier surprises with its progress\" \/>\n<meta name=\"robots\" content=\"index, follow, max-snippet:-1, max-image-preview:large, max-video-preview:-1\" \/>\n<link rel=\"canonical\" href=\"https:\/\/www.fcbarcelonanoticias.com\/en\/fc-barcelona\/this-is-how-the-works-are-going-camp-nou-third-graderia-is-taking-shape_302902_102.html\" \/>\n<meta property=\"og:locale\" content=\"en_US\" \/>\n<meta property=\"og:type\" content=\"article\" \/>\n<meta property=\"og:title\" content=\"This is how the Camp Nou works are going: The third tier is taking shape\" \/>\n<meta property=\"og:description\" content=\"The works at the Spotify Camp Nou are progressing as planned by the FC Barcelona board. One week before the end of April, the construction of the third tier surprises with its progress\" \/>\n<meta property=\"og:url\" content=\"https:\/\/www.fcbarcelonanoticias.com\/en\/fc-barcelona\/this-is-how-the-works-are-going-camp-nou-third-graderia-is-taking-shape_302902_102.html\" \/>\n<meta property=\"og:site_name\" content=\"EN - FC Barcelona Noticias\" \/>\n<meta property=\"article:published_time\" content=\"2024-04-23T22:13:00+00:00\" \/>\n<meta property=\"article:modified_time\" content=\"2024-04-24T02:40:00+00:00\" \/>\n<meta property=\"og:image\" content=\"https:\/\/www.fcbarcelonanoticias.com\/en\/wp-content\/uploads\/sites\/2\/2024\/02\/obras-spotify-campnou.jpeg\" \/>\n\t<meta property=\"og:image:width\" content=\"1300\" \/>\n\t<meta property=\"og:image:height\" content=\"736\" \/>\n\t<meta property=\"og:image:type\" content=\"image\/jpeg\" \/>\n<meta name=\"author\" content=\"Andr\u00e9s Quiroz\" \/>\n<meta name=\"twitter:card\" content=\"summary_large_image\" \/>\n<meta name=\"twitter:label1\" content=\"Written by\" \/>\n\t<meta name=\"twitter:data1\" content=\"Andr\u00e9s Quiroz\" \/>\n\t<meta name=\"twitter:label2\" content=\"Est. reading time\" \/>\n\t<meta name=\"twitter:data2\" content=\"2 minutes\" \/>\n<script type=\"application\/ld+json\" class=\"yoast-schema-graph\">{\"@context\":\"https:\\\/\\\/schema.org\",\"@graph\":[{\"@type\":\"Article\",\"@id\":\"https:\\\/\\\/www.fcbarcelonanoticias.com\\\/en\\\/fc-barcelona\\\/this-is-how-the-works-are-going-camp-nou-third-graderia-is-taking-shape_302902_102.html#article\",\"isPartOf\":{\"@id\":\"https:\\\/\\\/www.fcbarcelonanoticias.com\\\/en\\\/fc-barcelona\\\/this-is-how-the-works-are-going-camp-nou-third-graderia-is-taking-shape_302902_102.html\"},\"author\":{\"name\":\"Andr\u00e9s Quiroz\",\"@id\":\"https:\\\/\\\/www.fcbarcelonanoticias.com\\\/en\\\/#\\\/schema\\\/person\\\/c2cd9f6fa1af5c0d0eccd0fefa575c88\"},\"headline\":\"This is how the Camp Nou works are going: The third tier is taking shape\",\"datePublished\":\"2024-04-23T22:13:00+00:00\",\"dateModified\":\"2024-04-24T02:40:00+00:00\",\"mainEntityOfPage\":{\"@id\":\"https:\\\/\\\/www.fcbarcelonanoticias.com\\\/en\\\/fc-barcelona\\\/this-is-how-the-works-are-going-camp-nou-third-graderia-is-taking-shape_302902_102.html\"},\"wordCount\":396,\"image\":{\"@id\":\"https:\\\/\\\/www.fcbarcelonanoticias.com\\\/en\\\/fc-barcelona\\\/this-is-how-the-works-are-going-camp-nou-third-graderia-is-taking-shape_302902_102.html#primaryimage\"},\"thumbnailUrl\":\"https:\\\/\\\/www.fcbarcelonanoticias.com\\\/en\\\/wp-content\\\/uploads\\\/sites\\\/2\\\/2024\\\/02\\\/obras-spotify-campnou.jpeg\",\"keywords\":[\"Camp Nou\"],\"articleSection\":[\"FC Barcelona\"],\"inLanguage\":\"en-US\"},{\"@type\":\"WebPage\",\"@id\":\"https:\\\/\\\/www.fcbarcelonanoticias.com\\\/en\\\/fc-barcelona\\\/this-is-how-the-works-are-going-camp-nou-third-graderia-is-taking-shape_302902_102.html\",\"url\":\"https:\\\/\\\/www.fcbarcelonanoticias.com\\\/en\\\/fc-barcelona\\\/this-is-how-the-works-are-going-camp-nou-third-graderia-is-taking-shape_302902_102.html\",\"name\":\"This is how the Camp Nou works are going: The third tier is taking shape\",\"isPartOf\":{\"@id\":\"https:\\\/\\\/www.fcbarcelonanoticias.com\\\/en\\\/#website\"},\"primaryImageOfPage\":{\"@id\":\"https:\\\/\\\/www.fcbarcelonanoticias.com\\\/en\\\/fc-barcelona\\\/this-is-how-the-works-are-going-camp-nou-third-graderia-is-taking-shape_302902_102.html#primaryimage\"},\"image\":{\"@id\":\"https:\\\/\\\/www.fcbarcelonanoticias.com\\\/en\\\/fc-barcelona\\\/this-is-how-the-works-are-going-camp-nou-third-graderia-is-taking-shape_302902_102.html#primaryimage\"},\"thumbnailUrl\":\"https:\\\/\\\/www.fcbarcelonanoticias.com\\\/en\\\/wp-content\\\/uploads\\\/sites\\\/2\\\/2024\\\/02\\\/obras-spotify-campnou.jpeg\",\"datePublished\":\"2024-04-23T22:13:00+00:00\",\"dateModified\":\"2024-04-24T02:40:00+00:00\",\"author\":{\"@id\":\"https:\\\/\\\/www.fcbarcelonanoticias.com\\\/en\\\/#\\\/schema\\\/person\\\/c2cd9f6fa1af5c0d0eccd0fefa575c88\"},\"description\":\"The works at the Spotify Camp Nou are progressing as planned by the FC Barcelona board. One week before the end of April, the construction of the third tier surprises with its progress\",\"breadcrumb\":{\"@id\":\"https:\\\/\\\/www.fcbarcelonanoticias.com\\\/en\\\/fc-barcelona\\\/this-is-how-the-works-are-going-camp-nou-third-graderia-is-taking-shape_302902_102.html#breadcrumb\"},\"inLanguage\":\"en-US\",\"potentialAction\":[{\"@type\":\"ReadAction\",\"target\":[\"https:\\\/\\\/www.fcbarcelonanoticias.com\\\/en\\\/fc-barcelona\\\/this-is-how-the-works-are-going-camp-nou-third-graderia-is-taking-shape_302902_102.html\"]}]},{\"@type\":\"ImageObject\",\"inLanguage\":\"en-US\",\"@id\":\"https:\\\/\\\/www.fcbarcelonanoticias.com\\\/en\\\/fc-barcelona\\\/this-is-how-the-works-are-going-camp-nou-third-graderia-is-taking-shape_302902_102.html#primaryimage\",\"url\":\"https:\\\/\\\/www.fcbarcelonanoticias.com\\\/en\\\/wp-content\\\/uploads\\\/sites\\\/2\\\/2024\\\/02\\\/obras-spotify-campnou.jpeg\",\"contentUrl\":\"https:\\\/\\\/www.fcbarcelonanoticias.com\\\/en\\\/wp-content\\\/uploads\\\/sites\\\/2\\\/2024\\\/02\\\/obras-spotify-campnou.jpeg\",\"width\":1300,\"height\":736},{\"@type\":\"BreadcrumbList\",\"@id\":\"https:\\\/\\\/www.fcbarcelonanoticias.com\\\/en\\\/fc-barcelona\\\/this-is-how-the-works-are-going-camp-nou-third-graderia-is-taking-shape_302902_102.html#breadcrumb\",\"itemListElement\":[{\"@type\":\"ListItem\",\"position\":1,\"name\":\"Portada\",\"item\":\"https:\\\/\\\/www.fcbarcelonanoticias.com\\\/en\\\/\"},{\"@type\":\"ListItem\",\"position\":2,\"name\":\"This is how the Camp Nou works are going: The third tier is taking shape\"}]},{\"@type\":\"WebSite\",\"@id\":\"https:\\\/\\\/www.fcbarcelonanoticias.com\\\/en\\\/#website\",\"url\":\"https:\\\/\\\/www.fcbarcelonanoticias.com\\\/en\\\/\",\"name\":\"EN - FC Barcelona Noticias\",\"description\":\"\",\"potentialAction\":[{\"@type\":\"SearchAction\",\"target\":{\"@type\":\"EntryPoint\",\"urlTemplate\":\"https:\\\/\\\/www.fcbarcelonanoticias.com\\\/en\\\/?s={search_term_string}\"},\"query-input\":{\"@type\":\"PropertyValueSpecification\",\"valueRequired\":true,\"valueName\":\"search_term_string\"}}],\"inLanguage\":\"en-US\"},{\"@type\":\"Person\",\"@id\":\"https:\\\/\\\/www.fcbarcelonanoticias.com\\\/en\\\/#\\\/schema\\\/person\\\/c2cd9f6fa1af5c0d0eccd0fefa575c88\",\"name\":\"Andr\u00e9s Quiroz\",\"image\":{\"@type\":\"ImageObject\",\"inLanguage\":\"en-US\",\"@id\":\"https:\\\/\\\/secure.gravatar.com\\\/avatar\\\/?s=96&d=mm&r=g\",\"url\":\"https:\\\/\\\/secure.gravatar.com\\\/avatar\\\/?s=96&d=mm&r=g\",\"contentUrl\":\"https:\\\/\\\/secure.gravatar.com\\\/avatar\\\/?s=96&d=mm&r=g\",\"caption\":\"Andr\u00e9s Quiroz\"},\"description\":\"Licenciado en Periodismo por la Universidad de los Andes. Me encargo de analizar y compartir los contenidos m\u00e1s destacados de la\u00a0actualidad del F\u00fatbol Club Barcelona, Mercado de Fichajes y F\u00fatbol Internacional en FCBN. La informaci\u00f3n es poder, pero tambi\u00e9n conocimiento.\",\"url\":\"https:\\\/\\\/www.fcbarcelonanoticias.com\\\/en\\\/fc-barcelona\\\/andres-quiroz_17_115.html\"}]}<\/script>\n<!-- \/ Yoast SEO plugin. -->","yoast_head_json":{"title":"This is how the Camp Nou works are going: The third tier is taking shape","description":"The works at the Spotify Camp Nou are progressing as planned by the FC Barcelona board. One week before the end of April, the construction of the third tier surprises with its progress","robots":{"index":"index","follow":"follow","max-snippet":"max-snippet:-1","max-image-preview":"max-image-preview:large","max-video-preview":"max-video-preview:-1"},"canonical":"https:\/\/www.fcbarcelonanoticias.com\/en\/fc-barcelona\/this-is-how-the-works-are-going-camp-nou-third-graderia-is-taking-shape_302902_102.html","og_locale":"en_US","og_type":"article","og_title":"This is how the Camp Nou works are going: The third tier is taking shape","og_description":"The works at the Spotify Camp Nou are progressing as planned by the FC Barcelona board. One week before the end of April, the construction of the third tier surprises with its progress","og_url":"https:\/\/www.fcbarcelonanoticias.com\/en\/fc-barcelona\/this-is-how-the-works-are-going-camp-nou-third-graderia-is-taking-shape_302902_102.html","og_site_name":"EN - FC Barcelona Noticias","article_published_time":"2024-04-23T22:13:00+00:00","article_modified_time":"2024-04-24T02:40:00+00:00","og_image":[{"width":1300,"height":736,"url":"https:\/\/www.fcbarcelonanoticias.com\/en\/wp-content\/uploads\/sites\/2\/2024\/02\/obras-spotify-campnou.jpeg","type":"image\/jpeg"}],"author":"Andr\u00e9s Quiroz","twitter_card":"summary_large_image","twitter_misc":{"Written by":"Andr\u00e9s Quiroz","Est. reading time":"2 minutes"},"schema":{"@context":"https:\/\/schema.org","@graph":[{"@type":"Article","@id":"https:\/\/www.fcbarcelonanoticias.com\/en\/fc-barcelona\/this-is-how-the-works-are-going-camp-nou-third-graderia-is-taking-shape_302902_102.html#article","isPartOf":{"@id":"https:\/\/www.fcbarcelonanoticias.com\/en\/fc-barcelona\/this-is-how-the-works-are-going-camp-nou-third-graderia-is-taking-shape_302902_102.html"},"author":{"name":"Andr\u00e9s Quiroz","@id":"https:\/\/www.fcbarcelonanoticias.com\/en\/#\/schema\/person\/c2cd9f6fa1af5c0d0eccd0fefa575c88"},"headline":"This is how the Camp Nou works are going: The third tier is taking shape","datePublished":"2024-04-23T22:13:00+00:00","dateModified":"2024-04-24T02:40:00+00:00","mainEntityOfPage":{"@id":"https:\/\/www.fcbarcelonanoticias.com\/en\/fc-barcelona\/this-is-how-the-works-are-going-camp-nou-third-graderia-is-taking-shape_302902_102.html"},"wordCount":396,"image":{"@id":"https:\/\/www.fcbarcelonanoticias.com\/en\/fc-barcelona\/this-is-how-the-works-are-going-camp-nou-third-graderia-is-taking-shape_302902_102.html#primaryimage"},"thumbnailUrl":"https:\/\/www.fcbarcelonanoticias.com\/en\/wp-content\/uploads\/sites\/2\/2024\/02\/obras-spotify-campnou.jpeg","keywords":["Camp Nou"],"articleSection":["FC Barcelona"],"inLanguage":"en-US"},{"@type":"WebPage","@id":"https:\/\/www.fcbarcelonanoticias.com\/en\/fc-barcelona\/this-is-how-the-works-are-going-camp-nou-third-graderia-is-taking-shape_302902_102.html","url":"https:\/\/www.fcbarcelonanoticias.com\/en\/fc-barcelona\/this-is-how-the-works-are-going-camp-nou-third-graderia-is-taking-shape_302902_102.html","name":"This is how the Camp Nou works are going: The third tier is taking shape","isPartOf":{"@id":"https:\/\/www.fcbarcelonanoticias.com\/en\/#website"},"primaryImageOfPage":{"@id":"https:\/\/www.fcbarcelonanoticias.com\/en\/fc-barcelona\/this-is-how-the-works-are-going-camp-nou-third-graderia-is-taking-shape_302902_102.html#primaryimage"},"image":{"@id":"https:\/\/www.fcbarcelonanoticias.com\/en\/fc-barcelona\/this-is-how-the-works-are-going-camp-nou-third-graderia-is-taking-shape_302902_102.html#primaryimage"},"thumbnailUrl":"https:\/\/www.fcbarcelonanoticias.com\/en\/wp-content\/uploads\/sites\/2\/2024\/02\/obras-spotify-campnou.jpeg","datePublished":"2024-04-23T22:13:00+00:00","dateModified":"2024-04-24T02:40:00+00:00","author":{"@id":"https:\/\/www.fcbarcelonanoticias.com\/en\/#\/schema\/person\/c2cd9f6fa1af5c0d0eccd0fefa575c88"},"description":"The works at the Spotify Camp Nou are progressing as planned by the FC Barcelona board. One week before the end of April, the construction of the third tier surprises with its progress","breadcrumb":{"@id":"https:\/\/www.fcbarcelonanoticias.com\/en\/fc-barcelona\/this-is-how-the-works-are-going-camp-nou-third-graderia-is-taking-shape_302902_102.html#breadcrumb"},"inLanguage":"en-US","potentialAction":[{"@type":"ReadAction","target":["https:\/\/www.fcbarcelonanoticias.com\/en\/fc-barcelona\/this-is-how-the-works-are-going-camp-nou-third-graderia-is-taking-shape_302902_102.html"]}]},{"@type":"ImageObject","inLanguage":"en-US","@id":"https:\/\/www.fcbarcelonanoticias.com\/en\/fc-barcelona\/this-is-how-the-works-are-going-camp-nou-third-graderia-is-taking-shape_302902_102.html#primaryimage","url":"https:\/\/www.fcbarcelonanoticias.com\/en\/wp-content\/uploads\/sites\/2\/2024\/02\/obras-spotify-campnou.jpeg","contentUrl":"https:\/\/www.fcbarcelonanoticias.com\/en\/wp-content\/uploads\/sites\/2\/2024\/02\/obras-spotify-campnou.jpeg","width":1300,"height":736},{"@type":"BreadcrumbList","@id":"https:\/\/www.fcbarcelonanoticias.com\/en\/fc-barcelona\/this-is-how-the-works-are-going-camp-nou-third-graderia-is-taking-shape_302902_102.html#breadcrumb","itemListElement":[{"@type":"ListItem","position":1,"name":"Portada","item":"https:\/\/www.fcbarcelonanoticias.com\/en\/"},{"@type":"ListItem","position":2,"name":"This is how the Camp Nou works are going: The third tier is taking shape"}]},{"@type":"WebSite","@id":"https:\/\/www.fcbarcelonanoticias.com\/en\/#website","url":"https:\/\/www.fcbarcelonanoticias.com\/en\/","name":"EN - FC Barcelona Noticias","description":"","potentialAction":[{"@type":"SearchAction","target":{"@type":"EntryPoint","urlTemplate":"https:\/\/www.fcbarcelonanoticias.com\/en\/?s={search_term_string}"},"query-input":{"@type":"PropertyValueSpecification","valueRequired":true,"valueName":"search_term_string"}}],"inLanguage":"en-US"},{"@type":"Person","@id":"https:\/\/www.fcbarcelonanoticias.com\/en\/#\/schema\/person\/c2cd9f6fa1af5c0d0eccd0fefa575c88","name":"Andr\u00e9s Quiroz","image":{"@type":"ImageObject","inLanguage":"en-US","@id":"https:\/\/secure.gravatar.com\/avatar\/?s=96&d=mm&r=g","url":"https:\/\/secure.gravatar.com\/avatar\/?s=96&d=mm&r=g","contentUrl":"https:\/\/secure.gravatar.com\/avatar\/?s=96&d=mm&r=g","caption":"Andr\u00e9s Quiroz"},"description":"Licenciado en Periodismo por la Universidad de los Andes. Me encargo de analizar y compartir los contenidos m\u00e1s destacados de la\u00a0actualidad del F\u00fatbol Club Barcelona, Mercado de Fichajes y F\u00fatbol Internacional en FCBN. La informaci\u00f3n es poder, pero tambi\u00e9n conocimiento.","url":"https:\/\/www.fcbarcelonanoticias.com\/en\/fc-barcelona\/andres-quiroz_17_115.html"}]}},"_links":{"self":[{"href":"https:\/\/www.fcbarcelonanoticias.com\/en\/wp-json\/wp\/v2\/posts\/35771","targetHints":{"allow":["GET"]}}],"collection":[{"href":"https:\/\/www.fcbarcelonanoticias.com\/en\/wp-json\/wp\/v2\/posts"}],"about":[{"href":"https:\/\/www.fcbarcelonanoticias.com\/en\/wp-json\/wp\/v2\/types\/post"}],"author":[{"embeddable":true,"href":"https:\/\/www.fcbarcelonanoticias.com\/en\/wp-json\/wp\/v2\/users\/347"}],"replies":[{"embeddable":true,"href":"https:\/\/www.fcbarcelonanoticias.com\/en\/wp-json\/wp\/v2\/comments?post=35771"}],"version-history":[{"count":3,"href":"https:\/\/www.fcbarcelonanoticias.com\/en\/wp-json\/wp\/v2\/posts\/35771\/revisions"}],"predecessor-version":[{"id":35774,"href":"https:\/\/www.fcbarcelonanoticias.com\/en\/wp-json\/wp\/v2\/posts\/35771\/revisions\/35774"}],"wp:featuredmedia":[{"embeddable":true,"href":"https:\/\/www.fcbarcelonanoticias.com\/en\/wp-json\/wp\/v2\/media\/7028"}],"wp:attachment":[{"href":"https:\/\/www.fcbarcelonanoticias.com\/en\/wp-json\/wp\/v2\/media?parent=35771"}],"wp:term":[{"taxonomy":"category","embeddable":true,"href":"https:\/\/www.fcbarcelonanoticias.com\/en\/wp-json\/wp\/v2\/categories?post=35771"},{"taxonomy":"post_tag","embeddable":true,"href":"https:\/\/www.fcbarcelonanoticias.com\/en\/wp-json\/wp\/v2\/tags?post=35771"}],"curies":[{"name":"wp","href":"https:\/\/api.w.org\/{rel}","templated":true}]}}