{"id":35837,"date":"2021-01-25T19:32:00","date_gmt":"2021-01-25T18:32:00","guid":{"rendered":"https:\/\/weisetech.dev\/fc-barcelona-noticias\/en\/this-is-the-millionaire-figure-that-spent-the-barca-in-technicians-in-only-a-year_264503_102\/"},"modified":"2021-01-25T19:32:00","modified_gmt":"2021-01-25T18:32:00","slug":"this-is-the-millionaire-figure-that-spent-the-barca-in-technicians-in-only-a-year_264503_102","status":"publish","type":"post","link":"https:\/\/www.fcbarcelonanoticias.com\/en\/fc-barcelona\/this-is-the-millionaire-figure-that-spent-the-barca-in-technicians-in-only-a-year_264503_102.html","title":{"rendered":"This is the millionaire figure that Bar\u00e7a spent on technicians in just one year"},"content":{"rendered":"<h2 class=\"wp-block-heading\">After the complaint of Quique Seti\u00e9n,  desvel\u00f3 one of the reasons that conform the crisis of the FC Barcelona like institution: the deficient management with regard to his technicians<\/h2>  \r\n<div class=\"article-addons\">\r\n    <a href=\"https:\/\/www.fcbarcelonanoticias.com\/en\/calendar-fc-barcelona.html\"\r\n       target=\"_self\"\r\n       title=\"Calendar of FC Barcelona\"\r\n       class=\"blue-gredient-btn\">\r\n       \r\n        Calendar of FC Barcelona    <\/a>\r\n<\/div>   <p>It is innegable that the <a data-external=\"0\" data-intl-links-en=\"https:\/\/www.fcbarcelonanoticias.com\/en\/fc-barcelona\" data-intl-links-es=\"https:\/\/www.fcbarcelonanoticias.com\/fc-barcelona\" href=\"https:\/\/www.fcbarcelonanoticias.com\/en\/football-soccer\/fc-barcelona.html\" rel=\"follow\" target=\"_self\" title=\"FC Barcelona\">FC Barcelona<\/a> crosses a stage truly convulsa, so much to sportive level like institutional. This appearance also has affected of significant way to the bench of the Barcelona group. Only in the last year, have arrived to the Camp Nou three technicians. The change of pieces also has meant an important economic cost in the entity cul\u00e9. In total, according to the Chain Be,<strong> the Bar\u00e7a has spent near of 20 million euros in three trainers.<\/strong><\/p>  <p>For January of 2020 took the decision to dispense the services of Ernesto Valverde after falling in the Supercopa of Spain in front of the Athletic of Madrid. This disaster added to the ones of Anfield and Rome, and that finished with the confidence of the managerial board of Josep Mar\u00eda Bartomeu. The Txingurri had still a year more than agreement, what l<strong>and cost to the Bar\u00e7a some 11 million euros his clear.<\/strong><\/p>  <p>To east mount, <strong>it would be necessary to add him other five millions<\/strong> that the Barcelona direction paid to the Dutch Federation by the signing of Ronald Koeman. <a data-external=\"0\" data-intl-links-en=\"https:\/\/www.fcbarcelonanoticias.com\/en\/fc-barcelona\/quique-setien-goes-back-to-load-against-the-fc-barcelona_264302_102.html\" data-intl-links-es=\"https:\/\/www.fcbarcelonanoticias.com\/fc-barcelona\/quique-setien-vuelve-cargar-contra-fc-barcelona_264302_102.html\" href=\"https:\/\/www.fcbarcelonanoticias.com\/en\/fc-barcelona\/fc-barcelona\/quique-setien-goes-back-to-load-against-the-fc-barcelona_264302_102.html\" rel=\"follow\" target=\"_self\" title=\"Quique Seti\u00e9n vuelve a cargar contra el FC Barcelona\">Quique Seti\u00e9n<\/a> finds in the middle of these two points, and although only it lasted six months in the charge, will not doubt to carry to the FC Barcelona to trial to report the incumplimiento of his agreement and of course demand a millionaire figure.<\/p>  <h3>It aims by four million euros<\/h3>  <p><strong><a data-external=\"0\" data-intl-links-en=\"https:\/\/www.fcbarcelonanoticias.com\/en\/fc-barcelona\/quique-setien-goes-back-to-load-against-the-fc-barcelona_264302_102.html\" data-intl-links-es=\"https:\/\/www.fcbarcelonanoticias.com\/fc-barcelona\/quique-setien-vuelve-cargar-contra-fc-barcelona_264302_102.html\" href=\"https:\/\/www.fcbarcelonanoticias.com\/en\/fc-barcelona\/fc-barcelona\/quique-setien-goes-back-to-load-against-the-fc-barcelona_264302_102.html\" rel=\"follow\" target=\"_self\" title=\"Quique Seti\u00e9n vuelve a cargar contra el FC Barcelona\">Seti\u00e9n Will demand him to the Bar\u00e7a four million euros by incumplimiento of agreement<\/a><\/strong>, according to The Be. For the moment, this subject finds in judicial process, by what also will have to him add the external extra cost. The Barcelona entity will question in front of the law the capacity and attitude to the moment to exert his work like strategist, as it advanced The Crossbar. Between the arguments that will expose during the trial, finds the incumplimiento with the promises that did in his especially referred arrival <strong> to the game, to the style and to the utilisation of the quarry,<\/strong> reasons by which consider him unable to exert the charge.<\/p>  <p>Likewise, said emisora referred to the capacity of leadership in the team. This caused a lot of criticisms to the second trainer, Eder Sarabia, that even gave the feeling to be the attendant to direct truly the commitments during this time. Precisely, <strong>the assistants of Seti\u00e9n himself arrived to an agreement with the Barcelona<\/strong> and are totally desvinculados of the judicial process.<\/p>  <h3>The deficient management of the Bar\u00e7a<\/h3>  <p><strong>Three technicians in a year and a millionaire figure that has gone to the precipicio<\/strong>. This is an example more than the management of the FC Barcelona during the last years has left a lot what wish. Each bad decision that has taken affects to all the fields of the club, and has prejudiced of special way to an economic sphere that finds in red numbers and that at present is difficult to solve.<\/p> ","protected":false},"excerpt":{"rendered":"<p>After the complaint of Quique Seti\u00e9n, desvel\u00f3 one of the reasons that conform the crisis of the FC Barcelona like institution: the deficient management with regard to his technicians It is innegable that the FC Barcelona crosses a stage truly convulsa, so much to sportive level like institutional. This appearance also has affected of significant [&hellip;]<\/p>\n","protected":false},"author":389,"featured_media":28374,"comment_status":"closed","ping_status":"open","sticky":false,"template":"","format":"standard","meta":{"_acf_changed":false,"inline_featured_image":false,"_nextfly_llmd_date_locked":false,"footnotes":""},"categories":[111],"tags":[218,208,209],"class_list":["post-35837","post","type-post","status-publish","format-standard","has-post-thumbnail","hentry","category-fc-barcelona","tag-ernesto-valverde","tag-quique-setien","tag-ronald-koeman"],"acf":[],"yoast_head":"<!-- This site is optimized with the Yoast SEO plugin v27.3 - https:\/\/yoast.com\/product\/yoast-seo-wordpress\/ -->\n<title>This is the millionaire figure that Bar\u00e7a spent on technicians in just one year<\/title>\n<meta name=\"description\" content=\"After the complaint of Quique Seti\u00e9n, desvel\u00f3 one of the reasons that conform the crisis of the FC Barcelona like institution: the deficient management with regard to his technicians\" \/>\n<meta name=\"robots\" content=\"index, follow, max-snippet:-1, max-image-preview:large, max-video-preview:-1\" \/>\n<link rel=\"canonical\" href=\"https:\/\/www.fcbarcelonanoticias.com\/en\/fc-barcelona\/this-is-the-millionaire-figure-that-spent-the-barca-in-technicians-in-only-a-year_264503_102.html\" \/>\n<meta property=\"og:locale\" content=\"en_US\" \/>\n<meta property=\"og:type\" content=\"article\" \/>\n<meta property=\"og:title\" content=\"This is the millionaire figure that Bar\u00e7a spent on technicians in just one year\" \/>\n<meta property=\"og:description\" content=\"After the complaint of Quique Seti\u00e9n, desvel\u00f3 one of the reasons that conform the crisis of the FC Barcelona like institution: the deficient management with regard to his technicians\" \/>\n<meta property=\"og:url\" content=\"https:\/\/www.fcbarcelonanoticias.com\/en\/fc-barcelona\/this-is-the-millionaire-figure-that-spent-the-barca-in-technicians-in-only-a-year_264503_102.html\" \/>\n<meta property=\"og:site_name\" content=\"EN - FC Barcelona Noticias\" \/>\n<meta property=\"article:published_time\" content=\"2021-01-25T18:32:00+00:00\" \/>\n<meta property=\"og:image\" content=\"https:\/\/www.fcbarcelonanoticias.com\/en\/wp-content\/uploads\/sites\/2\/2021\/02\/49635598.gif\" \/>\n\t<meta property=\"og:image:width\" content=\"1200\" \/>\n\t<meta property=\"og:image:height\" content=\"700\" \/>\n\t<meta property=\"og:image:type\" content=\"image\/gif\" \/>\n<meta name=\"author\" content=\"user_4045\" \/>\n<meta name=\"twitter:card\" content=\"summary_large_image\" \/>\n<meta name=\"twitter:label1\" content=\"Written by\" \/>\n\t<meta name=\"twitter:data1\" content=\"user_4045\" \/>\n\t<meta name=\"twitter:label2\" content=\"Est. reading time\" \/>\n\t<meta name=\"twitter:data2\" content=\"3 minutes\" \/>\n<script type=\"application\/ld+json\" class=\"yoast-schema-graph\">{\"@context\":\"https:\\\/\\\/schema.org\",\"@graph\":[{\"@type\":\"Article\",\"@id\":\"https:\\\/\\\/www.fcbarcelonanoticias.com\\\/en\\\/fc-barcelona\\\/this-is-the-millionaire-figure-that-spent-the-barca-in-technicians-in-only-a-year_264503_102.html#article\",\"isPartOf\":{\"@id\":\"https:\\\/\\\/www.fcbarcelonanoticias.com\\\/en\\\/fc-barcelona\\\/this-is-the-millionaire-figure-that-spent-the-barca-in-technicians-in-only-a-year_264503_102.html\"},\"author\":{\"name\":\"user_4045\",\"@id\":\"https:\\\/\\\/www.fcbarcelonanoticias.com\\\/en\\\/#\\\/schema\\\/person\\\/d92b4fd95c0767df6721e45b631e4be6\"},\"headline\":\"This is the millionaire figure that Bar\u00e7a spent on technicians in just one year\",\"datePublished\":\"2021-01-25T18:32:00+00:00\",\"mainEntityOfPage\":{\"@id\":\"https:\\\/\\\/www.fcbarcelonanoticias.com\\\/en\\\/fc-barcelona\\\/this-is-the-millionaire-figure-that-spent-the-barca-in-technicians-in-only-a-year_264503_102.html\"},\"wordCount\":537,\"image\":{\"@id\":\"https:\\\/\\\/www.fcbarcelonanoticias.com\\\/en\\\/fc-barcelona\\\/this-is-the-millionaire-figure-that-spent-the-barca-in-technicians-in-only-a-year_264503_102.html#primaryimage\"},\"thumbnailUrl\":\"https:\\\/\\\/www.fcbarcelonanoticias.com\\\/en\\\/wp-content\\\/uploads\\\/sites\\\/2\\\/2021\\\/02\\\/49635598.gif\",\"keywords\":[\"Ernesto Valverde\",\"Quique Seti\u00e9n\",\"Ronald Koeman\"],\"articleSection\":[\"FC Barcelona\"],\"inLanguage\":\"en-US\"},{\"@type\":\"WebPage\",\"@id\":\"https:\\\/\\\/www.fcbarcelonanoticias.com\\\/en\\\/fc-barcelona\\\/this-is-the-millionaire-figure-that-spent-the-barca-in-technicians-in-only-a-year_264503_102.html\",\"url\":\"https:\\\/\\\/www.fcbarcelonanoticias.com\\\/en\\\/fc-barcelona\\\/this-is-the-millionaire-figure-that-spent-the-barca-in-technicians-in-only-a-year_264503_102.html\",\"name\":\"This is the millionaire figure that Bar\u00e7a spent on technicians in just one year\",\"isPartOf\":{\"@id\":\"https:\\\/\\\/www.fcbarcelonanoticias.com\\\/en\\\/#website\"},\"primaryImageOfPage\":{\"@id\":\"https:\\\/\\\/www.fcbarcelonanoticias.com\\\/en\\\/fc-barcelona\\\/this-is-the-millionaire-figure-that-spent-the-barca-in-technicians-in-only-a-year_264503_102.html#primaryimage\"},\"image\":{\"@id\":\"https:\\\/\\\/www.fcbarcelonanoticias.com\\\/en\\\/fc-barcelona\\\/this-is-the-millionaire-figure-that-spent-the-barca-in-technicians-in-only-a-year_264503_102.html#primaryimage\"},\"thumbnailUrl\":\"https:\\\/\\\/www.fcbarcelonanoticias.com\\\/en\\\/wp-content\\\/uploads\\\/sites\\\/2\\\/2021\\\/02\\\/49635598.gif\",\"datePublished\":\"2021-01-25T18:32:00+00:00\",\"author\":{\"@id\":\"https:\\\/\\\/www.fcbarcelonanoticias.com\\\/en\\\/#\\\/schema\\\/person\\\/d92b4fd95c0767df6721e45b631e4be6\"},\"description\":\"After the complaint of Quique Seti\u00e9n, desvel\u00f3 one of the reasons that conform the crisis of the FC Barcelona like institution: the deficient management with regard to his technicians\",\"breadcrumb\":{\"@id\":\"https:\\\/\\\/www.fcbarcelonanoticias.com\\\/en\\\/fc-barcelona\\\/this-is-the-millionaire-figure-that-spent-the-barca-in-technicians-in-only-a-year_264503_102.html#breadcrumb\"},\"inLanguage\":\"en-US\",\"potentialAction\":[{\"@type\":\"ReadAction\",\"target\":[\"https:\\\/\\\/www.fcbarcelonanoticias.com\\\/en\\\/fc-barcelona\\\/this-is-the-millionaire-figure-that-spent-the-barca-in-technicians-in-only-a-year_264503_102.html\"]}]},{\"@type\":\"ImageObject\",\"inLanguage\":\"en-US\",\"@id\":\"https:\\\/\\\/www.fcbarcelonanoticias.com\\\/en\\\/fc-barcelona\\\/this-is-the-millionaire-figure-that-spent-the-barca-in-technicians-in-only-a-year_264503_102.html#primaryimage\",\"url\":\"https:\\\/\\\/www.fcbarcelonanoticias.com\\\/en\\\/wp-content\\\/uploads\\\/sites\\\/2\\\/2021\\\/02\\\/49635598.gif\",\"contentUrl\":\"https:\\\/\\\/www.fcbarcelonanoticias.com\\\/en\\\/wp-content\\\/uploads\\\/sites\\\/2\\\/2021\\\/02\\\/49635598.gif\",\"width\":1200,\"height\":700},{\"@type\":\"BreadcrumbList\",\"@id\":\"https:\\\/\\\/www.fcbarcelonanoticias.com\\\/en\\\/fc-barcelona\\\/this-is-the-millionaire-figure-that-spent-the-barca-in-technicians-in-only-a-year_264503_102.html#breadcrumb\",\"itemListElement\":[{\"@type\":\"ListItem\",\"position\":1,\"name\":\"Portada\",\"item\":\"https:\\\/\\\/www.fcbarcelonanoticias.com\\\/en\\\/\"},{\"@type\":\"ListItem\",\"position\":2,\"name\":\"This is the millionaire figure that Bar\u00e7a spent on technicians in just one year\"}]},{\"@type\":\"WebSite\",\"@id\":\"https:\\\/\\\/www.fcbarcelonanoticias.com\\\/en\\\/#website\",\"url\":\"https:\\\/\\\/www.fcbarcelonanoticias.com\\\/en\\\/\",\"name\":\"EN - FC Barcelona Noticias\",\"description\":\"\",\"potentialAction\":[{\"@type\":\"SearchAction\",\"target\":{\"@type\":\"EntryPoint\",\"urlTemplate\":\"https:\\\/\\\/www.fcbarcelonanoticias.com\\\/en\\\/?s={search_term_string}\"},\"query-input\":{\"@type\":\"PropertyValueSpecification\",\"valueRequired\":true,\"valueName\":\"search_term_string\"}}],\"inLanguage\":\"en-US\"},{\"@type\":\"Person\",\"@id\":\"https:\\\/\\\/www.fcbarcelonanoticias.com\\\/en\\\/#\\\/schema\\\/person\\\/d92b4fd95c0767df6721e45b631e4be6\",\"name\":\"user_4045\",\"image\":{\"@type\":\"ImageObject\",\"inLanguage\":\"en-US\",\"@id\":\"https:\\\/\\\/secure.gravatar.com\\\/avatar\\\/?s=96&d=mm&r=g\",\"url\":\"https:\\\/\\\/secure.gravatar.com\\\/avatar\\\/?s=96&d=mm&r=g\",\"contentUrl\":\"https:\\\/\\\/secure.gravatar.com\\\/avatar\\\/?s=96&d=mm&r=g\",\"caption\":\"user_4045\"},\"url\":\"https:\\\/\\\/www.fcbarcelonanoticias.com\\\/en\\\/user_4045.html\"}]}<\/script>\n<!-- \/ Yoast SEO plugin. -->","yoast_head_json":{"title":"This is the millionaire figure that Bar\u00e7a spent on technicians in just one year","description":"After the complaint of Quique Seti\u00e9n, desvel\u00f3 one of the reasons that conform the crisis of the FC Barcelona like institution: the deficient management with regard to his technicians","robots":{"index":"index","follow":"follow","max-snippet":"max-snippet:-1","max-image-preview":"max-image-preview:large","max-video-preview":"max-video-preview:-1"},"canonical":"https:\/\/www.fcbarcelonanoticias.com\/en\/fc-barcelona\/this-is-the-millionaire-figure-that-spent-the-barca-in-technicians-in-only-a-year_264503_102.html","og_locale":"en_US","og_type":"article","og_title":"This is the millionaire figure that Bar\u00e7a spent on technicians in just one year","og_description":"After the complaint of Quique Seti\u00e9n, desvel\u00f3 one of the reasons that conform the crisis of the FC Barcelona like institution: the deficient management with regard to his technicians","og_url":"https:\/\/www.fcbarcelonanoticias.com\/en\/fc-barcelona\/this-is-the-millionaire-figure-that-spent-the-barca-in-technicians-in-only-a-year_264503_102.html","og_site_name":"EN - FC Barcelona Noticias","article_published_time":"2021-01-25T18:32:00+00:00","og_image":[{"width":1200,"height":700,"url":"https:\/\/www.fcbarcelonanoticias.com\/en\/wp-content\/uploads\/sites\/2\/2021\/02\/49635598.gif","type":"image\/gif"}],"author":"user_4045","twitter_card":"summary_large_image","twitter_misc":{"Written by":"user_4045","Est. reading time":"3 minutes"},"schema":{"@context":"https:\/\/schema.org","@graph":[{"@type":"Article","@id":"https:\/\/www.fcbarcelonanoticias.com\/en\/fc-barcelona\/this-is-the-millionaire-figure-that-spent-the-barca-in-technicians-in-only-a-year_264503_102.html#article","isPartOf":{"@id":"https:\/\/www.fcbarcelonanoticias.com\/en\/fc-barcelona\/this-is-the-millionaire-figure-that-spent-the-barca-in-technicians-in-only-a-year_264503_102.html"},"author":{"name":"user_4045","@id":"https:\/\/www.fcbarcelonanoticias.com\/en\/#\/schema\/person\/d92b4fd95c0767df6721e45b631e4be6"},"headline":"This is the millionaire figure that Bar\u00e7a spent on technicians in just one year","datePublished":"2021-01-25T18:32:00+00:00","mainEntityOfPage":{"@id":"https:\/\/www.fcbarcelonanoticias.com\/en\/fc-barcelona\/this-is-the-millionaire-figure-that-spent-the-barca-in-technicians-in-only-a-year_264503_102.html"},"wordCount":537,"image":{"@id":"https:\/\/www.fcbarcelonanoticias.com\/en\/fc-barcelona\/this-is-the-millionaire-figure-that-spent-the-barca-in-technicians-in-only-a-year_264503_102.html#primaryimage"},"thumbnailUrl":"https:\/\/www.fcbarcelonanoticias.com\/en\/wp-content\/uploads\/sites\/2\/2021\/02\/49635598.gif","keywords":["Ernesto Valverde","Quique Seti\u00e9n","Ronald Koeman"],"articleSection":["FC Barcelona"],"inLanguage":"en-US"},{"@type":"WebPage","@id":"https:\/\/www.fcbarcelonanoticias.com\/en\/fc-barcelona\/this-is-the-millionaire-figure-that-spent-the-barca-in-technicians-in-only-a-year_264503_102.html","url":"https:\/\/www.fcbarcelonanoticias.com\/en\/fc-barcelona\/this-is-the-millionaire-figure-that-spent-the-barca-in-technicians-in-only-a-year_264503_102.html","name":"This is the millionaire figure that Bar\u00e7a spent on technicians in just one year","isPartOf":{"@id":"https:\/\/www.fcbarcelonanoticias.com\/en\/#website"},"primaryImageOfPage":{"@id":"https:\/\/www.fcbarcelonanoticias.com\/en\/fc-barcelona\/this-is-the-millionaire-figure-that-spent-the-barca-in-technicians-in-only-a-year_264503_102.html#primaryimage"},"image":{"@id":"https:\/\/www.fcbarcelonanoticias.com\/en\/fc-barcelona\/this-is-the-millionaire-figure-that-spent-the-barca-in-technicians-in-only-a-year_264503_102.html#primaryimage"},"thumbnailUrl":"https:\/\/www.fcbarcelonanoticias.com\/en\/wp-content\/uploads\/sites\/2\/2021\/02\/49635598.gif","datePublished":"2021-01-25T18:32:00+00:00","author":{"@id":"https:\/\/www.fcbarcelonanoticias.com\/en\/#\/schema\/person\/d92b4fd95c0767df6721e45b631e4be6"},"description":"After the complaint of Quique Seti\u00e9n, desvel\u00f3 one of the reasons that conform the crisis of the FC Barcelona like institution: the deficient management with regard to his technicians","breadcrumb":{"@id":"https:\/\/www.fcbarcelonanoticias.com\/en\/fc-barcelona\/this-is-the-millionaire-figure-that-spent-the-barca-in-technicians-in-only-a-year_264503_102.html#breadcrumb"},"inLanguage":"en-US","potentialAction":[{"@type":"ReadAction","target":["https:\/\/www.fcbarcelonanoticias.com\/en\/fc-barcelona\/this-is-the-millionaire-figure-that-spent-the-barca-in-technicians-in-only-a-year_264503_102.html"]}]},{"@type":"ImageObject","inLanguage":"en-US","@id":"https:\/\/www.fcbarcelonanoticias.com\/en\/fc-barcelona\/this-is-the-millionaire-figure-that-spent-the-barca-in-technicians-in-only-a-year_264503_102.html#primaryimage","url":"https:\/\/www.fcbarcelonanoticias.com\/en\/wp-content\/uploads\/sites\/2\/2021\/02\/49635598.gif","contentUrl":"https:\/\/www.fcbarcelonanoticias.com\/en\/wp-content\/uploads\/sites\/2\/2021\/02\/49635598.gif","width":1200,"height":700},{"@type":"BreadcrumbList","@id":"https:\/\/www.fcbarcelonanoticias.com\/en\/fc-barcelona\/this-is-the-millionaire-figure-that-spent-the-barca-in-technicians-in-only-a-year_264503_102.html#breadcrumb","itemListElement":[{"@type":"ListItem","position":1,"name":"Portada","item":"https:\/\/www.fcbarcelonanoticias.com\/en\/"},{"@type":"ListItem","position":2,"name":"This is the millionaire figure that Bar\u00e7a spent on technicians in just one year"}]},{"@type":"WebSite","@id":"https:\/\/www.fcbarcelonanoticias.com\/en\/#website","url":"https:\/\/www.fcbarcelonanoticias.com\/en\/","name":"EN - FC Barcelona Noticias","description":"","potentialAction":[{"@type":"SearchAction","target":{"@type":"EntryPoint","urlTemplate":"https:\/\/www.fcbarcelonanoticias.com\/en\/?s={search_term_string}"},"query-input":{"@type":"PropertyValueSpecification","valueRequired":true,"valueName":"search_term_string"}}],"inLanguage":"en-US"},{"@type":"Person","@id":"https:\/\/www.fcbarcelonanoticias.com\/en\/#\/schema\/person\/d92b4fd95c0767df6721e45b631e4be6","name":"user_4045","image":{"@type":"ImageObject","inLanguage":"en-US","@id":"https:\/\/secure.gravatar.com\/avatar\/?s=96&d=mm&r=g","url":"https:\/\/secure.gravatar.com\/avatar\/?s=96&d=mm&r=g","contentUrl":"https:\/\/secure.gravatar.com\/avatar\/?s=96&d=mm&r=g","caption":"user_4045"},"url":"https:\/\/www.fcbarcelonanoticias.com\/en\/user_4045.html"}]}},"_links":{"self":[{"href":"https:\/\/www.fcbarcelonanoticias.com\/en\/wp-json\/wp\/v2\/posts\/35837","targetHints":{"allow":["GET"]}}],"collection":[{"href":"https:\/\/www.fcbarcelonanoticias.com\/en\/wp-json\/wp\/v2\/posts"}],"about":[{"href":"https:\/\/www.fcbarcelonanoticias.com\/en\/wp-json\/wp\/v2\/types\/post"}],"author":[{"embeddable":true,"href":"https:\/\/www.fcbarcelonanoticias.com\/en\/wp-json\/wp\/v2\/users\/389"}],"replies":[{"embeddable":true,"href":"https:\/\/www.fcbarcelonanoticias.com\/en\/wp-json\/wp\/v2\/comments?post=35837"}],"version-history":[{"count":1,"href":"https:\/\/www.fcbarcelonanoticias.com\/en\/wp-json\/wp\/v2\/posts\/35837\/revisions"}],"predecessor-version":[{"id":35838,"href":"https:\/\/www.fcbarcelonanoticias.com\/en\/wp-json\/wp\/v2\/posts\/35837\/revisions\/35838"}],"wp:featuredmedia":[{"embeddable":true,"href":"https:\/\/www.fcbarcelonanoticias.com\/en\/wp-json\/wp\/v2\/media\/28374"}],"wp:attachment":[{"href":"https:\/\/www.fcbarcelonanoticias.com\/en\/wp-json\/wp\/v2\/media?parent=35837"}],"wp:term":[{"taxonomy":"category","embeddable":true,"href":"https:\/\/www.fcbarcelonanoticias.com\/en\/wp-json\/wp\/v2\/categories?post=35837"},{"taxonomy":"post_tag","embeddable":true,"href":"https:\/\/www.fcbarcelonanoticias.com\/en\/wp-json\/wp\/v2\/tags?post=35837"}],"curies":[{"name":"wp","href":"https:\/\/api.w.org\/{rel}","templated":true}]}}