{"id":35848,"date":"2025-07-12T23:50:00","date_gmt":"2025-07-12T21:50:00","guid":{"rendered":"https:\/\/weisetech.dev\/fc-barcelona-noticias\/en\/this-is-how-the-works-are-progressing-in-the-vip-boxes-of-the-new-camp-nou_313504_102\/"},"modified":"2026-04-16T09:21:41","modified_gmt":"2026-04-16T07:21:41","slug":"this-is-how-the-works-are-progressing-in-the-vip-boxes-of-the-new-camp-nou_313504_102","status":"publish","type":"post","link":"https:\/\/www.fcbarcelonanoticias.com\/en\/fc-barcelona\/this-is-how-the-works-are-progressing-in-the-vip-boxes-of-the-new-camp-nou_313504_102.html","title":{"rendered":"This is how the works are progressing in the VIP boxes of the new Spotify Camp Nou"},"content":{"rendered":"<h2 class=\"wp-block-heading\">Less than a month before the Joan Gamper Trophy is played, the Spotify Camp Nou already has most of the seats enabled in the stands and boxes to receive the cul\u00e9 brotherhood<\/h2>  \r\n<div class=\"article-addons\">\r\n    <a href=\"https:\/\/www.fcbarcelonanoticias.com\/en\/calendar-fc-barcelona.html\"\r\n       target=\"_self\"\r\n       title=\"Calendar of FC Barcelona\"\r\n       class=\"blue-gredient-btn\">\r\n       \r\n        Calendar of FC Barcelona    <\/a>\r\n<\/div>   <p>The works at the Spotify Camp Nou are progressing at full speed in recent weeks. Less than a month before <a data-external=\"0\" data-intl-links-en=\"https:\/\/www.fcbarcelonanoticias.com\/en\/fc-barcelona\/gamper-2025-at-the-camp-nou-construction-license-approved-but-the-final-one-is-missing_313467_102.html\" data-intl-links-es=\"https:\/\/www.fcbarcelonanoticias.com\/fc-barcelona\/gamper-2025-camp-nou-licencia-obras-aforo-barcelona_313467_102.html\" href=\"https:\/\/www.fcbarcelonanoticias.com\/en\/fc-barcelona\/gamper-2025-at-the-camp-nou-construction-license-approved-but-the-final-one-is-missing_313467_102.html\" rel=\"follow\" target=\"_self\" title=\"Green light for Barcelona for the 2025 Gamper: 1st Objective achieved\">the dispute of the Joan Gamper 2025 Trophy (Sunday, August 10)<\/a>, there is significant progress in the stands and boxes, the latter being a vital area for the club&#8217;s finances.<\/p>  <p>The reason has to do with the 475 VIP seats whose commercialization rights were sold by the club at the end of 2024. <strong>The negotiation with two Middle Eastern investors contributed 100 million euros<\/strong> net to the cul\u00e9 coffers, but its new auditor, Crowe Spain, refused to account for this income until the assets sold were fully built and operational.<\/p>  <div data-oembed-url=\"https:\/\/x.com\/Obras_Camp_nou\/status\/1944001517209464997\"> <blockquote align=\"center\" class=\"twitter-tweet\" data-dnt=\"true\"> <p dir=\"ltr\" lang=\"en\">\ud83d\udd35\ud83d\udd34VIP Players Zone! Camp Nou <a href=\"https:\/\/t.co\/en\/RUeEh8pX3t\">pic.twitter.com\/RUeEh8pX3t<\/a><\/p> \u2014 CampNou Updates Live (@Obras_Camp_nou) <a href=\"https:\/\/twitter.com\/en\/Obras_Camp_nou\/status\/1944001517209464997?ref_src=twsrc%5Etfw\">July 12, 2025<\/a> <\/blockquote>  <\/div>  <p>In that sense, Crowe will only audit the operation until the company Limak Construction, in charge of the project, completely builds the area where the 475 sold to the companies&nbsp;<strong>Fortia Advisor Limited&nbsp;<\/strong>(30 M\u20ac) and<strong>&nbsp;New Era Visionary Group<\/strong>&nbsp;(70 M\u20ac) rest, the latter also a telecommunications provider of the club.<\/p>  <h2>The key to returning to 1:1 is to finish the construction of the VIP box<\/h2>  <p><strong>Bar\u00e7a already received the 30 million from Fortia, while New Era has already paid 28 &#8216;kilos&#8217;<\/strong> and the other 42 M\u20ac will be paid in two installments to be made in September 2025 and early 2026. However, these figures will only be taken into account by LaLiga until Crowe sends its report detailing the operability of the boxes.<\/p>  <p>The 100 million allowed Bar\u00e7a to return to the 1:1 rule in January and, therefore, will fulfill the same function this summer, <strong>as long as the azulgrana accounting report is sent this month<\/strong>. For the cul\u00e9s, operating under this regulation is key to strengthen without problems in the summer market.<\/p>  <div class=\"cke-element cke-element--102\"><section class=\"c-related-article\"><figure class=\"c-image__fig\"><a href=\"https:\/\/www.fcbarcelonanoticias.com\/futbol\/laliga\/problemas-barca-regreso-regla-1-1-puede-tardar-hasta-agosto_313482_102.html\" title=\"Problems for Bar\u00e7a? Return to 1:1 rules could take until August\" class=\"c-image__imglink\"><picture><img decoding=\"async\" src=\"https:\/\/www.fcbarcelonanoticias.com\/wp-content\/uploads\/sites\/2\/2025\/07\/fcbn-ec257cfc29b3a079ad734dcc9658be5f.webp\" alt=\"Problems for Bar\u00e7a? Return to 1:1 rules could take until August\" title=\"Problems for Bar\u00e7a? Return to 1:1 rules could take until August\" class=\"c-image__img\" width=\"1200\" height=\"675\" loading=\"lazy\"><\/picture><\/a>     <\/figure><div class=\"c-related-article__wrapper\">         <p class=\"c-related-article__avantitle\">Related<\/p>         <h4 class=\"c-related-article__title\">             <a href=\"https:\/\/www.fcbarcelonanoticias.com\/futbol\/laliga\/problemas-barca-regreso-regla-1-1-puede-tardar-hasta-agosto_313482_102.html\" title=\"Problems for Bar\u00e7a? Return to the 1:1 rule may take until August\" class=\"c-related-article__link\">                 Problems for Bar\u00e7a? Return to the 1:1 rule may take until August             <\/a>         <\/h4>     <\/div> <\/section><\/div>  <p>The 1:1 rule allows <strong>to reinvest in signings every euro entered in the market<\/strong> through transfers, loans and reduction of salary mass. For now, the club still does not have enough margin in its &#8216;Fair Play&#8217;, although Javier Tebas himself believes that the club will soon have solvency to sign without problems and register its new players.<\/p>  <p>&#8220;It is close (to 1:1), it is my opinion. <strong>The question is that they consider that they are going to take certain decisions to get closer, but they are close<\/strong>&#8220;, explained the LaLiga president in a recent interview for the &#8216;ESPN&#8217; channel.<\/p>  <h2>The Camp Nou is taking shape for the Gamper<\/h2>  <p>In addition to the &#8216;Fair Play&#8217; issue, the azulgrana board hopes that Limak will get everything ready in the first and second tiers, as well as in the box and press area, to play the Gamper on August 10 against Como of Italy.<\/p>  <p>In principle, <a data-external=\"0\" data-intl-links-en=\"https:\/\/www.fcbarcelonanoticias.com\/en\/fc-barcelona\/joan-gamper-trophy-30000-seats-available-at-camp-nou_313480_102.html\" data-intl-links-es=\"https:\/\/www.fcbarcelonanoticias.com\/fc-barcelona\/nuevos-detalles-gamper-2025-cual-sera-aforo-spotify-camp-nou_313480_102.html\" href=\"https:\/\/www.fcbarcelonanoticias.com\/en\/fc-barcelona\/joan-gamper-trophy-30000-seats-available-at-camp-nou_313480_102.html\" rel=\"follow\" target=\"_self\" title=\"New details for the 2025 Gamper: What will be the capacity of the Spotify Camp Nou?\">the club expects a capacity of about 30,000 fans<\/a>, using the entire ring of the first tier and some sectors of the second. The first two amphitheaters already have almost all their seats installed, while work on accesses, changing rooms and other areas of the Estadi is also progressing at full speed to resolve all the necessary licenses.<\/p>  <p><strong>Bar\u00e7a plans to hold a rehearsal on July 28<\/strong>, with all the media and security personnel who usually attend the Estadi in an official match. Then the tickets will go on sale, which will probably sell out in a couple of hours. A month later, on September 14 or 15, it will be <a data-external=\"0\" data-intl-links-en=\"https:\/\/www.fcbarcelonanoticias.com\/en\/football\/laliga\/valencia-1st-opponent-of-fc-barcelona-at-renovated-spotify-camp-nou_313336_102.html\" data-intl-links-es=\"https:\/\/www.fcbarcelonanoticias.com\/futbol\/laliga\/valencia-10-rival-fc-barcelona-renovado-spotify-camp-nou_313336_102.html\" href=\"https:\/\/www.fcbarcelonanoticias.com\/en\/football\/laliga\/valencia-1st-opponent-of-fc-barcelona-at-renovated-spotify-camp-nou_313336_102.html\" rel=\"follow\" target=\"_self\" title=\"Valencia, 1st rival of Bar\u00e7a in the renovated Spotify Camp Nou\">the turn to debut in the League against Valencia<\/a>.<\/p>  <p><strong><u>FOLLOW US ON OUR SOCIAL NETWORKS:<\/u><\/strong><\/p>  <ol> <li>INSTAGRAM:&nbsp;<a data-external=\"1\" href=\"https:\/\/www.instagram.com\/en\/fcbarcelonanoticias_com?utm_source=ig_web_button_share_sheet&amp;igsh=M2ZxMGZmeGhsbGd3\" rel=\"nofollow\" target=\"_blank\" title=\"@fcbarcelonanoticias_com\">fcbarcelonanoticias_com<\/a> <\/li> \t<li>FACEBOOK:&nbsp;<a data-external=\"1\" href=\"https:\/\/www.facebook.com\/en\/wwwfcbarcelonanoticiascom\/\" rel=\"nofollow\" target=\"_blank\" title=\"FCBN\">FCBN<\/a> <\/li> \t<li>X (TWITTER):&nbsp;<a data-external=\"1\" href=\"https:\/\/x.com\/en\/FCBNOTICIAS\" rel=\"nofollow\" target=\"_blank\" title=\"@FCBNOTICIAS\">FCBNOTICIAS<\/a> <\/li> \t<li>THREADS:&nbsp;<a data-external=\"1\" href=\"https:\/\/www.threads.com\/en\/@fcbarcelonanoticias_com\" rel=\"nofollow\" target=\"_blank\" title=\"@fcbarcelonanoticias_com\">fcbarcelonanoticias_com<\/a> <\/li> <\/ol> ","protected":false},"excerpt":{"rendered":"<p>Less than a month before the Joan Gamper Trophy is played, the Spotify Camp Nou already has most of the seats enabled in the stands and boxes to receive the cul\u00e9 brotherhood The works at the Spotify Camp Nou are progressing at full speed in recent weeks. Less than a month before the dispute of [&hellip;]<\/p>\n","protected":false},"author":347,"featured_media":27607,"comment_status":"closed","ping_status":"open","sticky":false,"template":"","format":"standard","meta":{"_acf_changed":false,"inline_featured_image":false,"_nextfly_llmd_date_locked":false,"footnotes":""},"categories":[111],"tags":[82],"class_list":["post-35848","post","type-post","status-publish","format-standard","has-post-thumbnail","hentry","category-fc-barcelona","tag-camp-nou"],"acf":[],"yoast_head":"<!-- This site is optimized with the Yoast SEO plugin v27.3 - https:\/\/yoast.com\/product\/yoast-seo-wordpress\/ -->\n<title>This is how the works are progressing in the VIP boxes of the new Spotify Camp Nou<\/title>\n<meta name=\"description\" content=\"Less than a month before the Joan Gamper Trophy is played, the Spotify Camp Nou already has most of the seats enabled in the stands and boxes\" \/>\n<meta name=\"robots\" content=\"index, follow, max-snippet:-1, max-image-preview:large, max-video-preview:-1\" \/>\n<link rel=\"canonical\" href=\"https:\/\/www.fcbarcelonanoticias.com\/en\/fc-barcelona\/this-is-how-the-works-are-progressing-in-the-vip-boxes-of-the-new-camp-nou_313504_102.html\" \/>\n<meta property=\"og:locale\" content=\"en_US\" \/>\n<meta property=\"og:type\" content=\"article\" \/>\n<meta property=\"og:title\" content=\"This is how the works are progressing in the VIP boxes of the new Spotify Camp Nou\" \/>\n<meta property=\"og:description\" content=\"Less than a month before the Joan Gamper Trophy is played, the Spotify Camp Nou already has most of the seats enabled in the stands and boxes\" \/>\n<meta property=\"og:url\" content=\"https:\/\/www.fcbarcelonanoticias.com\/en\/fc-barcelona\/this-is-how-the-works-are-progressing-in-the-vip-boxes-of-the-new-camp-nou_313504_102.html\" \/>\n<meta property=\"og:site_name\" content=\"EN - FC Barcelona Noticias\" \/>\n<meta property=\"article:published_time\" content=\"2025-07-12T21:50:00+00:00\" \/>\n<meta property=\"article:modified_time\" content=\"2026-04-16T07:21:41+00:00\" \/>\n<meta property=\"og:image\" content=\"https:\/\/www.fcbarcelonanoticias.com\/en\/wp-content\/uploads\/sites\/2\/2026\/03\/palcos-vip-camp-nou.webp\" \/>\n\t<meta property=\"og:image:width\" content=\"1200\" \/>\n\t<meta property=\"og:image:height\" content=\"675\" \/>\n\t<meta property=\"og:image:type\" content=\"image\/webp\" \/>\n<meta name=\"author\" content=\"Andr\u00e9s Quiroz\" \/>\n<meta name=\"twitter:card\" content=\"summary_large_image\" \/>\n<meta name=\"twitter:label1\" content=\"Written by\" \/>\n\t<meta name=\"twitter:data1\" content=\"Andr\u00e9s Quiroz\" \/>\n\t<meta name=\"twitter:label2\" content=\"Est. reading time\" \/>\n\t<meta name=\"twitter:data2\" content=\"3 minutes\" \/>\n<script type=\"application\/ld+json\" class=\"yoast-schema-graph\">{\"@context\":\"https:\\\/\\\/schema.org\",\"@graph\":[{\"@type\":\"Article\",\"@id\":\"https:\\\/\\\/www.fcbarcelonanoticias.com\\\/en\\\/fc-barcelona\\\/this-is-how-the-works-are-progressing-in-the-vip-boxes-of-the-new-camp-nou_313504_102.html#article\",\"isPartOf\":{\"@id\":\"https:\\\/\\\/www.fcbarcelonanoticias.com\\\/en\\\/fc-barcelona\\\/this-is-how-the-works-are-progressing-in-the-vip-boxes-of-the-new-camp-nou_313504_102.html\"},\"author\":{\"name\":\"Andr\u00e9s Quiroz\",\"@id\":\"https:\\\/\\\/www.fcbarcelonanoticias.com\\\/en\\\/#\\\/schema\\\/person\\\/c2cd9f6fa1af5c0d0eccd0fefa575c88\"},\"headline\":\"This is how the works are progressing in the VIP boxes of the new Spotify Camp Nou\",\"datePublished\":\"2025-07-12T21:50:00+00:00\",\"dateModified\":\"2026-04-16T07:21:41+00:00\",\"mainEntityOfPage\":{\"@id\":\"https:\\\/\\\/www.fcbarcelonanoticias.com\\\/en\\\/fc-barcelona\\\/this-is-how-the-works-are-progressing-in-the-vip-boxes-of-the-new-camp-nou_313504_102.html\"},\"wordCount\":645,\"image\":{\"@id\":\"https:\\\/\\\/www.fcbarcelonanoticias.com\\\/en\\\/fc-barcelona\\\/this-is-how-the-works-are-progressing-in-the-vip-boxes-of-the-new-camp-nou_313504_102.html#primaryimage\"},\"thumbnailUrl\":\"https:\\\/\\\/www.fcbarcelonanoticias.com\\\/en\\\/wp-content\\\/uploads\\\/sites\\\/2\\\/2026\\\/03\\\/palcos-vip-camp-nou.webp\",\"keywords\":[\"Camp Nou\"],\"articleSection\":[\"FC Barcelona\"],\"inLanguage\":\"en-US\"},{\"@type\":\"WebPage\",\"@id\":\"https:\\\/\\\/www.fcbarcelonanoticias.com\\\/en\\\/fc-barcelona\\\/this-is-how-the-works-are-progressing-in-the-vip-boxes-of-the-new-camp-nou_313504_102.html\",\"url\":\"https:\\\/\\\/www.fcbarcelonanoticias.com\\\/en\\\/fc-barcelona\\\/this-is-how-the-works-are-progressing-in-the-vip-boxes-of-the-new-camp-nou_313504_102.html\",\"name\":\"This is how the works are progressing in the VIP boxes of the new Spotify Camp Nou\",\"isPartOf\":{\"@id\":\"https:\\\/\\\/www.fcbarcelonanoticias.com\\\/en\\\/#website\"},\"primaryImageOfPage\":{\"@id\":\"https:\\\/\\\/www.fcbarcelonanoticias.com\\\/en\\\/fc-barcelona\\\/this-is-how-the-works-are-progressing-in-the-vip-boxes-of-the-new-camp-nou_313504_102.html#primaryimage\"},\"image\":{\"@id\":\"https:\\\/\\\/www.fcbarcelonanoticias.com\\\/en\\\/fc-barcelona\\\/this-is-how-the-works-are-progressing-in-the-vip-boxes-of-the-new-camp-nou_313504_102.html#primaryimage\"},\"thumbnailUrl\":\"https:\\\/\\\/www.fcbarcelonanoticias.com\\\/en\\\/wp-content\\\/uploads\\\/sites\\\/2\\\/2026\\\/03\\\/palcos-vip-camp-nou.webp\",\"datePublished\":\"2025-07-12T21:50:00+00:00\",\"dateModified\":\"2026-04-16T07:21:41+00:00\",\"author\":{\"@id\":\"https:\\\/\\\/www.fcbarcelonanoticias.com\\\/en\\\/#\\\/schema\\\/person\\\/c2cd9f6fa1af5c0d0eccd0fefa575c88\"},\"description\":\"Less than a month before the Joan Gamper Trophy is played, the Spotify Camp Nou already has most of the seats enabled in the stands and boxes\",\"breadcrumb\":{\"@id\":\"https:\\\/\\\/www.fcbarcelonanoticias.com\\\/en\\\/fc-barcelona\\\/this-is-how-the-works-are-progressing-in-the-vip-boxes-of-the-new-camp-nou_313504_102.html#breadcrumb\"},\"inLanguage\":\"en-US\",\"potentialAction\":[{\"@type\":\"ReadAction\",\"target\":[\"https:\\\/\\\/www.fcbarcelonanoticias.com\\\/en\\\/fc-barcelona\\\/this-is-how-the-works-are-progressing-in-the-vip-boxes-of-the-new-camp-nou_313504_102.html\"]}]},{\"@type\":\"ImageObject\",\"inLanguage\":\"en-US\",\"@id\":\"https:\\\/\\\/www.fcbarcelonanoticias.com\\\/en\\\/fc-barcelona\\\/this-is-how-the-works-are-progressing-in-the-vip-boxes-of-the-new-camp-nou_313504_102.html#primaryimage\",\"url\":\"https:\\\/\\\/www.fcbarcelonanoticias.com\\\/en\\\/wp-content\\\/uploads\\\/sites\\\/2\\\/2026\\\/03\\\/palcos-vip-camp-nou.webp\",\"contentUrl\":\"https:\\\/\\\/www.fcbarcelonanoticias.com\\\/en\\\/wp-content\\\/uploads\\\/sites\\\/2\\\/2026\\\/03\\\/palcos-vip-camp-nou.webp\",\"width\":1200,\"height\":675},{\"@type\":\"BreadcrumbList\",\"@id\":\"https:\\\/\\\/www.fcbarcelonanoticias.com\\\/en\\\/fc-barcelona\\\/this-is-how-the-works-are-progressing-in-the-vip-boxes-of-the-new-camp-nou_313504_102.html#breadcrumb\",\"itemListElement\":[{\"@type\":\"ListItem\",\"position\":1,\"name\":\"Portada\",\"item\":\"https:\\\/\\\/www.fcbarcelonanoticias.com\\\/en\\\/\"},{\"@type\":\"ListItem\",\"position\":2,\"name\":\"This is how the works are progressing in the VIP boxes of the new Spotify Camp Nou\"}]},{\"@type\":\"WebSite\",\"@id\":\"https:\\\/\\\/www.fcbarcelonanoticias.com\\\/en\\\/#website\",\"url\":\"https:\\\/\\\/www.fcbarcelonanoticias.com\\\/en\\\/\",\"name\":\"EN - FC Barcelona Noticias\",\"description\":\"\",\"potentialAction\":[{\"@type\":\"SearchAction\",\"target\":{\"@type\":\"EntryPoint\",\"urlTemplate\":\"https:\\\/\\\/www.fcbarcelonanoticias.com\\\/en\\\/?s={search_term_string}\"},\"query-input\":{\"@type\":\"PropertyValueSpecification\",\"valueRequired\":true,\"valueName\":\"search_term_string\"}}],\"inLanguage\":\"en-US\"},{\"@type\":\"Person\",\"@id\":\"https:\\\/\\\/www.fcbarcelonanoticias.com\\\/en\\\/#\\\/schema\\\/person\\\/c2cd9f6fa1af5c0d0eccd0fefa575c88\",\"name\":\"Andr\u00e9s Quiroz\",\"image\":{\"@type\":\"ImageObject\",\"inLanguage\":\"en-US\",\"@id\":\"https:\\\/\\\/secure.gravatar.com\\\/avatar\\\/?s=96&d=mm&r=g\",\"url\":\"https:\\\/\\\/secure.gravatar.com\\\/avatar\\\/?s=96&d=mm&r=g\",\"contentUrl\":\"https:\\\/\\\/secure.gravatar.com\\\/avatar\\\/?s=96&d=mm&r=g\",\"caption\":\"Andr\u00e9s Quiroz\"},\"description\":\"Licenciado en Periodismo por la Universidad de los Andes. Me encargo de analizar y compartir los contenidos m\u00e1s destacados de la\u00a0actualidad del F\u00fatbol Club Barcelona, Mercado de Fichajes y F\u00fatbol Internacional en FCBN. La informaci\u00f3n es poder, pero tambi\u00e9n conocimiento.\",\"url\":\"https:\\\/\\\/www.fcbarcelonanoticias.com\\\/en\\\/fc-barcelona\\\/andres-quiroz_17_115.html\"}]}<\/script>\n<!-- \/ Yoast SEO plugin. -->","yoast_head_json":{"title":"This is how the works are progressing in the VIP boxes of the new Spotify Camp Nou","description":"Less than a month before the Joan Gamper Trophy is played, the Spotify Camp Nou already has most of the seats enabled in the stands and boxes","robots":{"index":"index","follow":"follow","max-snippet":"max-snippet:-1","max-image-preview":"max-image-preview:large","max-video-preview":"max-video-preview:-1"},"canonical":"https:\/\/www.fcbarcelonanoticias.com\/en\/fc-barcelona\/this-is-how-the-works-are-progressing-in-the-vip-boxes-of-the-new-camp-nou_313504_102.html","og_locale":"en_US","og_type":"article","og_title":"This is how the works are progressing in the VIP boxes of the new Spotify Camp Nou","og_description":"Less than a month before the Joan Gamper Trophy is played, the Spotify Camp Nou already has most of the seats enabled in the stands and boxes","og_url":"https:\/\/www.fcbarcelonanoticias.com\/en\/fc-barcelona\/this-is-how-the-works-are-progressing-in-the-vip-boxes-of-the-new-camp-nou_313504_102.html","og_site_name":"EN - FC Barcelona Noticias","article_published_time":"2025-07-12T21:50:00+00:00","article_modified_time":"2026-04-16T07:21:41+00:00","og_image":[{"width":1200,"height":675,"url":"https:\/\/www.fcbarcelonanoticias.com\/en\/wp-content\/uploads\/sites\/2\/2026\/03\/palcos-vip-camp-nou.webp","type":"image\/webp"}],"author":"Andr\u00e9s Quiroz","twitter_card":"summary_large_image","twitter_misc":{"Written by":"Andr\u00e9s Quiroz","Est. reading time":"3 minutes"},"schema":{"@context":"https:\/\/schema.org","@graph":[{"@type":"Article","@id":"https:\/\/www.fcbarcelonanoticias.com\/en\/fc-barcelona\/this-is-how-the-works-are-progressing-in-the-vip-boxes-of-the-new-camp-nou_313504_102.html#article","isPartOf":{"@id":"https:\/\/www.fcbarcelonanoticias.com\/en\/fc-barcelona\/this-is-how-the-works-are-progressing-in-the-vip-boxes-of-the-new-camp-nou_313504_102.html"},"author":{"name":"Andr\u00e9s Quiroz","@id":"https:\/\/www.fcbarcelonanoticias.com\/en\/#\/schema\/person\/c2cd9f6fa1af5c0d0eccd0fefa575c88"},"headline":"This is how the works are progressing in the VIP boxes of the new Spotify Camp Nou","datePublished":"2025-07-12T21:50:00+00:00","dateModified":"2026-04-16T07:21:41+00:00","mainEntityOfPage":{"@id":"https:\/\/www.fcbarcelonanoticias.com\/en\/fc-barcelona\/this-is-how-the-works-are-progressing-in-the-vip-boxes-of-the-new-camp-nou_313504_102.html"},"wordCount":645,"image":{"@id":"https:\/\/www.fcbarcelonanoticias.com\/en\/fc-barcelona\/this-is-how-the-works-are-progressing-in-the-vip-boxes-of-the-new-camp-nou_313504_102.html#primaryimage"},"thumbnailUrl":"https:\/\/www.fcbarcelonanoticias.com\/en\/wp-content\/uploads\/sites\/2\/2026\/03\/palcos-vip-camp-nou.webp","keywords":["Camp Nou"],"articleSection":["FC Barcelona"],"inLanguage":"en-US"},{"@type":"WebPage","@id":"https:\/\/www.fcbarcelonanoticias.com\/en\/fc-barcelona\/this-is-how-the-works-are-progressing-in-the-vip-boxes-of-the-new-camp-nou_313504_102.html","url":"https:\/\/www.fcbarcelonanoticias.com\/en\/fc-barcelona\/this-is-how-the-works-are-progressing-in-the-vip-boxes-of-the-new-camp-nou_313504_102.html","name":"This is how the works are progressing in the VIP boxes of the new Spotify Camp Nou","isPartOf":{"@id":"https:\/\/www.fcbarcelonanoticias.com\/en\/#website"},"primaryImageOfPage":{"@id":"https:\/\/www.fcbarcelonanoticias.com\/en\/fc-barcelona\/this-is-how-the-works-are-progressing-in-the-vip-boxes-of-the-new-camp-nou_313504_102.html#primaryimage"},"image":{"@id":"https:\/\/www.fcbarcelonanoticias.com\/en\/fc-barcelona\/this-is-how-the-works-are-progressing-in-the-vip-boxes-of-the-new-camp-nou_313504_102.html#primaryimage"},"thumbnailUrl":"https:\/\/www.fcbarcelonanoticias.com\/en\/wp-content\/uploads\/sites\/2\/2026\/03\/palcos-vip-camp-nou.webp","datePublished":"2025-07-12T21:50:00+00:00","dateModified":"2026-04-16T07:21:41+00:00","author":{"@id":"https:\/\/www.fcbarcelonanoticias.com\/en\/#\/schema\/person\/c2cd9f6fa1af5c0d0eccd0fefa575c88"},"description":"Less than a month before the Joan Gamper Trophy is played, the Spotify Camp Nou already has most of the seats enabled in the stands and boxes","breadcrumb":{"@id":"https:\/\/www.fcbarcelonanoticias.com\/en\/fc-barcelona\/this-is-how-the-works-are-progressing-in-the-vip-boxes-of-the-new-camp-nou_313504_102.html#breadcrumb"},"inLanguage":"en-US","potentialAction":[{"@type":"ReadAction","target":["https:\/\/www.fcbarcelonanoticias.com\/en\/fc-barcelona\/this-is-how-the-works-are-progressing-in-the-vip-boxes-of-the-new-camp-nou_313504_102.html"]}]},{"@type":"ImageObject","inLanguage":"en-US","@id":"https:\/\/www.fcbarcelonanoticias.com\/en\/fc-barcelona\/this-is-how-the-works-are-progressing-in-the-vip-boxes-of-the-new-camp-nou_313504_102.html#primaryimage","url":"https:\/\/www.fcbarcelonanoticias.com\/en\/wp-content\/uploads\/sites\/2\/2026\/03\/palcos-vip-camp-nou.webp","contentUrl":"https:\/\/www.fcbarcelonanoticias.com\/en\/wp-content\/uploads\/sites\/2\/2026\/03\/palcos-vip-camp-nou.webp","width":1200,"height":675},{"@type":"BreadcrumbList","@id":"https:\/\/www.fcbarcelonanoticias.com\/en\/fc-barcelona\/this-is-how-the-works-are-progressing-in-the-vip-boxes-of-the-new-camp-nou_313504_102.html#breadcrumb","itemListElement":[{"@type":"ListItem","position":1,"name":"Portada","item":"https:\/\/www.fcbarcelonanoticias.com\/en\/"},{"@type":"ListItem","position":2,"name":"This is how the works are progressing in the VIP boxes of the new Spotify Camp Nou"}]},{"@type":"WebSite","@id":"https:\/\/www.fcbarcelonanoticias.com\/en\/#website","url":"https:\/\/www.fcbarcelonanoticias.com\/en\/","name":"EN - FC Barcelona Noticias","description":"","potentialAction":[{"@type":"SearchAction","target":{"@type":"EntryPoint","urlTemplate":"https:\/\/www.fcbarcelonanoticias.com\/en\/?s={search_term_string}"},"query-input":{"@type":"PropertyValueSpecification","valueRequired":true,"valueName":"search_term_string"}}],"inLanguage":"en-US"},{"@type":"Person","@id":"https:\/\/www.fcbarcelonanoticias.com\/en\/#\/schema\/person\/c2cd9f6fa1af5c0d0eccd0fefa575c88","name":"Andr\u00e9s Quiroz","image":{"@type":"ImageObject","inLanguage":"en-US","@id":"https:\/\/secure.gravatar.com\/avatar\/?s=96&d=mm&r=g","url":"https:\/\/secure.gravatar.com\/avatar\/?s=96&d=mm&r=g","contentUrl":"https:\/\/secure.gravatar.com\/avatar\/?s=96&d=mm&r=g","caption":"Andr\u00e9s Quiroz"},"description":"Licenciado en Periodismo por la Universidad de los Andes. Me encargo de analizar y compartir los contenidos m\u00e1s destacados de la\u00a0actualidad del F\u00fatbol Club Barcelona, Mercado de Fichajes y F\u00fatbol Internacional en FCBN. La informaci\u00f3n es poder, pero tambi\u00e9n conocimiento.","url":"https:\/\/www.fcbarcelonanoticias.com\/en\/fc-barcelona\/andres-quiroz_17_115.html"}]}},"_links":{"self":[{"href":"https:\/\/www.fcbarcelonanoticias.com\/en\/wp-json\/wp\/v2\/posts\/35848","targetHints":{"allow":["GET"]}}],"collection":[{"href":"https:\/\/www.fcbarcelonanoticias.com\/en\/wp-json\/wp\/v2\/posts"}],"about":[{"href":"https:\/\/www.fcbarcelonanoticias.com\/en\/wp-json\/wp\/v2\/types\/post"}],"author":[{"embeddable":true,"href":"https:\/\/www.fcbarcelonanoticias.com\/en\/wp-json\/wp\/v2\/users\/347"}],"replies":[{"embeddable":true,"href":"https:\/\/www.fcbarcelonanoticias.com\/en\/wp-json\/wp\/v2\/comments?post=35848"}],"version-history":[{"count":3,"href":"https:\/\/www.fcbarcelonanoticias.com\/en\/wp-json\/wp\/v2\/posts\/35848\/revisions"}],"predecessor-version":[{"id":172854,"href":"https:\/\/www.fcbarcelonanoticias.com\/en\/wp-json\/wp\/v2\/posts\/35848\/revisions\/172854"}],"wp:featuredmedia":[{"embeddable":true,"href":"https:\/\/www.fcbarcelonanoticias.com\/en\/wp-json\/wp\/v2\/media\/27607"}],"wp:attachment":[{"href":"https:\/\/www.fcbarcelonanoticias.com\/en\/wp-json\/wp\/v2\/media?parent=35848"}],"wp:term":[{"taxonomy":"category","embeddable":true,"href":"https:\/\/www.fcbarcelonanoticias.com\/en\/wp-json\/wp\/v2\/categories?post=35848"},{"taxonomy":"post_tag","embeddable":true,"href":"https:\/\/www.fcbarcelonanoticias.com\/en\/wp-json\/wp\/v2\/tags?post=35848"}],"curies":[{"name":"wp","href":"https:\/\/api.w.org\/{rel}","templated":true}]}}