{"id":35851,"date":"2024-12-26T16:49:00","date_gmt":"2024-12-26T15:49:00","guid":{"rendered":"https:\/\/weisetech.dev\/fc-barcelona-noticias\/en\/this-was-lamine-yamal-christmas-message-to-fc-barcelona-fans_309621_102\/"},"modified":"2024-12-26T16:50:00","modified_gmt":"2024-12-26T15:50:00","slug":"this-was-lamine-yamal-christmas-message-to-fc-barcelona-fans_309621_102","status":"publish","type":"post","link":"https:\/\/www.fcbarcelonanoticias.com\/en\/fc-barcelona\/this-was-lamine-yamal-christmas-message-to-fc-barcelona-fans_309621_102.html","title":{"rendered":"This was Lamine Yamal&#8217;s Christmas message to the Bar\u00e7a fans"},"content":{"rendered":"<h2 class=\"wp-block-heading\">Lamine Yamal sent a brief Christmas greeting to the FC Barcelona fans and also revealed some of his traditions during this time, along with his goals for 2025<\/h2>  \r\n<div class=\"article-addons\">\r\n    <a href=\"https:\/\/www.fcbarcelonanoticias.com\/en\/calendar-fc-barcelona.html\"\r\n       target=\"_self\"\r\n       title=\"Calendar of FC Barcelona\"\r\n       class=\"blue-gredient-btn\">\r\n       \r\n        Calendar of FC Barcelona    <\/a>\r\n<\/div>   <p>FC Barcelona shared Lamine Yamal&#8217;s greeting for all the cul\u00e9 fans for the Christmas and New Year holidays. <strong>The player from Matar\u00f3 wore his usual smile during a workday at the Ciutat Esportiva Joan Gamper<\/strong>, where last week he began recovering from the injury to his right ankle that prevented him from playing the last match of Bar\u00e7a this year, against Atl\u00e9tico de Madrid.<\/p>  <div data-oembed-url=\"https:\/\/x.com\/FCBarcelona_es\/status\/1871843559533355307\"> <blockquote align=\"center\" class=\"twitter-tweet\" data-dnt=\"true\"> <p dir=\"ltr\" lang=\"es\">Lamine Yamal wishes you a Merry Christmas and a Happy New Year \ud83d\udcab <a href=\"https:\/\/t.co\/en\/hsjXr1Tkn7\">pic.twitter.com\/hsjXr1Tkn7<\/a><\/p> \u2014 FC Barcelona (@FCBarcelona_es) <a href=\"https:\/\/twitter.com\/en\/FCBarcelona_es\/status\/1871843559533355307?ref_src=twsrc%5Etfw\">December 25, 2024<\/a> <\/blockquote>  <\/div>  <p><strong>&#8220;How are you, culers? I wish you a Merry Christmas and a Happy New Year&#8221;<\/strong>, said the youth player in his message for the azulgrana networks. He also answered a fun quiz about the things he usually does during the holidays. Regarding food, he expressed his fondness for turr\u00f3n, while about his plans for New Year&#8217;s Eve, he confirmed that he will travel to Dubai with his family.<\/p>  <h3>Winning the treble with Bar\u00e7a, Lamine Yamal&#8217;s goal for 2025<\/h3>  <p>And, concerning his New Year&#8217;s resolutions, <strong>Lamine did not hesitate to aim high with Bar\u00e7a: to win LaLiga, the Copa del Rey, and the Champions League<\/strong>. He also made it clear that <strong>the biggest lesson learned in 2024 was to always be positive<\/strong>. The &#8217;19&#8217; closed a spectacular year after winning the Eurocup with Spain and the main awards for players under 21: the Kopa trophy and the Golden Boy, in addition to being included in FIFA&#8217;s ideal XI at just 17 years old.<\/p>  <div data-oembed-url=\"https:\/\/x.com\/FCBarcelona_es\/status\/1871254705944375374\"> <blockquote align=\"center\" class=\"twitter-tweet\" data-dnt=\"true\"> <p dir=\"ltr\" lang=\"es\">What does Lamine Yamal do at Christmas? \ud83d\udc40\ud83c\udf84 <a href=\"https:\/\/t.co\/en\/0lALCc8pOl\">pic.twitter.com\/0lALCc8pOl<\/a><\/p> \u2014 FC Barcelona (@FCBarcelona_es) <a href=\"https:\/\/twitter.com\/en\/FCBarcelona_es\/status\/1871254705944375374?ref_src=twsrc%5Etfw\">December 23, 2024<\/a> <\/blockquote>  <\/div>  <p>However, the player from Matar\u00f3 will start the year with the challenge of fully recovering from the right ankle injury suffered a couple of weeks ago against Legan\u00e9s. Initially, Yamal will be out until mid-January, although <a data-external=\"0\" data-intl-links-en=\"https:\/\/www.fcbarcelonanoticias.com\/en\/football-soccer\/fc-barcelona\/lamine-yamal\" data-intl-links-es=\"https:\/\/www.fcbarcelonanoticias.com\/futbol\/fc-barcelona\/lamine-yamal\" href=\"https:\/\/www.fcbarcelonanoticias.com\/en\/football-soccer\/fc-barcelona\/lamine-yamal\" rel=\"follow\" target=\"_self\" title=\"Lamine Yamal\">he will work hard starting next week to try to return for the Supercopa de Espa\u00f1a<\/a>. The club&#8217;s priority, however, is to give him the necessary time to avoid further issues in an area where the winger has already suffered two injuries this season.<\/p> ","protected":false},"excerpt":{"rendered":"<p>Lamine Yamal sent a brief Christmas greeting to the FC Barcelona fans and also revealed some of his traditions during this time, along with his goals for 2025 FC Barcelona shared Lamine Yamal&#8217;s greeting for all the cul\u00e9 fans for the Christmas and New Year holidays. The player from Matar\u00f3 wore his usual smile during [&hellip;]<\/p>\n","protected":false},"author":347,"featured_media":111347,"comment_status":"closed","ping_status":"open","sticky":false,"template":"","format":"standard","meta":{"_acf_changed":false,"inline_featured_image":false,"_nextfly_llmd_date_locked":false,"footnotes":""},"categories":[111],"tags":[175],"class_list":["post-35851","post","type-post","status-publish","format-standard","has-post-thumbnail","hentry","category-fc-barcelona","tag-viral"],"acf":[],"yoast_head":"<!-- This site is optimized with the Yoast SEO plugin v27.3 - https:\/\/yoast.com\/product\/yoast-seo-wordpress\/ -->\n<title>This was Lamine Yamal&#039;s Christmas message to the Bar\u00e7a fans<\/title>\n<meta name=\"description\" content=\"Lamine Yamal sent a brief Christmas greeting to the FC Barcelona fans and also revealed some of his traditions during this time, along with his goals for 2025\" \/>\n<meta name=\"robots\" content=\"index, follow, max-snippet:-1, max-image-preview:large, max-video-preview:-1\" \/>\n<link rel=\"canonical\" href=\"https:\/\/www.fcbarcelonanoticias.com\/en\/fc-barcelona\/this-was-lamine-yamal-christmas-message-to-fc-barcelona-fans_309621_102.html\" \/>\n<meta property=\"og:locale\" content=\"en_US\" \/>\n<meta property=\"og:type\" content=\"article\" \/>\n<meta property=\"og:title\" content=\"This was Lamine Yamal&#039;s Christmas message to the Bar\u00e7a fans\" \/>\n<meta property=\"og:description\" content=\"Lamine Yamal sent a brief Christmas greeting to the FC Barcelona fans and also revealed some of his traditions during this time, along with his goals for 2025\" \/>\n<meta property=\"og:url\" content=\"https:\/\/www.fcbarcelonanoticias.com\/en\/fc-barcelona\/this-was-lamine-yamal-christmas-message-to-fc-barcelona-fans_309621_102.html\" \/>\n<meta property=\"og:site_name\" content=\"EN - FC Barcelona Noticias\" \/>\n<meta property=\"article:published_time\" content=\"2024-12-26T15:49:00+00:00\" \/>\n<meta property=\"article:modified_time\" content=\"2024-12-26T15:50:00+00:00\" \/>\n<meta property=\"og:image\" content=\"https:\/\/www.fcbarcelonanoticias.com\/en\/wp-content\/uploads\/sites\/2\/2024\/12\/lamine-yamal-v-valencia-1-scaled.jpeg\" \/>\n\t<meta property=\"og:image:width\" content=\"2560\" \/>\n\t<meta property=\"og:image:height\" content=\"1784\" \/>\n\t<meta property=\"og:image:type\" content=\"image\/jpeg\" \/>\n<meta name=\"author\" content=\"Andr\u00e9s Quiroz\" \/>\n<meta name=\"twitter:card\" content=\"summary_large_image\" \/>\n<meta name=\"twitter:label1\" content=\"Written by\" \/>\n\t<meta name=\"twitter:data1\" content=\"Andr\u00e9s Quiroz\" \/>\n\t<meta name=\"twitter:label2\" content=\"Est. reading time\" \/>\n\t<meta name=\"twitter:data2\" content=\"2 minutes\" \/>\n<script type=\"application\/ld+json\" class=\"yoast-schema-graph\">{\"@context\":\"https:\\\/\\\/schema.org\",\"@graph\":[{\"@type\":\"Article\",\"@id\":\"https:\\\/\\\/www.fcbarcelonanoticias.com\\\/en\\\/fc-barcelona\\\/this-was-lamine-yamal-christmas-message-to-fc-barcelona-fans_309621_102.html#article\",\"isPartOf\":{\"@id\":\"https:\\\/\\\/www.fcbarcelonanoticias.com\\\/en\\\/fc-barcelona\\\/this-was-lamine-yamal-christmas-message-to-fc-barcelona-fans_309621_102.html\"},\"author\":{\"name\":\"Andr\u00e9s Quiroz\",\"@id\":\"https:\\\/\\\/www.fcbarcelonanoticias.com\\\/en\\\/#\\\/schema\\\/person\\\/c2cd9f6fa1af5c0d0eccd0fefa575c88\"},\"headline\":\"This was Lamine Yamal&#8217;s Christmas message to the Bar\u00e7a fans\",\"datePublished\":\"2024-12-26T15:49:00+00:00\",\"dateModified\":\"2024-12-26T15:50:00+00:00\",\"mainEntityOfPage\":{\"@id\":\"https:\\\/\\\/www.fcbarcelonanoticias.com\\\/en\\\/fc-barcelona\\\/this-was-lamine-yamal-christmas-message-to-fc-barcelona-fans_309621_102.html\"},\"wordCount\":392,\"image\":{\"@id\":\"https:\\\/\\\/www.fcbarcelonanoticias.com\\\/en\\\/fc-barcelona\\\/this-was-lamine-yamal-christmas-message-to-fc-barcelona-fans_309621_102.html#primaryimage\"},\"thumbnailUrl\":\"https:\\\/\\\/www.fcbarcelonanoticias.com\\\/en\\\/wp-content\\\/uploads\\\/sites\\\/2\\\/2024\\\/12\\\/lamine-yamal-v-valencia-1-scaled.jpeg\",\"keywords\":[\"Viral\"],\"articleSection\":[\"FC Barcelona\"],\"inLanguage\":\"en-US\"},{\"@type\":\"WebPage\",\"@id\":\"https:\\\/\\\/www.fcbarcelonanoticias.com\\\/en\\\/fc-barcelona\\\/this-was-lamine-yamal-christmas-message-to-fc-barcelona-fans_309621_102.html\",\"url\":\"https:\\\/\\\/www.fcbarcelonanoticias.com\\\/en\\\/fc-barcelona\\\/this-was-lamine-yamal-christmas-message-to-fc-barcelona-fans_309621_102.html\",\"name\":\"This was Lamine Yamal's Christmas message to the Bar\u00e7a fans\",\"isPartOf\":{\"@id\":\"https:\\\/\\\/www.fcbarcelonanoticias.com\\\/en\\\/#website\"},\"primaryImageOfPage\":{\"@id\":\"https:\\\/\\\/www.fcbarcelonanoticias.com\\\/en\\\/fc-barcelona\\\/this-was-lamine-yamal-christmas-message-to-fc-barcelona-fans_309621_102.html#primaryimage\"},\"image\":{\"@id\":\"https:\\\/\\\/www.fcbarcelonanoticias.com\\\/en\\\/fc-barcelona\\\/this-was-lamine-yamal-christmas-message-to-fc-barcelona-fans_309621_102.html#primaryimage\"},\"thumbnailUrl\":\"https:\\\/\\\/www.fcbarcelonanoticias.com\\\/en\\\/wp-content\\\/uploads\\\/sites\\\/2\\\/2024\\\/12\\\/lamine-yamal-v-valencia-1-scaled.jpeg\",\"datePublished\":\"2024-12-26T15:49:00+00:00\",\"dateModified\":\"2024-12-26T15:50:00+00:00\",\"author\":{\"@id\":\"https:\\\/\\\/www.fcbarcelonanoticias.com\\\/en\\\/#\\\/schema\\\/person\\\/c2cd9f6fa1af5c0d0eccd0fefa575c88\"},\"description\":\"Lamine Yamal sent a brief Christmas greeting to the FC Barcelona fans and also revealed some of his traditions during this time, along with his goals for 2025\",\"breadcrumb\":{\"@id\":\"https:\\\/\\\/www.fcbarcelonanoticias.com\\\/en\\\/fc-barcelona\\\/this-was-lamine-yamal-christmas-message-to-fc-barcelona-fans_309621_102.html#breadcrumb\"},\"inLanguage\":\"en-US\",\"potentialAction\":[{\"@type\":\"ReadAction\",\"target\":[\"https:\\\/\\\/www.fcbarcelonanoticias.com\\\/en\\\/fc-barcelona\\\/this-was-lamine-yamal-christmas-message-to-fc-barcelona-fans_309621_102.html\"]}]},{\"@type\":\"ImageObject\",\"inLanguage\":\"en-US\",\"@id\":\"https:\\\/\\\/www.fcbarcelonanoticias.com\\\/en\\\/fc-barcelona\\\/this-was-lamine-yamal-christmas-message-to-fc-barcelona-fans_309621_102.html#primaryimage\",\"url\":\"https:\\\/\\\/www.fcbarcelonanoticias.com\\\/en\\\/wp-content\\\/uploads\\\/sites\\\/2\\\/2024\\\/12\\\/lamine-yamal-v-valencia-1-scaled.jpeg\",\"contentUrl\":\"https:\\\/\\\/www.fcbarcelonanoticias.com\\\/en\\\/wp-content\\\/uploads\\\/sites\\\/2\\\/2024\\\/12\\\/lamine-yamal-v-valencia-1-scaled.jpeg\",\"width\":2560,\"height\":1784},{\"@type\":\"BreadcrumbList\",\"@id\":\"https:\\\/\\\/www.fcbarcelonanoticias.com\\\/en\\\/fc-barcelona\\\/this-was-lamine-yamal-christmas-message-to-fc-barcelona-fans_309621_102.html#breadcrumb\",\"itemListElement\":[{\"@type\":\"ListItem\",\"position\":1,\"name\":\"Portada\",\"item\":\"https:\\\/\\\/www.fcbarcelonanoticias.com\\\/en\\\/\"},{\"@type\":\"ListItem\",\"position\":2,\"name\":\"This was Lamine Yamal&#8217;s Christmas message to the Bar\u00e7a fans\"}]},{\"@type\":\"WebSite\",\"@id\":\"https:\\\/\\\/www.fcbarcelonanoticias.com\\\/en\\\/#website\",\"url\":\"https:\\\/\\\/www.fcbarcelonanoticias.com\\\/en\\\/\",\"name\":\"EN - FC Barcelona Noticias\",\"description\":\"\",\"potentialAction\":[{\"@type\":\"SearchAction\",\"target\":{\"@type\":\"EntryPoint\",\"urlTemplate\":\"https:\\\/\\\/www.fcbarcelonanoticias.com\\\/en\\\/?s={search_term_string}\"},\"query-input\":{\"@type\":\"PropertyValueSpecification\",\"valueRequired\":true,\"valueName\":\"search_term_string\"}}],\"inLanguage\":\"en-US\"},{\"@type\":\"Person\",\"@id\":\"https:\\\/\\\/www.fcbarcelonanoticias.com\\\/en\\\/#\\\/schema\\\/person\\\/c2cd9f6fa1af5c0d0eccd0fefa575c88\",\"name\":\"Andr\u00e9s Quiroz\",\"image\":{\"@type\":\"ImageObject\",\"inLanguage\":\"en-US\",\"@id\":\"https:\\\/\\\/secure.gravatar.com\\\/avatar\\\/?s=96&d=mm&r=g\",\"url\":\"https:\\\/\\\/secure.gravatar.com\\\/avatar\\\/?s=96&d=mm&r=g\",\"contentUrl\":\"https:\\\/\\\/secure.gravatar.com\\\/avatar\\\/?s=96&d=mm&r=g\",\"caption\":\"Andr\u00e9s Quiroz\"},\"description\":\"Licenciado en Periodismo por la Universidad de los Andes. Me encargo de analizar y compartir los contenidos m\u00e1s destacados de la\u00a0actualidad del F\u00fatbol Club Barcelona, Mercado de Fichajes y F\u00fatbol Internacional en FCBN. La informaci\u00f3n es poder, pero tambi\u00e9n conocimiento.\",\"url\":\"https:\\\/\\\/www.fcbarcelonanoticias.com\\\/en\\\/fc-barcelona\\\/andres-quiroz_17_115.html\"}]}<\/script>\n<!-- \/ Yoast SEO plugin. -->","yoast_head_json":{"title":"This was Lamine Yamal's Christmas message to the Bar\u00e7a fans","description":"Lamine Yamal sent a brief Christmas greeting to the FC Barcelona fans and also revealed some of his traditions during this time, along with his goals for 2025","robots":{"index":"index","follow":"follow","max-snippet":"max-snippet:-1","max-image-preview":"max-image-preview:large","max-video-preview":"max-video-preview:-1"},"canonical":"https:\/\/www.fcbarcelonanoticias.com\/en\/fc-barcelona\/this-was-lamine-yamal-christmas-message-to-fc-barcelona-fans_309621_102.html","og_locale":"en_US","og_type":"article","og_title":"This was Lamine Yamal's Christmas message to the Bar\u00e7a fans","og_description":"Lamine Yamal sent a brief Christmas greeting to the FC Barcelona fans and also revealed some of his traditions during this time, along with his goals for 2025","og_url":"https:\/\/www.fcbarcelonanoticias.com\/en\/fc-barcelona\/this-was-lamine-yamal-christmas-message-to-fc-barcelona-fans_309621_102.html","og_site_name":"EN - FC Barcelona Noticias","article_published_time":"2024-12-26T15:49:00+00:00","article_modified_time":"2024-12-26T15:50:00+00:00","og_image":[{"width":2560,"height":1784,"url":"https:\/\/www.fcbarcelonanoticias.com\/en\/wp-content\/uploads\/sites\/2\/2024\/12\/lamine-yamal-v-valencia-1-scaled.jpeg","type":"image\/jpeg"}],"author":"Andr\u00e9s Quiroz","twitter_card":"summary_large_image","twitter_misc":{"Written by":"Andr\u00e9s Quiroz","Est. reading time":"2 minutes"},"schema":{"@context":"https:\/\/schema.org","@graph":[{"@type":"Article","@id":"https:\/\/www.fcbarcelonanoticias.com\/en\/fc-barcelona\/this-was-lamine-yamal-christmas-message-to-fc-barcelona-fans_309621_102.html#article","isPartOf":{"@id":"https:\/\/www.fcbarcelonanoticias.com\/en\/fc-barcelona\/this-was-lamine-yamal-christmas-message-to-fc-barcelona-fans_309621_102.html"},"author":{"name":"Andr\u00e9s Quiroz","@id":"https:\/\/www.fcbarcelonanoticias.com\/en\/#\/schema\/person\/c2cd9f6fa1af5c0d0eccd0fefa575c88"},"headline":"This was Lamine Yamal&#8217;s Christmas message to the Bar\u00e7a fans","datePublished":"2024-12-26T15:49:00+00:00","dateModified":"2024-12-26T15:50:00+00:00","mainEntityOfPage":{"@id":"https:\/\/www.fcbarcelonanoticias.com\/en\/fc-barcelona\/this-was-lamine-yamal-christmas-message-to-fc-barcelona-fans_309621_102.html"},"wordCount":392,"image":{"@id":"https:\/\/www.fcbarcelonanoticias.com\/en\/fc-barcelona\/this-was-lamine-yamal-christmas-message-to-fc-barcelona-fans_309621_102.html#primaryimage"},"thumbnailUrl":"https:\/\/www.fcbarcelonanoticias.com\/en\/wp-content\/uploads\/sites\/2\/2024\/12\/lamine-yamal-v-valencia-1-scaled.jpeg","keywords":["Viral"],"articleSection":["FC Barcelona"],"inLanguage":"en-US"},{"@type":"WebPage","@id":"https:\/\/www.fcbarcelonanoticias.com\/en\/fc-barcelona\/this-was-lamine-yamal-christmas-message-to-fc-barcelona-fans_309621_102.html","url":"https:\/\/www.fcbarcelonanoticias.com\/en\/fc-barcelona\/this-was-lamine-yamal-christmas-message-to-fc-barcelona-fans_309621_102.html","name":"This was Lamine Yamal's Christmas message to the Bar\u00e7a fans","isPartOf":{"@id":"https:\/\/www.fcbarcelonanoticias.com\/en\/#website"},"primaryImageOfPage":{"@id":"https:\/\/www.fcbarcelonanoticias.com\/en\/fc-barcelona\/this-was-lamine-yamal-christmas-message-to-fc-barcelona-fans_309621_102.html#primaryimage"},"image":{"@id":"https:\/\/www.fcbarcelonanoticias.com\/en\/fc-barcelona\/this-was-lamine-yamal-christmas-message-to-fc-barcelona-fans_309621_102.html#primaryimage"},"thumbnailUrl":"https:\/\/www.fcbarcelonanoticias.com\/en\/wp-content\/uploads\/sites\/2\/2024\/12\/lamine-yamal-v-valencia-1-scaled.jpeg","datePublished":"2024-12-26T15:49:00+00:00","dateModified":"2024-12-26T15:50:00+00:00","author":{"@id":"https:\/\/www.fcbarcelonanoticias.com\/en\/#\/schema\/person\/c2cd9f6fa1af5c0d0eccd0fefa575c88"},"description":"Lamine Yamal sent a brief Christmas greeting to the FC Barcelona fans and also revealed some of his traditions during this time, along with his goals for 2025","breadcrumb":{"@id":"https:\/\/www.fcbarcelonanoticias.com\/en\/fc-barcelona\/this-was-lamine-yamal-christmas-message-to-fc-barcelona-fans_309621_102.html#breadcrumb"},"inLanguage":"en-US","potentialAction":[{"@type":"ReadAction","target":["https:\/\/www.fcbarcelonanoticias.com\/en\/fc-barcelona\/this-was-lamine-yamal-christmas-message-to-fc-barcelona-fans_309621_102.html"]}]},{"@type":"ImageObject","inLanguage":"en-US","@id":"https:\/\/www.fcbarcelonanoticias.com\/en\/fc-barcelona\/this-was-lamine-yamal-christmas-message-to-fc-barcelona-fans_309621_102.html#primaryimage","url":"https:\/\/www.fcbarcelonanoticias.com\/en\/wp-content\/uploads\/sites\/2\/2024\/12\/lamine-yamal-v-valencia-1-scaled.jpeg","contentUrl":"https:\/\/www.fcbarcelonanoticias.com\/en\/wp-content\/uploads\/sites\/2\/2024\/12\/lamine-yamal-v-valencia-1-scaled.jpeg","width":2560,"height":1784},{"@type":"BreadcrumbList","@id":"https:\/\/www.fcbarcelonanoticias.com\/en\/fc-barcelona\/this-was-lamine-yamal-christmas-message-to-fc-barcelona-fans_309621_102.html#breadcrumb","itemListElement":[{"@type":"ListItem","position":1,"name":"Portada","item":"https:\/\/www.fcbarcelonanoticias.com\/en\/"},{"@type":"ListItem","position":2,"name":"This was Lamine Yamal&#8217;s Christmas message to the Bar\u00e7a fans"}]},{"@type":"WebSite","@id":"https:\/\/www.fcbarcelonanoticias.com\/en\/#website","url":"https:\/\/www.fcbarcelonanoticias.com\/en\/","name":"EN - FC Barcelona Noticias","description":"","potentialAction":[{"@type":"SearchAction","target":{"@type":"EntryPoint","urlTemplate":"https:\/\/www.fcbarcelonanoticias.com\/en\/?s={search_term_string}"},"query-input":{"@type":"PropertyValueSpecification","valueRequired":true,"valueName":"search_term_string"}}],"inLanguage":"en-US"},{"@type":"Person","@id":"https:\/\/www.fcbarcelonanoticias.com\/en\/#\/schema\/person\/c2cd9f6fa1af5c0d0eccd0fefa575c88","name":"Andr\u00e9s Quiroz","image":{"@type":"ImageObject","inLanguage":"en-US","@id":"https:\/\/secure.gravatar.com\/avatar\/?s=96&d=mm&r=g","url":"https:\/\/secure.gravatar.com\/avatar\/?s=96&d=mm&r=g","contentUrl":"https:\/\/secure.gravatar.com\/avatar\/?s=96&d=mm&r=g","caption":"Andr\u00e9s Quiroz"},"description":"Licenciado en Periodismo por la Universidad de los Andes. Me encargo de analizar y compartir los contenidos m\u00e1s destacados de la\u00a0actualidad del F\u00fatbol Club Barcelona, Mercado de Fichajes y F\u00fatbol Internacional en FCBN. La informaci\u00f3n es poder, pero tambi\u00e9n conocimiento.","url":"https:\/\/www.fcbarcelonanoticias.com\/en\/fc-barcelona\/andres-quiroz_17_115.html"}]}},"_links":{"self":[{"href":"https:\/\/www.fcbarcelonanoticias.com\/en\/wp-json\/wp\/v2\/posts\/35851","targetHints":{"allow":["GET"]}}],"collection":[{"href":"https:\/\/www.fcbarcelonanoticias.com\/en\/wp-json\/wp\/v2\/posts"}],"about":[{"href":"https:\/\/www.fcbarcelonanoticias.com\/en\/wp-json\/wp\/v2\/types\/post"}],"author":[{"embeddable":true,"href":"https:\/\/www.fcbarcelonanoticias.com\/en\/wp-json\/wp\/v2\/users\/347"}],"replies":[{"embeddable":true,"href":"https:\/\/www.fcbarcelonanoticias.com\/en\/wp-json\/wp\/v2\/comments?post=35851"}],"version-history":[{"count":1,"href":"https:\/\/www.fcbarcelonanoticias.com\/en\/wp-json\/wp\/v2\/posts\/35851\/revisions"}],"predecessor-version":[{"id":111344,"href":"https:\/\/www.fcbarcelonanoticias.com\/en\/wp-json\/wp\/v2\/posts\/35851\/revisions\/111344"}],"wp:featuredmedia":[{"embeddable":true,"href":"https:\/\/www.fcbarcelonanoticias.com\/en\/wp-json\/wp\/v2\/media\/111347"}],"wp:attachment":[{"href":"https:\/\/www.fcbarcelonanoticias.com\/en\/wp-json\/wp\/v2\/media?parent=35851"}],"wp:term":[{"taxonomy":"category","embeddable":true,"href":"https:\/\/www.fcbarcelonanoticias.com\/en\/wp-json\/wp\/v2\/categories?post=35851"},{"taxonomy":"post_tag","embeddable":true,"href":"https:\/\/www.fcbarcelonanoticias.com\/en\/wp-json\/wp\/v2\/tags?post=35851"}],"curies":[{"name":"wp","href":"https:\/\/api.w.org\/{rel}","templated":true}]}}