{"id":3590,"date":"2022-10-03T14:50:00","date_gmt":"2022-10-03T12:50:00","guid":{"rendered":"https:\/\/weisetech.dev\/fc-barcelona-noticias\/en\/the-barca-could-do-that-the-project-of-the-inter-finish-of_285028_102\/"},"modified":"2022-10-03T14:50:00","modified_gmt":"2022-10-03T12:50:00","slug":"the-barca-could-do-that-the-project-of-the-inter-finish-of_285028_102","status":"publish","type":"post","link":"https:\/\/www.fcbarcelonanoticias.com\/en\/champions-league\/the-barca-could-do-that-the-project-of-the-inter-finish-of_285028_102.html","title":{"rendered":"Bar\u00e7a could make the Inter project finish &#8216;jumping through the air&#8217;"},"content":{"rendered":"<h2 class=\"wp-block-heading\">A defeat of Inter against Bar\u00e7a in the Champions League could cause radical changes in the club. The Lombards add four defeats in their last six appearances and cannot continue to fail<\/h2>  \r\n<div class=\"article-addons\">\r\n    <a href=\"https:\/\/www.fcbarcelonanoticias.com\/en\/calendar-fc-barcelona.html\"\r\n       target=\"_self\"\r\n       title=\"Calendar of FC Barcelona\"\r\n       class=\"blue-gredient-btn\">\r\n       \r\n        Calendar of FC Barcelona    <\/a>\r\n<\/div>   <p>The <a data-external=\"0\" data-intl-links-en=\"https:\/\/www.fcbarcelonanoticias.com\/en\/international-football\/the-rome-of-mourinho-leaves-to-the-inter-touched-for-the-champi_284974_102.html\" data-intl-links-es=\"https:\/\/www.fcbarcelonanoticias.com\/futbol-internacional\/roma-mourinho-deja-inter-tocado-champions-1-2_284974_102.html\" href=\"https:\/\/www.fcbarcelonanoticias.com\/en\/international-football\/the-rome-of-mourinho-leaves-to-the-inter-touched-for-the-champi_284974_102.html\" rel=\"follow\" target=\"_self\" title=\"La Roma de Mourinho deja al Inter 'tocado' para la Champions (1-2)\">Inter of Milan<\/a> has not had a good start of season and now prepares for a transcendental duel in the third date of the League of Champions in front of the FC Barcelona. <strong>The lombardos will not arrive with all his pieces in conditions to face the commitment<\/strong>, a prologue of nightmare for Simone Inzaghi, the one who could see peligrar his place in case of not obtaining a favourable result.<\/p>  <p>The &#8216;nerazzurri&#8217; come to lose in the past date of the Series To in front of the Rome of Jos\u00e9 Mourinho, what has moved them away of the squares that give access to the European competitions. At present, they situate in the eighth box of the classification and <strong>need to begin to win for scalar positions in the Calcium. In the Champions, the aim is the same<\/strong>.<\/p>  <p><strong>The Italian picture is third in the group C of the continental tournament with three points, the same that the Barcelona<\/strong>, but with worse differential goleador, in a comfortably led group by the Bayern of Munich, that won his first presentations in front of both teams. By his part, Viktoria Plzen situates in the &#8216;basement&#8217; of the classification without adding units until the moment.<\/p>  <h3>All the pressure on Inzaghi<\/h3>  <p>The trainer of the &#8216;Biscione&#8217; has fallen in four of his last six presentations, what has lit the alarms in Giuseppe Meazza. The arrival of <a data-external=\"0\" data-intl-links-en=\"https:\/\/www.fcbarcelonanoticias.com\/en\/international-football\/lukaku-did-not-play-in-front-of-the-rome-and-is-serious-drop-in-front-of-the-barca_284977_102.html\" data-intl-links-es=\"https:\/\/www.fcbarcelonanoticias.com\/futbol-internacional\/lukaku-no-jugo-roma-seria-baja-barcelona_284977_102.html\" href=\"https:\/\/www.fcbarcelonanoticias.com\/en\/international-football\/lukaku-did-not-play-in-front-of-the-rome-and-is-serious-drop-in-front-of-the-barca_284977_102.html\" rel=\"follow\" target=\"_self\" title=\"Lukaku no jug\u00f3 ante la Roma y se perder\u00e1 el partido frente al Bar\u00e7a\">Romelu Lukaku<\/a>, that luc\u00eda like one of the greater bazas of face to the season, has not been able to surrender his fruits, all time that from finals of August<strong> the international Belgian comes dragging injuries and neither will be in front of the Bar\u00e7a<\/strong>.<\/p>  <p>From Italy affirm that the party in front of the Barcelona could define the destination of Inzaghi, the one who from the defeat in front of the &#8216;giallorossi&#8217; has admitted that it feels in danger: <strong>&#8220;If I seat me in risk? In risk are each week&#8221;<\/strong>. A defeat the Tuesday will put the classification of the lombardos like an almost impossible mission, remaining with the obligation to win in front of the Bayern and the Bar\u00e7a in condition of visitor.<\/p> ","protected":false},"excerpt":{"rendered":"<p>A defeat of Inter against Bar\u00e7a in the Champions League could cause radical changes in the club. The Lombards add four defeats in their last six appearances and cannot continue to fail The Inter of Milan has not had a good start of season and now prepares for a transcendental duel in the third date [&hellip;]<\/p>\n","protected":false},"author":378,"featured_media":1252,"comment_status":"closed","ping_status":"open","sticky":false,"template":"","format":"standard","meta":{"_acf_changed":false,"inline_featured_image":false,"_nextfly_llmd_date_locked":false,"footnotes":""},"categories":[112,447],"tags":[100],"class_list":["post-3590","post","type-post","status-publish","format-standard","has-post-thumbnail","hentry","category-champions-league","category-champions-league-2","tag-inter-milan"],"acf":[],"yoast_head":"<!-- This site is optimized with the Yoast SEO plugin v27.3 - https:\/\/yoast.com\/product\/yoast-seo-wordpress\/ -->\n<title>Bar\u00e7a could make the Inter project finish &#039;jumping through the air&#039;<\/title>\n<meta name=\"description\" content=\"A defeat of the Inter in front of the Bar\u00e7a in the Champions could cause radical changes in the club. The lombardos add four defeats in his last six p...\" \/>\n<meta name=\"robots\" content=\"index, follow, max-snippet:-1, max-image-preview:large, max-video-preview:-1\" \/>\n<link rel=\"canonical\" href=\"https:\/\/www.fcbarcelonanoticias.com\/en\/champions-league\/the-barca-could-do-that-the-project-of-the-inter-finish-of_285028_102.html\" \/>\n<meta property=\"og:locale\" content=\"en_US\" \/>\n<meta property=\"og:type\" content=\"article\" \/>\n<meta property=\"og:title\" content=\"Bar\u00e7a could make the Inter project finish &#039;jumping through the air&#039;\" \/>\n<meta property=\"og:description\" content=\"A defeat of the Inter in front of the Bar\u00e7a in the Champions could cause radical changes in the club. The lombardos add four defeats in his last six p...\" \/>\n<meta property=\"og:url\" content=\"https:\/\/www.fcbarcelonanoticias.com\/en\/champions-league\/the-barca-could-do-that-the-project-of-the-inter-finish-of_285028_102.html\" \/>\n<meta property=\"og:site_name\" content=\"EN - FC Barcelona Noticias\" \/>\n<meta property=\"article:published_time\" content=\"2022-10-03T12:50:00+00:00\" \/>\n<meta property=\"og:image\" content=\"https:\/\/www.fcbarcelonanoticias.com\/en\/wp-content\/uploads\/sites\/2\/2022\/10\/udinese-calcio-v-fc-internazionale-serie-a-1.jpeg\" \/>\n\t<meta property=\"og:image:width\" content=\"1200\" \/>\n\t<meta property=\"og:image:height\" content=\"740\" \/>\n\t<meta property=\"og:image:type\" content=\"image\/jpeg\" \/>\n<meta name=\"author\" content=\"user_4034\" \/>\n<meta name=\"twitter:card\" content=\"summary_large_image\" \/>\n<meta name=\"twitter:label1\" content=\"Written by\" \/>\n\t<meta name=\"twitter:data1\" content=\"user_4034\" \/>\n\t<meta name=\"twitter:label2\" content=\"Est. reading time\" \/>\n\t<meta name=\"twitter:data2\" content=\"2 minutes\" \/>\n<script type=\"application\/ld+json\" class=\"yoast-schema-graph\">{\"@context\":\"https:\\\/\\\/schema.org\",\"@graph\":[{\"@type\":\"Article\",\"@id\":\"https:\\\/\\\/www.fcbarcelonanoticias.com\\\/en\\\/champions-league\\\/the-barca-could-do-that-the-project-of-the-inter-finish-of_285028_102.html#article\",\"isPartOf\":{\"@id\":\"https:\\\/\\\/www.fcbarcelonanoticias.com\\\/en\\\/champions-league\\\/the-barca-could-do-that-the-project-of-the-inter-finish-of_285028_102.html\"},\"author\":{\"name\":\"user_4034\",\"@id\":\"https:\\\/\\\/www.fcbarcelonanoticias.com\\\/en\\\/#\\\/schema\\\/person\\\/af5ca539abaaa1bd2753d05ef7a706d0\"},\"headline\":\"Bar\u00e7a could make the Inter project finish &#8216;jumping through the air&#8217;\",\"datePublished\":\"2022-10-03T12:50:00+00:00\",\"mainEntityOfPage\":{\"@id\":\"https:\\\/\\\/www.fcbarcelonanoticias.com\\\/en\\\/champions-league\\\/the-barca-could-do-that-the-project-of-the-inter-finish-of_285028_102.html\"},\"wordCount\":406,\"image\":{\"@id\":\"https:\\\/\\\/www.fcbarcelonanoticias.com\\\/en\\\/champions-league\\\/the-barca-could-do-that-the-project-of-the-inter-finish-of_285028_102.html#primaryimage\"},\"thumbnailUrl\":\"https:\\\/\\\/www.fcbarcelonanoticias.com\\\/en\\\/wp-content\\\/uploads\\\/sites\\\/2\\\/2022\\\/10\\\/udinese-calcio-v-fc-internazionale-serie-a-1.jpeg\",\"keywords\":[\"Inter Milan\"],\"articleSection\":[\"Champions League\",\"Champions League\"],\"inLanguage\":\"en-US\"},{\"@type\":\"WebPage\",\"@id\":\"https:\\\/\\\/www.fcbarcelonanoticias.com\\\/en\\\/champions-league\\\/the-barca-could-do-that-the-project-of-the-inter-finish-of_285028_102.html\",\"url\":\"https:\\\/\\\/www.fcbarcelonanoticias.com\\\/en\\\/champions-league\\\/the-barca-could-do-that-the-project-of-the-inter-finish-of_285028_102.html\",\"name\":\"Bar\u00e7a could make the Inter project finish 'jumping through the air'\",\"isPartOf\":{\"@id\":\"https:\\\/\\\/www.fcbarcelonanoticias.com\\\/en\\\/#website\"},\"primaryImageOfPage\":{\"@id\":\"https:\\\/\\\/www.fcbarcelonanoticias.com\\\/en\\\/champions-league\\\/the-barca-could-do-that-the-project-of-the-inter-finish-of_285028_102.html#primaryimage\"},\"image\":{\"@id\":\"https:\\\/\\\/www.fcbarcelonanoticias.com\\\/en\\\/champions-league\\\/the-barca-could-do-that-the-project-of-the-inter-finish-of_285028_102.html#primaryimage\"},\"thumbnailUrl\":\"https:\\\/\\\/www.fcbarcelonanoticias.com\\\/en\\\/wp-content\\\/uploads\\\/sites\\\/2\\\/2022\\\/10\\\/udinese-calcio-v-fc-internazionale-serie-a-1.jpeg\",\"datePublished\":\"2022-10-03T12:50:00+00:00\",\"author\":{\"@id\":\"https:\\\/\\\/www.fcbarcelonanoticias.com\\\/en\\\/#\\\/schema\\\/person\\\/af5ca539abaaa1bd2753d05ef7a706d0\"},\"description\":\"A defeat of the Inter in front of the Bar\u00e7a in the Champions could cause radical changes in the club. The lombardos add four defeats in his last six p...\",\"breadcrumb\":{\"@id\":\"https:\\\/\\\/www.fcbarcelonanoticias.com\\\/en\\\/champions-league\\\/the-barca-could-do-that-the-project-of-the-inter-finish-of_285028_102.html#breadcrumb\"},\"inLanguage\":\"en-US\",\"potentialAction\":[{\"@type\":\"ReadAction\",\"target\":[\"https:\\\/\\\/www.fcbarcelonanoticias.com\\\/en\\\/champions-league\\\/the-barca-could-do-that-the-project-of-the-inter-finish-of_285028_102.html\"]}]},{\"@type\":\"ImageObject\",\"inLanguage\":\"en-US\",\"@id\":\"https:\\\/\\\/www.fcbarcelonanoticias.com\\\/en\\\/champions-league\\\/the-barca-could-do-that-the-project-of-the-inter-finish-of_285028_102.html#primaryimage\",\"url\":\"https:\\\/\\\/www.fcbarcelonanoticias.com\\\/en\\\/wp-content\\\/uploads\\\/sites\\\/2\\\/2022\\\/10\\\/udinese-calcio-v-fc-internazionale-serie-a-1.jpeg\",\"contentUrl\":\"https:\\\/\\\/www.fcbarcelonanoticias.com\\\/en\\\/wp-content\\\/uploads\\\/sites\\\/2\\\/2022\\\/10\\\/udinese-calcio-v-fc-internazionale-serie-a-1.jpeg\",\"width\":1200,\"height\":740},{\"@type\":\"BreadcrumbList\",\"@id\":\"https:\\\/\\\/www.fcbarcelonanoticias.com\\\/en\\\/champions-league\\\/the-barca-could-do-that-the-project-of-the-inter-finish-of_285028_102.html#breadcrumb\",\"itemListElement\":[{\"@type\":\"ListItem\",\"position\":1,\"name\":\"Portada\",\"item\":\"https:\\\/\\\/www.fcbarcelonanoticias.com\\\/en\\\/\"},{\"@type\":\"ListItem\",\"position\":2,\"name\":\"Bar\u00e7a could make the Inter project finish &#8216;jumping through the air&#8217;\"}]},{\"@type\":\"WebSite\",\"@id\":\"https:\\\/\\\/www.fcbarcelonanoticias.com\\\/en\\\/#website\",\"url\":\"https:\\\/\\\/www.fcbarcelonanoticias.com\\\/en\\\/\",\"name\":\"EN - FC Barcelona Noticias\",\"description\":\"\",\"potentialAction\":[{\"@type\":\"SearchAction\",\"target\":{\"@type\":\"EntryPoint\",\"urlTemplate\":\"https:\\\/\\\/www.fcbarcelonanoticias.com\\\/en\\\/?s={search_term_string}\"},\"query-input\":{\"@type\":\"PropertyValueSpecification\",\"valueRequired\":true,\"valueName\":\"search_term_string\"}}],\"inLanguage\":\"en-US\"},{\"@type\":\"Person\",\"@id\":\"https:\\\/\\\/www.fcbarcelonanoticias.com\\\/en\\\/#\\\/schema\\\/person\\\/af5ca539abaaa1bd2753d05ef7a706d0\",\"name\":\"user_4034\",\"image\":{\"@type\":\"ImageObject\",\"inLanguage\":\"en-US\",\"@id\":\"https:\\\/\\\/secure.gravatar.com\\\/avatar\\\/?s=96&d=mm&r=g\",\"url\":\"https:\\\/\\\/secure.gravatar.com\\\/avatar\\\/?s=96&d=mm&r=g\",\"contentUrl\":\"https:\\\/\\\/secure.gravatar.com\\\/avatar\\\/?s=96&d=mm&r=g\",\"caption\":\"user_4034\"},\"url\":\"https:\\\/\\\/www.fcbarcelonanoticias.com\\\/en\\\/user_4034.html\"}]}<\/script>\n<!-- \/ Yoast SEO plugin. -->","yoast_head_json":{"title":"Bar\u00e7a could make the Inter project finish 'jumping through the air'","description":"A defeat of the Inter in front of the Bar\u00e7a in the Champions could cause radical changes in the club. The lombardos add four defeats in his last six p...","robots":{"index":"index","follow":"follow","max-snippet":"max-snippet:-1","max-image-preview":"max-image-preview:large","max-video-preview":"max-video-preview:-1"},"canonical":"https:\/\/www.fcbarcelonanoticias.com\/en\/champions-league\/the-barca-could-do-that-the-project-of-the-inter-finish-of_285028_102.html","og_locale":"en_US","og_type":"article","og_title":"Bar\u00e7a could make the Inter project finish 'jumping through the air'","og_description":"A defeat of the Inter in front of the Bar\u00e7a in the Champions could cause radical changes in the club. The lombardos add four defeats in his last six p...","og_url":"https:\/\/www.fcbarcelonanoticias.com\/en\/champions-league\/the-barca-could-do-that-the-project-of-the-inter-finish-of_285028_102.html","og_site_name":"EN - FC Barcelona Noticias","article_published_time":"2022-10-03T12:50:00+00:00","og_image":[{"width":1200,"height":740,"url":"https:\/\/www.fcbarcelonanoticias.com\/en\/wp-content\/uploads\/sites\/2\/2022\/10\/udinese-calcio-v-fc-internazionale-serie-a-1.jpeg","type":"image\/jpeg"}],"author":"user_4034","twitter_card":"summary_large_image","twitter_misc":{"Written by":"user_4034","Est. reading time":"2 minutes"},"schema":{"@context":"https:\/\/schema.org","@graph":[{"@type":"Article","@id":"https:\/\/www.fcbarcelonanoticias.com\/en\/champions-league\/the-barca-could-do-that-the-project-of-the-inter-finish-of_285028_102.html#article","isPartOf":{"@id":"https:\/\/www.fcbarcelonanoticias.com\/en\/champions-league\/the-barca-could-do-that-the-project-of-the-inter-finish-of_285028_102.html"},"author":{"name":"user_4034","@id":"https:\/\/www.fcbarcelonanoticias.com\/en\/#\/schema\/person\/af5ca539abaaa1bd2753d05ef7a706d0"},"headline":"Bar\u00e7a could make the Inter project finish &#8216;jumping through the air&#8217;","datePublished":"2022-10-03T12:50:00+00:00","mainEntityOfPage":{"@id":"https:\/\/www.fcbarcelonanoticias.com\/en\/champions-league\/the-barca-could-do-that-the-project-of-the-inter-finish-of_285028_102.html"},"wordCount":406,"image":{"@id":"https:\/\/www.fcbarcelonanoticias.com\/en\/champions-league\/the-barca-could-do-that-the-project-of-the-inter-finish-of_285028_102.html#primaryimage"},"thumbnailUrl":"https:\/\/www.fcbarcelonanoticias.com\/en\/wp-content\/uploads\/sites\/2\/2022\/10\/udinese-calcio-v-fc-internazionale-serie-a-1.jpeg","keywords":["Inter Milan"],"articleSection":["Champions League","Champions League"],"inLanguage":"en-US"},{"@type":"WebPage","@id":"https:\/\/www.fcbarcelonanoticias.com\/en\/champions-league\/the-barca-could-do-that-the-project-of-the-inter-finish-of_285028_102.html","url":"https:\/\/www.fcbarcelonanoticias.com\/en\/champions-league\/the-barca-could-do-that-the-project-of-the-inter-finish-of_285028_102.html","name":"Bar\u00e7a could make the Inter project finish 'jumping through the air'","isPartOf":{"@id":"https:\/\/www.fcbarcelonanoticias.com\/en\/#website"},"primaryImageOfPage":{"@id":"https:\/\/www.fcbarcelonanoticias.com\/en\/champions-league\/the-barca-could-do-that-the-project-of-the-inter-finish-of_285028_102.html#primaryimage"},"image":{"@id":"https:\/\/www.fcbarcelonanoticias.com\/en\/champions-league\/the-barca-could-do-that-the-project-of-the-inter-finish-of_285028_102.html#primaryimage"},"thumbnailUrl":"https:\/\/www.fcbarcelonanoticias.com\/en\/wp-content\/uploads\/sites\/2\/2022\/10\/udinese-calcio-v-fc-internazionale-serie-a-1.jpeg","datePublished":"2022-10-03T12:50:00+00:00","author":{"@id":"https:\/\/www.fcbarcelonanoticias.com\/en\/#\/schema\/person\/af5ca539abaaa1bd2753d05ef7a706d0"},"description":"A defeat of the Inter in front of the Bar\u00e7a in the Champions could cause radical changes in the club. The lombardos add four defeats in his last six p...","breadcrumb":{"@id":"https:\/\/www.fcbarcelonanoticias.com\/en\/champions-league\/the-barca-could-do-that-the-project-of-the-inter-finish-of_285028_102.html#breadcrumb"},"inLanguage":"en-US","potentialAction":[{"@type":"ReadAction","target":["https:\/\/www.fcbarcelonanoticias.com\/en\/champions-league\/the-barca-could-do-that-the-project-of-the-inter-finish-of_285028_102.html"]}]},{"@type":"ImageObject","inLanguage":"en-US","@id":"https:\/\/www.fcbarcelonanoticias.com\/en\/champions-league\/the-barca-could-do-that-the-project-of-the-inter-finish-of_285028_102.html#primaryimage","url":"https:\/\/www.fcbarcelonanoticias.com\/en\/wp-content\/uploads\/sites\/2\/2022\/10\/udinese-calcio-v-fc-internazionale-serie-a-1.jpeg","contentUrl":"https:\/\/www.fcbarcelonanoticias.com\/en\/wp-content\/uploads\/sites\/2\/2022\/10\/udinese-calcio-v-fc-internazionale-serie-a-1.jpeg","width":1200,"height":740},{"@type":"BreadcrumbList","@id":"https:\/\/www.fcbarcelonanoticias.com\/en\/champions-league\/the-barca-could-do-that-the-project-of-the-inter-finish-of_285028_102.html#breadcrumb","itemListElement":[{"@type":"ListItem","position":1,"name":"Portada","item":"https:\/\/www.fcbarcelonanoticias.com\/en\/"},{"@type":"ListItem","position":2,"name":"Bar\u00e7a could make the Inter project finish &#8216;jumping through the air&#8217;"}]},{"@type":"WebSite","@id":"https:\/\/www.fcbarcelonanoticias.com\/en\/#website","url":"https:\/\/www.fcbarcelonanoticias.com\/en\/","name":"EN - FC Barcelona Noticias","description":"","potentialAction":[{"@type":"SearchAction","target":{"@type":"EntryPoint","urlTemplate":"https:\/\/www.fcbarcelonanoticias.com\/en\/?s={search_term_string}"},"query-input":{"@type":"PropertyValueSpecification","valueRequired":true,"valueName":"search_term_string"}}],"inLanguage":"en-US"},{"@type":"Person","@id":"https:\/\/www.fcbarcelonanoticias.com\/en\/#\/schema\/person\/af5ca539abaaa1bd2753d05ef7a706d0","name":"user_4034","image":{"@type":"ImageObject","inLanguage":"en-US","@id":"https:\/\/secure.gravatar.com\/avatar\/?s=96&d=mm&r=g","url":"https:\/\/secure.gravatar.com\/avatar\/?s=96&d=mm&r=g","contentUrl":"https:\/\/secure.gravatar.com\/avatar\/?s=96&d=mm&r=g","caption":"user_4034"},"url":"https:\/\/www.fcbarcelonanoticias.com\/en\/user_4034.html"}]}},"_links":{"self":[{"href":"https:\/\/www.fcbarcelonanoticias.com\/en\/wp-json\/wp\/v2\/posts\/3590","targetHints":{"allow":["GET"]}}],"collection":[{"href":"https:\/\/www.fcbarcelonanoticias.com\/en\/wp-json\/wp\/v2\/posts"}],"about":[{"href":"https:\/\/www.fcbarcelonanoticias.com\/en\/wp-json\/wp\/v2\/types\/post"}],"author":[{"embeddable":true,"href":"https:\/\/www.fcbarcelonanoticias.com\/en\/wp-json\/wp\/v2\/users\/378"}],"replies":[{"embeddable":true,"href":"https:\/\/www.fcbarcelonanoticias.com\/en\/wp-json\/wp\/v2\/comments?post=3590"}],"version-history":[{"count":1,"href":"https:\/\/www.fcbarcelonanoticias.com\/en\/wp-json\/wp\/v2\/posts\/3590\/revisions"}],"predecessor-version":[{"id":100580,"href":"https:\/\/www.fcbarcelonanoticias.com\/en\/wp-json\/wp\/v2\/posts\/3590\/revisions\/100580"}],"wp:featuredmedia":[{"embeddable":true,"href":"https:\/\/www.fcbarcelonanoticias.com\/en\/wp-json\/wp\/v2\/media\/1252"}],"wp:attachment":[{"href":"https:\/\/www.fcbarcelonanoticias.com\/en\/wp-json\/wp\/v2\/media?parent=3590"}],"wp:term":[{"taxonomy":"category","embeddable":true,"href":"https:\/\/www.fcbarcelonanoticias.com\/en\/wp-json\/wp\/v2\/categories?post=3590"},{"taxonomy":"post_tag","embeddable":true,"href":"https:\/\/www.fcbarcelonanoticias.com\/en\/wp-json\/wp\/v2\/tags?post=3590"}],"curies":[{"name":"wp","href":"https:\/\/api.w.org\/{rel}","templated":true}]}}