{"id":3596,"date":"2025-05-01T06:38:00","date_gmt":"2025-05-01T04:38:00","guid":{"rendered":"https:\/\/weisetech.dev\/fc-barcelona-noticias\/en\/key-absences-who-will-miss-the-inter-barca-return-leg_312417_102\/"},"modified":"2026-04-16T09:35:43","modified_gmt":"2026-04-16T07:35:43","slug":"key-absences-who-will-miss-the-inter-barca-return-leg_312417_102","status":"publish","type":"post","link":"https:\/\/www.fcbarcelonanoticias.com\/en\/champions-league\/key-absences-who-will-miss-the-inter-barca-return-leg_312417_102.html","title":{"rendered":"Key Champions League losses: Who will miss the Inter-Bar\u00e7a return leg?"},"content":{"rendered":"<h2 class=\"wp-block-heading\">Key injuries at Inter and Bar\u00e7a: Who will miss the return leg? Analysis and impact of each injury<\/h2>  \r\n<div class=\"article-addons\">\r\n    <a href=\"https:\/\/www.fcbarcelonanoticias.com\/en\/calendar-fc-barcelona.html\"\r\n       target=\"_self\"\r\n       title=\"Calendar of FC Barcelona\"\r\n       class=\"blue-gredient-btn\">\r\n       \r\n        Calendar of FC Barcelona    <\/a>\r\n<\/div>   <p>Inter Milan and FC Barcelona play the second leg of the UEFA Champions League semi-finals next Tuesday. <a data-external=\"0\" data-intl-links-en=\"https:\/\/www.fcbarcelonanoticias.com\/en\/champions-league\/barcelona-3-3-inter-everything-will-be-decided-in-italy-fcbn_312410_102.html\" data-intl-links-es=\"https:\/\/www.fcbarcelonanoticias.com\/champions-league\/fc-barcelona-3-3-inter-milan-semifinal-infarto-todo-por-definir-en-italia_312410_102.html\" href=\"https:\/\/www.fcbarcelonanoticias.com\/champions-league\/fc-barcelona-3-3-inter-milan-semifinal-infarto-todo-por-definir-en-italia_312410_102.html\" rel=\"follow\" target=\"_self\" title=\"FC Barcelona 3-3 Inter Milan: thrilling Champions League semi-final and everything to be decided in Italy\">With the tie completely open after the draw at Montju\u00efc (3-3)<\/a>, the &#8216;Nerazzurri&#8217; and &#8216;Azulgranas&#8217; have several doubts in their squads for the decisive match for the ticket to the final in Munich.<\/p>  <p><a data-external=\"0\" data-intl-links-en=\"https:\/\/www.fcbarcelonanoticias.com\/en\/champions-league\/alarm-at-barca-jules-kounde-injured-against-inter_312409_102.html\" data-intl-links-es=\"https:\/\/www.fcbarcelonanoticias.com\/champions-league\/alarma-barcelona-jules-kounde-se-lesiona-contra-inter_312409_102.html\" href=\"https:\/\/www.fcbarcelonanoticias.com\/champions-league\/alarma-barcelona-jules-kounde-se-lesiona-contra-inter_312409_102.html\" rel=\"follow\" target=\"_self\" title=\"Alarm at Bar\u00e7a! Jules Kound\u00e9 injured against Inter\">Bar\u00e7a could lose Jules Kound\u00e9<\/a>, who left with an apparent calf injury in the first half. Eric Garc\u00eda was chosen by Hansi Flick to replace him, while H\u00e9ctor Fort remained on the bench.<\/p>  <p>For their part, Inter are also at risk of being without their captain, <strong>Lautaro Mart\u00ednez<\/strong>. The Argentine also couldn&#8217;t play the second half due to a muscular problem. Mehdi Taremi came on at halftime for the forward.<\/p>  <h3>\ud83d\udd1cSecond leg match. Inter-Barcelona<\/h3>  <ul> <li> <strong>\ud83d\uddd3\ufe0f Date:<\/strong>&nbsp;Tuesday, May 6, 2025<\/li> \t<li> <strong>\u23f0 Time:<\/strong>&nbsp;21:00 (local time)<\/li> \t<li> <strong>\ud83c\udfdf\ufe0f Where it&#8217;s played:<\/strong>&nbsp;Giuseppe Meazza Stadium (Milan, Italy)<\/li> <\/ul> <h2>\ud83d\ude91Inter-Bar\u00e7a: possible injury absences for the second leg in Milan<\/h2>  <p>The potential absences of Kound\u00e9 and Mart\u00ednez add to other absences both teams had to deal with in the first leg. Barcelona could not count on, besides <strong>Marc Casad\u00f3 and Marc Bernal<\/strong>, <strong>Robert Lewandowski and Alejandro Balde<\/strong>.<\/p>  <p>The <strong>full-back<\/strong> got injured almost three weeks ago against Legan\u00e9s, while the <strong>&#8216;9&#8217;<\/strong> suffered an injury a week later against Celta. This prevented them from playing against <strong>Mallorca<\/strong> and the Copa del Rey final against <strong>Real Madrid<\/strong>.<\/p>  <p>Without Balde, Bar\u00e7a has lost <strong>depth and cover on the left flank<\/strong>, while Lewandowski&#8217;s absence means <strong>doing without the team&#8217;s top scorer (&#8216;Pichichi&#8217;)<\/strong> (40 goals in 48 matches). \u00c1lex [Balde], furthermore, is the defender with the most assists for the &#8216;Cul\u00e9s&#8217; (10).<\/p>  <p>Simone Inzaghi&#8217;s side, on the other hand, lost one of their best defenders,&nbsp;<strong>Benjamin Pavard<\/strong>, last Sunday against Roma due to an ankle problem. The other long-term absentee for the &#8216;Interisti&#8217; is <strong>Valent\u00edn Carboni<\/strong>, ruled out for the rest of the season.<\/p>  <h2>\u2753Lewandowski and Balde, doubtful for the return leg at the Giuseppe Meazza<\/h2>  <div class=\"media media-image\" data-ck-asset-wrapper=\"\"> <div class=\"media-item\"> <img loading=\"lazy\" decoding=\"async\" alt=\"Lewandowski and Balde: Can they play the semi-final second leg against Inter?\" data-id=\"1490396\" data-resize=\"9\" height=\"563\" src=\"https:\/\/www.fcbarcelonanoticias.com\/wp-content\/uploads\/sites\/2\/2025\/05\/fcbn-51ca2737119f1a8fd016ed390496a818.jpeg\" title=\"Lewandowski and Balde: Can they play the semi-final second leg against Inter?\" width=\"1000\"><div class=\"media-title\">Lewandowski and Balde: Can they play the semi-final second leg against Inter?<\/div> <\/div> <\/div>  <p>In the case of Robert and \u00c1lex, <strong>the coaching staff will wait until the last minute on Monday<\/strong> to know if both are fit enough to be called up for the return leg in Italy.<\/p>  <p><strong>&#8216;Lewy&#8217; had started the previous 12 matches, scoring 11 goals<\/strong>, while the number &#8216;3&#8217; [Balde] was a substitute against Red Star (2-5) and Brest (3-0), with <strong>a total of 4 assists in 10 appearances<\/strong>.<\/p>  <p>&#8220;<strong>Hopefully, they will make it for the second leg. But we must wait. We can&#8217;t do anything senseless<\/strong>. We have to listen to the doctors, like today with Lamine,&#8221; Flick argued regarding the potential absence of both. Yamal felt muscular discomfort during the warm-up, but ultimately was able to play the match without problems.<\/p>  <p>For now, <strong>the one with the least chance of being included in the squad is Lewandowski<\/strong>, as his injury requires around three weeks out, and this Saturday will mark just 15 days in the Bar\u00e7a treatment room.<\/p>  <p>Balde, for his part, continues to train separately from the group and <strong>will complete three weeks out next Saturday<\/strong>. In principle, the full-back will not be available for the match against Valladolid, but he might have a chance of receiving medical clearance for the Inter game.<\/p>  <p><strong>Gerard Mart\u00edn did not have a good first half on Wednesday<\/strong>, and Hansi Flick decided to substitute him at halftime. I\u00f1igo Mart\u00ednez was tasked with covering the left flank in the second half.<\/p>  <h2>\u274cKound\u00e9 and Lautaro, practically ruled out for the semi-final second leg<\/h2>  <div class=\"media media-image\" data-ck-asset-wrapper=\"\"> <div class=\"media-item\"> <img loading=\"lazy\" decoding=\"async\" alt=\"Alarm bells at Bar\u00e7a! Jules Kound\u00e9 gets injured against Inter\" data-id=\"1490604\" data-resize=\"9\" height=\"563\" src=\"https:\/\/www.fcbarcelonanoticias.com\/wp-content\/uploads\/sites\/2\/2025\/05\/fcbn-8729b13015a48e518c08c6f032d986e5.jpeg\" title=\"Alarm bells at Bar\u00e7a! Jules Kound\u00e9 gets injured against Inter\" width=\"1000\"><div class=\"media-title\">Alarm bells at Bar\u00e7a! Jules Kound\u00e9 gets injured against Inter<\/div> <\/div> <\/div>  <p>The situation for Jules Kound\u00e9 and Lautaro Mart\u00ednez is much more complex. The full-back went off in the 41st minute with hamstring discomfort and, after the match, admitted to &#8220;<strong>not feeling well at all<\/strong>&#8220;, leading to suspicion of a possible tear.<\/p>  <p>In any case, we must wait for the medical tests the club will perform this Thursday to determine the extent of the injury. The number &#8217;23&#8217; is the player in the Bar\u00e7a squad with the most minutes played (4,423) and <strong>has 3 assists in 13 Champions League matches<\/strong>.<\/p>  <p>Lautaro, for his part, left in tears at halftime and did not return for the second half. &#8220;<strong>He felt some pain; tomorrow we will see the tests. Without doubt, he will be a doubt for the second leg<\/strong>,&#8221; commented coach Simone Inzaghi on his captain&#8217;s condition.<\/p>  <p>The number &#8217;10&#8217; is Inter&#8217;s top scorer this season, with <strong>21 goals in 47 matches<\/strong>. In the Champions League, he scored 8 goals in the first 12 matches, between the league phase and the knockout stage (round of 16 and quarter-finals).<\/p>  <h3>\ud83c\udfe5Injured players for Inter and Bar\u00e7a:<\/h3>  <p><strong>FC Barcelona:<\/strong><\/p>  <ol> <li> <strong>Jules Kound\u00e9<\/strong>:&nbsp;hamstring discomfort (possible tear). Return: unknown.<\/li> \t<li> <strong>Robert Lewandowski<\/strong>:&nbsp;left semitendinosus injury<\/li> \t<li> <strong>Alejandro Balde<\/strong>:&nbsp;distal left hamstring injury. <strong>Return<\/strong>: first\/second week of May.<\/li> \t<li> <strong>Marc Casad\u00f3<\/strong>:&nbsp;partial tear of the lateral collateral ligament in the right knee. <strong>Return<\/strong>: end of May.<\/li> \t<li> <strong>Marc Bernal<\/strong>:&nbsp;anterior cruciate ligament tear in the left knee&nbsp;and an associated injury to the lateral meniscus.&nbsp;<strong>Return<\/strong>: July-August 2025.<\/li> <\/ol> <p><strong>Inter Milan:<\/strong><\/p>  <ol> <li> <strong>Lautaro Mart\u00ednez<\/strong>: muscular injury pending tests. <strong>Return<\/strong>:<strong>&nbsp;<\/strong>unknown.<\/li> \t<li> <strong>Benjamin Pavard<\/strong>: ankle sprain\/twist. <strong>Return<\/strong>: unknown.<\/li> \t<li> <strong>Valent\u00edn Carboni<\/strong>: cruciate ligament tear. <strong>Return<\/strong>: July-August 2025.<\/li> <\/ol> <h2>\ud83d\udfe1Inter and Bar\u00e7a, no players suspended for the Champions League return leg<\/h2>  <p>Regarding suspended players, Barcelona and Inter will be able to play the return leg at the Giuseppe Meazza without any suspended players. Pau Cubars\u00ed and&nbsp;Hakan \u00c7alhano\u011flu were the only players booked by referee Cl\u00e9ment Turpin at Montju\u00efc, but this was only the second yellow card in the tournament for both.<\/p>  <ul> <li>\ud83d\udccc&nbsp;<strong>Follow the UEFA Champions League semi-finals live&nbsp;<a data-external=\"0\" data-intl-links-en=\"https:\/\/www.fcbarcelonanoticias.com\/en\/tags\/barcelona-vs-inter-milan\" data-intl-links-es=\"https:\/\/www.fcbarcelonanoticias.com\/tags\/fc-barcelona-vs-inter-milan\" href=\"https:\/\/www.fcbarcelonanoticias.com\/tags\/fc-barcelona-vs-inter-milan.html\" rel=\"follow\" target=\"_self\" title=\"FC Barcelona vs Inter Milan\">FC Barcelona&nbsp;vs Inter Milan<\/a>&nbsp;on FCBN and stay informed about everything. Don&#8217;t miss anything!<\/strong> <\/li> <\/ul> ","protected":false},"excerpt":{"rendered":"<p>Key injuries at Inter and Bar\u00e7a: Who will miss the return leg? Analysis and impact of each injury Inter Milan and FC Barcelona play the second leg of the UEFA Champions League semi-finals next Tuesday. With the tie completely open after the draw at Montju\u00efc (3-3), the &#8216;Nerazzurri&#8217; and &#8216;Azulgranas&#8217; have several doubts in their [&hellip;]<\/p>\n","protected":false},"author":347,"featured_media":1266,"comment_status":"closed","ping_status":"open","sticky":false,"template":"","format":"standard","meta":{"_acf_changed":false,"inline_featured_image":false,"_nextfly_llmd_date_locked":false,"footnotes":""},"categories":[447,112],"tags":[214,136],"class_list":["post-3596","post","type-post","status-publish","format-standard","has-post-thumbnail","hentry","category-champions-league-2","category-champions-league","tag-barcelona-vs-inter-milan","tag-injured"],"acf":[],"yoast_head":"<!-- This site is optimized with the Yoast SEO plugin v27.3 - https:\/\/yoast.com\/product\/yoast-seo-wordpress\/ -->\n<title>Key absences: Who will miss the Inter-Bar\u00e7a return leg?<\/title>\n<meta name=\"description\" content=\"Key injuries at Inter and Bar\u00e7a: Who will miss the return leg? Analysis and impact of each injury\" \/>\n<meta name=\"robots\" content=\"index, follow, max-snippet:-1, max-image-preview:large, max-video-preview:-1\" \/>\n<link rel=\"canonical\" href=\"https:\/\/www.fcbarcelonanoticias.com\/en\/champions-league\/key-absences-who-will-miss-the-inter-barca-return-leg_312417_102.html\" \/>\n<meta property=\"og:locale\" content=\"en_US\" \/>\n<meta property=\"og:type\" content=\"article\" \/>\n<meta property=\"og:title\" content=\"Key absences: Who will miss the Inter-Bar\u00e7a return leg?\" \/>\n<meta property=\"og:description\" content=\"Key injuries at Inter and Bar\u00e7a: Who will miss the return leg? Analysis and impact of each injury\" \/>\n<meta property=\"og:url\" content=\"https:\/\/www.fcbarcelonanoticias.com\/en\/champions-league\/key-absences-who-will-miss-the-inter-barca-return-leg_312417_102.html\" \/>\n<meta property=\"og:site_name\" content=\"EN - FC Barcelona Noticias\" \/>\n<meta property=\"article:published_time\" content=\"2025-05-01T04:38:00+00:00\" \/>\n<meta property=\"article:modified_time\" content=\"2026-04-16T07:35:43+00:00\" \/>\n<meta property=\"og:image\" content=\"https:\/\/www.fcbarcelonanoticias.com\/en\/wp-content\/uploads\/sites\/2\/2025\/05\/jules-kounde-lautaro-martinez-champions.jpeg\" \/>\n\t<meta property=\"og:image:width\" content=\"1200\" \/>\n\t<meta property=\"og:image:height\" content=\"675\" \/>\n\t<meta property=\"og:image:type\" content=\"image\/jpeg\" \/>\n<meta name=\"author\" content=\"Andr\u00e9s Quiroz\" \/>\n<meta name=\"twitter:card\" content=\"summary_large_image\" \/>\n<meta name=\"twitter:label1\" content=\"Written by\" \/>\n\t<meta name=\"twitter:data1\" content=\"Andr\u00e9s Quiroz\" \/>\n\t<meta name=\"twitter:label2\" content=\"Est. reading time\" \/>\n\t<meta name=\"twitter:data2\" content=\"5 minutes\" \/>\n<script type=\"application\/ld+json\" class=\"yoast-schema-graph\">{\"@context\":\"https:\\\/\\\/schema.org\",\"@graph\":[{\"@type\":\"Article\",\"@id\":\"https:\\\/\\\/www.fcbarcelonanoticias.com\\\/en\\\/champions-league\\\/key-absences-who-will-miss-the-inter-barca-return-leg_312417_102.html#article\",\"isPartOf\":{\"@id\":\"https:\\\/\\\/www.fcbarcelonanoticias.com\\\/en\\\/champions-league\\\/key-absences-who-will-miss-the-inter-barca-return-leg_312417_102.html\"},\"author\":{\"name\":\"Andr\u00e9s Quiroz\",\"@id\":\"https:\\\/\\\/www.fcbarcelonanoticias.com\\\/en\\\/#\\\/schema\\\/person\\\/c2cd9f6fa1af5c0d0eccd0fefa575c88\"},\"headline\":\"Key Champions League losses: Who will miss the Inter-Bar\u00e7a return leg?\",\"datePublished\":\"2025-05-01T04:38:00+00:00\",\"dateModified\":\"2026-04-16T07:35:43+00:00\",\"mainEntityOfPage\":{\"@id\":\"https:\\\/\\\/www.fcbarcelonanoticias.com\\\/en\\\/champions-league\\\/key-absences-who-will-miss-the-inter-barca-return-leg_312417_102.html\"},\"wordCount\":1007,\"image\":{\"@id\":\"https:\\\/\\\/www.fcbarcelonanoticias.com\\\/en\\\/champions-league\\\/key-absences-who-will-miss-the-inter-barca-return-leg_312417_102.html#primaryimage\"},\"thumbnailUrl\":\"https:\\\/\\\/www.fcbarcelonanoticias.com\\\/en\\\/wp-content\\\/uploads\\\/sites\\\/2\\\/2025\\\/05\\\/jules-kounde-lautaro-martinez-champions.jpeg\",\"keywords\":[\"FC Barcelona vs Inter Milan\",\"injured\"],\"articleSection\":[\"Champions League\",\"Champions League\"],\"inLanguage\":\"en-US\"},{\"@type\":\"WebPage\",\"@id\":\"https:\\\/\\\/www.fcbarcelonanoticias.com\\\/en\\\/champions-league\\\/key-absences-who-will-miss-the-inter-barca-return-leg_312417_102.html\",\"url\":\"https:\\\/\\\/www.fcbarcelonanoticias.com\\\/en\\\/champions-league\\\/key-absences-who-will-miss-the-inter-barca-return-leg_312417_102.html\",\"name\":\"Key absences: Who will miss the Inter-Bar\u00e7a return leg?\",\"isPartOf\":{\"@id\":\"https:\\\/\\\/www.fcbarcelonanoticias.com\\\/en\\\/#website\"},\"primaryImageOfPage\":{\"@id\":\"https:\\\/\\\/www.fcbarcelonanoticias.com\\\/en\\\/champions-league\\\/key-absences-who-will-miss-the-inter-barca-return-leg_312417_102.html#primaryimage\"},\"image\":{\"@id\":\"https:\\\/\\\/www.fcbarcelonanoticias.com\\\/en\\\/champions-league\\\/key-absences-who-will-miss-the-inter-barca-return-leg_312417_102.html#primaryimage\"},\"thumbnailUrl\":\"https:\\\/\\\/www.fcbarcelonanoticias.com\\\/en\\\/wp-content\\\/uploads\\\/sites\\\/2\\\/2025\\\/05\\\/jules-kounde-lautaro-martinez-champions.jpeg\",\"datePublished\":\"2025-05-01T04:38:00+00:00\",\"dateModified\":\"2026-04-16T07:35:43+00:00\",\"author\":{\"@id\":\"https:\\\/\\\/www.fcbarcelonanoticias.com\\\/en\\\/#\\\/schema\\\/person\\\/c2cd9f6fa1af5c0d0eccd0fefa575c88\"},\"description\":\"Key injuries at Inter and Bar\u00e7a: Who will miss the return leg? Analysis and impact of each injury\",\"breadcrumb\":{\"@id\":\"https:\\\/\\\/www.fcbarcelonanoticias.com\\\/en\\\/champions-league\\\/key-absences-who-will-miss-the-inter-barca-return-leg_312417_102.html#breadcrumb\"},\"inLanguage\":\"en-US\",\"potentialAction\":[{\"@type\":\"ReadAction\",\"target\":[\"https:\\\/\\\/www.fcbarcelonanoticias.com\\\/en\\\/champions-league\\\/key-absences-who-will-miss-the-inter-barca-return-leg_312417_102.html\"]}]},{\"@type\":\"ImageObject\",\"inLanguage\":\"en-US\",\"@id\":\"https:\\\/\\\/www.fcbarcelonanoticias.com\\\/en\\\/champions-league\\\/key-absences-who-will-miss-the-inter-barca-return-leg_312417_102.html#primaryimage\",\"url\":\"https:\\\/\\\/www.fcbarcelonanoticias.com\\\/en\\\/wp-content\\\/uploads\\\/sites\\\/2\\\/2025\\\/05\\\/jules-kounde-lautaro-martinez-champions.jpeg\",\"contentUrl\":\"https:\\\/\\\/www.fcbarcelonanoticias.com\\\/en\\\/wp-content\\\/uploads\\\/sites\\\/2\\\/2025\\\/05\\\/jules-kounde-lautaro-martinez-champions.jpeg\",\"width\":1200,\"height\":675},{\"@type\":\"BreadcrumbList\",\"@id\":\"https:\\\/\\\/www.fcbarcelonanoticias.com\\\/en\\\/champions-league\\\/key-absences-who-will-miss-the-inter-barca-return-leg_312417_102.html#breadcrumb\",\"itemListElement\":[{\"@type\":\"ListItem\",\"position\":1,\"name\":\"Portada\",\"item\":\"https:\\\/\\\/www.fcbarcelonanoticias.com\\\/en\\\/\"},{\"@type\":\"ListItem\",\"position\":2,\"name\":\"Key Champions League losses: Who will miss the Inter-Bar\u00e7a return leg?\"}]},{\"@type\":\"WebSite\",\"@id\":\"https:\\\/\\\/www.fcbarcelonanoticias.com\\\/en\\\/#website\",\"url\":\"https:\\\/\\\/www.fcbarcelonanoticias.com\\\/en\\\/\",\"name\":\"EN - FC Barcelona Noticias\",\"description\":\"\",\"potentialAction\":[{\"@type\":\"SearchAction\",\"target\":{\"@type\":\"EntryPoint\",\"urlTemplate\":\"https:\\\/\\\/www.fcbarcelonanoticias.com\\\/en\\\/?s={search_term_string}\"},\"query-input\":{\"@type\":\"PropertyValueSpecification\",\"valueRequired\":true,\"valueName\":\"search_term_string\"}}],\"inLanguage\":\"en-US\"},{\"@type\":\"Person\",\"@id\":\"https:\\\/\\\/www.fcbarcelonanoticias.com\\\/en\\\/#\\\/schema\\\/person\\\/c2cd9f6fa1af5c0d0eccd0fefa575c88\",\"name\":\"Andr\u00e9s Quiroz\",\"image\":{\"@type\":\"ImageObject\",\"inLanguage\":\"en-US\",\"@id\":\"https:\\\/\\\/secure.gravatar.com\\\/avatar\\\/?s=96&d=mm&r=g\",\"url\":\"https:\\\/\\\/secure.gravatar.com\\\/avatar\\\/?s=96&d=mm&r=g\",\"contentUrl\":\"https:\\\/\\\/secure.gravatar.com\\\/avatar\\\/?s=96&d=mm&r=g\",\"caption\":\"Andr\u00e9s Quiroz\"},\"description\":\"Licenciado en Periodismo por la Universidad de los Andes. Me encargo de analizar y compartir los contenidos m\u00e1s destacados de la\u00a0actualidad del F\u00fatbol Club Barcelona, Mercado de Fichajes y F\u00fatbol Internacional en FCBN. La informaci\u00f3n es poder, pero tambi\u00e9n conocimiento.\",\"url\":\"https:\\\/\\\/www.fcbarcelonanoticias.com\\\/en\\\/fc-barcelona\\\/andres-quiroz_17_115.html\"}]}<\/script>\n<!-- \/ Yoast SEO plugin. -->","yoast_head_json":{"title":"Key absences: Who will miss the Inter-Bar\u00e7a return leg?","description":"Key injuries at Inter and Bar\u00e7a: Who will miss the return leg? Analysis and impact of each injury","robots":{"index":"index","follow":"follow","max-snippet":"max-snippet:-1","max-image-preview":"max-image-preview:large","max-video-preview":"max-video-preview:-1"},"canonical":"https:\/\/www.fcbarcelonanoticias.com\/en\/champions-league\/key-absences-who-will-miss-the-inter-barca-return-leg_312417_102.html","og_locale":"en_US","og_type":"article","og_title":"Key absences: Who will miss the Inter-Bar\u00e7a return leg?","og_description":"Key injuries at Inter and Bar\u00e7a: Who will miss the return leg? Analysis and impact of each injury","og_url":"https:\/\/www.fcbarcelonanoticias.com\/en\/champions-league\/key-absences-who-will-miss-the-inter-barca-return-leg_312417_102.html","og_site_name":"EN - FC Barcelona Noticias","article_published_time":"2025-05-01T04:38:00+00:00","article_modified_time":"2026-04-16T07:35:43+00:00","og_image":[{"width":1200,"height":675,"url":"https:\/\/www.fcbarcelonanoticias.com\/en\/wp-content\/uploads\/sites\/2\/2025\/05\/jules-kounde-lautaro-martinez-champions.jpeg","type":"image\/jpeg"}],"author":"Andr\u00e9s Quiroz","twitter_card":"summary_large_image","twitter_misc":{"Written by":"Andr\u00e9s Quiroz","Est. reading time":"5 minutes"},"schema":{"@context":"https:\/\/schema.org","@graph":[{"@type":"Article","@id":"https:\/\/www.fcbarcelonanoticias.com\/en\/champions-league\/key-absences-who-will-miss-the-inter-barca-return-leg_312417_102.html#article","isPartOf":{"@id":"https:\/\/www.fcbarcelonanoticias.com\/en\/champions-league\/key-absences-who-will-miss-the-inter-barca-return-leg_312417_102.html"},"author":{"name":"Andr\u00e9s Quiroz","@id":"https:\/\/www.fcbarcelonanoticias.com\/en\/#\/schema\/person\/c2cd9f6fa1af5c0d0eccd0fefa575c88"},"headline":"Key Champions League losses: Who will miss the Inter-Bar\u00e7a return leg?","datePublished":"2025-05-01T04:38:00+00:00","dateModified":"2026-04-16T07:35:43+00:00","mainEntityOfPage":{"@id":"https:\/\/www.fcbarcelonanoticias.com\/en\/champions-league\/key-absences-who-will-miss-the-inter-barca-return-leg_312417_102.html"},"wordCount":1007,"image":{"@id":"https:\/\/www.fcbarcelonanoticias.com\/en\/champions-league\/key-absences-who-will-miss-the-inter-barca-return-leg_312417_102.html#primaryimage"},"thumbnailUrl":"https:\/\/www.fcbarcelonanoticias.com\/en\/wp-content\/uploads\/sites\/2\/2025\/05\/jules-kounde-lautaro-martinez-champions.jpeg","keywords":["FC Barcelona vs Inter Milan","injured"],"articleSection":["Champions League","Champions League"],"inLanguage":"en-US"},{"@type":"WebPage","@id":"https:\/\/www.fcbarcelonanoticias.com\/en\/champions-league\/key-absences-who-will-miss-the-inter-barca-return-leg_312417_102.html","url":"https:\/\/www.fcbarcelonanoticias.com\/en\/champions-league\/key-absences-who-will-miss-the-inter-barca-return-leg_312417_102.html","name":"Key absences: Who will miss the Inter-Bar\u00e7a return leg?","isPartOf":{"@id":"https:\/\/www.fcbarcelonanoticias.com\/en\/#website"},"primaryImageOfPage":{"@id":"https:\/\/www.fcbarcelonanoticias.com\/en\/champions-league\/key-absences-who-will-miss-the-inter-barca-return-leg_312417_102.html#primaryimage"},"image":{"@id":"https:\/\/www.fcbarcelonanoticias.com\/en\/champions-league\/key-absences-who-will-miss-the-inter-barca-return-leg_312417_102.html#primaryimage"},"thumbnailUrl":"https:\/\/www.fcbarcelonanoticias.com\/en\/wp-content\/uploads\/sites\/2\/2025\/05\/jules-kounde-lautaro-martinez-champions.jpeg","datePublished":"2025-05-01T04:38:00+00:00","dateModified":"2026-04-16T07:35:43+00:00","author":{"@id":"https:\/\/www.fcbarcelonanoticias.com\/en\/#\/schema\/person\/c2cd9f6fa1af5c0d0eccd0fefa575c88"},"description":"Key injuries at Inter and Bar\u00e7a: Who will miss the return leg? Analysis and impact of each injury","breadcrumb":{"@id":"https:\/\/www.fcbarcelonanoticias.com\/en\/champions-league\/key-absences-who-will-miss-the-inter-barca-return-leg_312417_102.html#breadcrumb"},"inLanguage":"en-US","potentialAction":[{"@type":"ReadAction","target":["https:\/\/www.fcbarcelonanoticias.com\/en\/champions-league\/key-absences-who-will-miss-the-inter-barca-return-leg_312417_102.html"]}]},{"@type":"ImageObject","inLanguage":"en-US","@id":"https:\/\/www.fcbarcelonanoticias.com\/en\/champions-league\/key-absences-who-will-miss-the-inter-barca-return-leg_312417_102.html#primaryimage","url":"https:\/\/www.fcbarcelonanoticias.com\/en\/wp-content\/uploads\/sites\/2\/2025\/05\/jules-kounde-lautaro-martinez-champions.jpeg","contentUrl":"https:\/\/www.fcbarcelonanoticias.com\/en\/wp-content\/uploads\/sites\/2\/2025\/05\/jules-kounde-lautaro-martinez-champions.jpeg","width":1200,"height":675},{"@type":"BreadcrumbList","@id":"https:\/\/www.fcbarcelonanoticias.com\/en\/champions-league\/key-absences-who-will-miss-the-inter-barca-return-leg_312417_102.html#breadcrumb","itemListElement":[{"@type":"ListItem","position":1,"name":"Portada","item":"https:\/\/www.fcbarcelonanoticias.com\/en\/"},{"@type":"ListItem","position":2,"name":"Key Champions League losses: Who will miss the Inter-Bar\u00e7a return leg?"}]},{"@type":"WebSite","@id":"https:\/\/www.fcbarcelonanoticias.com\/en\/#website","url":"https:\/\/www.fcbarcelonanoticias.com\/en\/","name":"EN - FC Barcelona Noticias","description":"","potentialAction":[{"@type":"SearchAction","target":{"@type":"EntryPoint","urlTemplate":"https:\/\/www.fcbarcelonanoticias.com\/en\/?s={search_term_string}"},"query-input":{"@type":"PropertyValueSpecification","valueRequired":true,"valueName":"search_term_string"}}],"inLanguage":"en-US"},{"@type":"Person","@id":"https:\/\/www.fcbarcelonanoticias.com\/en\/#\/schema\/person\/c2cd9f6fa1af5c0d0eccd0fefa575c88","name":"Andr\u00e9s Quiroz","image":{"@type":"ImageObject","inLanguage":"en-US","@id":"https:\/\/secure.gravatar.com\/avatar\/?s=96&d=mm&r=g","url":"https:\/\/secure.gravatar.com\/avatar\/?s=96&d=mm&r=g","contentUrl":"https:\/\/secure.gravatar.com\/avatar\/?s=96&d=mm&r=g","caption":"Andr\u00e9s Quiroz"},"description":"Licenciado en Periodismo por la Universidad de los Andes. Me encargo de analizar y compartir los contenidos m\u00e1s destacados de la\u00a0actualidad del F\u00fatbol Club Barcelona, Mercado de Fichajes y F\u00fatbol Internacional en FCBN. La informaci\u00f3n es poder, pero tambi\u00e9n conocimiento.","url":"https:\/\/www.fcbarcelonanoticias.com\/en\/fc-barcelona\/andres-quiroz_17_115.html"}]}},"_links":{"self":[{"href":"https:\/\/www.fcbarcelonanoticias.com\/en\/wp-json\/wp\/v2\/posts\/3596","targetHints":{"allow":["GET"]}}],"collection":[{"href":"https:\/\/www.fcbarcelonanoticias.com\/en\/wp-json\/wp\/v2\/posts"}],"about":[{"href":"https:\/\/www.fcbarcelonanoticias.com\/en\/wp-json\/wp\/v2\/types\/post"}],"author":[{"embeddable":true,"href":"https:\/\/www.fcbarcelonanoticias.com\/en\/wp-json\/wp\/v2\/users\/347"}],"replies":[{"embeddable":true,"href":"https:\/\/www.fcbarcelonanoticias.com\/en\/wp-json\/wp\/v2\/comments?post=3596"}],"version-history":[{"count":5,"href":"https:\/\/www.fcbarcelonanoticias.com\/en\/wp-json\/wp\/v2\/posts\/3596\/revisions"}],"predecessor-version":[{"id":177097,"href":"https:\/\/www.fcbarcelonanoticias.com\/en\/wp-json\/wp\/v2\/posts\/3596\/revisions\/177097"}],"wp:featuredmedia":[{"embeddable":true,"href":"https:\/\/www.fcbarcelonanoticias.com\/en\/wp-json\/wp\/v2\/media\/1266"}],"wp:attachment":[{"href":"https:\/\/www.fcbarcelonanoticias.com\/en\/wp-json\/wp\/v2\/media?parent=3596"}],"wp:term":[{"taxonomy":"category","embeddable":true,"href":"https:\/\/www.fcbarcelonanoticias.com\/en\/wp-json\/wp\/v2\/categories?post=3596"},{"taxonomy":"post_tag","embeddable":true,"href":"https:\/\/www.fcbarcelonanoticias.com\/en\/wp-json\/wp\/v2\/tags?post=3596"}],"curies":[{"name":"wp","href":"https:\/\/api.w.org\/{rel}","templated":true}]}}