{"id":36017,"date":"2024-07-28T02:51:00","date_gmt":"2024-07-28T00:51:00","guid":{"rendered":"https:\/\/weisetech.dev\/fc-barcelona-noticias\/en\/three-players-of-the-fc-barcelona-do-pineapple-in-his-free-day_305886_102\/"},"modified":"2024-07-28T02:51:00","modified_gmt":"2024-07-28T00:51:00","slug":"three-players-of-the-fc-barcelona-do-pineapple-in-his-free-day_305886_102","status":"publish","type":"post","link":"https:\/\/www.fcbarcelonanoticias.com\/en\/fc-barcelona\/three-players-of-the-fc-barcelona-do-pineapple-in-his-free-day_305886_102.html","title":{"rendered":"Three FC Barcelona players do &#8216;pineapple&#8217; on their day off"},"content":{"rendered":"<h2 class=\"wp-block-heading\">Through their social networks, three Bar\u00e7a footballers published an image together on their day off. The players took advantage of this Saturday to meet just hours before Hansi Flick and his team travel to the United States to play three friendly matches<\/h2>  \r\n<div class=\"article-addons\">\r\n    <a href=\"https:\/\/www.fcbarcelonanoticias.com\/en\/calendar-fc-barcelona.html\"\r\n       target=\"_self\"\r\n       title=\"Calendar of FC Barcelona\"\r\n       class=\"blue-gredient-btn\">\r\n       \r\n        Calendar of FC Barcelona    <\/a>\r\n<\/div>   <p>The <a data-external=\"0\" data-intl-links-en=\"https:\/\/www.fcbarcelonanoticias.com\/en\/tags\/t-shirt-fc-barcelona\" data-intl-links-es=\"https:\/\/www.fcbarcelonanoticias.com\/tags\/camiseta-fc-barcelona\" href=\"https:\/\/www.fcbarcelonanoticias.com\/en\/tags\/t-shirt-fc-barcelona.html\" rel=\"follow\" target=\"_self\" title=\"Camiseta FC Barcelona\">FC Barcelona<\/a> is about to to begin his turns to United States with a staff with few players of the first team because of the lesionados and the footballers that find of rest. During his stay in America, the Barcelona will contest three friendly parties, but very thrilling. <strong>The first duel will be against the Manchester City the next 30 July, later will confront to the Real Madrid on 3 August and the final crash will be against the AC Milan on 6 August<\/strong>.<\/p>  <p>Before the trip of this Sunday 28 July, the new trainer of the Bar\u00e7a, <a data-external=\"0\" data-intl-links-en=\"https:\/\/www.fcbarcelonanoticias.com\/en\/tags\/hansi-flick\" data-intl-links-es=\"https:\/\/www.fcbarcelonanoticias.com\/tags\/hansi-flick\" href=\"https:\/\/www.fcbarcelonanoticias.com\/en\/tags\/hansi-flick.html\" rel=\"follow\" target=\"_self\" title=\"Hansi Flick\">Hansi Flick<\/a>, decided to give him two days of rest to his players. <strong>The German prepares for an international debut in an expedition complicated, since it had to choose to several talents of the Masia to be able to fill the gaps in the team<\/strong>. Between the figures that will not travel find : Ansu Fati and Gavi.<\/p>  <p>In this context, <strong>the one of Bis\u00e1u and the Andalusian decided to gather in his free day of trainings<\/strong>. To the group has added Juli\u00e1n Araujo, although this last himself is in the list of the footballers that will travel to North America. By means of his stories in the social network Instagram, the three published a photography taken in a garden. In the image can them appreciate very sonrientes while they enjoy of his day of rest.<\/p>  <h2>The injuries of Ansu Fati<\/h2>  <p>Recently <strong>the Bar\u00e7a informed that the forward of 21 years suffered an injury in the plant of his right foot during the training of the past Tuesday<\/strong>. Therefore, the player will have to be subjected to a treatment and will not be able to travel to the United States. It fits to remember that this is not the first time that the attacker suffers medical problems, since in November of 2020 had to be operated by the doctor Ram\u00f3n Cugat after an incident in a party against the Real Betis.<\/p>  <p>In that then, the youngster of 21 years suffered the break of the internal meniscus of the left knee. Later, <strong>in 2021 Ansu Fati starred another drop because of the break of the biceps femoral of the left leg in a duel that the FC Barcelona contested against the Celtic<\/strong>. From this moment, the history of the footballer has not gone back to be the same.<\/p>  <p>Gavi Neither will travel to United States due to the fact that it follows recovering of the injury of finals of the year happened in the party against Georgia. <strong>The mediocampista suffered a complete break of the ligament crossed previous and an injury associated in the lateral meniscus<\/strong>. The recovery of the player is progressive and even already has begun to touch balloon.<\/p>  <p>On the other hand, Juli\u00e1n Araujo himself will be able to attend to turns it American with his mates. <strong>The Mexican reincorpor\u00f3 to the trainings after recovering of a muscular injury during his cession in the UD The<\/strong>Palms . Therefore, Hansi Flick decided to have the footballer in this turns of pre-season by United States. Now only it is missing to see if the team achieves to win the friendly meetings and the trainer shows that it arrived to make history.<\/p> ","protected":false},"excerpt":{"rendered":"<p>Through their social networks, three Bar\u00e7a footballers published an image together on their day off. The players took advantage of this Saturday to meet just hours before Hansi Flick and his team travel to the United States to play three friendly matches The FC Barcelona is about to to begin his turns to United States [&hellip;]<\/p>\n","protected":false},"author":350,"featured_media":111412,"comment_status":"closed","ping_status":"open","sticky":false,"template":"","format":"standard","meta":{"_acf_changed":false,"inline_featured_image":false,"_nextfly_llmd_date_locked":false,"footnotes":""},"categories":[111],"tags":[87,380],"class_list":["post-36017","post","type-post","status-publish","format-standard","has-post-thumbnail","hentry","category-fc-barcelona","tag-hansi-flick","tag-julian-araujo"],"acf":[],"yoast_head":"<!-- This site is optimized with the Yoast SEO plugin v27.3 - https:\/\/yoast.com\/product\/yoast-seo-wordpress\/ -->\n<title>Three players of the FC Barcelona do &#039;pineapple&#039; in his free day<\/title>\n<meta name=\"description\" content=\"By means of his social networks, three footballers of the Bar\u00e7a published a together image in his free day. The players took advantage of this Saturday to gather to only hours that Hansi Flick and his staff travel to United States to contest three friendly parties\" \/>\n<meta name=\"robots\" content=\"index, follow, max-snippet:-1, max-image-preview:large, max-video-preview:-1\" \/>\n<link rel=\"canonical\" href=\"https:\/\/www.fcbarcelonanoticias.com\/en\/fc-barcelona\/three-players-of-the-fc-barcelona-do-pineapple-in-his-free-day_305886_102.html\" \/>\n<meta property=\"og:locale\" content=\"en_US\" \/>\n<meta property=\"og:type\" content=\"article\" \/>\n<meta property=\"og:title\" content=\"Three players of the FC Barcelona do &#039;pineapple&#039; in his free day\" \/>\n<meta property=\"og:description\" content=\"By means of his social networks, three footballers of the Bar\u00e7a published a together image in his free day. The players took advantage of this Saturday to gather to only hours that Hansi Flick and his staff travel to United States to contest three friendly parties\" \/>\n<meta property=\"og:url\" content=\"https:\/\/www.fcbarcelonanoticias.com\/en\/fc-barcelona\/three-players-of-the-fc-barcelona-do-pineapple-in-his-free-day_305886_102.html\" \/>\n<meta property=\"og:site_name\" content=\"EN - FC Barcelona Noticias\" \/>\n<meta property=\"article:published_time\" content=\"2024-07-28T00:51:00+00:00\" \/>\n<meta property=\"og:image\" content=\"https:\/\/www.fcbarcelonanoticias.com\/en\/wp-content\/uploads\/sites\/2\/2024\/07\/los-jugadores-del-fc-barcelona-en-el-campo-2.gif\" \/>\n\t<meta property=\"og:image:width\" content=\"1300\" \/>\n\t<meta property=\"og:image:height\" content=\"725\" \/>\n\t<meta property=\"og:image:type\" content=\"image\/gif\" \/>\n<meta name=\"author\" content=\"Jes\u00fas Bol\u00edvar\" \/>\n<meta name=\"twitter:card\" content=\"summary_large_image\" \/>\n<meta name=\"twitter:label1\" content=\"Written by\" \/>\n\t<meta name=\"twitter:data1\" content=\"Jes\u00fas Bol\u00edvar\" \/>\n\t<meta name=\"twitter:label2\" content=\"Est. reading time\" \/>\n\t<meta name=\"twitter:data2\" content=\"3 minutes\" \/>\n<script type=\"application\/ld+json\" class=\"yoast-schema-graph\">{\"@context\":\"https:\\\/\\\/schema.org\",\"@graph\":[{\"@type\":\"Article\",\"@id\":\"https:\\\/\\\/www.fcbarcelonanoticias.com\\\/en\\\/fc-barcelona\\\/three-players-of-the-fc-barcelona-do-pineapple-in-his-free-day_305886_102.html#article\",\"isPartOf\":{\"@id\":\"https:\\\/\\\/www.fcbarcelonanoticias.com\\\/en\\\/fc-barcelona\\\/three-players-of-the-fc-barcelona-do-pineapple-in-his-free-day_305886_102.html\"},\"author\":{\"name\":\"Jes\u00fas Bol\u00edvar\",\"@id\":\"https:\\\/\\\/www.fcbarcelonanoticias.com\\\/en\\\/#\\\/schema\\\/person\\\/5dbbcfa0643340852c9294383c353679\"},\"headline\":\"Three FC Barcelona players do &#8216;pineapple&#8217; on their day off\",\"datePublished\":\"2024-07-28T00:51:00+00:00\",\"mainEntityOfPage\":{\"@id\":\"https:\\\/\\\/www.fcbarcelonanoticias.com\\\/en\\\/fc-barcelona\\\/three-players-of-the-fc-barcelona-do-pineapple-in-his-free-day_305886_102.html\"},\"wordCount\":589,\"image\":{\"@id\":\"https:\\\/\\\/www.fcbarcelonanoticias.com\\\/en\\\/fc-barcelona\\\/three-players-of-the-fc-barcelona-do-pineapple-in-his-free-day_305886_102.html#primaryimage\"},\"thumbnailUrl\":\"https:\\\/\\\/www.fcbarcelonanoticias.com\\\/en\\\/wp-content\\\/uploads\\\/sites\\\/2\\\/2024\\\/07\\\/los-jugadores-del-fc-barcelona-en-el-campo-2.gif\",\"keywords\":[\"Hansi Flick\",\"Juli\u00e1n Araujo\"],\"articleSection\":[\"FC Barcelona\"],\"inLanguage\":\"en-US\"},{\"@type\":\"WebPage\",\"@id\":\"https:\\\/\\\/www.fcbarcelonanoticias.com\\\/en\\\/fc-barcelona\\\/three-players-of-the-fc-barcelona-do-pineapple-in-his-free-day_305886_102.html\",\"url\":\"https:\\\/\\\/www.fcbarcelonanoticias.com\\\/en\\\/fc-barcelona\\\/three-players-of-the-fc-barcelona-do-pineapple-in-his-free-day_305886_102.html\",\"name\":\"Three players of the FC Barcelona do 'pineapple' in his free day\",\"isPartOf\":{\"@id\":\"https:\\\/\\\/www.fcbarcelonanoticias.com\\\/en\\\/#website\"},\"primaryImageOfPage\":{\"@id\":\"https:\\\/\\\/www.fcbarcelonanoticias.com\\\/en\\\/fc-barcelona\\\/three-players-of-the-fc-barcelona-do-pineapple-in-his-free-day_305886_102.html#primaryimage\"},\"image\":{\"@id\":\"https:\\\/\\\/www.fcbarcelonanoticias.com\\\/en\\\/fc-barcelona\\\/three-players-of-the-fc-barcelona-do-pineapple-in-his-free-day_305886_102.html#primaryimage\"},\"thumbnailUrl\":\"https:\\\/\\\/www.fcbarcelonanoticias.com\\\/en\\\/wp-content\\\/uploads\\\/sites\\\/2\\\/2024\\\/07\\\/los-jugadores-del-fc-barcelona-en-el-campo-2.gif\",\"datePublished\":\"2024-07-28T00:51:00+00:00\",\"author\":{\"@id\":\"https:\\\/\\\/www.fcbarcelonanoticias.com\\\/en\\\/#\\\/schema\\\/person\\\/5dbbcfa0643340852c9294383c353679\"},\"description\":\"By means of his social networks, three footballers of the Bar\u00e7a published a together image in his free day. The players took advantage of this Saturday to gather to only hours that Hansi Flick and his staff travel to United States to contest three friendly parties\",\"breadcrumb\":{\"@id\":\"https:\\\/\\\/www.fcbarcelonanoticias.com\\\/en\\\/fc-barcelona\\\/three-players-of-the-fc-barcelona-do-pineapple-in-his-free-day_305886_102.html#breadcrumb\"},\"inLanguage\":\"en-US\",\"potentialAction\":[{\"@type\":\"ReadAction\",\"target\":[\"https:\\\/\\\/www.fcbarcelonanoticias.com\\\/en\\\/fc-barcelona\\\/three-players-of-the-fc-barcelona-do-pineapple-in-his-free-day_305886_102.html\"]}]},{\"@type\":\"ImageObject\",\"inLanguage\":\"en-US\",\"@id\":\"https:\\\/\\\/www.fcbarcelonanoticias.com\\\/en\\\/fc-barcelona\\\/three-players-of-the-fc-barcelona-do-pineapple-in-his-free-day_305886_102.html#primaryimage\",\"url\":\"https:\\\/\\\/www.fcbarcelonanoticias.com\\\/en\\\/wp-content\\\/uploads\\\/sites\\\/2\\\/2024\\\/07\\\/los-jugadores-del-fc-barcelona-en-el-campo-2.gif\",\"contentUrl\":\"https:\\\/\\\/www.fcbarcelonanoticias.com\\\/en\\\/wp-content\\\/uploads\\\/sites\\\/2\\\/2024\\\/07\\\/los-jugadores-del-fc-barcelona-en-el-campo-2.gif\",\"width\":1300,\"height\":725},{\"@type\":\"BreadcrumbList\",\"@id\":\"https:\\\/\\\/www.fcbarcelonanoticias.com\\\/en\\\/fc-barcelona\\\/three-players-of-the-fc-barcelona-do-pineapple-in-his-free-day_305886_102.html#breadcrumb\",\"itemListElement\":[{\"@type\":\"ListItem\",\"position\":1,\"name\":\"Portada\",\"item\":\"https:\\\/\\\/www.fcbarcelonanoticias.com\\\/en\\\/\"},{\"@type\":\"ListItem\",\"position\":2,\"name\":\"Three FC Barcelona players do &#8216;pineapple&#8217; on their day off\"}]},{\"@type\":\"WebSite\",\"@id\":\"https:\\\/\\\/www.fcbarcelonanoticias.com\\\/en\\\/#website\",\"url\":\"https:\\\/\\\/www.fcbarcelonanoticias.com\\\/en\\\/\",\"name\":\"EN - FC Barcelona Noticias\",\"description\":\"\",\"potentialAction\":[{\"@type\":\"SearchAction\",\"target\":{\"@type\":\"EntryPoint\",\"urlTemplate\":\"https:\\\/\\\/www.fcbarcelonanoticias.com\\\/en\\\/?s={search_term_string}\"},\"query-input\":{\"@type\":\"PropertyValueSpecification\",\"valueRequired\":true,\"valueName\":\"search_term_string\"}}],\"inLanguage\":\"en-US\"},{\"@type\":\"Person\",\"@id\":\"https:\\\/\\\/www.fcbarcelonanoticias.com\\\/en\\\/#\\\/schema\\\/person\\\/5dbbcfa0643340852c9294383c353679\",\"name\":\"Jes\u00fas Bol\u00edvar\",\"image\":{\"@type\":\"ImageObject\",\"inLanguage\":\"en-US\",\"@id\":\"https:\\\/\\\/secure.gravatar.com\\\/avatar\\\/?s=96&d=mm&r=g\",\"url\":\"https:\\\/\\\/secure.gravatar.com\\\/avatar\\\/?s=96&d=mm&r=g\",\"contentUrl\":\"https:\\\/\\\/secure.gravatar.com\\\/avatar\\\/?s=96&d=mm&r=g\",\"caption\":\"Jes\u00fas Bol\u00edvar\"},\"url\":\"https:\\\/\\\/www.fcbarcelonanoticias.com\\\/en\\\/jesus-bolivar_28_115.html\"}]}<\/script>\n<!-- \/ Yoast SEO plugin. -->","yoast_head_json":{"title":"Three players of the FC Barcelona do 'pineapple' in his free day","description":"By means of his social networks, three footballers of the Bar\u00e7a published a together image in his free day. The players took advantage of this Saturday to gather to only hours that Hansi Flick and his staff travel to United States to contest three friendly parties","robots":{"index":"index","follow":"follow","max-snippet":"max-snippet:-1","max-image-preview":"max-image-preview:large","max-video-preview":"max-video-preview:-1"},"canonical":"https:\/\/www.fcbarcelonanoticias.com\/en\/fc-barcelona\/three-players-of-the-fc-barcelona-do-pineapple-in-his-free-day_305886_102.html","og_locale":"en_US","og_type":"article","og_title":"Three players of the FC Barcelona do 'pineapple' in his free day","og_description":"By means of his social networks, three footballers of the Bar\u00e7a published a together image in his free day. The players took advantage of this Saturday to gather to only hours that Hansi Flick and his staff travel to United States to contest three friendly parties","og_url":"https:\/\/www.fcbarcelonanoticias.com\/en\/fc-barcelona\/three-players-of-the-fc-barcelona-do-pineapple-in-his-free-day_305886_102.html","og_site_name":"EN - FC Barcelona Noticias","article_published_time":"2024-07-28T00:51:00+00:00","og_image":[{"width":1300,"height":725,"url":"https:\/\/www.fcbarcelonanoticias.com\/en\/wp-content\/uploads\/sites\/2\/2024\/07\/los-jugadores-del-fc-barcelona-en-el-campo-2.gif","type":"image\/gif"}],"author":"Jes\u00fas Bol\u00edvar","twitter_card":"summary_large_image","twitter_misc":{"Written by":"Jes\u00fas Bol\u00edvar","Est. reading time":"3 minutes"},"schema":{"@context":"https:\/\/schema.org","@graph":[{"@type":"Article","@id":"https:\/\/www.fcbarcelonanoticias.com\/en\/fc-barcelona\/three-players-of-the-fc-barcelona-do-pineapple-in-his-free-day_305886_102.html#article","isPartOf":{"@id":"https:\/\/www.fcbarcelonanoticias.com\/en\/fc-barcelona\/three-players-of-the-fc-barcelona-do-pineapple-in-his-free-day_305886_102.html"},"author":{"name":"Jes\u00fas Bol\u00edvar","@id":"https:\/\/www.fcbarcelonanoticias.com\/en\/#\/schema\/person\/5dbbcfa0643340852c9294383c353679"},"headline":"Three FC Barcelona players do &#8216;pineapple&#8217; on their day off","datePublished":"2024-07-28T00:51:00+00:00","mainEntityOfPage":{"@id":"https:\/\/www.fcbarcelonanoticias.com\/en\/fc-barcelona\/three-players-of-the-fc-barcelona-do-pineapple-in-his-free-day_305886_102.html"},"wordCount":589,"image":{"@id":"https:\/\/www.fcbarcelonanoticias.com\/en\/fc-barcelona\/three-players-of-the-fc-barcelona-do-pineapple-in-his-free-day_305886_102.html#primaryimage"},"thumbnailUrl":"https:\/\/www.fcbarcelonanoticias.com\/en\/wp-content\/uploads\/sites\/2\/2024\/07\/los-jugadores-del-fc-barcelona-en-el-campo-2.gif","keywords":["Hansi Flick","Juli\u00e1n Araujo"],"articleSection":["FC Barcelona"],"inLanguage":"en-US"},{"@type":"WebPage","@id":"https:\/\/www.fcbarcelonanoticias.com\/en\/fc-barcelona\/three-players-of-the-fc-barcelona-do-pineapple-in-his-free-day_305886_102.html","url":"https:\/\/www.fcbarcelonanoticias.com\/en\/fc-barcelona\/three-players-of-the-fc-barcelona-do-pineapple-in-his-free-day_305886_102.html","name":"Three players of the FC Barcelona do 'pineapple' in his free day","isPartOf":{"@id":"https:\/\/www.fcbarcelonanoticias.com\/en\/#website"},"primaryImageOfPage":{"@id":"https:\/\/www.fcbarcelonanoticias.com\/en\/fc-barcelona\/three-players-of-the-fc-barcelona-do-pineapple-in-his-free-day_305886_102.html#primaryimage"},"image":{"@id":"https:\/\/www.fcbarcelonanoticias.com\/en\/fc-barcelona\/three-players-of-the-fc-barcelona-do-pineapple-in-his-free-day_305886_102.html#primaryimage"},"thumbnailUrl":"https:\/\/www.fcbarcelonanoticias.com\/en\/wp-content\/uploads\/sites\/2\/2024\/07\/los-jugadores-del-fc-barcelona-en-el-campo-2.gif","datePublished":"2024-07-28T00:51:00+00:00","author":{"@id":"https:\/\/www.fcbarcelonanoticias.com\/en\/#\/schema\/person\/5dbbcfa0643340852c9294383c353679"},"description":"By means of his social networks, three footballers of the Bar\u00e7a published a together image in his free day. The players took advantage of this Saturday to gather to only hours that Hansi Flick and his staff travel to United States to contest three friendly parties","breadcrumb":{"@id":"https:\/\/www.fcbarcelonanoticias.com\/en\/fc-barcelona\/three-players-of-the-fc-barcelona-do-pineapple-in-his-free-day_305886_102.html#breadcrumb"},"inLanguage":"en-US","potentialAction":[{"@type":"ReadAction","target":["https:\/\/www.fcbarcelonanoticias.com\/en\/fc-barcelona\/three-players-of-the-fc-barcelona-do-pineapple-in-his-free-day_305886_102.html"]}]},{"@type":"ImageObject","inLanguage":"en-US","@id":"https:\/\/www.fcbarcelonanoticias.com\/en\/fc-barcelona\/three-players-of-the-fc-barcelona-do-pineapple-in-his-free-day_305886_102.html#primaryimage","url":"https:\/\/www.fcbarcelonanoticias.com\/en\/wp-content\/uploads\/sites\/2\/2024\/07\/los-jugadores-del-fc-barcelona-en-el-campo-2.gif","contentUrl":"https:\/\/www.fcbarcelonanoticias.com\/en\/wp-content\/uploads\/sites\/2\/2024\/07\/los-jugadores-del-fc-barcelona-en-el-campo-2.gif","width":1300,"height":725},{"@type":"BreadcrumbList","@id":"https:\/\/www.fcbarcelonanoticias.com\/en\/fc-barcelona\/three-players-of-the-fc-barcelona-do-pineapple-in-his-free-day_305886_102.html#breadcrumb","itemListElement":[{"@type":"ListItem","position":1,"name":"Portada","item":"https:\/\/www.fcbarcelonanoticias.com\/en\/"},{"@type":"ListItem","position":2,"name":"Three FC Barcelona players do &#8216;pineapple&#8217; on their day off"}]},{"@type":"WebSite","@id":"https:\/\/www.fcbarcelonanoticias.com\/en\/#website","url":"https:\/\/www.fcbarcelonanoticias.com\/en\/","name":"EN - FC Barcelona Noticias","description":"","potentialAction":[{"@type":"SearchAction","target":{"@type":"EntryPoint","urlTemplate":"https:\/\/www.fcbarcelonanoticias.com\/en\/?s={search_term_string}"},"query-input":{"@type":"PropertyValueSpecification","valueRequired":true,"valueName":"search_term_string"}}],"inLanguage":"en-US"},{"@type":"Person","@id":"https:\/\/www.fcbarcelonanoticias.com\/en\/#\/schema\/person\/5dbbcfa0643340852c9294383c353679","name":"Jes\u00fas Bol\u00edvar","image":{"@type":"ImageObject","inLanguage":"en-US","@id":"https:\/\/secure.gravatar.com\/avatar\/?s=96&d=mm&r=g","url":"https:\/\/secure.gravatar.com\/avatar\/?s=96&d=mm&r=g","contentUrl":"https:\/\/secure.gravatar.com\/avatar\/?s=96&d=mm&r=g","caption":"Jes\u00fas Bol\u00edvar"},"url":"https:\/\/www.fcbarcelonanoticias.com\/en\/jesus-bolivar_28_115.html"}]}},"_links":{"self":[{"href":"https:\/\/www.fcbarcelonanoticias.com\/en\/wp-json\/wp\/v2\/posts\/36017","targetHints":{"allow":["GET"]}}],"collection":[{"href":"https:\/\/www.fcbarcelonanoticias.com\/en\/wp-json\/wp\/v2\/posts"}],"about":[{"href":"https:\/\/www.fcbarcelonanoticias.com\/en\/wp-json\/wp\/v2\/types\/post"}],"author":[{"embeddable":true,"href":"https:\/\/www.fcbarcelonanoticias.com\/en\/wp-json\/wp\/v2\/users\/350"}],"replies":[{"embeddable":true,"href":"https:\/\/www.fcbarcelonanoticias.com\/en\/wp-json\/wp\/v2\/comments?post=36017"}],"version-history":[{"count":1,"href":"https:\/\/www.fcbarcelonanoticias.com\/en\/wp-json\/wp\/v2\/posts\/36017\/revisions"}],"predecessor-version":[{"id":111411,"href":"https:\/\/www.fcbarcelonanoticias.com\/en\/wp-json\/wp\/v2\/posts\/36017\/revisions\/111411"}],"wp:featuredmedia":[{"embeddable":true,"href":"https:\/\/www.fcbarcelonanoticias.com\/en\/wp-json\/wp\/v2\/media\/111412"}],"wp:attachment":[{"href":"https:\/\/www.fcbarcelonanoticias.com\/en\/wp-json\/wp\/v2\/media?parent=36017"}],"wp:term":[{"taxonomy":"category","embeddable":true,"href":"https:\/\/www.fcbarcelonanoticias.com\/en\/wp-json\/wp\/v2\/categories?post=36017"},{"taxonomy":"post_tag","embeddable":true,"href":"https:\/\/www.fcbarcelonanoticias.com\/en\/wp-json\/wp\/v2\/tags?post=36017"}],"curies":[{"name":"wp","href":"https:\/\/api.w.org\/{rel}","templated":true}]}}