{"id":36027,"date":"2025-01-27T02:05:00","date_gmt":"2025-01-27T01:05:00","guid":{"rendered":"https:\/\/weisetech.dev\/fc-barcelona-noticias\/en\/thrilling-hansi-flick-surrenders-to-the-exhibition-of-barca-second-unit_310395_102\/"},"modified":"2025-01-27T08:34:00","modified_gmt":"2025-01-27T07:34:00","slug":"thrilling-hansi-flick-surrenders-to-the-exhibition-of-barca-second-unit_310395_102","status":"publish","type":"post","link":"https:\/\/www.fcbarcelonanoticias.com\/en\/fc-barcelona\/thrilling-hansi-flick-surrenders-to-the-exhibition-of-barca-second-unit_310395_102.html","title":{"rendered":"Thrilling! Hansi Flick surrenders to the exhibition of Bar\u00e7a&#8217;s second unit"},"content":{"rendered":"<h2 class=\"wp-block-heading\">Hansi Flick appeared before the press after Bar\u00e7a&#8217;s brutal thrashing of Valencia (7-1) and, in addition to clarifying the debate in goal, he praised the &#8216;B unit&#8217;<\/h2>  \r\n<div class=\"article-addons\">\r\n    <a href=\"https:\/\/www.fcbarcelonanoticias.com\/en\/calendar-fc-barcelona.html\"\r\n       target=\"_self\"\r\n       title=\"Calendar of FC Barcelona\"\r\n       class=\"blue-gredient-btn\">\r\n       \r\n        Calendar of FC Barcelona    <\/a>\r\n<\/div>   <p>The <strong>FC Barcelona<\/strong> offered a true recital against <strong>Valencia<\/strong> at <strong>Montju\u00efc<\/strong>. With a team full of substitutes, <a data-external=\"0\" data-intl-links-en=\"https:\/\/www.fcbarcelonanoticias.com\/en\/fc-barcelona\/blue-machine-barca-team-crushes-valencia-and-re-engages-in-laliga-7-1_310389_102.html\" data-intl-links-es=\"https:\/\/www.fcbarcelonanoticias.com\/fc-barcelona\/unidad-barca-destroza-valencia-se-reengancha-laliga-7-1_310389_102.html\" href=\"https:\/\/www.fcbarcelonanoticias.com\/en\/fc-barcelona\/blue-machine-barca-team-crushes-valencia-and-re-engages-in-laliga-7-1_310389_102.html\" rel=\"follow\" target=\"_self\" title=\"Blue machine! Bar\u00e7a's 'B unit' crushes Valencia and re-engages in LaLiga (7-1)\">the Catalans decisively crushed the &#8216;che&#8217; team (7-1)<\/a> and fully re-entered the title race for <strong>LaLiga<\/strong>. This situation sparked excitement in a <strong>Hansi Flick<\/strong> thrilled with his team&#8217;s performance, as he made clear in the post-match press conference.<\/p>  <p>&#8220;<strong>It was a perfect match. The players who usually don&#8217;t play were perfect<\/strong>&#8220;, the coach began. &#8220;The players showed fresh legs. They were engaged in the match and did a great job. I liked my team&#8217;s performance&#8221;, he added.<\/p>  <p>Regarding <a data-external=\"0\" data-intl-links-en=\"https:\/\/www.fcbarcelonanoticias.com\/en\/fc-barcelona\/hansi-flick-second-fastest-coach-in-barcelona-history-to-reach-100-goals_310394_102.html\" data-intl-links-es=\"https:\/\/www.fcbarcelonanoticias.com\/fc-barcelona\/hansi-flick-segundo-entrenador-mas-rapido-historia-barcelona-llegar-100-goles_310394_102.html\" href=\"https:\/\/www.fcbarcelonanoticias.com\/en\/fc-barcelona\/hansi-flick-second-fastest-coach-in-barcelona-history-to-reach-100-goals_310394_102.html\" rel=\"follow\" target=\"_self\" title=\"Hansi Flick: second fastest coach in Barcelona history to reach 100 goals\">the 101 goals scored by Bar\u00e7a this season<\/a>, the German stated that &#8220;<strong>I love the team&#8217;s hunger and how they show it<\/strong>. The match doesn&#8217;t end at 2-0. For me, the most important thing is the points&#8221;. He continued praising the &#8216;B unit&#8217; by stating that &#8220;it&#8217;s good news to have players of this quality. We started very well and the next match is also at home, and we must continue like this&#8221;.<\/p>  <h3>Szczesny&#8217;s starting position<\/h3>  <p>Regarding the decision to bet again on <strong>Szczesny<\/strong> in goal instead of <strong>I\u00f1aki Pe\u00f1a<\/strong>, Flick maintained that &#8220;I already said before the match that <strong>with Szczesny we haven&#8217;t lost. I know it&#8217;s not the best situation for I\u00f1aki, but that&#8217;s football<\/strong>. We spoke with the coaches and made that decision&#8221;.<\/p>  <p>&#8220;We are in professional football. The situation is not easy for I\u00f1aki. We had the feeling to change. It&#8217;s about performance and we think about which player strengthens us. We always compare what I\u00f1aki or Szczesny bring. That&#8217;s not the debate; both are good. <strong>It&#8217;s a feeling. A sensation, and we have to make a decision<\/strong>. I think it was right for him to play&#8221;, he added.<\/p>  <h3>The performance of Ferm\u00edn and Ansu Fati&#8217;s future<\/h3>  <p><strong>Flick<\/strong> then spoke about the spectacular presentation of <strong>Ferm\u00edn L\u00f3pez<\/strong>, who was the &#8216;MVP&#8217; of the match thanks to his 2 goals and 2 assists. &#8220;He deserved to be the player of the match. He participated in many goals. He has good finishing and his match dynamics were good&#8221;, assured the German.<\/p>  <p>&#8220;I love giving minutes to all players, but it&#8217;s not possible. In midfield, we have fantastic players. Ferm\u00edn defended very well and today he was incredible.<strong> I was very excited to see him play like this. I&#8217;m very happy<\/strong>&#8220;, he added.<\/p>  <p>In contrast, the case of <strong>Ansu Fati<\/strong> was different, as he remained on the bench <strong>and did not see a single minute<\/strong> despite Bar\u00e7a having resolved the match in the first half. &#8220;I don&#8217;t have to say anything about that. He is improving in training and we will help him&#8221;, the cul\u00e9 coach limited himself to saying.<\/p>  <p>Finally, the German wanted to highlight the unity of the squad with a spectacular gesture from <strong>Gavi<\/strong> towards <strong>Pablo Torre<\/strong> in the final minutes of the match. &#8220;Gavi told me to put Pablo Torre in for the last fifteen minutes. I liked this reaction&#8221;, concluded a Flick who is increasingly in love with his team.<\/p> ","protected":false},"excerpt":{"rendered":"<p>Hansi Flick appeared before the press after Bar\u00e7a&#8217;s brutal thrashing of Valencia (7-1) and, in addition to clarifying the debate in goal, he praised the &#8216;B unit&#8217; The FC Barcelona offered a true recital against Valencia at Montju\u00efc. With a team full of substitutes, the Catalans decisively crushed the &#8216;che&#8217; team (7-1) and fully re-entered [&hellip;]<\/p>\n","protected":false},"author":358,"featured_media":36029,"comment_status":"closed","ping_status":"open","sticky":false,"template":"","format":"standard","meta":{"_acf_changed":false,"inline_featured_image":false,"_nextfly_llmd_date_locked":false,"footnotes":""},"categories":[111],"tags":[],"class_list":["post-36027","post","type-post","status-publish","format-standard","has-post-thumbnail","hentry","category-fc-barcelona"],"acf":[],"yoast_head":"<!-- This site is optimized with the Yoast SEO plugin v27.3 - https:\/\/yoast.com\/product\/yoast-seo-wordpress\/ -->\n<title>Thrilling! Hansi Flick surrenders to the exhibition of Bar\u00e7a&#039;s second unit<\/title>\n<meta name=\"description\" content=\"Hansi Flick appeared before the press after Bar\u00e7a&#039;s brutal thrashing of Valencia (7-1) and, in addition to clarifying the debate in goal, he praised the &#039;B unit&#039;\" \/>\n<meta name=\"robots\" content=\"index, follow, max-snippet:-1, max-image-preview:large, max-video-preview:-1\" \/>\n<link rel=\"canonical\" href=\"https:\/\/www.fcbarcelonanoticias.com\/en\/fc-barcelona\/thrilling-hansi-flick-surrenders-to-the-exhibition-of-barca-second-unit_310395_102.html\" \/>\n<meta property=\"og:locale\" content=\"en_US\" \/>\n<meta property=\"og:type\" content=\"article\" \/>\n<meta property=\"og:title\" content=\"Thrilling! Hansi Flick surrenders to the exhibition of Bar\u00e7a&#039;s second unit\" \/>\n<meta property=\"og:description\" content=\"Hansi Flick appeared before the press after Bar\u00e7a&#039;s brutal thrashing of Valencia (7-1) and, in addition to clarifying the debate in goal, he praised the &#039;B unit&#039;\" \/>\n<meta property=\"og:url\" content=\"https:\/\/www.fcbarcelonanoticias.com\/en\/fc-barcelona\/thrilling-hansi-flick-surrenders-to-the-exhibition-of-barca-second-unit_310395_102.html\" \/>\n<meta property=\"og:site_name\" content=\"EN - FC Barcelona Noticias\" \/>\n<meta property=\"article:published_time\" content=\"2025-01-27T01:05:00+00:00\" \/>\n<meta property=\"article:modified_time\" content=\"2025-01-27T07:34:00+00:00\" \/>\n<meta property=\"og:image\" content=\"https:\/\/www.fcbarcelonanoticias.com\/en\/wp-content\/uploads\/sites\/2\/2025\/01\/whatsapp-image-2025-01-26-at-6-31-29-pm.jpeg\" \/>\n\t<meta property=\"og:image:width\" content=\"1200\" \/>\n\t<meta property=\"og:image:height\" content=\"675\" \/>\n\t<meta property=\"og:image:type\" content=\"image\/jpeg\" \/>\n<meta name=\"author\" content=\"Juan Pablo Berdugo\" \/>\n<meta name=\"twitter:card\" content=\"summary_large_image\" \/>\n<meta name=\"twitter:label1\" content=\"Written by\" \/>\n\t<meta name=\"twitter:data1\" content=\"Juan Pablo Berdugo\" \/>\n\t<meta name=\"twitter:label2\" content=\"Est. reading time\" \/>\n\t<meta name=\"twitter:data2\" content=\"3 minutes\" \/>\n<script type=\"application\/ld+json\" class=\"yoast-schema-graph\">{\"@context\":\"https:\\\/\\\/schema.org\",\"@graph\":[{\"@type\":\"Article\",\"@id\":\"https:\\\/\\\/www.fcbarcelonanoticias.com\\\/en\\\/fc-barcelona\\\/thrilling-hansi-flick-surrenders-to-the-exhibition-of-barca-second-unit_310395_102.html#article\",\"isPartOf\":{\"@id\":\"https:\\\/\\\/www.fcbarcelonanoticias.com\\\/en\\\/fc-barcelona\\\/thrilling-hansi-flick-surrenders-to-the-exhibition-of-barca-second-unit_310395_102.html\"},\"author\":{\"name\":\"Juan Pablo Berdugo\",\"@id\":\"https:\\\/\\\/www.fcbarcelonanoticias.com\\\/en\\\/#\\\/schema\\\/person\\\/88d756918a0a1ae9fa593b5edddd1815\"},\"headline\":\"Thrilling! Hansi Flick surrenders to the exhibition of Bar\u00e7a&#8217;s second unit\",\"datePublished\":\"2025-01-27T01:05:00+00:00\",\"dateModified\":\"2025-01-27T07:34:00+00:00\",\"mainEntityOfPage\":{\"@id\":\"https:\\\/\\\/www.fcbarcelonanoticias.com\\\/en\\\/fc-barcelona\\\/thrilling-hansi-flick-surrenders-to-the-exhibition-of-barca-second-unit_310395_102.html\"},\"wordCount\":569,\"image\":{\"@id\":\"https:\\\/\\\/www.fcbarcelonanoticias.com\\\/en\\\/fc-barcelona\\\/thrilling-hansi-flick-surrenders-to-the-exhibition-of-barca-second-unit_310395_102.html#primaryimage\"},\"thumbnailUrl\":\"https:\\\/\\\/www.fcbarcelonanoticias.com\\\/en\\\/wp-content\\\/uploads\\\/sites\\\/2\\\/2025\\\/01\\\/whatsapp-image-2025-01-26-at-6-31-29-pm.jpeg\",\"articleSection\":[\"FC Barcelona\"],\"inLanguage\":\"en-US\"},{\"@type\":\"WebPage\",\"@id\":\"https:\\\/\\\/www.fcbarcelonanoticias.com\\\/en\\\/fc-barcelona\\\/thrilling-hansi-flick-surrenders-to-the-exhibition-of-barca-second-unit_310395_102.html\",\"url\":\"https:\\\/\\\/www.fcbarcelonanoticias.com\\\/en\\\/fc-barcelona\\\/thrilling-hansi-flick-surrenders-to-the-exhibition-of-barca-second-unit_310395_102.html\",\"name\":\"Thrilling! Hansi Flick surrenders to the exhibition of Bar\u00e7a's second unit\",\"isPartOf\":{\"@id\":\"https:\\\/\\\/www.fcbarcelonanoticias.com\\\/en\\\/#website\"},\"primaryImageOfPage\":{\"@id\":\"https:\\\/\\\/www.fcbarcelonanoticias.com\\\/en\\\/fc-barcelona\\\/thrilling-hansi-flick-surrenders-to-the-exhibition-of-barca-second-unit_310395_102.html#primaryimage\"},\"image\":{\"@id\":\"https:\\\/\\\/www.fcbarcelonanoticias.com\\\/en\\\/fc-barcelona\\\/thrilling-hansi-flick-surrenders-to-the-exhibition-of-barca-second-unit_310395_102.html#primaryimage\"},\"thumbnailUrl\":\"https:\\\/\\\/www.fcbarcelonanoticias.com\\\/en\\\/wp-content\\\/uploads\\\/sites\\\/2\\\/2025\\\/01\\\/whatsapp-image-2025-01-26-at-6-31-29-pm.jpeg\",\"datePublished\":\"2025-01-27T01:05:00+00:00\",\"dateModified\":\"2025-01-27T07:34:00+00:00\",\"author\":{\"@id\":\"https:\\\/\\\/www.fcbarcelonanoticias.com\\\/en\\\/#\\\/schema\\\/person\\\/88d756918a0a1ae9fa593b5edddd1815\"},\"description\":\"Hansi Flick appeared before the press after Bar\u00e7a's brutal thrashing of Valencia (7-1) and, in addition to clarifying the debate in goal, he praised the 'B unit'\",\"breadcrumb\":{\"@id\":\"https:\\\/\\\/www.fcbarcelonanoticias.com\\\/en\\\/fc-barcelona\\\/thrilling-hansi-flick-surrenders-to-the-exhibition-of-barca-second-unit_310395_102.html#breadcrumb\"},\"inLanguage\":\"en-US\",\"potentialAction\":[{\"@type\":\"ReadAction\",\"target\":[\"https:\\\/\\\/www.fcbarcelonanoticias.com\\\/en\\\/fc-barcelona\\\/thrilling-hansi-flick-surrenders-to-the-exhibition-of-barca-second-unit_310395_102.html\"]}]},{\"@type\":\"ImageObject\",\"inLanguage\":\"en-US\",\"@id\":\"https:\\\/\\\/www.fcbarcelonanoticias.com\\\/en\\\/fc-barcelona\\\/thrilling-hansi-flick-surrenders-to-the-exhibition-of-barca-second-unit_310395_102.html#primaryimage\",\"url\":\"https:\\\/\\\/www.fcbarcelonanoticias.com\\\/en\\\/wp-content\\\/uploads\\\/sites\\\/2\\\/2025\\\/01\\\/whatsapp-image-2025-01-26-at-6-31-29-pm.jpeg\",\"contentUrl\":\"https:\\\/\\\/www.fcbarcelonanoticias.com\\\/en\\\/wp-content\\\/uploads\\\/sites\\\/2\\\/2025\\\/01\\\/whatsapp-image-2025-01-26-at-6-31-29-pm.jpeg\",\"width\":1200,\"height\":675},{\"@type\":\"BreadcrumbList\",\"@id\":\"https:\\\/\\\/www.fcbarcelonanoticias.com\\\/en\\\/fc-barcelona\\\/thrilling-hansi-flick-surrenders-to-the-exhibition-of-barca-second-unit_310395_102.html#breadcrumb\",\"itemListElement\":[{\"@type\":\"ListItem\",\"position\":1,\"name\":\"Portada\",\"item\":\"https:\\\/\\\/www.fcbarcelonanoticias.com\\\/en\\\/\"},{\"@type\":\"ListItem\",\"position\":2,\"name\":\"Thrilling! Hansi Flick surrenders to the exhibition of Bar\u00e7a&#8217;s second unit\"}]},{\"@type\":\"WebSite\",\"@id\":\"https:\\\/\\\/www.fcbarcelonanoticias.com\\\/en\\\/#website\",\"url\":\"https:\\\/\\\/www.fcbarcelonanoticias.com\\\/en\\\/\",\"name\":\"EN - FC Barcelona Noticias\",\"description\":\"\",\"potentialAction\":[{\"@type\":\"SearchAction\",\"target\":{\"@type\":\"EntryPoint\",\"urlTemplate\":\"https:\\\/\\\/www.fcbarcelonanoticias.com\\\/en\\\/?s={search_term_string}\"},\"query-input\":{\"@type\":\"PropertyValueSpecification\",\"valueRequired\":true,\"valueName\":\"search_term_string\"}}],\"inLanguage\":\"en-US\"},{\"@type\":\"Person\",\"@id\":\"https:\\\/\\\/www.fcbarcelonanoticias.com\\\/en\\\/#\\\/schema\\\/person\\\/88d756918a0a1ae9fa593b5edddd1815\",\"name\":\"Juan Pablo Berdugo\",\"image\":{\"@type\":\"ImageObject\",\"inLanguage\":\"en-US\",\"@id\":\"https:\\\/\\\/secure.gravatar.com\\\/avatar\\\/?s=96&d=mm&r=g\",\"url\":\"https:\\\/\\\/secure.gravatar.com\\\/avatar\\\/?s=96&d=mm&r=g\",\"contentUrl\":\"https:\\\/\\\/secure.gravatar.com\\\/avatar\\\/?s=96&d=mm&r=g\",\"caption\":\"Juan Pablo Berdugo\"},\"description\":\"Juan Pablo Berdugo es graduado en Periodismo. Colabora con FCBN como especialista en informaci\u00f3n del primer equipo del FC Barcelona, f\u00fatbol internacional y mercado de fichajes. Destaca por su enfoque anal\u00edtico, su rigor informativo y su capacidad para detectar tendencias emergentes en el f\u00fatbol global.\",\"url\":\"https:\\\/\\\/www.fcbarcelonanoticias.com\\\/en\\\/fc-barcelona\\\/juan-pablo-berdugo_18_115.html\"}]}<\/script>\n<!-- \/ Yoast SEO plugin. -->","yoast_head_json":{"title":"Thrilling! Hansi Flick surrenders to the exhibition of Bar\u00e7a's second unit","description":"Hansi Flick appeared before the press after Bar\u00e7a's brutal thrashing of Valencia (7-1) and, in addition to clarifying the debate in goal, he praised the 'B unit'","robots":{"index":"index","follow":"follow","max-snippet":"max-snippet:-1","max-image-preview":"max-image-preview:large","max-video-preview":"max-video-preview:-1"},"canonical":"https:\/\/www.fcbarcelonanoticias.com\/en\/fc-barcelona\/thrilling-hansi-flick-surrenders-to-the-exhibition-of-barca-second-unit_310395_102.html","og_locale":"en_US","og_type":"article","og_title":"Thrilling! Hansi Flick surrenders to the exhibition of Bar\u00e7a's second unit","og_description":"Hansi Flick appeared before the press after Bar\u00e7a's brutal thrashing of Valencia (7-1) and, in addition to clarifying the debate in goal, he praised the 'B unit'","og_url":"https:\/\/www.fcbarcelonanoticias.com\/en\/fc-barcelona\/thrilling-hansi-flick-surrenders-to-the-exhibition-of-barca-second-unit_310395_102.html","og_site_name":"EN - FC Barcelona Noticias","article_published_time":"2025-01-27T01:05:00+00:00","article_modified_time":"2025-01-27T07:34:00+00:00","og_image":[{"width":1200,"height":675,"url":"https:\/\/www.fcbarcelonanoticias.com\/en\/wp-content\/uploads\/sites\/2\/2025\/01\/whatsapp-image-2025-01-26-at-6-31-29-pm.jpeg","type":"image\/jpeg"}],"author":"Juan Pablo Berdugo","twitter_card":"summary_large_image","twitter_misc":{"Written by":"Juan Pablo Berdugo","Est. reading time":"3 minutes"},"schema":{"@context":"https:\/\/schema.org","@graph":[{"@type":"Article","@id":"https:\/\/www.fcbarcelonanoticias.com\/en\/fc-barcelona\/thrilling-hansi-flick-surrenders-to-the-exhibition-of-barca-second-unit_310395_102.html#article","isPartOf":{"@id":"https:\/\/www.fcbarcelonanoticias.com\/en\/fc-barcelona\/thrilling-hansi-flick-surrenders-to-the-exhibition-of-barca-second-unit_310395_102.html"},"author":{"name":"Juan Pablo Berdugo","@id":"https:\/\/www.fcbarcelonanoticias.com\/en\/#\/schema\/person\/88d756918a0a1ae9fa593b5edddd1815"},"headline":"Thrilling! Hansi Flick surrenders to the exhibition of Bar\u00e7a&#8217;s second unit","datePublished":"2025-01-27T01:05:00+00:00","dateModified":"2025-01-27T07:34:00+00:00","mainEntityOfPage":{"@id":"https:\/\/www.fcbarcelonanoticias.com\/en\/fc-barcelona\/thrilling-hansi-flick-surrenders-to-the-exhibition-of-barca-second-unit_310395_102.html"},"wordCount":569,"image":{"@id":"https:\/\/www.fcbarcelonanoticias.com\/en\/fc-barcelona\/thrilling-hansi-flick-surrenders-to-the-exhibition-of-barca-second-unit_310395_102.html#primaryimage"},"thumbnailUrl":"https:\/\/www.fcbarcelonanoticias.com\/en\/wp-content\/uploads\/sites\/2\/2025\/01\/whatsapp-image-2025-01-26-at-6-31-29-pm.jpeg","articleSection":["FC Barcelona"],"inLanguage":"en-US"},{"@type":"WebPage","@id":"https:\/\/www.fcbarcelonanoticias.com\/en\/fc-barcelona\/thrilling-hansi-flick-surrenders-to-the-exhibition-of-barca-second-unit_310395_102.html","url":"https:\/\/www.fcbarcelonanoticias.com\/en\/fc-barcelona\/thrilling-hansi-flick-surrenders-to-the-exhibition-of-barca-second-unit_310395_102.html","name":"Thrilling! Hansi Flick surrenders to the exhibition of Bar\u00e7a's second unit","isPartOf":{"@id":"https:\/\/www.fcbarcelonanoticias.com\/en\/#website"},"primaryImageOfPage":{"@id":"https:\/\/www.fcbarcelonanoticias.com\/en\/fc-barcelona\/thrilling-hansi-flick-surrenders-to-the-exhibition-of-barca-second-unit_310395_102.html#primaryimage"},"image":{"@id":"https:\/\/www.fcbarcelonanoticias.com\/en\/fc-barcelona\/thrilling-hansi-flick-surrenders-to-the-exhibition-of-barca-second-unit_310395_102.html#primaryimage"},"thumbnailUrl":"https:\/\/www.fcbarcelonanoticias.com\/en\/wp-content\/uploads\/sites\/2\/2025\/01\/whatsapp-image-2025-01-26-at-6-31-29-pm.jpeg","datePublished":"2025-01-27T01:05:00+00:00","dateModified":"2025-01-27T07:34:00+00:00","author":{"@id":"https:\/\/www.fcbarcelonanoticias.com\/en\/#\/schema\/person\/88d756918a0a1ae9fa593b5edddd1815"},"description":"Hansi Flick appeared before the press after Bar\u00e7a's brutal thrashing of Valencia (7-1) and, in addition to clarifying the debate in goal, he praised the 'B unit'","breadcrumb":{"@id":"https:\/\/www.fcbarcelonanoticias.com\/en\/fc-barcelona\/thrilling-hansi-flick-surrenders-to-the-exhibition-of-barca-second-unit_310395_102.html#breadcrumb"},"inLanguage":"en-US","potentialAction":[{"@type":"ReadAction","target":["https:\/\/www.fcbarcelonanoticias.com\/en\/fc-barcelona\/thrilling-hansi-flick-surrenders-to-the-exhibition-of-barca-second-unit_310395_102.html"]}]},{"@type":"ImageObject","inLanguage":"en-US","@id":"https:\/\/www.fcbarcelonanoticias.com\/en\/fc-barcelona\/thrilling-hansi-flick-surrenders-to-the-exhibition-of-barca-second-unit_310395_102.html#primaryimage","url":"https:\/\/www.fcbarcelonanoticias.com\/en\/wp-content\/uploads\/sites\/2\/2025\/01\/whatsapp-image-2025-01-26-at-6-31-29-pm.jpeg","contentUrl":"https:\/\/www.fcbarcelonanoticias.com\/en\/wp-content\/uploads\/sites\/2\/2025\/01\/whatsapp-image-2025-01-26-at-6-31-29-pm.jpeg","width":1200,"height":675},{"@type":"BreadcrumbList","@id":"https:\/\/www.fcbarcelonanoticias.com\/en\/fc-barcelona\/thrilling-hansi-flick-surrenders-to-the-exhibition-of-barca-second-unit_310395_102.html#breadcrumb","itemListElement":[{"@type":"ListItem","position":1,"name":"Portada","item":"https:\/\/www.fcbarcelonanoticias.com\/en\/"},{"@type":"ListItem","position":2,"name":"Thrilling! Hansi Flick surrenders to the exhibition of Bar\u00e7a&#8217;s second unit"}]},{"@type":"WebSite","@id":"https:\/\/www.fcbarcelonanoticias.com\/en\/#website","url":"https:\/\/www.fcbarcelonanoticias.com\/en\/","name":"EN - FC Barcelona Noticias","description":"","potentialAction":[{"@type":"SearchAction","target":{"@type":"EntryPoint","urlTemplate":"https:\/\/www.fcbarcelonanoticias.com\/en\/?s={search_term_string}"},"query-input":{"@type":"PropertyValueSpecification","valueRequired":true,"valueName":"search_term_string"}}],"inLanguage":"en-US"},{"@type":"Person","@id":"https:\/\/www.fcbarcelonanoticias.com\/en\/#\/schema\/person\/88d756918a0a1ae9fa593b5edddd1815","name":"Juan Pablo Berdugo","image":{"@type":"ImageObject","inLanguage":"en-US","@id":"https:\/\/secure.gravatar.com\/avatar\/?s=96&d=mm&r=g","url":"https:\/\/secure.gravatar.com\/avatar\/?s=96&d=mm&r=g","contentUrl":"https:\/\/secure.gravatar.com\/avatar\/?s=96&d=mm&r=g","caption":"Juan Pablo Berdugo"},"description":"Juan Pablo Berdugo es graduado en Periodismo. Colabora con FCBN como especialista en informaci\u00f3n del primer equipo del FC Barcelona, f\u00fatbol internacional y mercado de fichajes. Destaca por su enfoque anal\u00edtico, su rigor informativo y su capacidad para detectar tendencias emergentes en el f\u00fatbol global.","url":"https:\/\/www.fcbarcelonanoticias.com\/en\/fc-barcelona\/juan-pablo-berdugo_18_115.html"}]}},"_links":{"self":[{"href":"https:\/\/www.fcbarcelonanoticias.com\/en\/wp-json\/wp\/v2\/posts\/36027","targetHints":{"allow":["GET"]}}],"collection":[{"href":"https:\/\/www.fcbarcelonanoticias.com\/en\/wp-json\/wp\/v2\/posts"}],"about":[{"href":"https:\/\/www.fcbarcelonanoticias.com\/en\/wp-json\/wp\/v2\/types\/post"}],"author":[{"embeddable":true,"href":"https:\/\/www.fcbarcelonanoticias.com\/en\/wp-json\/wp\/v2\/users\/358"}],"replies":[{"embeddable":true,"href":"https:\/\/www.fcbarcelonanoticias.com\/en\/wp-json\/wp\/v2\/comments?post=36027"}],"version-history":[{"count":1,"href":"https:\/\/www.fcbarcelonanoticias.com\/en\/wp-json\/wp\/v2\/posts\/36027\/revisions"}],"predecessor-version":[{"id":111442,"href":"https:\/\/www.fcbarcelonanoticias.com\/en\/wp-json\/wp\/v2\/posts\/36027\/revisions\/111442"}],"wp:featuredmedia":[{"embeddable":true,"href":"https:\/\/www.fcbarcelonanoticias.com\/en\/wp-json\/wp\/v2\/media\/36029"}],"wp:attachment":[{"href":"https:\/\/www.fcbarcelonanoticias.com\/en\/wp-json\/wp\/v2\/media?parent=36027"}],"wp:term":[{"taxonomy":"category","embeddable":true,"href":"https:\/\/www.fcbarcelonanoticias.com\/en\/wp-json\/wp\/v2\/categories?post=36027"},{"taxonomy":"post_tag","embeddable":true,"href":"https:\/\/www.fcbarcelonanoticias.com\/en\/wp-json\/wp\/v2\/tags?post=36027"}],"curies":[{"name":"wp","href":"https:\/\/api.w.org\/{rel}","templated":true}]}}