{"id":36233,"date":"2025-01-05T00:27:00","date_gmt":"2025-01-04T23:27:00","guid":{"rendered":"https:\/\/weisetech.dev\/fc-barcelona-noticias\/en\/toni-fernandez-makes-history-at-barca-with-record-against-barbastro_309827_102\/"},"modified":"2025-01-05T00:53:00","modified_gmt":"2025-01-04T23:53:00","slug":"toni-fernandez-makes-history-at-barca-with-record-against-barbastro_309827_102","status":"publish","type":"post","link":"https:\/\/www.fcbarcelonanoticias.com\/en\/fc-barcelona\/toni-fernandez-makes-history-at-barca-with-record-against-barbastro_309827_102.html","title":{"rendered":"Toni Fern\u00e1ndez makes history at Bar\u00e7a with a record against Barbastro"},"content":{"rendered":"<h2 class=\"wp-block-heading\">Toni Fern\u00e1ndez made history at Bar\u00e7a by becoming the second youngest player to debut for the first team, surpassed only by Lamine Yamal<\/h2>  \r\n<div class=\"article-addons\">\r\n    <a href=\"https:\/\/www.fcbarcelonanoticias.com\/en\/calendar-fc-barcelona.html\"\r\n       target=\"_self\"\r\n       title=\"Calendar of FC Barcelona\"\r\n       class=\"blue-gredient-btn\">\r\n       \r\n        Calendar of FC Barcelona    <\/a>\r\n<\/div>   <p>On the night of Saturday, January 4, it was a night of debuts at <strong>FC Barcelona<\/strong>. <a data-external=\"0\" data-intl-links-en=\"https:\/\/www.fcbarcelonanoticias.com\/en\/football-soccer\/copa-del-rey\/expected-debut-szczesny-makes-his-debut-with-barca-keeping-clean-sheet-in-barbastro_309819_102.html\" data-intl-links-es=\"https:\/\/www.fcbarcelonanoticias.com\/futbol\/copa-del-rey\/debut-esperado-szczesny-estrena-con-barcelona-dejando-arco-cero-barbastro_309819_102.html\" href=\"https:\/\/www.fcbarcelonanoticias.com\/en\/football-soccer\/copa-del-rey\/expected-debut-szczesny-makes-his-debut-with-barca-keeping-clean-sheet-in-barbastro_309819_102.html\" rel=\"follow\" target=\"_self\" title=\"Expected debut! Szczesny debuts with Bar\u00e7a keeping his goal clean against Barbastro\">Wojciech Szczesny debuted under the posts of the blue and garnet goal<\/a> after arriving in the Catalan city last October following the injury of <strong>Ter Stegen<\/strong>, while <strong>Ronald Araujo<\/strong> donned the kit for the first time this season after being sidelined for over 5 months due to a serious muscle injury.<\/p>  <p>However, <strong>Toni Fern\u00e1ndez<\/strong> stole the spotlight in the match against Barbastro. At 16 years and 173 days, the La Masia youth player became the second youngest player to officially debut for the first team. The first, of course, is <strong>Lamine Yamal<\/strong>, who did so at 15 years and 291 days.<\/p>  <h3>Toni aims for the Supercopa de Espa\u00f1a<\/h3>  <p>The player from Rub\u00ed entered the field in the 81st minute, replacing <strong>Pablo Torre<\/strong>, and showcased flashes of his quality and personality. The forward had already been part of the squads for matches against <strong>Villarreal<\/strong>, <strong>Getafe<\/strong>, and <strong>Osasuna<\/strong> in La Liga, as well as <strong>Monaco<\/strong> and <strong>Young Boys<\/strong> in the Champions League, although it was in the Copa del Rey match where <strong>Hansi Flick<\/strong> decided to give him his first opportunity in the &#8216;big leagues&#8217;.<\/p>  <p>Now, having been tested by the Bar\u00e7a coach alongside his teammates, <strong>Fern\u00e1ndez<\/strong> is set to travel with the first team to Saudi Arabia to compete in the Supercopa de Espa\u00f1a since <a data-external=\"0\" data-intl-links-en=\"https:\/\/www.fcbarcelonanoticias.com\/en\/fc-barcelona\/liga-and-the-rfef-do-not-yield-with-dani-olmo-barca-will-exhaust-the-last-option_309814_102.html\" data-intl-links-es=\"https:\/\/www.fcbarcelonanoticias.com\/fc-barcelona\/liga-rfef-no-ceden-con-dani-olmo-barca-agotara-ultima-via_309814_102.html\" href=\"https:\/\/www.fcbarcelonanoticias.com\/en\/fc-barcelona\/liga-and-the-rfef-do-not-yield-with-dani-olmo-barca-will-exhaust-the-last-option_309814_102.html\" rel=\"follow\" target=\"_self\" title=\"La Liga and the RFEF do not yield with Dani Olmo: Bar\u00e7a will exhaust the last option\">Dani Olmo and Pau V\u00edctor are still not registered<\/a>, making this an ideal scenario to establish himself in the first team.<\/p> ","protected":false},"excerpt":{"rendered":"<p>Toni Fern\u00e1ndez made history at Bar\u00e7a by becoming the second youngest player to debut for the first team, surpassed only by Lamine Yamal On the night of Saturday, January 4, it was a night of debuts at FC Barcelona. Wojciech Szczesny debuted under the posts of the blue and garnet goal after arriving in the [&hellip;]<\/p>\n","protected":false},"author":358,"featured_media":36234,"comment_status":"closed","ping_status":"open","sticky":false,"template":"","format":"standard","meta":{"_acf_changed":false,"inline_featured_image":false,"_nextfly_llmd_date_locked":false,"footnotes":""},"categories":[111],"tags":[],"class_list":["post-36233","post","type-post","status-publish","format-standard","has-post-thumbnail","hentry","category-fc-barcelona"],"acf":[],"yoast_head":"<!-- This site is optimized with the Yoast SEO plugin v27.3 - https:\/\/yoast.com\/product\/yoast-seo-wordpress\/ -->\n<title>Toni Fern\u00e1ndez makes history at Bar\u00e7a with a record against Barbastro<\/title>\n<meta name=\"description\" content=\"Toni Fern\u00e1ndez made history at Bar\u00e7a by becoming the second youngest player to debut for the first team, surpassed only by Lamine Yamal\" \/>\n<meta name=\"robots\" content=\"index, follow, max-snippet:-1, max-image-preview:large, max-video-preview:-1\" \/>\n<link rel=\"canonical\" href=\"https:\/\/www.fcbarcelonanoticias.com\/en\/fc-barcelona\/toni-fernandez-makes-history-at-barca-with-record-against-barbastro_309827_102.html\" \/>\n<meta property=\"og:locale\" content=\"en_US\" \/>\n<meta property=\"og:type\" content=\"article\" \/>\n<meta property=\"og:title\" content=\"Toni Fern\u00e1ndez makes history at Bar\u00e7a with a record against Barbastro\" \/>\n<meta property=\"og:description\" content=\"Toni Fern\u00e1ndez made history at Bar\u00e7a by becoming the second youngest player to debut for the first team, surpassed only by Lamine Yamal\" \/>\n<meta property=\"og:url\" content=\"https:\/\/www.fcbarcelonanoticias.com\/en\/fc-barcelona\/toni-fernandez-makes-history-at-barca-with-record-against-barbastro_309827_102.html\" \/>\n<meta property=\"og:site_name\" content=\"EN - FC Barcelona Noticias\" \/>\n<meta property=\"article:published_time\" content=\"2025-01-04T23:27:00+00:00\" \/>\n<meta property=\"article:modified_time\" content=\"2025-01-04T23:53:00+00:00\" \/>\n<meta property=\"og:image\" content=\"https:\/\/www.fcbarcelonanoticias.com\/en\/wp-content\/uploads\/sites\/2\/2025\/01\/fc-barcelona-v-as-monaco-trofeu-joan-gamper-16-1.jpeg\" \/>\n\t<meta property=\"og:image:width\" content=\"1200\" \/>\n\t<meta property=\"og:image:height\" content=\"675\" \/>\n\t<meta property=\"og:image:type\" content=\"image\/jpeg\" \/>\n<meta name=\"author\" content=\"Juan Pablo Berdugo\" \/>\n<meta name=\"twitter:card\" content=\"summary_large_image\" \/>\n<meta name=\"twitter:label1\" content=\"Written by\" \/>\n\t<meta name=\"twitter:data1\" content=\"Juan Pablo Berdugo\" \/>\n\t<meta name=\"twitter:label2\" content=\"Est. reading time\" \/>\n\t<meta name=\"twitter:data2\" content=\"1 minute\" \/>\n<script type=\"application\/ld+json\" class=\"yoast-schema-graph\">{\"@context\":\"https:\\\/\\\/schema.org\",\"@graph\":[{\"@type\":\"Article\",\"@id\":\"https:\\\/\\\/www.fcbarcelonanoticias.com\\\/en\\\/fc-barcelona\\\/toni-fernandez-makes-history-at-barca-with-record-against-barbastro_309827_102.html#article\",\"isPartOf\":{\"@id\":\"https:\\\/\\\/www.fcbarcelonanoticias.com\\\/en\\\/fc-barcelona\\\/toni-fernandez-makes-history-at-barca-with-record-against-barbastro_309827_102.html\"},\"author\":{\"name\":\"Juan Pablo Berdugo\",\"@id\":\"https:\\\/\\\/www.fcbarcelonanoticias.com\\\/en\\\/#\\\/schema\\\/person\\\/88d756918a0a1ae9fa593b5edddd1815\"},\"headline\":\"Toni Fern\u00e1ndez makes history at Bar\u00e7a with a record against Barbastro\",\"datePublished\":\"2025-01-04T23:27:00+00:00\",\"dateModified\":\"2025-01-04T23:53:00+00:00\",\"mainEntityOfPage\":{\"@id\":\"https:\\\/\\\/www.fcbarcelonanoticias.com\\\/en\\\/fc-barcelona\\\/toni-fernandez-makes-history-at-barca-with-record-against-barbastro_309827_102.html\"},\"wordCount\":289,\"image\":{\"@id\":\"https:\\\/\\\/www.fcbarcelonanoticias.com\\\/en\\\/fc-barcelona\\\/toni-fernandez-makes-history-at-barca-with-record-against-barbastro_309827_102.html#primaryimage\"},\"thumbnailUrl\":\"https:\\\/\\\/www.fcbarcelonanoticias.com\\\/en\\\/wp-content\\\/uploads\\\/sites\\\/2\\\/2025\\\/01\\\/fc-barcelona-v-as-monaco-trofeu-joan-gamper-16-1.jpeg\",\"articleSection\":[\"FC Barcelona\"],\"inLanguage\":\"en-US\"},{\"@type\":\"WebPage\",\"@id\":\"https:\\\/\\\/www.fcbarcelonanoticias.com\\\/en\\\/fc-barcelona\\\/toni-fernandez-makes-history-at-barca-with-record-against-barbastro_309827_102.html\",\"url\":\"https:\\\/\\\/www.fcbarcelonanoticias.com\\\/en\\\/fc-barcelona\\\/toni-fernandez-makes-history-at-barca-with-record-against-barbastro_309827_102.html\",\"name\":\"Toni Fern\u00e1ndez makes history at Bar\u00e7a with a record against Barbastro\",\"isPartOf\":{\"@id\":\"https:\\\/\\\/www.fcbarcelonanoticias.com\\\/en\\\/#website\"},\"primaryImageOfPage\":{\"@id\":\"https:\\\/\\\/www.fcbarcelonanoticias.com\\\/en\\\/fc-barcelona\\\/toni-fernandez-makes-history-at-barca-with-record-against-barbastro_309827_102.html#primaryimage\"},\"image\":{\"@id\":\"https:\\\/\\\/www.fcbarcelonanoticias.com\\\/en\\\/fc-barcelona\\\/toni-fernandez-makes-history-at-barca-with-record-against-barbastro_309827_102.html#primaryimage\"},\"thumbnailUrl\":\"https:\\\/\\\/www.fcbarcelonanoticias.com\\\/en\\\/wp-content\\\/uploads\\\/sites\\\/2\\\/2025\\\/01\\\/fc-barcelona-v-as-monaco-trofeu-joan-gamper-16-1.jpeg\",\"datePublished\":\"2025-01-04T23:27:00+00:00\",\"dateModified\":\"2025-01-04T23:53:00+00:00\",\"author\":{\"@id\":\"https:\\\/\\\/www.fcbarcelonanoticias.com\\\/en\\\/#\\\/schema\\\/person\\\/88d756918a0a1ae9fa593b5edddd1815\"},\"description\":\"Toni Fern\u00e1ndez made history at Bar\u00e7a by becoming the second youngest player to debut for the first team, surpassed only by Lamine Yamal\",\"breadcrumb\":{\"@id\":\"https:\\\/\\\/www.fcbarcelonanoticias.com\\\/en\\\/fc-barcelona\\\/toni-fernandez-makes-history-at-barca-with-record-against-barbastro_309827_102.html#breadcrumb\"},\"inLanguage\":\"en-US\",\"potentialAction\":[{\"@type\":\"ReadAction\",\"target\":[\"https:\\\/\\\/www.fcbarcelonanoticias.com\\\/en\\\/fc-barcelona\\\/toni-fernandez-makes-history-at-barca-with-record-against-barbastro_309827_102.html\"]}]},{\"@type\":\"ImageObject\",\"inLanguage\":\"en-US\",\"@id\":\"https:\\\/\\\/www.fcbarcelonanoticias.com\\\/en\\\/fc-barcelona\\\/toni-fernandez-makes-history-at-barca-with-record-against-barbastro_309827_102.html#primaryimage\",\"url\":\"https:\\\/\\\/www.fcbarcelonanoticias.com\\\/en\\\/wp-content\\\/uploads\\\/sites\\\/2\\\/2025\\\/01\\\/fc-barcelona-v-as-monaco-trofeu-joan-gamper-16-1.jpeg\",\"contentUrl\":\"https:\\\/\\\/www.fcbarcelonanoticias.com\\\/en\\\/wp-content\\\/uploads\\\/sites\\\/2\\\/2025\\\/01\\\/fc-barcelona-v-as-monaco-trofeu-joan-gamper-16-1.jpeg\",\"width\":1200,\"height\":675},{\"@type\":\"BreadcrumbList\",\"@id\":\"https:\\\/\\\/www.fcbarcelonanoticias.com\\\/en\\\/fc-barcelona\\\/toni-fernandez-makes-history-at-barca-with-record-against-barbastro_309827_102.html#breadcrumb\",\"itemListElement\":[{\"@type\":\"ListItem\",\"position\":1,\"name\":\"Portada\",\"item\":\"https:\\\/\\\/www.fcbarcelonanoticias.com\\\/en\\\/\"},{\"@type\":\"ListItem\",\"position\":2,\"name\":\"Toni Fern\u00e1ndez makes history at Bar\u00e7a with a record against Barbastro\"}]},{\"@type\":\"WebSite\",\"@id\":\"https:\\\/\\\/www.fcbarcelonanoticias.com\\\/en\\\/#website\",\"url\":\"https:\\\/\\\/www.fcbarcelonanoticias.com\\\/en\\\/\",\"name\":\"EN - FC Barcelona Noticias\",\"description\":\"\",\"potentialAction\":[{\"@type\":\"SearchAction\",\"target\":{\"@type\":\"EntryPoint\",\"urlTemplate\":\"https:\\\/\\\/www.fcbarcelonanoticias.com\\\/en\\\/?s={search_term_string}\"},\"query-input\":{\"@type\":\"PropertyValueSpecification\",\"valueRequired\":true,\"valueName\":\"search_term_string\"}}],\"inLanguage\":\"en-US\"},{\"@type\":\"Person\",\"@id\":\"https:\\\/\\\/www.fcbarcelonanoticias.com\\\/en\\\/#\\\/schema\\\/person\\\/88d756918a0a1ae9fa593b5edddd1815\",\"name\":\"Juan Pablo Berdugo\",\"image\":{\"@type\":\"ImageObject\",\"inLanguage\":\"en-US\",\"@id\":\"https:\\\/\\\/secure.gravatar.com\\\/avatar\\\/?s=96&d=mm&r=g\",\"url\":\"https:\\\/\\\/secure.gravatar.com\\\/avatar\\\/?s=96&d=mm&r=g\",\"contentUrl\":\"https:\\\/\\\/secure.gravatar.com\\\/avatar\\\/?s=96&d=mm&r=g\",\"caption\":\"Juan Pablo Berdugo\"},\"description\":\"Juan Pablo Berdugo es graduado en Periodismo. Colabora con FCBN como especialista en informaci\u00f3n del primer equipo del FC Barcelona, f\u00fatbol internacional y mercado de fichajes. Destaca por su enfoque anal\u00edtico, su rigor informativo y su capacidad para detectar tendencias emergentes en el f\u00fatbol global.\",\"url\":\"https:\\\/\\\/www.fcbarcelonanoticias.com\\\/en\\\/fc-barcelona\\\/juan-pablo-berdugo_18_115.html\"}]}<\/script>\n<!-- \/ Yoast SEO plugin. -->","yoast_head_json":{"title":"Toni Fern\u00e1ndez makes history at Bar\u00e7a with a record against Barbastro","description":"Toni Fern\u00e1ndez made history at Bar\u00e7a by becoming the second youngest player to debut for the first team, surpassed only by Lamine Yamal","robots":{"index":"index","follow":"follow","max-snippet":"max-snippet:-1","max-image-preview":"max-image-preview:large","max-video-preview":"max-video-preview:-1"},"canonical":"https:\/\/www.fcbarcelonanoticias.com\/en\/fc-barcelona\/toni-fernandez-makes-history-at-barca-with-record-against-barbastro_309827_102.html","og_locale":"en_US","og_type":"article","og_title":"Toni Fern\u00e1ndez makes history at Bar\u00e7a with a record against Barbastro","og_description":"Toni Fern\u00e1ndez made history at Bar\u00e7a by becoming the second youngest player to debut for the first team, surpassed only by Lamine Yamal","og_url":"https:\/\/www.fcbarcelonanoticias.com\/en\/fc-barcelona\/toni-fernandez-makes-history-at-barca-with-record-against-barbastro_309827_102.html","og_site_name":"EN - FC Barcelona Noticias","article_published_time":"2025-01-04T23:27:00+00:00","article_modified_time":"2025-01-04T23:53:00+00:00","og_image":[{"width":1200,"height":675,"url":"https:\/\/www.fcbarcelonanoticias.com\/en\/wp-content\/uploads\/sites\/2\/2025\/01\/fc-barcelona-v-as-monaco-trofeu-joan-gamper-16-1.jpeg","type":"image\/jpeg"}],"author":"Juan Pablo Berdugo","twitter_card":"summary_large_image","twitter_misc":{"Written by":"Juan Pablo Berdugo","Est. reading time":"1 minute"},"schema":{"@context":"https:\/\/schema.org","@graph":[{"@type":"Article","@id":"https:\/\/www.fcbarcelonanoticias.com\/en\/fc-barcelona\/toni-fernandez-makes-history-at-barca-with-record-against-barbastro_309827_102.html#article","isPartOf":{"@id":"https:\/\/www.fcbarcelonanoticias.com\/en\/fc-barcelona\/toni-fernandez-makes-history-at-barca-with-record-against-barbastro_309827_102.html"},"author":{"name":"Juan Pablo Berdugo","@id":"https:\/\/www.fcbarcelonanoticias.com\/en\/#\/schema\/person\/88d756918a0a1ae9fa593b5edddd1815"},"headline":"Toni Fern\u00e1ndez makes history at Bar\u00e7a with a record against Barbastro","datePublished":"2025-01-04T23:27:00+00:00","dateModified":"2025-01-04T23:53:00+00:00","mainEntityOfPage":{"@id":"https:\/\/www.fcbarcelonanoticias.com\/en\/fc-barcelona\/toni-fernandez-makes-history-at-barca-with-record-against-barbastro_309827_102.html"},"wordCount":289,"image":{"@id":"https:\/\/www.fcbarcelonanoticias.com\/en\/fc-barcelona\/toni-fernandez-makes-history-at-barca-with-record-against-barbastro_309827_102.html#primaryimage"},"thumbnailUrl":"https:\/\/www.fcbarcelonanoticias.com\/en\/wp-content\/uploads\/sites\/2\/2025\/01\/fc-barcelona-v-as-monaco-trofeu-joan-gamper-16-1.jpeg","articleSection":["FC Barcelona"],"inLanguage":"en-US"},{"@type":"WebPage","@id":"https:\/\/www.fcbarcelonanoticias.com\/en\/fc-barcelona\/toni-fernandez-makes-history-at-barca-with-record-against-barbastro_309827_102.html","url":"https:\/\/www.fcbarcelonanoticias.com\/en\/fc-barcelona\/toni-fernandez-makes-history-at-barca-with-record-against-barbastro_309827_102.html","name":"Toni Fern\u00e1ndez makes history at Bar\u00e7a with a record against Barbastro","isPartOf":{"@id":"https:\/\/www.fcbarcelonanoticias.com\/en\/#website"},"primaryImageOfPage":{"@id":"https:\/\/www.fcbarcelonanoticias.com\/en\/fc-barcelona\/toni-fernandez-makes-history-at-barca-with-record-against-barbastro_309827_102.html#primaryimage"},"image":{"@id":"https:\/\/www.fcbarcelonanoticias.com\/en\/fc-barcelona\/toni-fernandez-makes-history-at-barca-with-record-against-barbastro_309827_102.html#primaryimage"},"thumbnailUrl":"https:\/\/www.fcbarcelonanoticias.com\/en\/wp-content\/uploads\/sites\/2\/2025\/01\/fc-barcelona-v-as-monaco-trofeu-joan-gamper-16-1.jpeg","datePublished":"2025-01-04T23:27:00+00:00","dateModified":"2025-01-04T23:53:00+00:00","author":{"@id":"https:\/\/www.fcbarcelonanoticias.com\/en\/#\/schema\/person\/88d756918a0a1ae9fa593b5edddd1815"},"description":"Toni Fern\u00e1ndez made history at Bar\u00e7a by becoming the second youngest player to debut for the first team, surpassed only by Lamine Yamal","breadcrumb":{"@id":"https:\/\/www.fcbarcelonanoticias.com\/en\/fc-barcelona\/toni-fernandez-makes-history-at-barca-with-record-against-barbastro_309827_102.html#breadcrumb"},"inLanguage":"en-US","potentialAction":[{"@type":"ReadAction","target":["https:\/\/www.fcbarcelonanoticias.com\/en\/fc-barcelona\/toni-fernandez-makes-history-at-barca-with-record-against-barbastro_309827_102.html"]}]},{"@type":"ImageObject","inLanguage":"en-US","@id":"https:\/\/www.fcbarcelonanoticias.com\/en\/fc-barcelona\/toni-fernandez-makes-history-at-barca-with-record-against-barbastro_309827_102.html#primaryimage","url":"https:\/\/www.fcbarcelonanoticias.com\/en\/wp-content\/uploads\/sites\/2\/2025\/01\/fc-barcelona-v-as-monaco-trofeu-joan-gamper-16-1.jpeg","contentUrl":"https:\/\/www.fcbarcelonanoticias.com\/en\/wp-content\/uploads\/sites\/2\/2025\/01\/fc-barcelona-v-as-monaco-trofeu-joan-gamper-16-1.jpeg","width":1200,"height":675},{"@type":"BreadcrumbList","@id":"https:\/\/www.fcbarcelonanoticias.com\/en\/fc-barcelona\/toni-fernandez-makes-history-at-barca-with-record-against-barbastro_309827_102.html#breadcrumb","itemListElement":[{"@type":"ListItem","position":1,"name":"Portada","item":"https:\/\/www.fcbarcelonanoticias.com\/en\/"},{"@type":"ListItem","position":2,"name":"Toni Fern\u00e1ndez makes history at Bar\u00e7a with a record against Barbastro"}]},{"@type":"WebSite","@id":"https:\/\/www.fcbarcelonanoticias.com\/en\/#website","url":"https:\/\/www.fcbarcelonanoticias.com\/en\/","name":"EN - FC Barcelona Noticias","description":"","potentialAction":[{"@type":"SearchAction","target":{"@type":"EntryPoint","urlTemplate":"https:\/\/www.fcbarcelonanoticias.com\/en\/?s={search_term_string}"},"query-input":{"@type":"PropertyValueSpecification","valueRequired":true,"valueName":"search_term_string"}}],"inLanguage":"en-US"},{"@type":"Person","@id":"https:\/\/www.fcbarcelonanoticias.com\/en\/#\/schema\/person\/88d756918a0a1ae9fa593b5edddd1815","name":"Juan Pablo Berdugo","image":{"@type":"ImageObject","inLanguage":"en-US","@id":"https:\/\/secure.gravatar.com\/avatar\/?s=96&d=mm&r=g","url":"https:\/\/secure.gravatar.com\/avatar\/?s=96&d=mm&r=g","contentUrl":"https:\/\/secure.gravatar.com\/avatar\/?s=96&d=mm&r=g","caption":"Juan Pablo Berdugo"},"description":"Juan Pablo Berdugo es graduado en Periodismo. Colabora con FCBN como especialista en informaci\u00f3n del primer equipo del FC Barcelona, f\u00fatbol internacional y mercado de fichajes. Destaca por su enfoque anal\u00edtico, su rigor informativo y su capacidad para detectar tendencias emergentes en el f\u00fatbol global.","url":"https:\/\/www.fcbarcelonanoticias.com\/en\/fc-barcelona\/juan-pablo-berdugo_18_115.html"}]}},"_links":{"self":[{"href":"https:\/\/www.fcbarcelonanoticias.com\/en\/wp-json\/wp\/v2\/posts\/36233","targetHints":{"allow":["GET"]}}],"collection":[{"href":"https:\/\/www.fcbarcelonanoticias.com\/en\/wp-json\/wp\/v2\/posts"}],"about":[{"href":"https:\/\/www.fcbarcelonanoticias.com\/en\/wp-json\/wp\/v2\/types\/post"}],"author":[{"embeddable":true,"href":"https:\/\/www.fcbarcelonanoticias.com\/en\/wp-json\/wp\/v2\/users\/358"}],"replies":[{"embeddable":true,"href":"https:\/\/www.fcbarcelonanoticias.com\/en\/wp-json\/wp\/v2\/comments?post=36233"}],"version-history":[{"count":1,"href":"https:\/\/www.fcbarcelonanoticias.com\/en\/wp-json\/wp\/v2\/posts\/36233\/revisions"}],"predecessor-version":[{"id":111558,"href":"https:\/\/www.fcbarcelonanoticias.com\/en\/wp-json\/wp\/v2\/posts\/36233\/revisions\/111558"}],"wp:featuredmedia":[{"embeddable":true,"href":"https:\/\/www.fcbarcelonanoticias.com\/en\/wp-json\/wp\/v2\/media\/36234"}],"wp:attachment":[{"href":"https:\/\/www.fcbarcelonanoticias.com\/en\/wp-json\/wp\/v2\/media?parent=36233"}],"wp:term":[{"taxonomy":"category","embeddable":true,"href":"https:\/\/www.fcbarcelonanoticias.com\/en\/wp-json\/wp\/v2\/categories?post=36233"},{"taxonomy":"post_tag","embeddable":true,"href":"https:\/\/www.fcbarcelonanoticias.com\/en\/wp-json\/wp\/v2\/tags?post=36233"}],"curies":[{"name":"wp","href":"https:\/\/api.w.org\/{rel}","templated":true}]}}