{"id":36560,"date":"2022-10-24T19:17:00","date_gmt":"2022-10-24T17:17:00","guid":{"rendered":"https:\/\/weisetech.dev\/fc-barcelona-noticias\/en\/valverde-4-0-at-anfield-4-0-at-camp-nou_285808_102\/"},"modified":"2022-10-24T19:17:00","modified_gmt":"2022-10-24T17:17:00","slug":"valverde-4-0-at-anfield-4-0-at-camp-nou_285808_102","status":"publish","type":"post","link":"https:\/\/www.fcbarcelonanoticias.com\/en\/fc-barcelona\/valverde-4-0-at-anfield-4-0-at-camp-nou_285808_102.html","title":{"rendered":"Valverde, from 4-0 at Anfield to 4-0 at Camp Nou"},"content":{"rendered":"<h2 class=\"wp-block-heading\">Athletic Club was the victim of an inspired Bar\u00e7a and lost by 4 goals in their visit to the Camp Nou. This defeat marked a milestone for Ernesto Valverde, who had not lost by 4 goals difference since the cul\u00e9 defeat at Anfield<\/h2>  \r\n<div class=\"article-addons\">\r\n    <a href=\"https:\/\/www.fcbarcelonanoticias.com\/en\/calendar-fc-barcelona.html\"\r\n       target=\"_self\"\r\n       title=\"Calendar of FC Barcelona\"\r\n       class=\"blue-gredient-btn\">\r\n       \r\n        Calendar of FC Barcelona    <\/a>\r\n<\/div>   <p>The arrival of Jon Uriarte to the presidency of the <a data-external=\"0\" data-intl-links-en=\"https:\/\/www.fcbarcelonanoticias.com\/en\/tags\/athletic-de-bilbao\" data-intl-links-es=\"https:\/\/www.fcbarcelonanoticias.com\/tags\/athletic-de-bilbao\" href=\"https:\/\/www.fcbarcelonanoticias.com\/en\/tags\/athletic-de-bilbao.html\" rel=\"follow\" target=\"_self\" title=\"Athletic de Bilbao\">Athletic Club of Bilbao<\/a> brought achieve a new face for the bench. After Marcelino Garc\u00eda Toral took the decision to terminate his agreement with the Basque entity, Ernesto Valverde was the elected to do charge of the first team. Like this then , on 30 June of this year it confirmed the return of the ex technician of the FC Barcelona, <strong>the one who went back to Saint Mam\u00e9s to fulfil his third stage like trainer of the &#8216;lions&#8217;<\/strong>.<\/p>  <p>The return of the &#8216;Txingurri&#8217; carried a lot of illusion to the followers bilba\u00ednos, that were witnesses of a big start suspender belt by part of his team. The &#8216;rojiblancos&#8217; began enrachados the local championship, winning 5 of the 7 parties contested between August and September and situating in European places. However, <strong>the last month has been an authentic nightmare for some Basques that do not know the victory in what it goes of October<\/strong>, with 2 ties and 2 defeats in his have.<\/p>  <p>Precisely, the last &#8216;varapalo&#8217; received by the Bar\u00e7a has been very hard for the Athletic. The &#8216;lions&#8217; visited the Spotify Camp Nou the past Sunday, in the return of Ernesto Valverde to which went his house between 2017 and 2020. In spite of being an extremely complicated rival, the bilba\u00ednos were surpassed in his whole from the first minute<strong> and the square of Xavi Hern\u00e1ndez gave them a review of period, marking 4 goals to achieve the three points<\/strong>.<\/p>  <p>This goleada, besides, had a meaning no very beautiful for Valverde. And it is that the historical Spanish trainer <strong>did not lose a party by 4 goals of difference from does more than 3 years, when the FC Barcelona visited Anfield Road on 7 May 2019 <\/strong>to contest the turn of the semifinals of the UEFA Champions League in front of the Liverpool. That traced back represented the start of the end of the era of Valverde in the Catalan group, those who sacked him 8 months afterwards.<\/p>  <h3>The word of the trainer<\/h3>  <p>When finalising the meeting in front of the cul\u00e9s, Ernesto attended to the media and showed his side more autocr\u00edtico when affirming that &#8220;<strong>we have not been neither near to win, is an evidence. We have tried the beginning launch them the pressure, but they went out well and afterwards have punished us in the arrivals<\/strong>. In ten minutes have done us three goals&#8221;. Now, the technician will look for to give him a twist to his complicated present in Bilbao, where will receive the visit of the Villarreal next Sunday.<\/p> ","protected":false},"excerpt":{"rendered":"<p>Athletic Club was the victim of an inspired Bar\u00e7a and lost by 4 goals in their visit to the Camp Nou. This defeat marked a milestone for Ernesto Valverde, who had not lost by 4 goals difference since the cul\u00e9 defeat at Anfield The arrival of Jon Uriarte to the presidency of the Athletic Club [&hellip;]<\/p>\n","protected":false},"author":358,"featured_media":20122,"comment_status":"closed","ping_status":"open","sticky":false,"template":"","format":"standard","meta":{"_acf_changed":false,"inline_featured_image":false,"_nextfly_llmd_date_locked":false,"footnotes":""},"categories":[111],"tags":[81,218,101],"class_list":["post-36560","post","type-post","status-publish","format-standard","has-post-thumbnail","hentry","category-fc-barcelona","tag-athletic-de-bilbao","tag-ernesto-valverde","tag-liverpool"],"acf":[],"yoast_head":"<!-- This site is optimized with the Yoast SEO plugin v27.3 - https:\/\/yoast.com\/product\/yoast-seo-wordpress\/ -->\n<title>Valverde, of the 4-0 in Anfield to the 4-0 in the Camp Nou<\/title>\n<meta name=\"description\" content=\"The Athletic Club was victim of a Bar\u00e7a inspired and fell by 4 goals in his visit to the Camp Nou. This defeat marked a milestone for Ernesto Valverde, the one who no pe...\" \/>\n<meta name=\"robots\" content=\"index, follow, max-snippet:-1, max-image-preview:large, max-video-preview:-1\" \/>\n<link rel=\"canonical\" href=\"https:\/\/www.fcbarcelonanoticias.com\/en\/fc-barcelona\/valverde-4-0-at-anfield-4-0-at-camp-nou_285808_102.html\" \/>\n<meta property=\"og:locale\" content=\"en_US\" \/>\n<meta property=\"og:type\" content=\"article\" \/>\n<meta property=\"og:title\" content=\"Valverde, of the 4-0 in Anfield to the 4-0 in the Camp Nou\" \/>\n<meta property=\"og:description\" content=\"The Athletic Club was victim of a Bar\u00e7a inspired and fell by 4 goals in his visit to the Camp Nou. This defeat marked a milestone for Ernesto Valverde, the one who no pe...\" \/>\n<meta property=\"og:url\" content=\"https:\/\/www.fcbarcelonanoticias.com\/en\/fc-barcelona\/valverde-4-0-at-anfield-4-0-at-camp-nou_285808_102.html\" \/>\n<meta property=\"og:site_name\" content=\"EN - FC Barcelona Noticias\" \/>\n<meta property=\"article:published_time\" content=\"2022-10-24T17:17:00+00:00\" \/>\n<meta property=\"og:image\" content=\"https:\/\/www.fcbarcelonanoticias.com\/en\/wp-content\/uploads\/sites\/2\/2023\/03\/ernesto-valverde-athletic-bilbao.jpeg\" \/>\n\t<meta property=\"og:image:width\" content=\"1300\" \/>\n\t<meta property=\"og:image:height\" content=\"732\" \/>\n\t<meta property=\"og:image:type\" content=\"image\/jpeg\" \/>\n<meta name=\"author\" content=\"Juan Pablo Berdugo\" \/>\n<meta name=\"twitter:card\" content=\"summary_large_image\" \/>\n<meta name=\"twitter:label1\" content=\"Written by\" \/>\n\t<meta name=\"twitter:data1\" content=\"Juan Pablo Berdugo\" \/>\n\t<meta name=\"twitter:label2\" content=\"Est. reading time\" \/>\n\t<meta name=\"twitter:data2\" content=\"2 minutes\" \/>\n<script type=\"application\/ld+json\" class=\"yoast-schema-graph\">{\"@context\":\"https:\\\/\\\/schema.org\",\"@graph\":[{\"@type\":\"Article\",\"@id\":\"https:\\\/\\\/www.fcbarcelonanoticias.com\\\/en\\\/fc-barcelona\\\/valverde-4-0-at-anfield-4-0-at-camp-nou_285808_102.html#article\",\"isPartOf\":{\"@id\":\"https:\\\/\\\/www.fcbarcelonanoticias.com\\\/en\\\/fc-barcelona\\\/valverde-4-0-at-anfield-4-0-at-camp-nou_285808_102.html\"},\"author\":{\"name\":\"Juan Pablo Berdugo\",\"@id\":\"https:\\\/\\\/www.fcbarcelonanoticias.com\\\/en\\\/#\\\/schema\\\/person\\\/88d756918a0a1ae9fa593b5edddd1815\"},\"headline\":\"Valverde, from 4-0 at Anfield to 4-0 at Camp Nou\",\"datePublished\":\"2022-10-24T17:17:00+00:00\",\"mainEntityOfPage\":{\"@id\":\"https:\\\/\\\/www.fcbarcelonanoticias.com\\\/en\\\/fc-barcelona\\\/valverde-4-0-at-anfield-4-0-at-camp-nou_285808_102.html\"},\"wordCount\":482,\"image\":{\"@id\":\"https:\\\/\\\/www.fcbarcelonanoticias.com\\\/en\\\/fc-barcelona\\\/valverde-4-0-at-anfield-4-0-at-camp-nou_285808_102.html#primaryimage\"},\"thumbnailUrl\":\"https:\\\/\\\/www.fcbarcelonanoticias.com\\\/en\\\/wp-content\\\/uploads\\\/sites\\\/2\\\/2023\\\/03\\\/ernesto-valverde-athletic-bilbao.jpeg\",\"keywords\":[\"Athletic de Bilbao\",\"Ernesto Valverde\",\"Liverpool\"],\"articleSection\":[\"FC Barcelona\"],\"inLanguage\":\"en-US\"},{\"@type\":\"WebPage\",\"@id\":\"https:\\\/\\\/www.fcbarcelonanoticias.com\\\/en\\\/fc-barcelona\\\/valverde-4-0-at-anfield-4-0-at-camp-nou_285808_102.html\",\"url\":\"https:\\\/\\\/www.fcbarcelonanoticias.com\\\/en\\\/fc-barcelona\\\/valverde-4-0-at-anfield-4-0-at-camp-nou_285808_102.html\",\"name\":\"Valverde, of the 4-0 in Anfield to the 4-0 in the Camp Nou\",\"isPartOf\":{\"@id\":\"https:\\\/\\\/www.fcbarcelonanoticias.com\\\/en\\\/#website\"},\"primaryImageOfPage\":{\"@id\":\"https:\\\/\\\/www.fcbarcelonanoticias.com\\\/en\\\/fc-barcelona\\\/valverde-4-0-at-anfield-4-0-at-camp-nou_285808_102.html#primaryimage\"},\"image\":{\"@id\":\"https:\\\/\\\/www.fcbarcelonanoticias.com\\\/en\\\/fc-barcelona\\\/valverde-4-0-at-anfield-4-0-at-camp-nou_285808_102.html#primaryimage\"},\"thumbnailUrl\":\"https:\\\/\\\/www.fcbarcelonanoticias.com\\\/en\\\/wp-content\\\/uploads\\\/sites\\\/2\\\/2023\\\/03\\\/ernesto-valverde-athletic-bilbao.jpeg\",\"datePublished\":\"2022-10-24T17:17:00+00:00\",\"author\":{\"@id\":\"https:\\\/\\\/www.fcbarcelonanoticias.com\\\/en\\\/#\\\/schema\\\/person\\\/88d756918a0a1ae9fa593b5edddd1815\"},\"description\":\"The Athletic Club was victim of a Bar\u00e7a inspired and fell by 4 goals in his visit to the Camp Nou. This defeat marked a milestone for Ernesto Valverde, the one who no pe...\",\"breadcrumb\":{\"@id\":\"https:\\\/\\\/www.fcbarcelonanoticias.com\\\/en\\\/fc-barcelona\\\/valverde-4-0-at-anfield-4-0-at-camp-nou_285808_102.html#breadcrumb\"},\"inLanguage\":\"en-US\",\"potentialAction\":[{\"@type\":\"ReadAction\",\"target\":[\"https:\\\/\\\/www.fcbarcelonanoticias.com\\\/en\\\/fc-barcelona\\\/valverde-4-0-at-anfield-4-0-at-camp-nou_285808_102.html\"]}]},{\"@type\":\"ImageObject\",\"inLanguage\":\"en-US\",\"@id\":\"https:\\\/\\\/www.fcbarcelonanoticias.com\\\/en\\\/fc-barcelona\\\/valverde-4-0-at-anfield-4-0-at-camp-nou_285808_102.html#primaryimage\",\"url\":\"https:\\\/\\\/www.fcbarcelonanoticias.com\\\/en\\\/wp-content\\\/uploads\\\/sites\\\/2\\\/2023\\\/03\\\/ernesto-valverde-athletic-bilbao.jpeg\",\"contentUrl\":\"https:\\\/\\\/www.fcbarcelonanoticias.com\\\/en\\\/wp-content\\\/uploads\\\/sites\\\/2\\\/2023\\\/03\\\/ernesto-valverde-athletic-bilbao.jpeg\",\"width\":1300,\"height\":732},{\"@type\":\"BreadcrumbList\",\"@id\":\"https:\\\/\\\/www.fcbarcelonanoticias.com\\\/en\\\/fc-barcelona\\\/valverde-4-0-at-anfield-4-0-at-camp-nou_285808_102.html#breadcrumb\",\"itemListElement\":[{\"@type\":\"ListItem\",\"position\":1,\"name\":\"Portada\",\"item\":\"https:\\\/\\\/www.fcbarcelonanoticias.com\\\/en\\\/\"},{\"@type\":\"ListItem\",\"position\":2,\"name\":\"Valverde, from 4-0 at Anfield to 4-0 at Camp Nou\"}]},{\"@type\":\"WebSite\",\"@id\":\"https:\\\/\\\/www.fcbarcelonanoticias.com\\\/en\\\/#website\",\"url\":\"https:\\\/\\\/www.fcbarcelonanoticias.com\\\/en\\\/\",\"name\":\"EN - FC Barcelona Noticias\",\"description\":\"\",\"potentialAction\":[{\"@type\":\"SearchAction\",\"target\":{\"@type\":\"EntryPoint\",\"urlTemplate\":\"https:\\\/\\\/www.fcbarcelonanoticias.com\\\/en\\\/?s={search_term_string}\"},\"query-input\":{\"@type\":\"PropertyValueSpecification\",\"valueRequired\":true,\"valueName\":\"search_term_string\"}}],\"inLanguage\":\"en-US\"},{\"@type\":\"Person\",\"@id\":\"https:\\\/\\\/www.fcbarcelonanoticias.com\\\/en\\\/#\\\/schema\\\/person\\\/88d756918a0a1ae9fa593b5edddd1815\",\"name\":\"Juan Pablo Berdugo\",\"image\":{\"@type\":\"ImageObject\",\"inLanguage\":\"en-US\",\"@id\":\"https:\\\/\\\/secure.gravatar.com\\\/avatar\\\/?s=96&d=mm&r=g\",\"url\":\"https:\\\/\\\/secure.gravatar.com\\\/avatar\\\/?s=96&d=mm&r=g\",\"contentUrl\":\"https:\\\/\\\/secure.gravatar.com\\\/avatar\\\/?s=96&d=mm&r=g\",\"caption\":\"Juan Pablo Berdugo\"},\"description\":\"Juan Pablo Berdugo es graduado en Periodismo. Colabora con FCBN como especialista en informaci\u00f3n del primer equipo del FC Barcelona, f\u00fatbol internacional y mercado de fichajes. Destaca por su enfoque anal\u00edtico, su rigor informativo y su capacidad para detectar tendencias emergentes en el f\u00fatbol global.\",\"url\":\"https:\\\/\\\/www.fcbarcelonanoticias.com\\\/en\\\/fc-barcelona\\\/juan-pablo-berdugo_18_115.html\"}]}<\/script>\n<!-- \/ Yoast SEO plugin. -->","yoast_head_json":{"title":"Valverde, of the 4-0 in Anfield to the 4-0 in the Camp Nou","description":"The Athletic Club was victim of a Bar\u00e7a inspired and fell by 4 goals in his visit to the Camp Nou. This defeat marked a milestone for Ernesto Valverde, the one who no pe...","robots":{"index":"index","follow":"follow","max-snippet":"max-snippet:-1","max-image-preview":"max-image-preview:large","max-video-preview":"max-video-preview:-1"},"canonical":"https:\/\/www.fcbarcelonanoticias.com\/en\/fc-barcelona\/valverde-4-0-at-anfield-4-0-at-camp-nou_285808_102.html","og_locale":"en_US","og_type":"article","og_title":"Valverde, of the 4-0 in Anfield to the 4-0 in the Camp Nou","og_description":"The Athletic Club was victim of a Bar\u00e7a inspired and fell by 4 goals in his visit to the Camp Nou. This defeat marked a milestone for Ernesto Valverde, the one who no pe...","og_url":"https:\/\/www.fcbarcelonanoticias.com\/en\/fc-barcelona\/valverde-4-0-at-anfield-4-0-at-camp-nou_285808_102.html","og_site_name":"EN - FC Barcelona Noticias","article_published_time":"2022-10-24T17:17:00+00:00","og_image":[{"width":1300,"height":732,"url":"https:\/\/www.fcbarcelonanoticias.com\/en\/wp-content\/uploads\/sites\/2\/2023\/03\/ernesto-valverde-athletic-bilbao.jpeg","type":"image\/jpeg"}],"author":"Juan Pablo Berdugo","twitter_card":"summary_large_image","twitter_misc":{"Written by":"Juan Pablo Berdugo","Est. reading time":"2 minutes"},"schema":{"@context":"https:\/\/schema.org","@graph":[{"@type":"Article","@id":"https:\/\/www.fcbarcelonanoticias.com\/en\/fc-barcelona\/valverde-4-0-at-anfield-4-0-at-camp-nou_285808_102.html#article","isPartOf":{"@id":"https:\/\/www.fcbarcelonanoticias.com\/en\/fc-barcelona\/valverde-4-0-at-anfield-4-0-at-camp-nou_285808_102.html"},"author":{"name":"Juan Pablo Berdugo","@id":"https:\/\/www.fcbarcelonanoticias.com\/en\/#\/schema\/person\/88d756918a0a1ae9fa593b5edddd1815"},"headline":"Valverde, from 4-0 at Anfield to 4-0 at Camp Nou","datePublished":"2022-10-24T17:17:00+00:00","mainEntityOfPage":{"@id":"https:\/\/www.fcbarcelonanoticias.com\/en\/fc-barcelona\/valverde-4-0-at-anfield-4-0-at-camp-nou_285808_102.html"},"wordCount":482,"image":{"@id":"https:\/\/www.fcbarcelonanoticias.com\/en\/fc-barcelona\/valverde-4-0-at-anfield-4-0-at-camp-nou_285808_102.html#primaryimage"},"thumbnailUrl":"https:\/\/www.fcbarcelonanoticias.com\/en\/wp-content\/uploads\/sites\/2\/2023\/03\/ernesto-valverde-athletic-bilbao.jpeg","keywords":["Athletic de Bilbao","Ernesto Valverde","Liverpool"],"articleSection":["FC Barcelona"],"inLanguage":"en-US"},{"@type":"WebPage","@id":"https:\/\/www.fcbarcelonanoticias.com\/en\/fc-barcelona\/valverde-4-0-at-anfield-4-0-at-camp-nou_285808_102.html","url":"https:\/\/www.fcbarcelonanoticias.com\/en\/fc-barcelona\/valverde-4-0-at-anfield-4-0-at-camp-nou_285808_102.html","name":"Valverde, of the 4-0 in Anfield to the 4-0 in the Camp Nou","isPartOf":{"@id":"https:\/\/www.fcbarcelonanoticias.com\/en\/#website"},"primaryImageOfPage":{"@id":"https:\/\/www.fcbarcelonanoticias.com\/en\/fc-barcelona\/valverde-4-0-at-anfield-4-0-at-camp-nou_285808_102.html#primaryimage"},"image":{"@id":"https:\/\/www.fcbarcelonanoticias.com\/en\/fc-barcelona\/valverde-4-0-at-anfield-4-0-at-camp-nou_285808_102.html#primaryimage"},"thumbnailUrl":"https:\/\/www.fcbarcelonanoticias.com\/en\/wp-content\/uploads\/sites\/2\/2023\/03\/ernesto-valverde-athletic-bilbao.jpeg","datePublished":"2022-10-24T17:17:00+00:00","author":{"@id":"https:\/\/www.fcbarcelonanoticias.com\/en\/#\/schema\/person\/88d756918a0a1ae9fa593b5edddd1815"},"description":"The Athletic Club was victim of a Bar\u00e7a inspired and fell by 4 goals in his visit to the Camp Nou. This defeat marked a milestone for Ernesto Valverde, the one who no pe...","breadcrumb":{"@id":"https:\/\/www.fcbarcelonanoticias.com\/en\/fc-barcelona\/valverde-4-0-at-anfield-4-0-at-camp-nou_285808_102.html#breadcrumb"},"inLanguage":"en-US","potentialAction":[{"@type":"ReadAction","target":["https:\/\/www.fcbarcelonanoticias.com\/en\/fc-barcelona\/valverde-4-0-at-anfield-4-0-at-camp-nou_285808_102.html"]}]},{"@type":"ImageObject","inLanguage":"en-US","@id":"https:\/\/www.fcbarcelonanoticias.com\/en\/fc-barcelona\/valverde-4-0-at-anfield-4-0-at-camp-nou_285808_102.html#primaryimage","url":"https:\/\/www.fcbarcelonanoticias.com\/en\/wp-content\/uploads\/sites\/2\/2023\/03\/ernesto-valverde-athletic-bilbao.jpeg","contentUrl":"https:\/\/www.fcbarcelonanoticias.com\/en\/wp-content\/uploads\/sites\/2\/2023\/03\/ernesto-valverde-athletic-bilbao.jpeg","width":1300,"height":732},{"@type":"BreadcrumbList","@id":"https:\/\/www.fcbarcelonanoticias.com\/en\/fc-barcelona\/valverde-4-0-at-anfield-4-0-at-camp-nou_285808_102.html#breadcrumb","itemListElement":[{"@type":"ListItem","position":1,"name":"Portada","item":"https:\/\/www.fcbarcelonanoticias.com\/en\/"},{"@type":"ListItem","position":2,"name":"Valverde, from 4-0 at Anfield to 4-0 at Camp Nou"}]},{"@type":"WebSite","@id":"https:\/\/www.fcbarcelonanoticias.com\/en\/#website","url":"https:\/\/www.fcbarcelonanoticias.com\/en\/","name":"EN - FC Barcelona Noticias","description":"","potentialAction":[{"@type":"SearchAction","target":{"@type":"EntryPoint","urlTemplate":"https:\/\/www.fcbarcelonanoticias.com\/en\/?s={search_term_string}"},"query-input":{"@type":"PropertyValueSpecification","valueRequired":true,"valueName":"search_term_string"}}],"inLanguage":"en-US"},{"@type":"Person","@id":"https:\/\/www.fcbarcelonanoticias.com\/en\/#\/schema\/person\/88d756918a0a1ae9fa593b5edddd1815","name":"Juan Pablo Berdugo","image":{"@type":"ImageObject","inLanguage":"en-US","@id":"https:\/\/secure.gravatar.com\/avatar\/?s=96&d=mm&r=g","url":"https:\/\/secure.gravatar.com\/avatar\/?s=96&d=mm&r=g","contentUrl":"https:\/\/secure.gravatar.com\/avatar\/?s=96&d=mm&r=g","caption":"Juan Pablo Berdugo"},"description":"Juan Pablo Berdugo es graduado en Periodismo. Colabora con FCBN como especialista en informaci\u00f3n del primer equipo del FC Barcelona, f\u00fatbol internacional y mercado de fichajes. Destaca por su enfoque anal\u00edtico, su rigor informativo y su capacidad para detectar tendencias emergentes en el f\u00fatbol global.","url":"https:\/\/www.fcbarcelonanoticias.com\/en\/fc-barcelona\/juan-pablo-berdugo_18_115.html"}]}},"_links":{"self":[{"href":"https:\/\/www.fcbarcelonanoticias.com\/en\/wp-json\/wp\/v2\/posts\/36560","targetHints":{"allow":["GET"]}}],"collection":[{"href":"https:\/\/www.fcbarcelonanoticias.com\/en\/wp-json\/wp\/v2\/posts"}],"about":[{"href":"https:\/\/www.fcbarcelonanoticias.com\/en\/wp-json\/wp\/v2\/types\/post"}],"author":[{"embeddable":true,"href":"https:\/\/www.fcbarcelonanoticias.com\/en\/wp-json\/wp\/v2\/users\/358"}],"replies":[{"embeddable":true,"href":"https:\/\/www.fcbarcelonanoticias.com\/en\/wp-json\/wp\/v2\/comments?post=36560"}],"version-history":[{"count":1,"href":"https:\/\/www.fcbarcelonanoticias.com\/en\/wp-json\/wp\/v2\/posts\/36560\/revisions"}],"predecessor-version":[{"id":112245,"href":"https:\/\/www.fcbarcelonanoticias.com\/en\/wp-json\/wp\/v2\/posts\/36560\/revisions\/112245"}],"wp:featuredmedia":[{"embeddable":true,"href":"https:\/\/www.fcbarcelonanoticias.com\/en\/wp-json\/wp\/v2\/media\/20122"}],"wp:attachment":[{"href":"https:\/\/www.fcbarcelonanoticias.com\/en\/wp-json\/wp\/v2\/media?parent=36560"}],"wp:term":[{"taxonomy":"category","embeddable":true,"href":"https:\/\/www.fcbarcelonanoticias.com\/en\/wp-json\/wp\/v2\/categories?post=36560"},{"taxonomy":"post_tag","embeddable":true,"href":"https:\/\/www.fcbarcelonanoticias.com\/en\/wp-json\/wp\/v2\/tags?post=36560"}],"curies":[{"name":"wp","href":"https:\/\/api.w.org\/{rel}","templated":true}]}}