{"id":36633,"date":"2025-02-06T23:36:00","date_gmt":"2025-02-06T22:36:00","guid":{"rendered":"https:\/\/weisetech.dev\/fc-barcelona-noticias\/en\/valencia-0-5-fc-barcelona-exhibition-manita-and-into-the-copa-semifinals_310662_102\/"},"modified":"2025-04-24T01:09:00","modified_gmt":"2025-04-23T23:09:00","slug":"valencia-0-5-fc-barcelona-exhibition-manita-and-into-the-copa-semifinals_310662_102","status":"publish","type":"post","link":"https:\/\/www.fcbarcelonanoticias.com\/en\/fc-barcelona\/valencia-0-5-fc-barcelona-exhibition-manita-and-into-the-copa-semifinals_310662_102.html","title":{"rendered":"Valencia 0-5 FC Barcelona: Exhibition, &#8216;manita&#8217; and into the Copa semifinals"},"content":{"rendered":"<h2 class=\"wp-block-heading\">Bar\u00e7a experienced another historic night against Valencia, this time at Mestalla. The cul\u00e9s crushed the &#8216;ches&#8217; (0-5) and are now semifinalists of the Copa del Rey<\/h2>  \r\n<div class=\"article-addons\">\r\n    <a href=\"https:\/\/www.fcbarcelonanoticias.com\/en\/calendar-fc-barcelona.html\"\r\n       target=\"_self\"\r\n       title=\"Calendar of FC Barcelona\"\r\n       class=\"blue-gredient-btn\">\r\n       \r\n        Calendar of FC Barcelona    <\/a>\r\n<\/div>   <p>The <strong>FC Barcelona<\/strong> took another step towards one of their main objectives this season, and they did it in style. The blaugrana team visited <strong>Mestalla<\/strong> to face <strong>Valencia<\/strong> in the quarterfinals of the <strong>Copa del Rey 2024\/25<\/strong> and, just as they did a couple of weeks ago in LaLiga, they overwhelmingly dominated one of their favorite victims and secured their place in the semifinals of the competition.<\/p>  <p>The team led by <strong>Hansi Flick<\/strong> delivered a true exhibition of good football at the home of the &#8216;ches&#8217;, reaffirming their historical dominance over the locals and handing them a real beating, led by an extraordinary <strong>Ferran Torres<\/strong>, which allows them to once again join the top 4 teams of the tournament, alongside <strong>Real Madrid<\/strong>, <strong>Atl\u00e9tico de Madrid<\/strong>, and <strong>Real Sociedad<\/strong> in this stage.<\/p>  <p><strong>The &#8216;d\u00e9j\u00e0 vu&#8217; of Bar\u00e7a at Mestalla<\/strong><\/p>  <p>The match was over within three minutes. The Catalans took to the field at <strong>Mestalla<\/strong> with &#8216;blood in their eyes&#8217;, and at the 3rd minute, Balde sent a spectacular assist from midfield to find <strong>Ferran Torres<\/strong>, who, after getting behind the defense, crossed his shot to open the scoring.<\/p>  <p>The <strong>Valencia<\/strong> tried to respond, but at the 17th minute, a shot from Lamine Yamal that hit the post was &#8216;caught&#8217; by the Shark to increase the cul\u00e9s&#8217; lead. After this goal, the match completely broke apart, and just over five minutes later, <strong>Ferm\u00edn L\u00f3pez<\/strong> &#8216;put the defense to sleep&#8217; with his run, and after controlling a brutal assist from <strong>Pedri<\/strong>, he dribbled past <strong>Dimitrievski<\/strong> and put distance between the two teams.<\/p>  <p>With <strong>Carlos Corber\u00e1n<\/strong>&#8216;s side completely overwhelmed and subjected to the uncontrollable offensive power of <strong>Bar\u00e7a<\/strong>, <strong>Ferran<\/strong> completed his historic first half by celebrating his second &#8216;hat-trick&#8217; as a blaugrana half an hour into the match, sending a great cross shot from the edge of the area into the back of the net.<\/p>  <p>Both teams then went to the locker rooms with the match already decided, and the local fans emptied the stands, frustrated by the lack of response from a &#8216;ches&#8217; side that barely put up any resistance to the cul\u00e9 &#8216;storm&#8217;.<\/p>  <p><strong>Ferran Torres was &#8216;a prophet in his land&#8217;<\/strong><\/p>  <p>Without a doubt, the main protagonist of the first 45 minutes, and of the match, was <strong>Ferran Torres<\/strong>. The Shark visited what was his home for almost 15 years and made the inexorable &#8216;law of the ex&#8217; count. The forward replaced <strong>Robert Lewandowski<\/strong> in the center of the attack and led the recital of <strong>Hansi Flick<\/strong>&#8216;s team against his former club, scoring three goals in 30 minutes to seal the match and send the Catalans to the semifinals.<\/p>  <p>His &#8216;hat-trick&#8217; against <strong>Valencia<\/strong> was the second as a Bar\u00e7a player and the third of his career. Previously, he did the same against <strong>Betis<\/strong> in the 2023\/24 season and against <strong>Newcastle<\/strong> in the 2020\/21 season, when he was part of <strong>Manchester City<\/strong>.<\/p>  <p>The player also celebrated two of his three goals against the &#8216;ches&#8217; with a couple of special dedications. The first of them, with a heartfelt message to the Valencian community that read &#8220;Don&#8217;t forget Valencia&#8221;, while after scoring his third goal of the night, he ran to hug <strong>Dani Olmo<\/strong>, who was returning to the first team after a couple of weeks on the sidelines due to an injury to his right leg.<\/p>  <p><b>Lamine sealed the deal for Bar\u00e7a in Valencia<\/b><\/p>  <p>Upon returning from the locker rooms, both teams maintained the tone of the first half. The <strong>Bar\u00e7a<\/strong> continued to control the match, and although the locals tried to get back into the game with a goal from <strong>Sadiq<\/strong>, which was correctly disallowed for offside, <strong>Szczesny<\/strong> continued to have a quiet night and the cul\u00e9s knew they were victorious and qualified for the next round.<\/p>  <p><strong>Lamine Yamal<\/strong> took care of putting the final nail in the coffin in the 59th minute with &#8216;help&#8217; from the opposing defense, which deflected his shot and left <strong>Dimitrievski<\/strong> with little he could do to prevent his goal from falling for the fifth time that night. The blaugranas completed the remaining half hour practically without breaking a sweat and achieved another rout against the Valencians to secure their place among the top 4 teams of the Copa.<\/p>  <p><strong>Bar\u00e7a awaits an opponent in the semifinals<\/strong><\/p>  <p>Thus, <strong>Flick<\/strong>&#8216;s team takes another step towards their thirty-second title of <strong>Copa del Rey<\/strong>. The Catalans join <strong>Real Madrid<\/strong>, <strong>Atl\u00e9tico de Madrid<\/strong>, and <strong>Real Sociedad<\/strong> in the next round of the competition, and next Wednesday, February 12, at 1:00 PM, they will find out their opponent in the draw that will take place, as usual, at the headquarters of the Federation in Las Rozas.<\/p>  <p><u><strong>Technical sheet of the match:<\/strong><\/u>&nbsp;&nbsp; &nbsp;<\/p>  <ul> <li> <strong>Valencia, 0:<\/strong>&nbsp;Dimitrievski; Aarons, Mosquera, Yarek, Diakhaby (T\u00e1rrega, min. 64), Jes\u00fas V\u00e1zquez; P\u00e9rez (Diego L\u00f3pez, min. 64), Pepelu, Guillam\u00f3n (Barrenechea, min. 64), Can\u00f3s (Jaime, min. 71); Sadiq (Mir, min. 71).<\/li> \t<li> <strong>FC Barcelona, 5:&nbsp;<\/strong>Szczesny (P); Kound\u00e9 (Fort, min. 79),&nbsp;Pau Cubars\u00ed (I\u00f1igo Mart\u00ednez, min. 46), Eric Garc\u00eda,&nbsp;Balde (Gerard Mart\u00edn, min. 46); Frenkie De Jong, Pedri (Dani Olmo, min. 64), Ferm\u00edn L\u00f3pez;&nbsp;Lamine Yamal,&nbsp;Raphinha (Marc Casad\u00f3, min. 64),&nbsp;Ferran Torres<\/li> \t<li> <strong>Goals:<\/strong> 0-1&nbsp;Ferran Torres&nbsp;(min. 3); 0-2&nbsp;Ferran Torres&nbsp;(min. 17); 0-3&nbsp;Ferm\u00edn L\u00f3pez (min. 23); 0-4&nbsp;Ferran Torres&nbsp;(min. 30); 0-5&nbsp;Lamine Yamal (min. 59).<\/li> \t<li> <strong>Referee:&nbsp;<\/strong>Ortiz Arias.&nbsp;Cautioned the Valencians P\u00e9rez and Sadiq.<\/li> <\/ul> ","protected":false},"excerpt":{"rendered":"<p>Bar\u00e7a experienced another historic night against Valencia, this time at Mestalla. The cul\u00e9s crushed the &#8216;ches&#8217; (0-5) and are now semifinalists of the Copa del Rey The FC Barcelona took another step towards one of their main objectives this season, and they did it in style. The blaugrana team visited Mestalla to face Valencia in [&hellip;]<\/p>\n","protected":false},"author":358,"featured_media":36634,"comment_status":"closed","ping_status":"open","sticky":false,"template":"","format":"standard","meta":{"_acf_changed":false,"inline_featured_image":false,"_nextfly_llmd_date_locked":false,"footnotes":""},"categories":[111],"tags":[80],"class_list":["post-36633","post","type-post","status-publish","format-standard","has-post-thumbnail","hentry","category-fc-barcelona","tag-valencia-cf"],"acf":[],"yoast_head":"<!-- This site is optimized with the Yoast SEO plugin v27.3 - https:\/\/yoast.com\/product\/yoast-seo-wordpress\/ -->\n<title>Valencia 0-5 FC Barcelona: Exhibition, &#039;manita&#039; and into the Copa semifinals<\/title>\n<meta name=\"description\" content=\"Bar\u00e7a experienced another historic night against Valencia, this time at Mestalla. The cul\u00e9s crushed the &#039;ches&#039; (0-5) and are now semifinalists of the Copa del Rey\" \/>\n<meta name=\"robots\" content=\"index, follow, max-snippet:-1, max-image-preview:large, max-video-preview:-1\" \/>\n<link rel=\"canonical\" href=\"https:\/\/www.fcbarcelonanoticias.com\/en\/fc-barcelona\/valencia-0-5-fc-barcelona-exhibition-manita-and-into-the-copa-semifinals_310662_102.html\" \/>\n<meta property=\"og:locale\" content=\"en_US\" \/>\n<meta property=\"og:type\" content=\"article\" \/>\n<meta property=\"og:title\" content=\"Valencia 0-5 FC Barcelona: Exhibition, &#039;manita&#039; and into the Copa semifinals\" \/>\n<meta property=\"og:description\" content=\"Bar\u00e7a experienced another historic night against Valencia, this time at Mestalla. The cul\u00e9s crushed the &#039;ches&#039; (0-5) and are now semifinalists of the Copa del Rey\" \/>\n<meta property=\"og:url\" content=\"https:\/\/www.fcbarcelonanoticias.com\/en\/fc-barcelona\/valencia-0-5-fc-barcelona-exhibition-manita-and-into-the-copa-semifinals_310662_102.html\" \/>\n<meta property=\"og:site_name\" content=\"EN - FC Barcelona Noticias\" \/>\n<meta property=\"article:published_time\" content=\"2025-02-06T22:36:00+00:00\" \/>\n<meta property=\"article:modified_time\" content=\"2025-04-23T23:09:00+00:00\" \/>\n<meta property=\"og:image\" content=\"https:\/\/www.fcbarcelonanoticias.com\/en\/wp-content\/uploads\/sites\/2\/2025\/02\/whatsapp-image-2025-02-06-at-6-21-13-pm.webp\" \/>\n\t<meta property=\"og:image:width\" content=\"1200\" \/>\n\t<meta property=\"og:image:height\" content=\"675\" \/>\n\t<meta property=\"og:image:type\" content=\"image\/webp\" \/>\n<meta name=\"author\" content=\"Juan Pablo Berdugo\" \/>\n<meta name=\"twitter:card\" content=\"summary_large_image\" \/>\n<meta name=\"twitter:label1\" content=\"Written by\" \/>\n\t<meta name=\"twitter:data1\" content=\"Juan Pablo Berdugo\" \/>\n\t<meta name=\"twitter:label2\" content=\"Est. reading time\" \/>\n\t<meta name=\"twitter:data2\" content=\"5 minutes\" \/>\n<script type=\"application\/ld+json\" class=\"yoast-schema-graph\">{\"@context\":\"https:\\\/\\\/schema.org\",\"@graph\":[{\"@type\":\"Article\",\"@id\":\"https:\\\/\\\/www.fcbarcelonanoticias.com\\\/en\\\/fc-barcelona\\\/valencia-0-5-fc-barcelona-exhibition-manita-and-into-the-copa-semifinals_310662_102.html#article\",\"isPartOf\":{\"@id\":\"https:\\\/\\\/www.fcbarcelonanoticias.com\\\/en\\\/fc-barcelona\\\/valencia-0-5-fc-barcelona-exhibition-manita-and-into-the-copa-semifinals_310662_102.html\"},\"author\":{\"name\":\"Juan Pablo Berdugo\",\"@id\":\"https:\\\/\\\/www.fcbarcelonanoticias.com\\\/en\\\/#\\\/schema\\\/person\\\/88d756918a0a1ae9fa593b5edddd1815\"},\"headline\":\"Valencia 0-5 FC Barcelona: Exhibition, &#8216;manita&#8217; and into the Copa semifinals\",\"datePublished\":\"2025-02-06T22:36:00+00:00\",\"dateModified\":\"2025-04-23T23:09:00+00:00\",\"mainEntityOfPage\":{\"@id\":\"https:\\\/\\\/www.fcbarcelonanoticias.com\\\/en\\\/fc-barcelona\\\/valencia-0-5-fc-barcelona-exhibition-manita-and-into-the-copa-semifinals_310662_102.html\"},\"wordCount\":949,\"image\":{\"@id\":\"https:\\\/\\\/www.fcbarcelonanoticias.com\\\/en\\\/fc-barcelona\\\/valencia-0-5-fc-barcelona-exhibition-manita-and-into-the-copa-semifinals_310662_102.html#primaryimage\"},\"thumbnailUrl\":\"https:\\\/\\\/www.fcbarcelonanoticias.com\\\/en\\\/wp-content\\\/uploads\\\/sites\\\/2\\\/2025\\\/02\\\/whatsapp-image-2025-02-06-at-6-21-13-pm.webp\",\"keywords\":[\"Valencia CF\"],\"articleSection\":[\"FC Barcelona\"],\"inLanguage\":\"en-US\"},{\"@type\":\"WebPage\",\"@id\":\"https:\\\/\\\/www.fcbarcelonanoticias.com\\\/en\\\/fc-barcelona\\\/valencia-0-5-fc-barcelona-exhibition-manita-and-into-the-copa-semifinals_310662_102.html\",\"url\":\"https:\\\/\\\/www.fcbarcelonanoticias.com\\\/en\\\/fc-barcelona\\\/valencia-0-5-fc-barcelona-exhibition-manita-and-into-the-copa-semifinals_310662_102.html\",\"name\":\"Valencia 0-5 FC Barcelona: Exhibition, 'manita' and into the Copa semifinals\",\"isPartOf\":{\"@id\":\"https:\\\/\\\/www.fcbarcelonanoticias.com\\\/en\\\/#website\"},\"primaryImageOfPage\":{\"@id\":\"https:\\\/\\\/www.fcbarcelonanoticias.com\\\/en\\\/fc-barcelona\\\/valencia-0-5-fc-barcelona-exhibition-manita-and-into-the-copa-semifinals_310662_102.html#primaryimage\"},\"image\":{\"@id\":\"https:\\\/\\\/www.fcbarcelonanoticias.com\\\/en\\\/fc-barcelona\\\/valencia-0-5-fc-barcelona-exhibition-manita-and-into-the-copa-semifinals_310662_102.html#primaryimage\"},\"thumbnailUrl\":\"https:\\\/\\\/www.fcbarcelonanoticias.com\\\/en\\\/wp-content\\\/uploads\\\/sites\\\/2\\\/2025\\\/02\\\/whatsapp-image-2025-02-06-at-6-21-13-pm.webp\",\"datePublished\":\"2025-02-06T22:36:00+00:00\",\"dateModified\":\"2025-04-23T23:09:00+00:00\",\"author\":{\"@id\":\"https:\\\/\\\/www.fcbarcelonanoticias.com\\\/en\\\/#\\\/schema\\\/person\\\/88d756918a0a1ae9fa593b5edddd1815\"},\"description\":\"Bar\u00e7a experienced another historic night against Valencia, this time at Mestalla. The cul\u00e9s crushed the 'ches' (0-5) and are now semifinalists of the Copa del Rey\",\"breadcrumb\":{\"@id\":\"https:\\\/\\\/www.fcbarcelonanoticias.com\\\/en\\\/fc-barcelona\\\/valencia-0-5-fc-barcelona-exhibition-manita-and-into-the-copa-semifinals_310662_102.html#breadcrumb\"},\"inLanguage\":\"en-US\",\"potentialAction\":[{\"@type\":\"ReadAction\",\"target\":[\"https:\\\/\\\/www.fcbarcelonanoticias.com\\\/en\\\/fc-barcelona\\\/valencia-0-5-fc-barcelona-exhibition-manita-and-into-the-copa-semifinals_310662_102.html\"]}]},{\"@type\":\"ImageObject\",\"inLanguage\":\"en-US\",\"@id\":\"https:\\\/\\\/www.fcbarcelonanoticias.com\\\/en\\\/fc-barcelona\\\/valencia-0-5-fc-barcelona-exhibition-manita-and-into-the-copa-semifinals_310662_102.html#primaryimage\",\"url\":\"https:\\\/\\\/www.fcbarcelonanoticias.com\\\/en\\\/wp-content\\\/uploads\\\/sites\\\/2\\\/2025\\\/02\\\/whatsapp-image-2025-02-06-at-6-21-13-pm.webp\",\"contentUrl\":\"https:\\\/\\\/www.fcbarcelonanoticias.com\\\/en\\\/wp-content\\\/uploads\\\/sites\\\/2\\\/2025\\\/02\\\/whatsapp-image-2025-02-06-at-6-21-13-pm.webp\",\"width\":1200,\"height\":675},{\"@type\":\"BreadcrumbList\",\"@id\":\"https:\\\/\\\/www.fcbarcelonanoticias.com\\\/en\\\/fc-barcelona\\\/valencia-0-5-fc-barcelona-exhibition-manita-and-into-the-copa-semifinals_310662_102.html#breadcrumb\",\"itemListElement\":[{\"@type\":\"ListItem\",\"position\":1,\"name\":\"Portada\",\"item\":\"https:\\\/\\\/www.fcbarcelonanoticias.com\\\/en\\\/\"},{\"@type\":\"ListItem\",\"position\":2,\"name\":\"Valencia 0-5 FC Barcelona: Exhibition, &#8216;manita&#8217; and into the Copa semifinals\"}]},{\"@type\":\"WebSite\",\"@id\":\"https:\\\/\\\/www.fcbarcelonanoticias.com\\\/en\\\/#website\",\"url\":\"https:\\\/\\\/www.fcbarcelonanoticias.com\\\/en\\\/\",\"name\":\"EN - FC Barcelona Noticias\",\"description\":\"\",\"potentialAction\":[{\"@type\":\"SearchAction\",\"target\":{\"@type\":\"EntryPoint\",\"urlTemplate\":\"https:\\\/\\\/www.fcbarcelonanoticias.com\\\/en\\\/?s={search_term_string}\"},\"query-input\":{\"@type\":\"PropertyValueSpecification\",\"valueRequired\":true,\"valueName\":\"search_term_string\"}}],\"inLanguage\":\"en-US\"},{\"@type\":\"Person\",\"@id\":\"https:\\\/\\\/www.fcbarcelonanoticias.com\\\/en\\\/#\\\/schema\\\/person\\\/88d756918a0a1ae9fa593b5edddd1815\",\"name\":\"Juan Pablo Berdugo\",\"image\":{\"@type\":\"ImageObject\",\"inLanguage\":\"en-US\",\"@id\":\"https:\\\/\\\/secure.gravatar.com\\\/avatar\\\/?s=96&d=mm&r=g\",\"url\":\"https:\\\/\\\/secure.gravatar.com\\\/avatar\\\/?s=96&d=mm&r=g\",\"contentUrl\":\"https:\\\/\\\/secure.gravatar.com\\\/avatar\\\/?s=96&d=mm&r=g\",\"caption\":\"Juan Pablo Berdugo\"},\"description\":\"Juan Pablo Berdugo es graduado en Periodismo. Colabora con FCBN como especialista en informaci\u00f3n del primer equipo del FC Barcelona, f\u00fatbol internacional y mercado de fichajes. Destaca por su enfoque anal\u00edtico, su rigor informativo y su capacidad para detectar tendencias emergentes en el f\u00fatbol global.\",\"url\":\"https:\\\/\\\/www.fcbarcelonanoticias.com\\\/en\\\/fc-barcelona\\\/juan-pablo-berdugo_18_115.html\"}]}<\/script>\n<!-- \/ Yoast SEO plugin. -->","yoast_head_json":{"title":"Valencia 0-5 FC Barcelona: Exhibition, 'manita' and into the Copa semifinals","description":"Bar\u00e7a experienced another historic night against Valencia, this time at Mestalla. The cul\u00e9s crushed the 'ches' (0-5) and are now semifinalists of the Copa del Rey","robots":{"index":"index","follow":"follow","max-snippet":"max-snippet:-1","max-image-preview":"max-image-preview:large","max-video-preview":"max-video-preview:-1"},"canonical":"https:\/\/www.fcbarcelonanoticias.com\/en\/fc-barcelona\/valencia-0-5-fc-barcelona-exhibition-manita-and-into-the-copa-semifinals_310662_102.html","og_locale":"en_US","og_type":"article","og_title":"Valencia 0-5 FC Barcelona: Exhibition, 'manita' and into the Copa semifinals","og_description":"Bar\u00e7a experienced another historic night against Valencia, this time at Mestalla. The cul\u00e9s crushed the 'ches' (0-5) and are now semifinalists of the Copa del Rey","og_url":"https:\/\/www.fcbarcelonanoticias.com\/en\/fc-barcelona\/valencia-0-5-fc-barcelona-exhibition-manita-and-into-the-copa-semifinals_310662_102.html","og_site_name":"EN - FC Barcelona Noticias","article_published_time":"2025-02-06T22:36:00+00:00","article_modified_time":"2025-04-23T23:09:00+00:00","og_image":[{"width":1200,"height":675,"url":"https:\/\/www.fcbarcelonanoticias.com\/en\/wp-content\/uploads\/sites\/2\/2025\/02\/whatsapp-image-2025-02-06-at-6-21-13-pm.webp","type":"image\/webp"}],"author":"Juan Pablo Berdugo","twitter_card":"summary_large_image","twitter_misc":{"Written by":"Juan Pablo Berdugo","Est. reading time":"5 minutes"},"schema":{"@context":"https:\/\/schema.org","@graph":[{"@type":"Article","@id":"https:\/\/www.fcbarcelonanoticias.com\/en\/fc-barcelona\/valencia-0-5-fc-barcelona-exhibition-manita-and-into-the-copa-semifinals_310662_102.html#article","isPartOf":{"@id":"https:\/\/www.fcbarcelonanoticias.com\/en\/fc-barcelona\/valencia-0-5-fc-barcelona-exhibition-manita-and-into-the-copa-semifinals_310662_102.html"},"author":{"name":"Juan Pablo Berdugo","@id":"https:\/\/www.fcbarcelonanoticias.com\/en\/#\/schema\/person\/88d756918a0a1ae9fa593b5edddd1815"},"headline":"Valencia 0-5 FC Barcelona: Exhibition, &#8216;manita&#8217; and into the Copa semifinals","datePublished":"2025-02-06T22:36:00+00:00","dateModified":"2025-04-23T23:09:00+00:00","mainEntityOfPage":{"@id":"https:\/\/www.fcbarcelonanoticias.com\/en\/fc-barcelona\/valencia-0-5-fc-barcelona-exhibition-manita-and-into-the-copa-semifinals_310662_102.html"},"wordCount":949,"image":{"@id":"https:\/\/www.fcbarcelonanoticias.com\/en\/fc-barcelona\/valencia-0-5-fc-barcelona-exhibition-manita-and-into-the-copa-semifinals_310662_102.html#primaryimage"},"thumbnailUrl":"https:\/\/www.fcbarcelonanoticias.com\/en\/wp-content\/uploads\/sites\/2\/2025\/02\/whatsapp-image-2025-02-06-at-6-21-13-pm.webp","keywords":["Valencia CF"],"articleSection":["FC Barcelona"],"inLanguage":"en-US"},{"@type":"WebPage","@id":"https:\/\/www.fcbarcelonanoticias.com\/en\/fc-barcelona\/valencia-0-5-fc-barcelona-exhibition-manita-and-into-the-copa-semifinals_310662_102.html","url":"https:\/\/www.fcbarcelonanoticias.com\/en\/fc-barcelona\/valencia-0-5-fc-barcelona-exhibition-manita-and-into-the-copa-semifinals_310662_102.html","name":"Valencia 0-5 FC Barcelona: Exhibition, 'manita' and into the Copa semifinals","isPartOf":{"@id":"https:\/\/www.fcbarcelonanoticias.com\/en\/#website"},"primaryImageOfPage":{"@id":"https:\/\/www.fcbarcelonanoticias.com\/en\/fc-barcelona\/valencia-0-5-fc-barcelona-exhibition-manita-and-into-the-copa-semifinals_310662_102.html#primaryimage"},"image":{"@id":"https:\/\/www.fcbarcelonanoticias.com\/en\/fc-barcelona\/valencia-0-5-fc-barcelona-exhibition-manita-and-into-the-copa-semifinals_310662_102.html#primaryimage"},"thumbnailUrl":"https:\/\/www.fcbarcelonanoticias.com\/en\/wp-content\/uploads\/sites\/2\/2025\/02\/whatsapp-image-2025-02-06-at-6-21-13-pm.webp","datePublished":"2025-02-06T22:36:00+00:00","dateModified":"2025-04-23T23:09:00+00:00","author":{"@id":"https:\/\/www.fcbarcelonanoticias.com\/en\/#\/schema\/person\/88d756918a0a1ae9fa593b5edddd1815"},"description":"Bar\u00e7a experienced another historic night against Valencia, this time at Mestalla. The cul\u00e9s crushed the 'ches' (0-5) and are now semifinalists of the Copa del Rey","breadcrumb":{"@id":"https:\/\/www.fcbarcelonanoticias.com\/en\/fc-barcelona\/valencia-0-5-fc-barcelona-exhibition-manita-and-into-the-copa-semifinals_310662_102.html#breadcrumb"},"inLanguage":"en-US","potentialAction":[{"@type":"ReadAction","target":["https:\/\/www.fcbarcelonanoticias.com\/en\/fc-barcelona\/valencia-0-5-fc-barcelona-exhibition-manita-and-into-the-copa-semifinals_310662_102.html"]}]},{"@type":"ImageObject","inLanguage":"en-US","@id":"https:\/\/www.fcbarcelonanoticias.com\/en\/fc-barcelona\/valencia-0-5-fc-barcelona-exhibition-manita-and-into-the-copa-semifinals_310662_102.html#primaryimage","url":"https:\/\/www.fcbarcelonanoticias.com\/en\/wp-content\/uploads\/sites\/2\/2025\/02\/whatsapp-image-2025-02-06-at-6-21-13-pm.webp","contentUrl":"https:\/\/www.fcbarcelonanoticias.com\/en\/wp-content\/uploads\/sites\/2\/2025\/02\/whatsapp-image-2025-02-06-at-6-21-13-pm.webp","width":1200,"height":675},{"@type":"BreadcrumbList","@id":"https:\/\/www.fcbarcelonanoticias.com\/en\/fc-barcelona\/valencia-0-5-fc-barcelona-exhibition-manita-and-into-the-copa-semifinals_310662_102.html#breadcrumb","itemListElement":[{"@type":"ListItem","position":1,"name":"Portada","item":"https:\/\/www.fcbarcelonanoticias.com\/en\/"},{"@type":"ListItem","position":2,"name":"Valencia 0-5 FC Barcelona: Exhibition, &#8216;manita&#8217; and into the Copa semifinals"}]},{"@type":"WebSite","@id":"https:\/\/www.fcbarcelonanoticias.com\/en\/#website","url":"https:\/\/www.fcbarcelonanoticias.com\/en\/","name":"EN - FC Barcelona Noticias","description":"","potentialAction":[{"@type":"SearchAction","target":{"@type":"EntryPoint","urlTemplate":"https:\/\/www.fcbarcelonanoticias.com\/en\/?s={search_term_string}"},"query-input":{"@type":"PropertyValueSpecification","valueRequired":true,"valueName":"search_term_string"}}],"inLanguage":"en-US"},{"@type":"Person","@id":"https:\/\/www.fcbarcelonanoticias.com\/en\/#\/schema\/person\/88d756918a0a1ae9fa593b5edddd1815","name":"Juan Pablo Berdugo","image":{"@type":"ImageObject","inLanguage":"en-US","@id":"https:\/\/secure.gravatar.com\/avatar\/?s=96&d=mm&r=g","url":"https:\/\/secure.gravatar.com\/avatar\/?s=96&d=mm&r=g","contentUrl":"https:\/\/secure.gravatar.com\/avatar\/?s=96&d=mm&r=g","caption":"Juan Pablo Berdugo"},"description":"Juan Pablo Berdugo es graduado en Periodismo. Colabora con FCBN como especialista en informaci\u00f3n del primer equipo del FC Barcelona, f\u00fatbol internacional y mercado de fichajes. Destaca por su enfoque anal\u00edtico, su rigor informativo y su capacidad para detectar tendencias emergentes en el f\u00fatbol global.","url":"https:\/\/www.fcbarcelonanoticias.com\/en\/fc-barcelona\/juan-pablo-berdugo_18_115.html"}]}},"_links":{"self":[{"href":"https:\/\/www.fcbarcelonanoticias.com\/en\/wp-json\/wp\/v2\/posts\/36633","targetHints":{"allow":["GET"]}}],"collection":[{"href":"https:\/\/www.fcbarcelonanoticias.com\/en\/wp-json\/wp\/v2\/posts"}],"about":[{"href":"https:\/\/www.fcbarcelonanoticias.com\/en\/wp-json\/wp\/v2\/types\/post"}],"author":[{"embeddable":true,"href":"https:\/\/www.fcbarcelonanoticias.com\/en\/wp-json\/wp\/v2\/users\/358"}],"replies":[{"embeddable":true,"href":"https:\/\/www.fcbarcelonanoticias.com\/en\/wp-json\/wp\/v2\/comments?post=36633"}],"version-history":[{"count":1,"href":"https:\/\/www.fcbarcelonanoticias.com\/en\/wp-json\/wp\/v2\/posts\/36633\/revisions"}],"predecessor-version":[{"id":112286,"href":"https:\/\/www.fcbarcelonanoticias.com\/en\/wp-json\/wp\/v2\/posts\/36633\/revisions\/112286"}],"wp:featuredmedia":[{"embeddable":true,"href":"https:\/\/www.fcbarcelonanoticias.com\/en\/wp-json\/wp\/v2\/media\/36634"}],"wp:attachment":[{"href":"https:\/\/www.fcbarcelonanoticias.com\/en\/wp-json\/wp\/v2\/media?parent=36633"}],"wp:term":[{"taxonomy":"category","embeddable":true,"href":"https:\/\/www.fcbarcelonanoticias.com\/en\/wp-json\/wp\/v2\/categories?post=36633"},{"taxonomy":"post_tag","embeddable":true,"href":"https:\/\/www.fcbarcelonanoticias.com\/en\/wp-json\/wp\/v2\/tags?post=36633"}],"curies":[{"name":"wp","href":"https:\/\/api.w.org\/{rel}","templated":true}]}}