{"id":36754,"date":"2018-01-03T17:22:00","date_gmt":"2018-01-03T16:22:00","guid":{"rendered":"https:\/\/weisetech.dev\/fc-barcelona-noticias\/en\/valverde-recover-to-dembele-is-very-positive-for-the-barca_208309_102\/"},"modified":"2018-01-03T18:26:00","modified_gmt":"2018-01-03T17:26:00","slug":"valverde-recover-to-dembele-is-very-positive-for-the-barca_208309_102","status":"publish","type":"post","link":"https:\/\/www.fcbarcelonanoticias.com\/en\/fc-barcelona\/valverde-recover-to-dembele-is-very-positive-for-the-barca_208309_102.html","title":{"rendered":"Valverde: &#8220;Recover to Demb\u00e9l\u00e9 is very positive for the Bar\u00e7a&#8221;"},"content":{"rendered":"<h2 class=\"wp-block-heading\">The trainer of the FC Barcelona, Ernesto Valverde, appeared this Wednesday in press conference with reason of the gone of the eighth of Glass of the King against the Celtic of Vigo. The &#8216;Txingurri&#8217; gave importance to the party and valued the return of Demb\u00e9l\u00e9<\/h2>  \r\n<div class=\"article-addons\">\r\n    <a href=\"https:\/\/www.fcbarcelonanoticias.com\/en\/calendar-fc-barcelona.html\"\r\n       target=\"_self\"\r\n       title=\"Calendar of FC Barcelona\"\r\n       class=\"blue-gredient-btn\">\r\n       \r\n        Calendar of FC Barcelona    <\/a>\r\n<\/div>   <p>In statements conceded in press conference this Wednesday, <strong>Ernesto Valverde<\/strong> has valued the clash of gone <a href=\"https:\/\/www.fcbarcelonanoticias.com\/copa-del-rey-calendario-y-resultados.html\"><strong>of eighth of final of Glass of the King against the Celtic of Vigo<\/strong><\/a>, speaking besides on other subjects related with the Barcelona actuality, like the return of Ousmane Demb\u00e9l\u00e9 and the likely <a href=\"https:\/\/www.fcbarcelonanoticias.com\/fc-barcelona\/un-once-de-gala-con-coutinho-messi-suarez-y-dembele_208307_102.html\"><strong>signing of Philippe Coutinho<\/strong><\/a> during this same market of winter.<\/p> <p>On the commitment against the Celtic of Vigo, alluded to the difficulty of the party.<strong>&nbsp;&#8220;It changes the concept of the competition, that there is another party<\/strong>. It changes that we already have played against them and we know how they pose the parties. <strong>We play it was and they are an aggressive team<\/strong>. It will be a party between two good teams, respect them a lot. The same that we will have the dream to happen&#8221;.<\/p> <p><em>&#8220;The Celtic is one of the worst rivals that can find us&#8221;<\/em><\/p> <p>It showed  happy to recover to Demb\u00e9l\u00e9.&nbsp;<strong>&#8220;The fact to recover a player like Ousmane is very positive for us<\/strong>.  lesion\u00f3 Just when it was adapting  to the team, go to see if it can help us. We have he.&nbsp;The parties are those that come and have to go  adapting the players. <strong>It is necessary to go a bit calmly, establish the guidelines so that the player follow advancing<\/strong>, but is the player the one who has to give the steps&#8221;, analysed the &#8216;Txingurri&#8217; in front of the media.<\/p> <p><strong><a href=\"https:\/\/www.fcbarcelonanoticias.com\/en\/jugadores\/lionel-messi.html\">Leo Messi<\/a> and <a href=\"https:\/\/www.fcbarcelonanoticias.com\/en\/tags\/luis-suarez.html\">Luis Su\u00e1rez<\/a> arrived this Tuesday, and could rest<\/strong> against the Celtic of Vigo. &#8220;It is truth that arrived yesterday, are more far of his families, therefore we have given them a pair of days more. It is a possibility that rest, do not want to risk at all to an injury&#8221;.<\/p> <p><em>&#8220;Umtiti Is a big player and expect that it remain  a lot of years&#8221;<\/em><\/p> <p>The Celtic is a team that can put in problems to the Bar\u00e7a.&nbsp;<strong>&#8220;It is one of the worst rivals that can find us<\/strong>. It comes  projecting from does time, that presiona and plays well. The parties of previous years are a reference, but have changed of trainer and fix us more in the party of League. Tomorrow it is a new page of the history, to see if we can change it&#8221;, signals Valverde.<\/p> <p>It is convinced that <a href=\"https:\/\/www.fcbarcelonanoticias.com\/en\/fc-barcelona\/insisten-en-que-el-manchester-city-quiere-llevarse-a-umtiti_208300_102.html\"><strong>Samuel Umtiti will remain  a lot of years in the FC Barcelona<\/strong><\/a>. &#8220;It is a big player and expect that it remain  a lot of years in the Bar\u00e7a, that he enjoy and we enjoy of his game. The fact to have clauses does that it put  price to a player. Here it is like this. <strong>In a principle plants  a clause that can seem very high<\/strong>, but happen three years and already is desfasada&#8221;.<\/p> <h2>Demb\u00e9l\u00e9 And Rafinha, new reinforcements<\/h2> <p>And also it thinks that <strong>Demb\u00e9l\u00e9 will adapt  well to the style of game of the Bar\u00e7a<\/strong>. &#8220;To the diagrams give him a lot of importance, but does not be necessary to give him so much. Demb\u00e9l\u00e9 Has to adapt  to our style and we adapt us to Demb\u00e9l\u00e9&#8221;. The idea is that Rafinha form part of the staff, although it still is necessary to value his future.&nbsp;<strong>&#8220;After a lot of months lesionado already carries a time with us<\/strong>. The idea that had was that it went in with the team and went back to feel  footballer. We have not thought in his future&#8221;, has explained Valverde.<\/p> <p>The calendar that comes by in front will be complicated for the FC Barcelona, but in the combined Barcelona see it with good eyes.<strong>&nbsp;&#8220;In England play  a lot of parties, but as it has not touched me live it as I do not know it<\/strong>. Still it remains a world to arrive to the eliminatory.&nbsp;The victories always give confidence, if afterwards you have a period on holiday go you happier. Now we have to look to forward, no for backwards&#8221;.<\/p> ","protected":false},"excerpt":{"rendered":"<p>The trainer of the FC Barcelona, Ernesto Valverde, appeared this Wednesday in press conference with reason of the gone of the eighth of Glass of the King against the Celtic of Vigo. The &#8216;Txingurri&#8217; gave importance to the party and valued the return of Demb\u00e9l\u00e9 In statements conceded in press conference this Wednesday, Ernesto Valverde [&hellip;]<\/p>\n","protected":false},"author":366,"featured_media":0,"comment_status":"closed","ping_status":"open","sticky":false,"template":"","format":"standard","meta":{"_acf_changed":false,"inline_featured_image":false,"_nextfly_llmd_date_locked":false,"footnotes":""},"categories":[111],"tags":[71,146,218],"class_list":["post-36754","post","type-post","status-publish","format-standard","hentry","category-fc-barcelona","tag-celtic-of-vigo","tag-dembele","tag-ernesto-valverde"],"acf":[],"yoast_head":"<!-- This site is optimized with the Yoast SEO plugin v27.3 - https:\/\/yoast.com\/product\/yoast-seo-wordpress\/ -->\n<title>Valverde: &quot;Recover to Demb\u00e9l\u00e9 is very positive for the Bar\u00e7a&quot;<\/title>\n<meta name=\"description\" content=\"The trainer of the FC Barcelona, Ernesto Valverde, appeared this Wednesday in press conference with reason of the gone of the eighth of Glass of Rey...\" \/>\n<meta name=\"robots\" content=\"index, follow, max-snippet:-1, max-image-preview:large, max-video-preview:-1\" \/>\n<link rel=\"canonical\" href=\"https:\/\/www.fcbarcelonanoticias.com\/en\/fc-barcelona\/valverde-recover-to-dembele-is-very-positive-for-the-barca_208309_102.html\" \/>\n<meta property=\"og:locale\" content=\"en_US\" \/>\n<meta property=\"og:type\" content=\"article\" \/>\n<meta property=\"og:title\" content=\"Valverde: &quot;Recover to Demb\u00e9l\u00e9 is very positive for the Bar\u00e7a&quot;\" \/>\n<meta property=\"og:description\" content=\"The trainer of the FC Barcelona, Ernesto Valverde, appeared this Wednesday in press conference with reason of the gone of the eighth of Glass of Rey...\" \/>\n<meta property=\"og:url\" content=\"https:\/\/www.fcbarcelonanoticias.com\/en\/fc-barcelona\/valverde-recover-to-dembele-is-very-positive-for-the-barca_208309_102.html\" \/>\n<meta property=\"og:site_name\" content=\"EN - FC Barcelona Noticias\" \/>\n<meta property=\"article:published_time\" content=\"2018-01-03T16:22:00+00:00\" \/>\n<meta property=\"article:modified_time\" content=\"2018-01-03T17:26:00+00:00\" \/>\n<meta name=\"author\" content=\"Carlos Dom\u00ednguez\" \/>\n<meta name=\"twitter:card\" content=\"summary_large_image\" \/>\n<meta name=\"twitter:label1\" content=\"Written by\" \/>\n\t<meta name=\"twitter:data1\" content=\"Carlos Dom\u00ednguez\" \/>\n\t<meta name=\"twitter:label2\" content=\"Est. reading time\" \/>\n\t<meta name=\"twitter:data2\" content=\"4 minutes\" \/>\n<script type=\"application\/ld+json\" class=\"yoast-schema-graph\">{\"@context\":\"https:\\\/\\\/schema.org\",\"@graph\":[{\"@type\":\"Article\",\"@id\":\"https:\\\/\\\/www.fcbarcelonanoticias.com\\\/en\\\/fc-barcelona\\\/valverde-recover-to-dembele-is-very-positive-for-the-barca_208309_102.html#article\",\"isPartOf\":{\"@id\":\"https:\\\/\\\/www.fcbarcelonanoticias.com\\\/en\\\/fc-barcelona\\\/valverde-recover-to-dembele-is-very-positive-for-the-barca_208309_102.html\"},\"author\":{\"name\":\"Carlos Dom\u00ednguez\",\"@id\":\"https:\\\/\\\/www.fcbarcelonanoticias.com\\\/en\\\/#\\\/schema\\\/person\\\/888e29b17b79c70d1c617d8a7bc9b8c6\"},\"headline\":\"Valverde: &#8220;Recover to Demb\u00e9l\u00e9 is very positive for the Bar\u00e7a&#8221;\",\"datePublished\":\"2018-01-03T16:22:00+00:00\",\"dateModified\":\"2018-01-03T17:26:00+00:00\",\"mainEntityOfPage\":{\"@id\":\"https:\\\/\\\/www.fcbarcelonanoticias.com\\\/en\\\/fc-barcelona\\\/valverde-recover-to-dembele-is-very-positive-for-the-barca_208309_102.html\"},\"wordCount\":730,\"keywords\":[\"Celtic of Vigo\",\"Demb\u00e9l\u00e9\",\"Ernesto Valverde\"],\"articleSection\":[\"FC Barcelona\"],\"inLanguage\":\"en-US\"},{\"@type\":\"WebPage\",\"@id\":\"https:\\\/\\\/www.fcbarcelonanoticias.com\\\/en\\\/fc-barcelona\\\/valverde-recover-to-dembele-is-very-positive-for-the-barca_208309_102.html\",\"url\":\"https:\\\/\\\/www.fcbarcelonanoticias.com\\\/en\\\/fc-barcelona\\\/valverde-recover-to-dembele-is-very-positive-for-the-barca_208309_102.html\",\"name\":\"Valverde: \\\"Recover to Demb\u00e9l\u00e9 is very positive for the Bar\u00e7a\\\"\",\"isPartOf\":{\"@id\":\"https:\\\/\\\/www.fcbarcelonanoticias.com\\\/en\\\/#website\"},\"datePublished\":\"2018-01-03T16:22:00+00:00\",\"dateModified\":\"2018-01-03T17:26:00+00:00\",\"author\":{\"@id\":\"https:\\\/\\\/www.fcbarcelonanoticias.com\\\/en\\\/#\\\/schema\\\/person\\\/888e29b17b79c70d1c617d8a7bc9b8c6\"},\"description\":\"The trainer of the FC Barcelona, Ernesto Valverde, appeared this Wednesday in press conference with reason of the gone of the eighth of Glass of Rey...\",\"breadcrumb\":{\"@id\":\"https:\\\/\\\/www.fcbarcelonanoticias.com\\\/en\\\/fc-barcelona\\\/valverde-recover-to-dembele-is-very-positive-for-the-barca_208309_102.html#breadcrumb\"},\"inLanguage\":\"en-US\",\"potentialAction\":[{\"@type\":\"ReadAction\",\"target\":[\"https:\\\/\\\/www.fcbarcelonanoticias.com\\\/en\\\/fc-barcelona\\\/valverde-recover-to-dembele-is-very-positive-for-the-barca_208309_102.html\"]}]},{\"@type\":\"BreadcrumbList\",\"@id\":\"https:\\\/\\\/www.fcbarcelonanoticias.com\\\/en\\\/fc-barcelona\\\/valverde-recover-to-dembele-is-very-positive-for-the-barca_208309_102.html#breadcrumb\",\"itemListElement\":[{\"@type\":\"ListItem\",\"position\":1,\"name\":\"Portada\",\"item\":\"https:\\\/\\\/www.fcbarcelonanoticias.com\\\/en\\\/\"},{\"@type\":\"ListItem\",\"position\":2,\"name\":\"Valverde: &#8220;Recover to Demb\u00e9l\u00e9 is very positive for the Bar\u00e7a&#8221;\"}]},{\"@type\":\"WebSite\",\"@id\":\"https:\\\/\\\/www.fcbarcelonanoticias.com\\\/en\\\/#website\",\"url\":\"https:\\\/\\\/www.fcbarcelonanoticias.com\\\/en\\\/\",\"name\":\"EN - FC Barcelona Noticias\",\"description\":\"\",\"potentialAction\":[{\"@type\":\"SearchAction\",\"target\":{\"@type\":\"EntryPoint\",\"urlTemplate\":\"https:\\\/\\\/www.fcbarcelonanoticias.com\\\/en\\\/?s={search_term_string}\"},\"query-input\":{\"@type\":\"PropertyValueSpecification\",\"valueRequired\":true,\"valueName\":\"search_term_string\"}}],\"inLanguage\":\"en-US\"},{\"@type\":\"Person\",\"@id\":\"https:\\\/\\\/www.fcbarcelonanoticias.com\\\/en\\\/#\\\/schema\\\/person\\\/888e29b17b79c70d1c617d8a7bc9b8c6\",\"name\":\"Carlos Dom\u00ednguez\",\"image\":{\"@type\":\"ImageObject\",\"inLanguage\":\"en-US\",\"@id\":\"https:\\\/\\\/secure.gravatar.com\\\/avatar\\\/?s=96&d=mm&r=g\",\"url\":\"https:\\\/\\\/secure.gravatar.com\\\/avatar\\\/?s=96&d=mm&r=g\",\"contentUrl\":\"https:\\\/\\\/secure.gravatar.com\\\/avatar\\\/?s=96&d=mm&r=g\",\"caption\":\"Carlos Dom\u00ednguez\"},\"url\":\"https:\\\/\\\/www.fcbarcelonanoticias.com\\\/en\\\/carlos-dominguez_2_115.html\"}]}<\/script>\n<!-- \/ Yoast SEO plugin. -->","yoast_head_json":{"title":"Valverde: \"Recover to Demb\u00e9l\u00e9 is very positive for the Bar\u00e7a\"","description":"The trainer of the FC Barcelona, Ernesto Valverde, appeared this Wednesday in press conference with reason of the gone of the eighth of Glass of Rey...","robots":{"index":"index","follow":"follow","max-snippet":"max-snippet:-1","max-image-preview":"max-image-preview:large","max-video-preview":"max-video-preview:-1"},"canonical":"https:\/\/www.fcbarcelonanoticias.com\/en\/fc-barcelona\/valverde-recover-to-dembele-is-very-positive-for-the-barca_208309_102.html","og_locale":"en_US","og_type":"article","og_title":"Valverde: \"Recover to Demb\u00e9l\u00e9 is very positive for the Bar\u00e7a\"","og_description":"The trainer of the FC Barcelona, Ernesto Valverde, appeared this Wednesday in press conference with reason of the gone of the eighth of Glass of Rey...","og_url":"https:\/\/www.fcbarcelonanoticias.com\/en\/fc-barcelona\/valverde-recover-to-dembele-is-very-positive-for-the-barca_208309_102.html","og_site_name":"EN - FC Barcelona Noticias","article_published_time":"2018-01-03T16:22:00+00:00","article_modified_time":"2018-01-03T17:26:00+00:00","author":"Carlos Dom\u00ednguez","twitter_card":"summary_large_image","twitter_misc":{"Written by":"Carlos Dom\u00ednguez","Est. reading time":"4 minutes"},"schema":{"@context":"https:\/\/schema.org","@graph":[{"@type":"Article","@id":"https:\/\/www.fcbarcelonanoticias.com\/en\/fc-barcelona\/valverde-recover-to-dembele-is-very-positive-for-the-barca_208309_102.html#article","isPartOf":{"@id":"https:\/\/www.fcbarcelonanoticias.com\/en\/fc-barcelona\/valverde-recover-to-dembele-is-very-positive-for-the-barca_208309_102.html"},"author":{"name":"Carlos Dom\u00ednguez","@id":"https:\/\/www.fcbarcelonanoticias.com\/en\/#\/schema\/person\/888e29b17b79c70d1c617d8a7bc9b8c6"},"headline":"Valverde: &#8220;Recover to Demb\u00e9l\u00e9 is very positive for the Bar\u00e7a&#8221;","datePublished":"2018-01-03T16:22:00+00:00","dateModified":"2018-01-03T17:26:00+00:00","mainEntityOfPage":{"@id":"https:\/\/www.fcbarcelonanoticias.com\/en\/fc-barcelona\/valverde-recover-to-dembele-is-very-positive-for-the-barca_208309_102.html"},"wordCount":730,"keywords":["Celtic of Vigo","Demb\u00e9l\u00e9","Ernesto Valverde"],"articleSection":["FC Barcelona"],"inLanguage":"en-US"},{"@type":"WebPage","@id":"https:\/\/www.fcbarcelonanoticias.com\/en\/fc-barcelona\/valverde-recover-to-dembele-is-very-positive-for-the-barca_208309_102.html","url":"https:\/\/www.fcbarcelonanoticias.com\/en\/fc-barcelona\/valverde-recover-to-dembele-is-very-positive-for-the-barca_208309_102.html","name":"Valverde: \"Recover to Demb\u00e9l\u00e9 is very positive for the Bar\u00e7a\"","isPartOf":{"@id":"https:\/\/www.fcbarcelonanoticias.com\/en\/#website"},"datePublished":"2018-01-03T16:22:00+00:00","dateModified":"2018-01-03T17:26:00+00:00","author":{"@id":"https:\/\/www.fcbarcelonanoticias.com\/en\/#\/schema\/person\/888e29b17b79c70d1c617d8a7bc9b8c6"},"description":"The trainer of the FC Barcelona, Ernesto Valverde, appeared this Wednesday in press conference with reason of the gone of the eighth of Glass of Rey...","breadcrumb":{"@id":"https:\/\/www.fcbarcelonanoticias.com\/en\/fc-barcelona\/valverde-recover-to-dembele-is-very-positive-for-the-barca_208309_102.html#breadcrumb"},"inLanguage":"en-US","potentialAction":[{"@type":"ReadAction","target":["https:\/\/www.fcbarcelonanoticias.com\/en\/fc-barcelona\/valverde-recover-to-dembele-is-very-positive-for-the-barca_208309_102.html"]}]},{"@type":"BreadcrumbList","@id":"https:\/\/www.fcbarcelonanoticias.com\/en\/fc-barcelona\/valverde-recover-to-dembele-is-very-positive-for-the-barca_208309_102.html#breadcrumb","itemListElement":[{"@type":"ListItem","position":1,"name":"Portada","item":"https:\/\/www.fcbarcelonanoticias.com\/en\/"},{"@type":"ListItem","position":2,"name":"Valverde: &#8220;Recover to Demb\u00e9l\u00e9 is very positive for the Bar\u00e7a&#8221;"}]},{"@type":"WebSite","@id":"https:\/\/www.fcbarcelonanoticias.com\/en\/#website","url":"https:\/\/www.fcbarcelonanoticias.com\/en\/","name":"EN - FC Barcelona Noticias","description":"","potentialAction":[{"@type":"SearchAction","target":{"@type":"EntryPoint","urlTemplate":"https:\/\/www.fcbarcelonanoticias.com\/en\/?s={search_term_string}"},"query-input":{"@type":"PropertyValueSpecification","valueRequired":true,"valueName":"search_term_string"}}],"inLanguage":"en-US"},{"@type":"Person","@id":"https:\/\/www.fcbarcelonanoticias.com\/en\/#\/schema\/person\/888e29b17b79c70d1c617d8a7bc9b8c6","name":"Carlos Dom\u00ednguez","image":{"@type":"ImageObject","inLanguage":"en-US","@id":"https:\/\/secure.gravatar.com\/avatar\/?s=96&d=mm&r=g","url":"https:\/\/secure.gravatar.com\/avatar\/?s=96&d=mm&r=g","contentUrl":"https:\/\/secure.gravatar.com\/avatar\/?s=96&d=mm&r=g","caption":"Carlos Dom\u00ednguez"},"url":"https:\/\/www.fcbarcelonanoticias.com\/en\/carlos-dominguez_2_115.html"}]}},"_links":{"self":[{"href":"https:\/\/www.fcbarcelonanoticias.com\/en\/wp-json\/wp\/v2\/posts\/36754","targetHints":{"allow":["GET"]}}],"collection":[{"href":"https:\/\/www.fcbarcelonanoticias.com\/en\/wp-json\/wp\/v2\/posts"}],"about":[{"href":"https:\/\/www.fcbarcelonanoticias.com\/en\/wp-json\/wp\/v2\/types\/post"}],"author":[{"embeddable":true,"href":"https:\/\/www.fcbarcelonanoticias.com\/en\/wp-json\/wp\/v2\/users\/366"}],"replies":[{"embeddable":true,"href":"https:\/\/www.fcbarcelonanoticias.com\/en\/wp-json\/wp\/v2\/comments?post=36754"}],"version-history":[{"count":1,"href":"https:\/\/www.fcbarcelonanoticias.com\/en\/wp-json\/wp\/v2\/posts\/36754\/revisions"}],"predecessor-version":[{"id":112331,"href":"https:\/\/www.fcbarcelonanoticias.com\/en\/wp-json\/wp\/v2\/posts\/36754\/revisions\/112331"}],"wp:attachment":[{"href":"https:\/\/www.fcbarcelonanoticias.com\/en\/wp-json\/wp\/v2\/media?parent=36754"}],"wp:term":[{"taxonomy":"category","embeddable":true,"href":"https:\/\/www.fcbarcelonanoticias.com\/en\/wp-json\/wp\/v2\/categories?post=36754"},{"taxonomy":"post_tag","embeddable":true,"href":"https:\/\/www.fcbarcelonanoticias.com\/en\/wp-json\/wp\/v2\/tags?post=36754"}],"curies":[{"name":"wp","href":"https:\/\/api.w.org\/{rel}","templated":true}]}}