{"id":36755,"date":"2022-10-24T11:42:00","date_gmt":"2022-10-24T09:42:00","guid":{"rendered":"https:\/\/weisetech.dev\/fc-barcelona-noticias\/en\/valverde-puts-by-the-clouds-to-xavi-and-accepts-his-defeat_285789_102\/"},"modified":"2022-10-24T11:42:00","modified_gmt":"2022-10-24T09:42:00","slug":"valverde-puts-by-the-clouds-to-xavi-and-accepts-his-defeat_285789_102","status":"publish","type":"post","link":"https:\/\/www.fcbarcelonanoticias.com\/en\/fc-barcelona\/valverde-puts-by-the-clouds-to-xavi-and-accepts-his-defeat_285789_102.html","title":{"rendered":"Valverde puts Xavi through the roof and accepts his defeat"},"content":{"rendered":"<h2 class=\"wp-block-heading\">The FC Barcelona went back to show his best football, although now it touched him suffer it against to an exentrenador Barcelona: Ernesto Valverde. The technician of the Athletic left his opinion on the Catalan team<\/h2>  \r\n<div class=\"article-addons\">\r\n    <a href=\"https:\/\/www.fcbarcelonanoticias.com\/en\/calendar-fc-barcelona.html\"\r\n       target=\"_self\"\r\n       title=\"Calendar of FC Barcelona\"\r\n       class=\"blue-gredient-btn\">\r\n       \r\n        Calendar of FC Barcelona    <\/a>\r\n<\/div>   <p>The return of Ernesto Valverde to the Camp Nou was definitely one of the main subjects in the previous of the of the meeting between the <a data-external=\"0\" data-intl-links-en=\"https:\/\/www.fcbarcelonanoticias.com\/en\/fc-barcelona\" data-intl-links-es=\"https:\/\/www.fcbarcelonanoticias.com\/fc-barcelona\" href=\"https:\/\/www.fcbarcelonanoticias.com\/en\/football-soccer\/fc-barcelona.html\" rel=\"follow\" target=\"_self\" title=\"FC Barcelona\">FC Barcelona<\/a> and Athletic. <strong>The Basque technician returned to the stadium where was champion of <a data-external=\"0\" data-intl-links-en=\"https:\/\/www.fcbarcelonanoticias.com\/en\/laliga\" data-intl-links-es=\"https:\/\/www.fcbarcelonanoticias.com\/laliga\" href=\"https:\/\/www.fcbarcelonanoticias.com\/en\/football-soccer\/laliga.html\" rel=\"follow\" target=\"_self\" title=\"LaLiga\">League<\/a>, but lived a bitter return after carrying to Bilbao a strong and conclusive defeat in front of the team cul\u00e9, that now has Xavi Hern\u00e1ndez in the bench.<\/strong><\/p>  <p>Valverde sincer\u00f3 In front of the microphones of &#8216;LaLiga TV&#8217; and recognised that &#8220;it has not been a good day, would say that it has been very bad&#8221;. <strong>The Athletic left this Sunday of Barcelona with a 4-0, after a first half hour for the Bar\u00e7a in which the ones of Xavi achieved to put the party already 3-0 after an intense beginning of party,<\/strong> added to the big individual performance of Demb\u00e9l\u00e9.<\/p>  <p>In front of this, the Txingurri ensured that &#8220;we have not been neither near to win, is an evidence. We have tried the beginning launch them the pressure, but they went out well and afterwards have punished us in the arrivals. In ten minutes have done us three goals&#8221;. Adding that <strong>&#8220;especially the second goal has killed us. Two goals in five minutes and the team has resentful. At the end you see that you are not arriving and they are striking you hard, has been a very hard party for us&#8221;.<\/strong><\/p>  <p>Questioned in case it had not foreseen the approach of Xavi, did not doubt in recognising that <strong>&#8220;yes, has surprised us because when playing with two players of inside there has been a moment that they could open the field with Balde and Demb\u00e9l\u00e9 and play with rhombus.<\/strong> And generate you possession, but that played of entrance Pedri in left band has us descolocado a bit&#8221;. Equally it commented that &#8220;it has not been exclusively therefore&#8221;.<\/p>  <h3>Praises of part and part<\/h3>  <p>In the previous of the meeting of this Sunday, Xavi also had left clear his opinion on Valverde: &#8220;it seems Me a piece of trainer&#8221;, ensured. <strong>&#8220;We value a lot from inside to the trainer Valverde. It did an excellent work in the Bar\u00e7a, for me is this. Besides without any estridencia, polite, with an image intachable&#8221;,<\/strong> adding besides: &#8220;Have a high consideration to Valverde&#8221;.<\/p> ","protected":false},"excerpt":{"rendered":"<p>The FC Barcelona went back to show his best football, although now it touched him suffer it against to an exentrenador Barcelona: Ernesto Valverde. The technician of the Athletic left his opinion on the Catalan team The return of Ernesto Valverde to the Camp Nou was definitely one of the main subjects in the previous [&hellip;]<\/p>\n","protected":false},"author":345,"featured_media":36756,"comment_status":"closed","ping_status":"open","sticky":false,"template":"","format":"standard","meta":{"_acf_changed":false,"inline_featured_image":false,"_nextfly_llmd_date_locked":false,"footnotes":""},"categories":[111],"tags":[146,218,48],"class_list":["post-36755","post","type-post","status-publish","format-standard","has-post-thumbnail","hentry","category-fc-barcelona","tag-dembele","tag-ernesto-valverde","tag-xavi-hernandez"],"acf":[],"yoast_head":"<!-- This site is optimized with the Yoast SEO plugin v27.3 - https:\/\/yoast.com\/product\/yoast-seo-wordpress\/ -->\n<title>Valverde Puts by the clouds to Xavi and accepts his defeat<\/title>\n<meta name=\"description\" content=\"The FC Barcelona went back to show his best football, although now it touched him suffer it against to an exentrenador Barcelona: Ernesto Valverde. The technician of the Athle...\" \/>\n<meta name=\"robots\" content=\"index, follow, max-snippet:-1, max-image-preview:large, max-video-preview:-1\" \/>\n<link rel=\"canonical\" href=\"https:\/\/www.fcbarcelonanoticias.com\/en\/fc-barcelona\/valverde-puts-by-the-clouds-to-xavi-and-accepts-his-defeat_285789_102.html\" \/>\n<meta property=\"og:locale\" content=\"en_US\" \/>\n<meta property=\"og:type\" content=\"article\" \/>\n<meta property=\"og:title\" content=\"Valverde Puts by the clouds to Xavi and accepts his defeat\" \/>\n<meta property=\"og:description\" content=\"The FC Barcelona went back to show his best football, although now it touched him suffer it against to an exentrenador Barcelona: Ernesto Valverde. The technician of the Athle...\" \/>\n<meta property=\"og:url\" content=\"https:\/\/www.fcbarcelonanoticias.com\/en\/fc-barcelona\/valverde-puts-by-the-clouds-to-xavi-and-accepts-his-defeat_285789_102.html\" \/>\n<meta property=\"og:site_name\" content=\"EN - FC Barcelona Noticias\" \/>\n<meta property=\"article:published_time\" content=\"2022-10-24T09:42:00+00:00\" \/>\n<meta property=\"og:image\" content=\"https:\/\/www.fcbarcelonanoticias.com\/en\/wp-content\/uploads\/sites\/2\/2022\/10\/ernesto-valverde-xavi.jpeg\" \/>\n\t<meta property=\"og:image:width\" content=\"1300\" \/>\n\t<meta property=\"og:image:height\" content=\"734\" \/>\n\t<meta property=\"og:image:type\" content=\"image\/jpeg\" \/>\n<meta name=\"author\" content=\"Carlos Montenegro\" \/>\n<meta name=\"twitter:card\" content=\"summary_large_image\" \/>\n<meta name=\"twitter:label1\" content=\"Written by\" \/>\n\t<meta name=\"twitter:data1\" content=\"Carlos Montenegro\" \/>\n\t<meta name=\"twitter:label2\" content=\"Est. reading time\" \/>\n\t<meta name=\"twitter:data2\" content=\"2 minutes\" \/>\n<script type=\"application\/ld+json\" class=\"yoast-schema-graph\">{\"@context\":\"https:\\\/\\\/schema.org\",\"@graph\":[{\"@type\":\"Article\",\"@id\":\"https:\\\/\\\/www.fcbarcelonanoticias.com\\\/en\\\/fc-barcelona\\\/valverde-puts-by-the-clouds-to-xavi-and-accepts-his-defeat_285789_102.html#article\",\"isPartOf\":{\"@id\":\"https:\\\/\\\/www.fcbarcelonanoticias.com\\\/en\\\/fc-barcelona\\\/valverde-puts-by-the-clouds-to-xavi-and-accepts-his-defeat_285789_102.html\"},\"author\":{\"name\":\"Carlos Montenegro\",\"@id\":\"https:\\\/\\\/www.fcbarcelonanoticias.com\\\/en\\\/#\\\/schema\\\/person\\\/aa1d038709c262cb247e240f6b39bbf5\"},\"headline\":\"Valverde puts Xavi through the roof and accepts his defeat\",\"datePublished\":\"2022-10-24T09:42:00+00:00\",\"mainEntityOfPage\":{\"@id\":\"https:\\\/\\\/www.fcbarcelonanoticias.com\\\/en\\\/fc-barcelona\\\/valverde-puts-by-the-clouds-to-xavi-and-accepts-his-defeat_285789_102.html\"},\"wordCount\":432,\"image\":{\"@id\":\"https:\\\/\\\/www.fcbarcelonanoticias.com\\\/en\\\/fc-barcelona\\\/valverde-puts-by-the-clouds-to-xavi-and-accepts-his-defeat_285789_102.html#primaryimage\"},\"thumbnailUrl\":\"https:\\\/\\\/www.fcbarcelonanoticias.com\\\/en\\\/wp-content\\\/uploads\\\/sites\\\/2\\\/2022\\\/10\\\/ernesto-valverde-xavi.jpeg\",\"keywords\":[\"Demb\u00e9l\u00e9\",\"Ernesto Valverde\",\"Xavi Hern\u00e1ndez\"],\"articleSection\":[\"FC Barcelona\"],\"inLanguage\":\"en-US\"},{\"@type\":\"WebPage\",\"@id\":\"https:\\\/\\\/www.fcbarcelonanoticias.com\\\/en\\\/fc-barcelona\\\/valverde-puts-by-the-clouds-to-xavi-and-accepts-his-defeat_285789_102.html\",\"url\":\"https:\\\/\\\/www.fcbarcelonanoticias.com\\\/en\\\/fc-barcelona\\\/valverde-puts-by-the-clouds-to-xavi-and-accepts-his-defeat_285789_102.html\",\"name\":\"Valverde Puts by the clouds to Xavi and accepts his defeat\",\"isPartOf\":{\"@id\":\"https:\\\/\\\/www.fcbarcelonanoticias.com\\\/en\\\/#website\"},\"primaryImageOfPage\":{\"@id\":\"https:\\\/\\\/www.fcbarcelonanoticias.com\\\/en\\\/fc-barcelona\\\/valverde-puts-by-the-clouds-to-xavi-and-accepts-his-defeat_285789_102.html#primaryimage\"},\"image\":{\"@id\":\"https:\\\/\\\/www.fcbarcelonanoticias.com\\\/en\\\/fc-barcelona\\\/valverde-puts-by-the-clouds-to-xavi-and-accepts-his-defeat_285789_102.html#primaryimage\"},\"thumbnailUrl\":\"https:\\\/\\\/www.fcbarcelonanoticias.com\\\/en\\\/wp-content\\\/uploads\\\/sites\\\/2\\\/2022\\\/10\\\/ernesto-valverde-xavi.jpeg\",\"datePublished\":\"2022-10-24T09:42:00+00:00\",\"author\":{\"@id\":\"https:\\\/\\\/www.fcbarcelonanoticias.com\\\/en\\\/#\\\/schema\\\/person\\\/aa1d038709c262cb247e240f6b39bbf5\"},\"description\":\"The FC Barcelona went back to show his best football, although now it touched him suffer it against to an exentrenador Barcelona: Ernesto Valverde. The technician of the Athle...\",\"breadcrumb\":{\"@id\":\"https:\\\/\\\/www.fcbarcelonanoticias.com\\\/en\\\/fc-barcelona\\\/valverde-puts-by-the-clouds-to-xavi-and-accepts-his-defeat_285789_102.html#breadcrumb\"},\"inLanguage\":\"en-US\",\"potentialAction\":[{\"@type\":\"ReadAction\",\"target\":[\"https:\\\/\\\/www.fcbarcelonanoticias.com\\\/en\\\/fc-barcelona\\\/valverde-puts-by-the-clouds-to-xavi-and-accepts-his-defeat_285789_102.html\"]}]},{\"@type\":\"ImageObject\",\"inLanguage\":\"en-US\",\"@id\":\"https:\\\/\\\/www.fcbarcelonanoticias.com\\\/en\\\/fc-barcelona\\\/valverde-puts-by-the-clouds-to-xavi-and-accepts-his-defeat_285789_102.html#primaryimage\",\"url\":\"https:\\\/\\\/www.fcbarcelonanoticias.com\\\/en\\\/wp-content\\\/uploads\\\/sites\\\/2\\\/2022\\\/10\\\/ernesto-valverde-xavi.jpeg\",\"contentUrl\":\"https:\\\/\\\/www.fcbarcelonanoticias.com\\\/en\\\/wp-content\\\/uploads\\\/sites\\\/2\\\/2022\\\/10\\\/ernesto-valverde-xavi.jpeg\",\"width\":1300,\"height\":734},{\"@type\":\"BreadcrumbList\",\"@id\":\"https:\\\/\\\/www.fcbarcelonanoticias.com\\\/en\\\/fc-barcelona\\\/valverde-puts-by-the-clouds-to-xavi-and-accepts-his-defeat_285789_102.html#breadcrumb\",\"itemListElement\":[{\"@type\":\"ListItem\",\"position\":1,\"name\":\"Portada\",\"item\":\"https:\\\/\\\/www.fcbarcelonanoticias.com\\\/en\\\/\"},{\"@type\":\"ListItem\",\"position\":2,\"name\":\"Valverde puts Xavi through the roof and accepts his defeat\"}]},{\"@type\":\"WebSite\",\"@id\":\"https:\\\/\\\/www.fcbarcelonanoticias.com\\\/en\\\/#website\",\"url\":\"https:\\\/\\\/www.fcbarcelonanoticias.com\\\/en\\\/\",\"name\":\"EN - FC Barcelona Noticias\",\"description\":\"\",\"potentialAction\":[{\"@type\":\"SearchAction\",\"target\":{\"@type\":\"EntryPoint\",\"urlTemplate\":\"https:\\\/\\\/www.fcbarcelonanoticias.com\\\/en\\\/?s={search_term_string}\"},\"query-input\":{\"@type\":\"PropertyValueSpecification\",\"valueRequired\":true,\"valueName\":\"search_term_string\"}}],\"inLanguage\":\"en-US\"},{\"@type\":\"Person\",\"@id\":\"https:\\\/\\\/www.fcbarcelonanoticias.com\\\/en\\\/#\\\/schema\\\/person\\\/aa1d038709c262cb247e240f6b39bbf5\",\"name\":\"Carlos Montenegro\",\"image\":{\"@type\":\"ImageObject\",\"inLanguage\":\"en-US\",\"@id\":\"https:\\\/\\\/secure.gravatar.com\\\/avatar\\\/?s=96&d=mm&r=g\",\"url\":\"https:\\\/\\\/secure.gravatar.com\\\/avatar\\\/?s=96&d=mm&r=g\",\"contentUrl\":\"https:\\\/\\\/secure.gravatar.com\\\/avatar\\\/?s=96&d=mm&r=g\",\"caption\":\"Carlos Montenegro\"},\"url\":\"https:\\\/\\\/www.fcbarcelonanoticias.com\\\/en\\\/carlos-montenegro_20_115.html\"}]}<\/script>\n<!-- \/ Yoast SEO plugin. -->","yoast_head_json":{"title":"Valverde Puts by the clouds to Xavi and accepts his defeat","description":"The FC Barcelona went back to show his best football, although now it touched him suffer it against to an exentrenador Barcelona: Ernesto Valverde. The technician of the Athle...","robots":{"index":"index","follow":"follow","max-snippet":"max-snippet:-1","max-image-preview":"max-image-preview:large","max-video-preview":"max-video-preview:-1"},"canonical":"https:\/\/www.fcbarcelonanoticias.com\/en\/fc-barcelona\/valverde-puts-by-the-clouds-to-xavi-and-accepts-his-defeat_285789_102.html","og_locale":"en_US","og_type":"article","og_title":"Valverde Puts by the clouds to Xavi and accepts his defeat","og_description":"The FC Barcelona went back to show his best football, although now it touched him suffer it against to an exentrenador Barcelona: Ernesto Valverde. The technician of the Athle...","og_url":"https:\/\/www.fcbarcelonanoticias.com\/en\/fc-barcelona\/valverde-puts-by-the-clouds-to-xavi-and-accepts-his-defeat_285789_102.html","og_site_name":"EN - FC Barcelona Noticias","article_published_time":"2022-10-24T09:42:00+00:00","og_image":[{"width":1300,"height":734,"url":"https:\/\/www.fcbarcelonanoticias.com\/en\/wp-content\/uploads\/sites\/2\/2022\/10\/ernesto-valverde-xavi.jpeg","type":"image\/jpeg"}],"author":"Carlos Montenegro","twitter_card":"summary_large_image","twitter_misc":{"Written by":"Carlos Montenegro","Est. reading time":"2 minutes"},"schema":{"@context":"https:\/\/schema.org","@graph":[{"@type":"Article","@id":"https:\/\/www.fcbarcelonanoticias.com\/en\/fc-barcelona\/valverde-puts-by-the-clouds-to-xavi-and-accepts-his-defeat_285789_102.html#article","isPartOf":{"@id":"https:\/\/www.fcbarcelonanoticias.com\/en\/fc-barcelona\/valverde-puts-by-the-clouds-to-xavi-and-accepts-his-defeat_285789_102.html"},"author":{"name":"Carlos Montenegro","@id":"https:\/\/www.fcbarcelonanoticias.com\/en\/#\/schema\/person\/aa1d038709c262cb247e240f6b39bbf5"},"headline":"Valverde puts Xavi through the roof and accepts his defeat","datePublished":"2022-10-24T09:42:00+00:00","mainEntityOfPage":{"@id":"https:\/\/www.fcbarcelonanoticias.com\/en\/fc-barcelona\/valverde-puts-by-the-clouds-to-xavi-and-accepts-his-defeat_285789_102.html"},"wordCount":432,"image":{"@id":"https:\/\/www.fcbarcelonanoticias.com\/en\/fc-barcelona\/valverde-puts-by-the-clouds-to-xavi-and-accepts-his-defeat_285789_102.html#primaryimage"},"thumbnailUrl":"https:\/\/www.fcbarcelonanoticias.com\/en\/wp-content\/uploads\/sites\/2\/2022\/10\/ernesto-valverde-xavi.jpeg","keywords":["Demb\u00e9l\u00e9","Ernesto Valverde","Xavi Hern\u00e1ndez"],"articleSection":["FC Barcelona"],"inLanguage":"en-US"},{"@type":"WebPage","@id":"https:\/\/www.fcbarcelonanoticias.com\/en\/fc-barcelona\/valverde-puts-by-the-clouds-to-xavi-and-accepts-his-defeat_285789_102.html","url":"https:\/\/www.fcbarcelonanoticias.com\/en\/fc-barcelona\/valverde-puts-by-the-clouds-to-xavi-and-accepts-his-defeat_285789_102.html","name":"Valverde Puts by the clouds to Xavi and accepts his defeat","isPartOf":{"@id":"https:\/\/www.fcbarcelonanoticias.com\/en\/#website"},"primaryImageOfPage":{"@id":"https:\/\/www.fcbarcelonanoticias.com\/en\/fc-barcelona\/valverde-puts-by-the-clouds-to-xavi-and-accepts-his-defeat_285789_102.html#primaryimage"},"image":{"@id":"https:\/\/www.fcbarcelonanoticias.com\/en\/fc-barcelona\/valverde-puts-by-the-clouds-to-xavi-and-accepts-his-defeat_285789_102.html#primaryimage"},"thumbnailUrl":"https:\/\/www.fcbarcelonanoticias.com\/en\/wp-content\/uploads\/sites\/2\/2022\/10\/ernesto-valverde-xavi.jpeg","datePublished":"2022-10-24T09:42:00+00:00","author":{"@id":"https:\/\/www.fcbarcelonanoticias.com\/en\/#\/schema\/person\/aa1d038709c262cb247e240f6b39bbf5"},"description":"The FC Barcelona went back to show his best football, although now it touched him suffer it against to an exentrenador Barcelona: Ernesto Valverde. The technician of the Athle...","breadcrumb":{"@id":"https:\/\/www.fcbarcelonanoticias.com\/en\/fc-barcelona\/valverde-puts-by-the-clouds-to-xavi-and-accepts-his-defeat_285789_102.html#breadcrumb"},"inLanguage":"en-US","potentialAction":[{"@type":"ReadAction","target":["https:\/\/www.fcbarcelonanoticias.com\/en\/fc-barcelona\/valverde-puts-by-the-clouds-to-xavi-and-accepts-his-defeat_285789_102.html"]}]},{"@type":"ImageObject","inLanguage":"en-US","@id":"https:\/\/www.fcbarcelonanoticias.com\/en\/fc-barcelona\/valverde-puts-by-the-clouds-to-xavi-and-accepts-his-defeat_285789_102.html#primaryimage","url":"https:\/\/www.fcbarcelonanoticias.com\/en\/wp-content\/uploads\/sites\/2\/2022\/10\/ernesto-valverde-xavi.jpeg","contentUrl":"https:\/\/www.fcbarcelonanoticias.com\/en\/wp-content\/uploads\/sites\/2\/2022\/10\/ernesto-valverde-xavi.jpeg","width":1300,"height":734},{"@type":"BreadcrumbList","@id":"https:\/\/www.fcbarcelonanoticias.com\/en\/fc-barcelona\/valverde-puts-by-the-clouds-to-xavi-and-accepts-his-defeat_285789_102.html#breadcrumb","itemListElement":[{"@type":"ListItem","position":1,"name":"Portada","item":"https:\/\/www.fcbarcelonanoticias.com\/en\/"},{"@type":"ListItem","position":2,"name":"Valverde puts Xavi through the roof and accepts his defeat"}]},{"@type":"WebSite","@id":"https:\/\/www.fcbarcelonanoticias.com\/en\/#website","url":"https:\/\/www.fcbarcelonanoticias.com\/en\/","name":"EN - FC Barcelona Noticias","description":"","potentialAction":[{"@type":"SearchAction","target":{"@type":"EntryPoint","urlTemplate":"https:\/\/www.fcbarcelonanoticias.com\/en\/?s={search_term_string}"},"query-input":{"@type":"PropertyValueSpecification","valueRequired":true,"valueName":"search_term_string"}}],"inLanguage":"en-US"},{"@type":"Person","@id":"https:\/\/www.fcbarcelonanoticias.com\/en\/#\/schema\/person\/aa1d038709c262cb247e240f6b39bbf5","name":"Carlos Montenegro","image":{"@type":"ImageObject","inLanguage":"en-US","@id":"https:\/\/secure.gravatar.com\/avatar\/?s=96&d=mm&r=g","url":"https:\/\/secure.gravatar.com\/avatar\/?s=96&d=mm&r=g","contentUrl":"https:\/\/secure.gravatar.com\/avatar\/?s=96&d=mm&r=g","caption":"Carlos Montenegro"},"url":"https:\/\/www.fcbarcelonanoticias.com\/en\/carlos-montenegro_20_115.html"}]}},"_links":{"self":[{"href":"https:\/\/www.fcbarcelonanoticias.com\/en\/wp-json\/wp\/v2\/posts\/36755","targetHints":{"allow":["GET"]}}],"collection":[{"href":"https:\/\/www.fcbarcelonanoticias.com\/en\/wp-json\/wp\/v2\/posts"}],"about":[{"href":"https:\/\/www.fcbarcelonanoticias.com\/en\/wp-json\/wp\/v2\/types\/post"}],"author":[{"embeddable":true,"href":"https:\/\/www.fcbarcelonanoticias.com\/en\/wp-json\/wp\/v2\/users\/345"}],"replies":[{"embeddable":true,"href":"https:\/\/www.fcbarcelonanoticias.com\/en\/wp-json\/wp\/v2\/comments?post=36755"}],"version-history":[{"count":1,"href":"https:\/\/www.fcbarcelonanoticias.com\/en\/wp-json\/wp\/v2\/posts\/36755\/revisions"}],"predecessor-version":[{"id":112403,"href":"https:\/\/www.fcbarcelonanoticias.com\/en\/wp-json\/wp\/v2\/posts\/36755\/revisions\/112403"}],"wp:featuredmedia":[{"embeddable":true,"href":"https:\/\/www.fcbarcelonanoticias.com\/en\/wp-json\/wp\/v2\/media\/36756"}],"wp:attachment":[{"href":"https:\/\/www.fcbarcelonanoticias.com\/en\/wp-json\/wp\/v2\/media?parent=36755"}],"wp:term":[{"taxonomy":"category","embeddable":true,"href":"https:\/\/www.fcbarcelonanoticias.com\/en\/wp-json\/wp\/v2\/categories?post=36755"},{"taxonomy":"post_tag","embeddable":true,"href":"https:\/\/www.fcbarcelonanoticias.com\/en\/wp-json\/wp\/v2\/tags?post=36755"}],"curies":[{"name":"wp","href":"https:\/\/api.w.org\/{rel}","templated":true}]}}